{"id":24773,"date":"2021-08-21T06:22:24","date_gmt":"2021-08-21T10:22:24","guid":{"rendered":"https:\/\/www.eldiario.net\/portal\/?p=24773"},"modified":"2021-08-21T06:22:24","modified_gmt":"2021-08-21T10:22:24","slug":"el-termino-golpe-va-a-ser-reemplazado-por-genocidio","status":"publish","type":"post","link":"https:\/\/www.eldiario.net\/portal\/2021\/08\/21\/el-termino-golpe-va-a-ser-reemplazado-por-genocidio\/","title":{"rendered":"\u201cEl t\u00e9rmino golpe va a ser  reemplazado por genocidio\u201d"},"content":{"rendered":"<p>Despu\u00e9s de conocerse que el Ministerio P\u00fablico present\u00f3 un requerimiento acusatorio para el inicio de un juicio de responsabilidades en contra de la expresidenta Jeanine A\u00f1ez, por presuntos delitos de genocidio, lesiones graves y leves, y lesi\u00f3n seguida de muerte, el coronel en servicio pasivo y abogado, Jorge Santistevan, manifest\u00f3 a EL DIARIO que el t\u00e9rmino \u201cgolpe de Estado\u201d ser\u00e1 gradualmente sobrepuesto por el \u201cdelito\u201d de genocidio y se procesar\u00e1 a todos los \u201cpititas que vean como amenaza al Gobierno\u201d.<br \/>\n\u201cLa persecuci\u00f3n pol\u00edtica por los delitos de sedici\u00f3n, terrorismo, conspiraci\u00f3n pasa al genocidio, el t\u00e9rmino m\u00e1s t\u00f3xico que vulnera los derechos fundamentales de aquellos que no pueden defenderse porque la justicia est\u00e1 totalmente cooptada por ellos (Gobierno). El genocidio describe masacre y horror, que no significa asignar un valor mayor a unas v\u00edctimas o a otras; el t\u00e9rmino genocidio intenta nombrar as\u00ed a cr\u00edmenes sin nombre\u201d, explic\u00f3.<br \/>\nEl jurista manifest\u00f3 que para sostener este juicio de responsabilidades, el Ministerio P\u00fablico deber\u00e1 demostrar que la exmandataria tuvo una intencionalidad genocida.<br \/>\n\u201c\u00bfCu\u00e1l grupo nacional o \u00e9tnico quer\u00eda exterminar el gobierno de Jeanine A\u00f1ez? \u00bfA\u00f1ez ten\u00eda un plan nacional que buscaba exterminar a un grupo \u00e9tnico, social o pol\u00edtico?, cuestion\u00f3.<br \/>\nEn ese marco, dijo que a A\u00f1ez se le tiene que probar la intenci\u00f3n de hacer una limpieza \u00e9tnica o pol\u00edtica, evaluando previamente que en las calles hab\u00eda grupos sociales que se enfrentaron, y los que estaban de lado del gobierno de Evo Morales estaban armados no solamente con bombas molotov sino con armas de fuego, explosivos y dinamitas.<br \/>\n\u201cEl gobierno de Evo Morales a trav\u00e9s de una serie de actividades secuenciales de represi\u00f3n, incurri\u00f3 en actos de terrorismo con las amenazas a comandantes militares que despu\u00e9s las cumpli\u00f3 con su jefe operativo -C\u00e9sar Cocarico- adem\u00e1s de ejecutar persecuci\u00f3n pol\u00edtica y judicial sistem\u00e1tica, atribuyendo delitos injustos a c\u00edvicos, activistas y militares\u201d, dijo.<\/p>\n<p>LEGISLACI\u00d3N<br \/>\nSantistevan explic\u00f3 que en el C\u00f3digo Penal de 1972, hasta la fecha, el delito de genocidio est\u00e1 incluido en el art\u00edculo 138 y establece una pena de 15 a 30 a\u00f1os.<br \/>\nAsimismo, dijo que el art\u00edculo 111 de la Constituci\u00f3n Pol\u00edtica del Estado (CPE), prev\u00e9 como delitos no prescriptibles al genocidio, lesa humanidad y cr\u00edmenes de guerra.<br \/>\nApunt\u00f3 que de acuerdo al art\u00edculo 410, par\u00e1grafo II de la CPE, el bloque de constitucionalidad est\u00e1 integrado por los Tratados y Convenios Internacionales en materia de Derechos Humanos y las normas de Derecho Comunitario, ratificados por el pa\u00eds.<br \/>\n\u201cLa Corte Penal Internacional precisamente fue creada por la comunidad internacional para juzgar actos individuales, para evitar la impunidad y evitar que los Estados hagan justicia por mano propia. Bolivia ratifica el Estatuto de Roma en junio de 2002\u201d, apunt\u00f3.<br \/>\nEn ese marco, dijo que el t\u00e9rmino genocidio est\u00e1 utilizado para causar terror en la sociedad y apartar del camino a los opositores de la sociedad civil para gobernar indefinidamente.<br \/>\n\u201cEn nuestro pa\u00eds se est\u00e1 coartando la libertad y van apartando del camino aquello que le estorba para gobernar indefinidamente. Esta es una forma de interpretar depravadamente el t\u00e9rmino genocida para someter a la sociedad y a l\u00edderes c\u00edvicos. El Gobierno se ha convertido en la \u00fanica instituci\u00f3n que tiene el privilegio de investigar y juzgar sus propios asesinatos, empleando al Ministerio P\u00fablico para dar impunidad con amnist\u00eda a los afines y correligionarios responsables de innumerables delitos que ahora atribuyen a militares y algunos pol\u00edticos de la gesti\u00f3n de Jeanine A\u00f1ez. Las muertes causadas por ellos rara vez se han considerado asesinato, menos los van a considerar genocidio, entonces lo m\u00e1s f\u00e1cil es ech\u00e1rselos a los \u2018in\u00fatiles\u2019 militares y exmandatarios, que a decir verdad ellos han hecho una clasificaci\u00f3n muy selectiva, unos son detenidos y procesados otros quedan al margen, \u00bfpor qu\u00e9 ser\u00e1?\u201d, lament\u00f3.<br \/>\nPor otro lado, dijo que atribuir este delito a A\u00f1ez responde a una estrategia para lavarle la cara a Evo Morales, quien deber\u00eda estar imputado por los delitos de terrorismo y financiamiento al terrorismo, cuyos testigos ahora se encuentran con detenci\u00f3n preventiva.<br \/>\nAsimismo, record\u00f3 que el informe del Grupo de Grupo Interdisciplinario de Expertos Independientes (GIEI) recomienda una reestructuraci\u00f3n general de la justicia.<br \/>\n\u201cCon qu\u00e9 garant\u00edas se va a defender Jeanine A\u00f1ez y los dem\u00e1s perseguidos; en este caso ellos (afectados) no necesitan agotar instancias nacionales porque la justicia no funciona, as\u00ed lo confirman las recomendaciones del GIEI, que por lo menos eso tiene de verdad y deben acudir a instancias internacionales\u201d, asegur\u00f3.<\/p>\n<p>GENOCIDIO<br \/>\nSantistevan explic\u00f3 que el genocidio, de acuerdo al Estatuto de Roma, son acciones que implican el exterminio sistem\u00e1tico de un grupo social que se produce motivado por una cuesti\u00f3n de raza, pol\u00edtica, religi\u00f3n o cualquier grupo de pertenencia.<br \/>\nApunt\u00f3 que el genocidio est\u00e1 relacionado con los cr\u00edmenes de lesa humanidad.<br \/>\n\u201cTenemos como ejemplos, el genocidio de Ruanda, Ucrania, el holocausto nazi, el genocidio en Guatemala, el genocidio de Croacia y Serbia en la guerra de los Balcanes\u201d, record\u00f3.<br \/>\nPrecis\u00f3 que el t\u00e9rmino viene de una ra\u00edz griega, \u201cgeno\u201d significa raza y \u201ccidio\u201d matar, es decir que el t\u00e9rmino y el hecho ha marcado el siglo XX.<br \/>\n\u201cA partir del siglo XX marc\u00f3 el asesinato masivo de jud\u00edos, armenios y otros grupos sociales y pol\u00edticos. La definici\u00f3n se incorpor\u00f3 al derecho internacional en 1948 y est\u00e1 incluido en el Estatuto de Roma\u201d, precis\u00f3.<br \/>\nExplic\u00f3 que entre las razones para hablar de genocidio est\u00e1 la Convenci\u00f3n sobre el genocidio de 1948, que define el crimen de manera estricta.<br \/>\n\u201cSolo algunos actos constituyen violencia genocida y adem\u00e1s tiene que haber sido cometido con una intenci\u00f3n muy espec\u00edfica, es decir el intento de destruir total o en parte un grupo nacional, \u00e9tnico o racial en su totalidad, lo que es muchas veces dif\u00edcil de probar\u201d, dijo.<br \/>\nApunt\u00f3 que el t\u00e9rmino es una alegaci\u00f3n t\u00f3xica que aplica el gobierno boliviano y que es profundamente vergonzoso para cualquier Estado.<\/p>\n","protected":false},"excerpt":{"rendered":"<p>Despu\u00e9s de conocerse que el Ministerio P\u00fablico present\u00f3 un requerimiento acusatorio para el inicio de un juicio de responsabilidades en contra de la expresidenta Jeanine A\u00f1ez, por presuntos delitos de genocidio, lesiones graves y leves, y lesi\u00f3n seguida de muerte, el coronel en servicio pasivo y abogado, Jorge Santistevan, manifest\u00f3 a EL DIARIO que el [&hellip;]<\/p>\n","protected":false},"author":1,"featured_media":24774,"comment_status":"closed","ping_status":"closed","sticky":false,"template":"","format":"standard","meta":{"_acf_changed":false,"footnotes":""},"categories":[39],"tags":[],"class_list":["post-24773","post","type-post","status-publish","format-standard","has-post-thumbnail","category-sociedad"],"acf":{"antetitulo":""},"yoast_head":"<!-- This site is optimized with the Yoast SEO plugin v28.4 - https:\/\/yoast.com\/product\/yoast-seo-wordpress\/ -->\n<title>\u201cEl t\u00e9rmino golpe va a ser reemplazado por genocidio\u201d - El Diario - Bolivia<\/title>\n<meta name=\"robots\" content=\"index, follow, max-snippet:-1, max-image-preview:large, max-video-preview:-1\" \/>\n<link rel=\"canonical\" href=\"https:\/\/www.eldiario.net\/portal\/2021\/08\/21\/el-termino-golpe-va-a-ser-reemplazado-por-genocidio\/\" \/>\n<meta property=\"og:locale\" content=\"es_ES\" \/>\n<meta property=\"og:type\" content=\"article\" \/>\n<meta property=\"og:title\" content=\"\u201cEl t\u00e9rmino golpe va a ser reemplazado por genocidio\u201d - El Diario - Bolivia\" \/>\n<meta property=\"og:description\" content=\"Despu\u00e9s de conocerse que el Ministerio P\u00fablico present\u00f3 un requerimiento acusatorio para el inicio de un juicio de responsabilidades en contra de la expresidenta Jeanine A\u00f1ez, por presuntos delitos de genocidio, lesiones graves y leves, y lesi\u00f3n seguida de muerte, el coronel en servicio pasivo y abogado, Jorge Santistevan, manifest\u00f3 a EL DIARIO que el [&hellip;]\" \/>\n<meta property=\"og:url\" content=\"https:\/\/www.eldiario.net\/portal\/2021\/08\/21\/el-termino-golpe-va-a-ser-reemplazado-por-genocidio\/\" \/>\n<meta property=\"og:site_name\" content=\"El Diario - Bolivia\" \/>\n<meta property=\"article:publisher\" content=\"https:\/\/www.facebook.com\/eldiario.bolivia\/\" \/>\n<meta property=\"article:published_time\" content=\"2021-08-21T10:22:24+00:00\" \/>\n<meta name=\"author\" content=\"Jeanette\" \/>\n<meta name=\"twitter:card\" content=\"summary_large_image\" \/>\n<meta name=\"twitter:creator\" content=\"@eldiario_net\" \/>\n<meta name=\"twitter:site\" content=\"@eldiario_net\" \/>\n<meta name=\"twitter:label1\" content=\"Escrito por\" \/>\n\t<meta name=\"twitter:data1\" content=\"Jeanette\" \/>\n\t<meta name=\"twitter:label2\" content=\"Tiempo de lectura\" \/>\n\t<meta name=\"twitter:data2\" content=\"5 minutos\" \/>\n<script type=\"application\/ld+json\" class=\"yoast-schema-graph\">{\"@context\":\"https:\\\/\\\/schema.org\",\"@graph\":[{\"@type\":\"Article\",\"@id\":\"https:\\\/\\\/www.eldiario.net\\\/portal\\\/2021\\\/08\\\/21\\\/el-termino-golpe-va-a-ser-reemplazado-por-genocidio\\\/#article\",\"isPartOf\":{\"@id\":\"https:\\\/\\\/www.eldiario.net\\\/portal\\\/2021\\\/08\\\/21\\\/el-termino-golpe-va-a-ser-reemplazado-por-genocidio\\\/\"},\"author\":{\"name\":\"Jeanette\",\"@id\":\"https:\\\/\\\/www.eldiario.net\\\/portal\\\/#\\\/schema\\\/person\\\/f46445640444750d7d753ccd04ae01b7\"},\"headline\":\"\u201cEl t\u00e9rmino golpe va a ser reemplazado por genocidio\u201d\",\"datePublished\":\"2021-08-21T10:22:24+00:00\",\"mainEntityOfPage\":{\"@id\":\"https:\\\/\\\/www.eldiario.net\\\/portal\\\/2021\\\/08\\\/21\\\/el-termino-golpe-va-a-ser-reemplazado-por-genocidio\\\/\"},\"wordCount\":1056,\"publisher\":{\"@id\":\"https:\\\/\\\/www.eldiario.net\\\/portal\\\/#organization\"},\"image\":{\"@id\":\"https:\\\/\\\/www.eldiario.net\\\/portal\\\/2021\\\/08\\\/21\\\/el-termino-golpe-va-a-ser-reemplazado-por-genocidio\\\/#primaryimage\"},\"thumbnailUrl\":\"\",\"articleSection\":[\"Sociedad - Seguridad\"],\"inLanguage\":\"es\"},{\"@type\":\"WebPage\",\"@id\":\"https:\\\/\\\/www.eldiario.net\\\/portal\\\/2021\\\/08\\\/21\\\/el-termino-golpe-va-a-ser-reemplazado-por-genocidio\\\/\",\"url\":\"https:\\\/\\\/www.eldiario.net\\\/portal\\\/2021\\\/08\\\/21\\\/el-termino-golpe-va-a-ser-reemplazado-por-genocidio\\\/\",\"name\":\"\u201cEl t\u00e9rmino golpe va a ser reemplazado por genocidio\u201d - El Diario - Bolivia\",\"isPartOf\":{\"@id\":\"https:\\\/\\\/www.eldiario.net\\\/portal\\\/#website\"},\"primaryImageOfPage\":{\"@id\":\"https:\\\/\\\/www.eldiario.net\\\/portal\\\/2021\\\/08\\\/21\\\/el-termino-golpe-va-a-ser-reemplazado-por-genocidio\\\/#primaryimage\"},\"image\":{\"@id\":\"https:\\\/\\\/www.eldiario.net\\\/portal\\\/2021\\\/08\\\/21\\\/el-termino-golpe-va-a-ser-reemplazado-por-genocidio\\\/#primaryimage\"},\"thumbnailUrl\":\"\",\"datePublished\":\"2021-08-21T10:22:24+00:00\",\"breadcrumb\":{\"@id\":\"https:\\\/\\\/www.eldiario.net\\\/portal\\\/2021\\\/08\\\/21\\\/el-termino-golpe-va-a-ser-reemplazado-por-genocidio\\\/#breadcrumb\"},\"inLanguage\":\"es\",\"potentialAction\":[{\"@type\":\"ReadAction\",\"target\":[\"https:\\\/\\\/www.eldiario.net\\\/portal\\\/2021\\\/08\\\/21\\\/el-termino-golpe-va-a-ser-reemplazado-por-genocidio\\\/\"]}]},{\"@type\":\"ImageObject\",\"inLanguage\":\"es\",\"@id\":\"https:\\\/\\\/www.eldiario.net\\\/portal\\\/2021\\\/08\\\/21\\\/el-termino-golpe-va-a-ser-reemplazado-por-genocidio\\\/#primaryimage\",\"url\":\"\",\"contentUrl\":\"\"},{\"@type\":\"BreadcrumbList\",\"@id\":\"https:\\\/\\\/www.eldiario.net\\\/portal\\\/2021\\\/08\\\/21\\\/el-termino-golpe-va-a-ser-reemplazado-por-genocidio\\\/#breadcrumb\",\"itemListElement\":[{\"@type\":\"ListItem\",\"position\":1,\"name\":\"Portada\",\"item\":\"https:\\\/\\\/www.eldiario.net\\\/portal\\\/\"},{\"@type\":\"ListItem\",\"position\":2,\"name\":\"\u201cEl t\u00e9rmino golpe va a ser reemplazado por genocidio\u201d\"}]},{\"@type\":\"WebSite\",\"@id\":\"https:\\\/\\\/www.eldiario.net\\\/portal\\\/#website\",\"url\":\"https:\\\/\\\/www.eldiario.net\\\/portal\\\/\",\"name\":\"El Diario - Decano de la prensa nacional\",\"description\":\"El Diario - Decano de la prensa nacional\",\"publisher\":{\"@id\":\"https:\\\/\\\/www.eldiario.net\\\/portal\\\/#organization\"},\"potentialAction\":[{\"@type\":\"SearchAction\",\"target\":{\"@type\":\"EntryPoint\",\"urlTemplate\":\"https:\\\/\\\/www.eldiario.net\\\/portal\\\/?s={search_term_string}\"},\"query-input\":{\"@type\":\"PropertyValueSpecification\",\"valueRequired\":true,\"valueName\":\"search_term_string\"}}],\"inLanguage\":\"es\"},{\"@type\":\"Organization\",\"@id\":\"https:\\\/\\\/www.eldiario.net\\\/portal\\\/#organization\",\"name\":\"El Diario - Decano de la prensa nacional\",\"url\":\"https:\\\/\\\/www.eldiario.net\\\/portal\\\/\",\"logo\":{\"@type\":\"ImageObject\",\"inLanguage\":\"es\",\"@id\":\"https:\\\/\\\/www.eldiario.net\\\/portal\\\/#\\\/schema\\\/logo\\\/image\\\/\",\"url\":\"https:\\\/\\\/www.eldiario.net\\\/portal\\\/wp-content\\\/uploads\\\/2023\\\/07\\\/logo_ED.jpg\",\"contentUrl\":\"https:\\\/\\\/www.eldiario.net\\\/portal\\\/wp-content\\\/uploads\\\/2023\\\/07\\\/logo_ED.jpg\",\"width\":272,\"height\":52,\"caption\":\"El Diario - Decano de la prensa nacional\"},\"image\":{\"@id\":\"https:\\\/\\\/www.eldiario.net\\\/portal\\\/#\\\/schema\\\/logo\\\/image\\\/\"},\"sameAs\":[\"https:\\\/\\\/www.facebook.com\\\/eldiario.bolivia\\\/\",\"https:\\\/\\\/x.com\\\/eldiario_net\"]},{\"@type\":\"Person\",\"@id\":\"https:\\\/\\\/www.eldiario.net\\\/portal\\\/#\\\/schema\\\/person\\\/f46445640444750d7d753ccd04ae01b7\",\"name\":\"Jeanette\",\"image\":{\"@type\":\"ImageObject\",\"inLanguage\":\"es\",\"@id\":\"https:\\\/\\\/secure.gravatar.com\\\/avatar\\\/3ea2118a5f7dad2b7138b1187a6b7ee55f160b9968b66013c3a3ef39dd7e5798?s=96&d=mm&r=g\",\"url\":\"https:\\\/\\\/secure.gravatar.com\\\/avatar\\\/3ea2118a5f7dad2b7138b1187a6b7ee55f160b9968b66013c3a3ef39dd7e5798?s=96&d=mm&r=g\",\"contentUrl\":\"https:\\\/\\\/secure.gravatar.com\\\/avatar\\\/3ea2118a5f7dad2b7138b1187a6b7ee55f160b9968b66013c3a3ef39dd7e5798?s=96&d=mm&r=g\",\"caption\":\"Jeanette\"},\"sameAs\":[\"https:\\\/\\\/www.eldiario.net\\\/portal\"],\"url\":\"https:\\\/\\\/www.eldiario.net\\\/portal\\\/author\\\/jeanette\\\/\"}]}<\/script>\n<!-- \/ Yoast SEO plugin. -->","yoast_head_json":{"title":"\u201cEl t\u00e9rmino golpe va a ser reemplazado por genocidio\u201d - El Diario - Bolivia","robots":{"index":"index","follow":"follow","max-snippet":"max-snippet:-1","max-image-preview":"max-image-preview:large","max-video-preview":"max-video-preview:-1"},"canonical":"https:\/\/www.eldiario.net\/portal\/2021\/08\/21\/el-termino-golpe-va-a-ser-reemplazado-por-genocidio\/","og_locale":"es_ES","og_type":"article","og_title":"\u201cEl t\u00e9rmino golpe va a ser reemplazado por genocidio\u201d - El Diario - Bolivia","og_description":"Despu\u00e9s de conocerse que el Ministerio P\u00fablico present\u00f3 un requerimiento acusatorio para el inicio de un juicio de responsabilidades en contra de la expresidenta Jeanine A\u00f1ez, por presuntos delitos de genocidio, lesiones graves y leves, y lesi\u00f3n seguida de muerte, el coronel en servicio pasivo y abogado, Jorge Santistevan, manifest\u00f3 a EL DIARIO que el [&hellip;]","og_url":"https:\/\/www.eldiario.net\/portal\/2021\/08\/21\/el-termino-golpe-va-a-ser-reemplazado-por-genocidio\/","og_site_name":"El Diario - Bolivia","article_publisher":"https:\/\/www.facebook.com\/eldiario.bolivia\/","article_published_time":"2021-08-21T10:22:24+00:00","author":"Jeanette","twitter_card":"summary_large_image","twitter_creator":"@eldiario_net","twitter_site":"@eldiario_net","twitter_misc":{"Escrito por":"Jeanette","Tiempo de lectura":"5 minutos"},"schema":{"@context":"https:\/\/schema.org","@graph":[{"@type":"Article","@id":"https:\/\/www.eldiario.net\/portal\/2021\/08\/21\/el-termino-golpe-va-a-ser-reemplazado-por-genocidio\/#article","isPartOf":{"@id":"https:\/\/www.eldiario.net\/portal\/2021\/08\/21\/el-termino-golpe-va-a-ser-reemplazado-por-genocidio\/"},"author":{"name":"Jeanette","@id":"https:\/\/www.eldiario.net\/portal\/#\/schema\/person\/f46445640444750d7d753ccd04ae01b7"},"headline":"\u201cEl t\u00e9rmino golpe va a ser reemplazado por genocidio\u201d","datePublished":"2021-08-21T10:22:24+00:00","mainEntityOfPage":{"@id":"https:\/\/www.eldiario.net\/portal\/2021\/08\/21\/el-termino-golpe-va-a-ser-reemplazado-por-genocidio\/"},"wordCount":1056,"publisher":{"@id":"https:\/\/www.eldiario.net\/portal\/#organization"},"image":{"@id":"https:\/\/www.eldiario.net\/portal\/2021\/08\/21\/el-termino-golpe-va-a-ser-reemplazado-por-genocidio\/#primaryimage"},"thumbnailUrl":"","articleSection":["Sociedad - Seguridad"],"inLanguage":"es"},{"@type":"WebPage","@id":"https:\/\/www.eldiario.net\/portal\/2021\/08\/21\/el-termino-golpe-va-a-ser-reemplazado-por-genocidio\/","url":"https:\/\/www.eldiario.net\/portal\/2021\/08\/21\/el-termino-golpe-va-a-ser-reemplazado-por-genocidio\/","name":"\u201cEl t\u00e9rmino golpe va a ser reemplazado por genocidio\u201d - El Diario - Bolivia","isPartOf":{"@id":"https:\/\/www.eldiario.net\/portal\/#website"},"primaryImageOfPage":{"@id":"https:\/\/www.eldiario.net\/portal\/2021\/08\/21\/el-termino-golpe-va-a-ser-reemplazado-por-genocidio\/#primaryimage"},"image":{"@id":"https:\/\/www.eldiario.net\/portal\/2021\/08\/21\/el-termino-golpe-va-a-ser-reemplazado-por-genocidio\/#primaryimage"},"thumbnailUrl":"","datePublished":"2021-08-21T10:22:24+00:00","breadcrumb":{"@id":"https:\/\/www.eldiario.net\/portal\/2021\/08\/21\/el-termino-golpe-va-a-ser-reemplazado-por-genocidio\/#breadcrumb"},"inLanguage":"es","potentialAction":[{"@type":"ReadAction","target":["https:\/\/www.eldiario.net\/portal\/2021\/08\/21\/el-termino-golpe-va-a-ser-reemplazado-por-genocidio\/"]}]},{"@type":"ImageObject","inLanguage":"es","@id":"https:\/\/www.eldiario.net\/portal\/2021\/08\/21\/el-termino-golpe-va-a-ser-reemplazado-por-genocidio\/#primaryimage","url":"","contentUrl":""},{"@type":"BreadcrumbList","@id":"https:\/\/www.eldiario.net\/portal\/2021\/08\/21\/el-termino-golpe-va-a-ser-reemplazado-por-genocidio\/#breadcrumb","itemListElement":[{"@type":"ListItem","position":1,"name":"Portada","item":"https:\/\/www.eldiario.net\/portal\/"},{"@type":"ListItem","position":2,"name":"\u201cEl t\u00e9rmino golpe va a ser reemplazado por genocidio\u201d"}]},{"@type":"WebSite","@id":"https:\/\/www.eldiario.net\/portal\/#website","url":"https:\/\/www.eldiario.net\/portal\/","name":"El Diario - Decano de la prensa nacional","description":"El Diario - Decano de la prensa nacional","publisher":{"@id":"https:\/\/www.eldiario.net\/portal\/#organization"},"potentialAction":[{"@type":"SearchAction","target":{"@type":"EntryPoint","urlTemplate":"https:\/\/www.eldiario.net\/portal\/?s={search_term_string}"},"query-input":{"@type":"PropertyValueSpecification","valueRequired":true,"valueName":"search_term_string"}}],"inLanguage":"es"},{"@type":"Organization","@id":"https:\/\/www.eldiario.net\/portal\/#organization","name":"El Diario - Decano de la prensa nacional","url":"https:\/\/www.eldiario.net\/portal\/","logo":{"@type":"ImageObject","inLanguage":"es","@id":"https:\/\/www.eldiario.net\/portal\/#\/schema\/logo\/image\/","url":"https:\/\/www.eldiario.net\/portal\/wp-content\/uploads\/2023\/07\/logo_ED.jpg","contentUrl":"https:\/\/www.eldiario.net\/portal\/wp-content\/uploads\/2023\/07\/logo_ED.jpg","width":272,"height":52,"caption":"El Diario - Decano de la prensa nacional"},"image":{"@id":"https:\/\/www.eldiario.net\/portal\/#\/schema\/logo\/image\/"},"sameAs":["https:\/\/www.facebook.com\/eldiario.bolivia\/","https:\/\/x.com\/eldiario_net"]},{"@type":"Person","@id":"https:\/\/www.eldiario.net\/portal\/#\/schema\/person\/f46445640444750d7d753ccd04ae01b7","name":"Jeanette","image":{"@type":"ImageObject","inLanguage":"es","@id":"https:\/\/secure.gravatar.com\/avatar\/3ea2118a5f7dad2b7138b1187a6b7ee55f160b9968b66013c3a3ef39dd7e5798?s=96&d=mm&r=g","url":"https:\/\/secure.gravatar.com\/avatar\/3ea2118a5f7dad2b7138b1187a6b7ee55f160b9968b66013c3a3ef39dd7e5798?s=96&d=mm&r=g","contentUrl":"https:\/\/secure.gravatar.com\/avatar\/3ea2118a5f7dad2b7138b1187a6b7ee55f160b9968b66013c3a3ef39dd7e5798?s=96&d=mm&r=g","caption":"Jeanette"},"sameAs":["https:\/\/www.eldiario.net\/portal"],"url":"https:\/\/www.eldiario.net\/portal\/author\/jeanette\/"}]}},"_links":{"self":[{"href":"https:\/\/www.eldiario.net\/portal\/wp-json\/wp\/v2\/posts\/24773","targetHints":{"allow":["GET"]}}],"collection":[{"href":"https:\/\/www.eldiario.net\/portal\/wp-json\/wp\/v2\/posts"}],"about":[{"href":"https:\/\/www.eldiario.net\/portal\/wp-json\/wp\/v2\/types\/post"}],"author":[{"embeddable":true,"href":"https:\/\/www.eldiario.net\/portal\/wp-json\/wp\/v2\/users\/1"}],"replies":[{"embeddable":true,"href":"https:\/\/www.eldiario.net\/portal\/wp-json\/wp\/v2\/comments?post=24773"}],"version-history":[{"count":0,"href":"https:\/\/www.eldiario.net\/portal\/wp-json\/wp\/v2\/posts\/24773\/revisions"}],"wp:attachment":[{"href":"https:\/\/www.eldiario.net\/portal\/wp-json\/wp\/v2\/media?parent=24773"}],"wp:term":[{"taxonomy":"category","embeddable":true,"href":"https:\/\/www.eldiario.net\/portal\/wp-json\/wp\/v2\/categories?post=24773"},{"taxonomy":"post_tag","embeddable":true,"href":"https:\/\/www.eldiario.net\/portal\/wp-json\/wp\/v2\/tags?post=24773"}],"curies":[{"name":"wp","href":"https:\/\/api.w.org\/{rel}","templated":true}]}}