{"id":24770,"date":"2021-08-21T06:21:27","date_gmt":"2021-08-21T10:21:27","guid":{"rendered":"https:\/\/www.eldiario.net\/portal\/?p=24770"},"modified":"2021-08-21T06:21:27","modified_gmt":"2021-08-21T10:21:27","slug":"presentaron-proposicion-acusatoria-por-genocidio-en-contra-de-anez","status":"publish","type":"post","link":"https:\/\/www.eldiario.net\/portal\/2021\/08\/21\/presentaron-proposicion-acusatoria-por-genocidio-en-contra-de-anez\/","title":{"rendered":"Presentaron proposici\u00f3n acusatoria  por genocidio en contra de A\u00f1ez"},"content":{"rendered":"<p>El Ministerio P\u00fablico present\u00f3 ayer ante el Tribunal Supremo de Justicia (TSJ) un requerimiento acusatorio en contra de la expresidenta Jeanine A\u00f1ez para que sea remitido a la Asamblea Legislativa y se autorice un juicio de responsabilidades por hechos \u201ccalificados provisionalmente como genocidio, lesiones graves y leves y lesi\u00f3n seguida de muerte\u201d, inform\u00f3 ayer el fiscal general, Juan Lanchipa.<br \/>\n\u201cEn m\u00e9rito a la proposici\u00f3n acusatoria presentada por las v\u00edctimas de los hechos luctuosos producidos en los d\u00edas 15 y 19 de noviembre de 2019 en el sector del Puente Huayllani del municipio de Sacaba y la Planta de Senkata de la ciudad de El Alto y los antecedentes acumulados, en observancia a los plazos legalmente previstos en la Ley N\u00b0 044 de 8 de octubre de 2010, el Ministerio P\u00fablico present\u00f3 el d\u00eda de hoy (ayer), ante el Tribunal Supremo de Justicia un requerimiento acusatorio contra la ciudadana Jeanine A\u00f1ez, por tales hechos, calificados provisionalmente como genocidio, lesiones graves y leves y lesi\u00f3n seguida de muerte\u201d, dijo Lanchipa.<br \/>\nLanchipa precis\u00f3 que el requerimiento acusatorio presentado por el Ministerio P\u00fablico ante el TSJ, sobre los sucesos que provocaron la muerte de 20 personas y varias decenas de heridos, se funda en los elementos de convicci\u00f3n recabados bajo los principios de objetividad y transparencia, en el desarrollo de la etapa de acumulaci\u00f3n de antecedentes prevista en la Ley N\u00ba 044, correspondiendo que dicha instancia, a la brevedad posible, \u201cremita el mismo a conocimiento de la Asamblea Legislativa Plurinacional para la respectiva autorizaci\u00f3n de juzgamiento\u201d.<\/p>\n","protected":false},"excerpt":{"rendered":"<p>El Ministerio P\u00fablico present\u00f3 ayer ante el Tribunal Supremo de Justicia (TSJ) un requerimiento acusatorio en contra de la expresidenta Jeanine A\u00f1ez para que sea remitido a la Asamblea Legislativa y se autorice un juicio de responsabilidades por hechos \u201ccalificados provisionalmente como genocidio, lesiones graves y leves y lesi\u00f3n seguida de muerte\u201d, inform\u00f3 ayer el [&hellip;]<\/p>\n","protected":false},"author":1,"featured_media":24771,"comment_status":"closed","ping_status":"closed","sticky":false,"template":"","format":"standard","meta":{"_acf_changed":false,"footnotes":""},"categories":[39],"tags":[],"class_list":["post-24770","post","type-post","status-publish","format-standard","has-post-thumbnail","category-sociedad"],"acf":{"antetitulo":""},"yoast_head":"<!-- This site is optimized with the Yoast SEO plugin v28.4 - https:\/\/yoast.com\/product\/yoast-seo-wordpress\/ -->\n<title>Presentaron proposici\u00f3n acusatoria por genocidio en contra de A\u00f1ez - El Diario - Bolivia<\/title>\n<meta name=\"robots\" content=\"index, follow, max-snippet:-1, max-image-preview:large, max-video-preview:-1\" \/>\n<link rel=\"canonical\" href=\"https:\/\/www.eldiario.net\/portal\/2021\/08\/21\/presentaron-proposicion-acusatoria-por-genocidio-en-contra-de-anez\/\" \/>\n<meta property=\"og:locale\" content=\"es_ES\" \/>\n<meta property=\"og:type\" content=\"article\" \/>\n<meta property=\"og:title\" content=\"Presentaron proposici\u00f3n acusatoria por genocidio en contra de A\u00f1ez - El Diario - Bolivia\" \/>\n<meta property=\"og:description\" content=\"El Ministerio P\u00fablico present\u00f3 ayer ante el Tribunal Supremo de Justicia (TSJ) un requerimiento acusatorio en contra de la expresidenta Jeanine A\u00f1ez para que sea remitido a la Asamblea Legislativa y se autorice un juicio de responsabilidades por hechos \u201ccalificados provisionalmente como genocidio, lesiones graves y leves y lesi\u00f3n seguida de muerte\u201d, inform\u00f3 ayer el [&hellip;]\" \/>\n<meta property=\"og:url\" content=\"https:\/\/www.eldiario.net\/portal\/2021\/08\/21\/presentaron-proposicion-acusatoria-por-genocidio-en-contra-de-anez\/\" \/>\n<meta property=\"og:site_name\" content=\"El Diario - Bolivia\" \/>\n<meta property=\"article:publisher\" content=\"https:\/\/www.facebook.com\/eldiario.bolivia\/\" \/>\n<meta property=\"article:published_time\" content=\"2021-08-21T10:21:27+00:00\" \/>\n<meta name=\"author\" content=\"Jeanette\" \/>\n<meta name=\"twitter:card\" content=\"summary_large_image\" \/>\n<meta name=\"twitter:creator\" content=\"@eldiario_net\" \/>\n<meta name=\"twitter:site\" content=\"@eldiario_net\" \/>\n<meta name=\"twitter:label1\" content=\"Escrito por\" \/>\n\t<meta name=\"twitter:data1\" content=\"Jeanette\" \/>\n\t<meta name=\"twitter:label2\" content=\"Tiempo de lectura\" \/>\n\t<meta name=\"twitter:data2\" content=\"2 minutos\" \/>\n<script type=\"application\/ld+json\" class=\"yoast-schema-graph\">{\"@context\":\"https:\\\/\\\/schema.org\",\"@graph\":[{\"@type\":\"Article\",\"@id\":\"https:\\\/\\\/www.eldiario.net\\\/portal\\\/2021\\\/08\\\/21\\\/presentaron-proposicion-acusatoria-por-genocidio-en-contra-de-anez\\\/#article\",\"isPartOf\":{\"@id\":\"https:\\\/\\\/www.eldiario.net\\\/portal\\\/2021\\\/08\\\/21\\\/presentaron-proposicion-acusatoria-por-genocidio-en-contra-de-anez\\\/\"},\"author\":{\"name\":\"Jeanette\",\"@id\":\"https:\\\/\\\/www.eldiario.net\\\/portal\\\/#\\\/schema\\\/person\\\/f46445640444750d7d753ccd04ae01b7\"},\"headline\":\"Presentaron proposici\u00f3n acusatoria por genocidio en contra de A\u00f1ez\",\"datePublished\":\"2021-08-21T10:21:27+00:00\",\"mainEntityOfPage\":{\"@id\":\"https:\\\/\\\/www.eldiario.net\\\/portal\\\/2021\\\/08\\\/21\\\/presentaron-proposicion-acusatoria-por-genocidio-en-contra-de-anez\\\/\"},\"wordCount\":270,\"publisher\":{\"@id\":\"https:\\\/\\\/www.eldiario.net\\\/portal\\\/#organization\"},\"image\":{\"@id\":\"https:\\\/\\\/www.eldiario.net\\\/portal\\\/2021\\\/08\\\/21\\\/presentaron-proposicion-acusatoria-por-genocidio-en-contra-de-anez\\\/#primaryimage\"},\"thumbnailUrl\":\"\",\"articleSection\":[\"Sociedad - Seguridad\"],\"inLanguage\":\"es\"},{\"@type\":\"WebPage\",\"@id\":\"https:\\\/\\\/www.eldiario.net\\\/portal\\\/2021\\\/08\\\/21\\\/presentaron-proposicion-acusatoria-por-genocidio-en-contra-de-anez\\\/\",\"url\":\"https:\\\/\\\/www.eldiario.net\\\/portal\\\/2021\\\/08\\\/21\\\/presentaron-proposicion-acusatoria-por-genocidio-en-contra-de-anez\\\/\",\"name\":\"Presentaron proposici\u00f3n acusatoria por genocidio en contra de A\u00f1ez - El Diario - Bolivia\",\"isPartOf\":{\"@id\":\"https:\\\/\\\/www.eldiario.net\\\/portal\\\/#website\"},\"primaryImageOfPage\":{\"@id\":\"https:\\\/\\\/www.eldiario.net\\\/portal\\\/2021\\\/08\\\/21\\\/presentaron-proposicion-acusatoria-por-genocidio-en-contra-de-anez\\\/#primaryimage\"},\"image\":{\"@id\":\"https:\\\/\\\/www.eldiario.net\\\/portal\\\/2021\\\/08\\\/21\\\/presentaron-proposicion-acusatoria-por-genocidio-en-contra-de-anez\\\/#primaryimage\"},\"thumbnailUrl\":\"\",\"datePublished\":\"2021-08-21T10:21:27+00:00\",\"breadcrumb\":{\"@id\":\"https:\\\/\\\/www.eldiario.net\\\/portal\\\/2021\\\/08\\\/21\\\/presentaron-proposicion-acusatoria-por-genocidio-en-contra-de-anez\\\/#breadcrumb\"},\"inLanguage\":\"es\",\"potentialAction\":[{\"@type\":\"ReadAction\",\"target\":[\"https:\\\/\\\/www.eldiario.net\\\/portal\\\/2021\\\/08\\\/21\\\/presentaron-proposicion-acusatoria-por-genocidio-en-contra-de-anez\\\/\"]}]},{\"@type\":\"ImageObject\",\"inLanguage\":\"es\",\"@id\":\"https:\\\/\\\/www.eldiario.net\\\/portal\\\/2021\\\/08\\\/21\\\/presentaron-proposicion-acusatoria-por-genocidio-en-contra-de-anez\\\/#primaryimage\",\"url\":\"\",\"contentUrl\":\"\"},{\"@type\":\"BreadcrumbList\",\"@id\":\"https:\\\/\\\/www.eldiario.net\\\/portal\\\/2021\\\/08\\\/21\\\/presentaron-proposicion-acusatoria-por-genocidio-en-contra-de-anez\\\/#breadcrumb\",\"itemListElement\":[{\"@type\":\"ListItem\",\"position\":1,\"name\":\"Portada\",\"item\":\"https:\\\/\\\/www.eldiario.net\\\/portal\\\/\"},{\"@type\":\"ListItem\",\"position\":2,\"name\":\"Presentaron proposici\u00f3n acusatoria por genocidio en contra de A\u00f1ez\"}]},{\"@type\":\"WebSite\",\"@id\":\"https:\\\/\\\/www.eldiario.net\\\/portal\\\/#website\",\"url\":\"https:\\\/\\\/www.eldiario.net\\\/portal\\\/\",\"name\":\"El Diario - Decano de la prensa nacional\",\"description\":\"El Diario - Decano de la prensa nacional\",\"publisher\":{\"@id\":\"https:\\\/\\\/www.eldiario.net\\\/portal\\\/#organization\"},\"potentialAction\":[{\"@type\":\"SearchAction\",\"target\":{\"@type\":\"EntryPoint\",\"urlTemplate\":\"https:\\\/\\\/www.eldiario.net\\\/portal\\\/?s={search_term_string}\"},\"query-input\":{\"@type\":\"PropertyValueSpecification\",\"valueRequired\":true,\"valueName\":\"search_term_string\"}}],\"inLanguage\":\"es\"},{\"@type\":\"Organization\",\"@id\":\"https:\\\/\\\/www.eldiario.net\\\/portal\\\/#organization\",\"name\":\"El Diario - Decano de la prensa nacional\",\"url\":\"https:\\\/\\\/www.eldiario.net\\\/portal\\\/\",\"logo\":{\"@type\":\"ImageObject\",\"inLanguage\":\"es\",\"@id\":\"https:\\\/\\\/www.eldiario.net\\\/portal\\\/#\\\/schema\\\/logo\\\/image\\\/\",\"url\":\"https:\\\/\\\/www.eldiario.net\\\/portal\\\/wp-content\\\/uploads\\\/2023\\\/07\\\/logo_ED.jpg\",\"contentUrl\":\"https:\\\/\\\/www.eldiario.net\\\/portal\\\/wp-content\\\/uploads\\\/2023\\\/07\\\/logo_ED.jpg\",\"width\":272,\"height\":52,\"caption\":\"El Diario - Decano de la prensa nacional\"},\"image\":{\"@id\":\"https:\\\/\\\/www.eldiario.net\\\/portal\\\/#\\\/schema\\\/logo\\\/image\\\/\"},\"sameAs\":[\"https:\\\/\\\/www.facebook.com\\\/eldiario.bolivia\\\/\",\"https:\\\/\\\/x.com\\\/eldiario_net\"]},{\"@type\":\"Person\",\"@id\":\"https:\\\/\\\/www.eldiario.net\\\/portal\\\/#\\\/schema\\\/person\\\/f46445640444750d7d753ccd04ae01b7\",\"name\":\"Jeanette\",\"image\":{\"@type\":\"ImageObject\",\"inLanguage\":\"es\",\"@id\":\"https:\\\/\\\/secure.gravatar.com\\\/avatar\\\/3ea2118a5f7dad2b7138b1187a6b7ee55f160b9968b66013c3a3ef39dd7e5798?s=96&d=mm&r=g\",\"url\":\"https:\\\/\\\/secure.gravatar.com\\\/avatar\\\/3ea2118a5f7dad2b7138b1187a6b7ee55f160b9968b66013c3a3ef39dd7e5798?s=96&d=mm&r=g\",\"contentUrl\":\"https:\\\/\\\/secure.gravatar.com\\\/avatar\\\/3ea2118a5f7dad2b7138b1187a6b7ee55f160b9968b66013c3a3ef39dd7e5798?s=96&d=mm&r=g\",\"caption\":\"Jeanette\"},\"sameAs\":[\"https:\\\/\\\/www.eldiario.net\\\/portal\"],\"url\":\"https:\\\/\\\/www.eldiario.net\\\/portal\\\/author\\\/jeanette\\\/\"}]}<\/script>\n<!-- \/ Yoast SEO plugin. -->","yoast_head_json":{"title":"Presentaron proposici\u00f3n acusatoria por genocidio en contra de A\u00f1ez - El Diario - Bolivia","robots":{"index":"index","follow":"follow","max-snippet":"max-snippet:-1","max-image-preview":"max-image-preview:large","max-video-preview":"max-video-preview:-1"},"canonical":"https:\/\/www.eldiario.net\/portal\/2021\/08\/21\/presentaron-proposicion-acusatoria-por-genocidio-en-contra-de-anez\/","og_locale":"es_ES","og_type":"article","og_title":"Presentaron proposici\u00f3n acusatoria por genocidio en contra de A\u00f1ez - El Diario - Bolivia","og_description":"El Ministerio P\u00fablico present\u00f3 ayer ante el Tribunal Supremo de Justicia (TSJ) un requerimiento acusatorio en contra de la expresidenta Jeanine A\u00f1ez para que sea remitido a la Asamblea Legislativa y se autorice un juicio de responsabilidades por hechos \u201ccalificados provisionalmente como genocidio, lesiones graves y leves y lesi\u00f3n seguida de muerte\u201d, inform\u00f3 ayer el [&hellip;]","og_url":"https:\/\/www.eldiario.net\/portal\/2021\/08\/21\/presentaron-proposicion-acusatoria-por-genocidio-en-contra-de-anez\/","og_site_name":"El Diario - Bolivia","article_publisher":"https:\/\/www.facebook.com\/eldiario.bolivia\/","article_published_time":"2021-08-21T10:21:27+00:00","author":"Jeanette","twitter_card":"summary_large_image","twitter_creator":"@eldiario_net","twitter_site":"@eldiario_net","twitter_misc":{"Escrito por":"Jeanette","Tiempo de lectura":"2 minutos"},"schema":{"@context":"https:\/\/schema.org","@graph":[{"@type":"Article","@id":"https:\/\/www.eldiario.net\/portal\/2021\/08\/21\/presentaron-proposicion-acusatoria-por-genocidio-en-contra-de-anez\/#article","isPartOf":{"@id":"https:\/\/www.eldiario.net\/portal\/2021\/08\/21\/presentaron-proposicion-acusatoria-por-genocidio-en-contra-de-anez\/"},"author":{"name":"Jeanette","@id":"https:\/\/www.eldiario.net\/portal\/#\/schema\/person\/f46445640444750d7d753ccd04ae01b7"},"headline":"Presentaron proposici\u00f3n acusatoria por genocidio en contra de A\u00f1ez","datePublished":"2021-08-21T10:21:27+00:00","mainEntityOfPage":{"@id":"https:\/\/www.eldiario.net\/portal\/2021\/08\/21\/presentaron-proposicion-acusatoria-por-genocidio-en-contra-de-anez\/"},"wordCount":270,"publisher":{"@id":"https:\/\/www.eldiario.net\/portal\/#organization"},"image":{"@id":"https:\/\/www.eldiario.net\/portal\/2021\/08\/21\/presentaron-proposicion-acusatoria-por-genocidio-en-contra-de-anez\/#primaryimage"},"thumbnailUrl":"","articleSection":["Sociedad - Seguridad"],"inLanguage":"es"},{"@type":"WebPage","@id":"https:\/\/www.eldiario.net\/portal\/2021\/08\/21\/presentaron-proposicion-acusatoria-por-genocidio-en-contra-de-anez\/","url":"https:\/\/www.eldiario.net\/portal\/2021\/08\/21\/presentaron-proposicion-acusatoria-por-genocidio-en-contra-de-anez\/","name":"Presentaron proposici\u00f3n acusatoria por genocidio en contra de A\u00f1ez - El Diario - Bolivia","isPartOf":{"@id":"https:\/\/www.eldiario.net\/portal\/#website"},"primaryImageOfPage":{"@id":"https:\/\/www.eldiario.net\/portal\/2021\/08\/21\/presentaron-proposicion-acusatoria-por-genocidio-en-contra-de-anez\/#primaryimage"},"image":{"@id":"https:\/\/www.eldiario.net\/portal\/2021\/08\/21\/presentaron-proposicion-acusatoria-por-genocidio-en-contra-de-anez\/#primaryimage"},"thumbnailUrl":"","datePublished":"2021-08-21T10:21:27+00:00","breadcrumb":{"@id":"https:\/\/www.eldiario.net\/portal\/2021\/08\/21\/presentaron-proposicion-acusatoria-por-genocidio-en-contra-de-anez\/#breadcrumb"},"inLanguage":"es","potentialAction":[{"@type":"ReadAction","target":["https:\/\/www.eldiario.net\/portal\/2021\/08\/21\/presentaron-proposicion-acusatoria-por-genocidio-en-contra-de-anez\/"]}]},{"@type":"ImageObject","inLanguage":"es","@id":"https:\/\/www.eldiario.net\/portal\/2021\/08\/21\/presentaron-proposicion-acusatoria-por-genocidio-en-contra-de-anez\/#primaryimage","url":"","contentUrl":""},{"@type":"BreadcrumbList","@id":"https:\/\/www.eldiario.net\/portal\/2021\/08\/21\/presentaron-proposicion-acusatoria-por-genocidio-en-contra-de-anez\/#breadcrumb","itemListElement":[{"@type":"ListItem","position":1,"name":"Portada","item":"https:\/\/www.eldiario.net\/portal\/"},{"@type":"ListItem","position":2,"name":"Presentaron proposici\u00f3n acusatoria por genocidio en contra de A\u00f1ez"}]},{"@type":"WebSite","@id":"https:\/\/www.eldiario.net\/portal\/#website","url":"https:\/\/www.eldiario.net\/portal\/","name":"El Diario - Decano de la prensa nacional","description":"El Diario - Decano de la prensa nacional","publisher":{"@id":"https:\/\/www.eldiario.net\/portal\/#organization"},"potentialAction":[{"@type":"SearchAction","target":{"@type":"EntryPoint","urlTemplate":"https:\/\/www.eldiario.net\/portal\/?s={search_term_string}"},"query-input":{"@type":"PropertyValueSpecification","valueRequired":true,"valueName":"search_term_string"}}],"inLanguage":"es"},{"@type":"Organization","@id":"https:\/\/www.eldiario.net\/portal\/#organization","name":"El Diario - Decano de la prensa nacional","url":"https:\/\/www.eldiario.net\/portal\/","logo":{"@type":"ImageObject","inLanguage":"es","@id":"https:\/\/www.eldiario.net\/portal\/#\/schema\/logo\/image\/","url":"https:\/\/www.eldiario.net\/portal\/wp-content\/uploads\/2023\/07\/logo_ED.jpg","contentUrl":"https:\/\/www.eldiario.net\/portal\/wp-content\/uploads\/2023\/07\/logo_ED.jpg","width":272,"height":52,"caption":"El Diario - Decano de la prensa nacional"},"image":{"@id":"https:\/\/www.eldiario.net\/portal\/#\/schema\/logo\/image\/"},"sameAs":["https:\/\/www.facebook.com\/eldiario.bolivia\/","https:\/\/x.com\/eldiario_net"]},{"@type":"Person","@id":"https:\/\/www.eldiario.net\/portal\/#\/schema\/person\/f46445640444750d7d753ccd04ae01b7","name":"Jeanette","image":{"@type":"ImageObject","inLanguage":"es","@id":"https:\/\/secure.gravatar.com\/avatar\/3ea2118a5f7dad2b7138b1187a6b7ee55f160b9968b66013c3a3ef39dd7e5798?s=96&d=mm&r=g","url":"https:\/\/secure.gravatar.com\/avatar\/3ea2118a5f7dad2b7138b1187a6b7ee55f160b9968b66013c3a3ef39dd7e5798?s=96&d=mm&r=g","contentUrl":"https:\/\/secure.gravatar.com\/avatar\/3ea2118a5f7dad2b7138b1187a6b7ee55f160b9968b66013c3a3ef39dd7e5798?s=96&d=mm&r=g","caption":"Jeanette"},"sameAs":["https:\/\/www.eldiario.net\/portal"],"url":"https:\/\/www.eldiario.net\/portal\/author\/jeanette\/"}]}},"_links":{"self":[{"href":"https:\/\/www.eldiario.net\/portal\/wp-json\/wp\/v2\/posts\/24770","targetHints":{"allow":["GET"]}}],"collection":[{"href":"https:\/\/www.eldiario.net\/portal\/wp-json\/wp\/v2\/posts"}],"about":[{"href":"https:\/\/www.eldiario.net\/portal\/wp-json\/wp\/v2\/types\/post"}],"author":[{"embeddable":true,"href":"https:\/\/www.eldiario.net\/portal\/wp-json\/wp\/v2\/users\/1"}],"replies":[{"embeddable":true,"href":"https:\/\/www.eldiario.net\/portal\/wp-json\/wp\/v2\/comments?post=24770"}],"version-history":[{"count":0,"href":"https:\/\/www.eldiario.net\/portal\/wp-json\/wp\/v2\/posts\/24770\/revisions"}],"wp:attachment":[{"href":"https:\/\/www.eldiario.net\/portal\/wp-json\/wp\/v2\/media?parent=24770"}],"wp:term":[{"taxonomy":"category","embeddable":true,"href":"https:\/\/www.eldiario.net\/portal\/wp-json\/wp\/v2\/categories?post=24770"},{"taxonomy":"post_tag","embeddable":true,"href":"https:\/\/www.eldiario.net\/portal\/wp-json\/wp\/v2\/tags?post=24770"}],"curies":[{"name":"wp","href":"https:\/\/api.w.org\/{rel}","templated":true}]}}