{"id":24765,"date":"2021-08-21T06:19:10","date_gmt":"2021-08-21T10:19:10","guid":{"rendered":"https:\/\/www.eldiario.net\/portal\/?p=24765"},"modified":"2021-08-21T06:19:10","modified_gmt":"2021-08-21T10:19:10","slug":"fiscales-accederan-a-informacion-de-titulares-de-lineas-telefonicas","status":"publish","type":"post","link":"https:\/\/www.eldiario.net\/portal\/2021\/08\/21\/fiscales-accederan-a-informacion-de-titulares-de-lineas-telefonicas\/","title":{"rendered":"Fiscales acceder\u00e1n a informaci\u00f3n  de titulares de l\u00edneas telef\u00f3nicas"},"content":{"rendered":"<p>Los servidores autorizados del Ministerio P\u00fablico podr\u00e1n acceder a informaci\u00f3n del Sistema Central de Portabilidad de la Autoridad de Regularizaci\u00f3n y Fiscalizaci\u00f3n de Telecomunicaciones y Transportes (ATT) respecto al titular de una l\u00ednea telef\u00f3nica, datos que coadyuvar\u00e1n en la investigaci\u00f3n de los procesos penales, inform\u00f3 ayer el fiscal general, Juan Lanchipa.<br \/>\nPara el fin, ayer, Lanchipa y el director de la ATT, N\u00e9stor R\u00edos, suscribieron un convenio de cooperaci\u00f3n interinstitucional.<br \/>\n\u201cEl convenio va a resultar de mucha importancia por cuanto vamos a tener acceso al portal de la ATT que pueda brindar, de manera inmediata, informaci\u00f3n en l\u00ednea que puedan requerir los fiscales, eliminando el tr\u00e1mite burocr\u00e1tico, dando celeridad y eliminando el papel, la implementaci\u00f3n de la digitalizaci\u00f3n y la comunicaci\u00f3n permanente constituye un adelanto, estas alianzas estrat\u00e9gicas se realizan en procura de mejorar el servicio hacia la sociedad\u201d, dijo Lanchipa.<br \/>\nPor su parte, R\u00edos manifest\u00f3 su agradecimiento de apertura del Ministerio P\u00fablico para trabajar de manera conjunta y aunar esfuerzos \u201cpara que nuestra informaci\u00f3n, trabajo y equipos puedan alcanzar objetivos comunes en el tema de telecomunicaciones y de seguridad ciudadana. La informaci\u00f3n de la ATT respecto a la portabilidad permitir\u00e1 que los requerimientos fiscales puedan ser m\u00e1s din\u00e1micos y con celeridad, adem\u00e1s puedan contar con informaci\u00f3n de n\u00fameros telef\u00f3nicos para poder hacer las investigaciones que sean requeridas\u201d.<br \/>\nEl convenio tiene por objeto establecer relaciones de cooperaci\u00f3n interinstitucional, entre la ATT y el Ministerio P\u00fablico, en el marco de sus atribuciones y competencias, a fin de promover el fortalecimiento institucional y coadyuvar a la seguridad ciudadana.<br \/>\nAsimismo, se busca establecer mecanismos de acceso a informaci\u00f3n del Sistema Central de Portabilidad, para lo cual la ATT pone a disposici\u00f3n del Ministerio P\u00fablico, un m\u00f3dulo de consulta, con car\u00e1cter restringido y controlado en cuanto a solicitudes de informaci\u00f3n sobre el operador titular de un n\u00famero telef\u00f3nico celular.<\/p>\n","protected":false},"excerpt":{"rendered":"<p>Los servidores autorizados del Ministerio P\u00fablico podr\u00e1n acceder a informaci\u00f3n del Sistema Central de Portabilidad de la Autoridad de Regularizaci\u00f3n y Fiscalizaci\u00f3n de Telecomunicaciones y Transportes (ATT) respecto al titular de una l\u00ednea telef\u00f3nica, datos que coadyuvar\u00e1n en la investigaci\u00f3n de los procesos penales, inform\u00f3 ayer el fiscal general, Juan Lanchipa. Para el fin, ayer, [&hellip;]<\/p>\n","protected":false},"author":1,"featured_media":0,"comment_status":"closed","ping_status":"closed","sticky":false,"template":"","format":"standard","meta":{"_acf_changed":false,"footnotes":""},"categories":[39],"tags":[],"class_list":["post-24765","post","type-post","status-publish","format-standard","category-sociedad"],"acf":{"antetitulo":""},"yoast_head":"<!-- This site is optimized with the Yoast SEO plugin v28.4 - https:\/\/yoast.com\/product\/yoast-seo-wordpress\/ -->\n<title>Fiscales acceder\u00e1n a informaci\u00f3n de titulares de l\u00edneas telef\u00f3nicas - El Diario - Bolivia<\/title>\n<meta name=\"robots\" content=\"index, follow, max-snippet:-1, max-image-preview:large, max-video-preview:-1\" \/>\n<link rel=\"canonical\" href=\"https:\/\/www.eldiario.net\/portal\/2021\/08\/21\/fiscales-accederan-a-informacion-de-titulares-de-lineas-telefonicas\/\" \/>\n<meta property=\"og:locale\" content=\"es_ES\" \/>\n<meta property=\"og:type\" content=\"article\" \/>\n<meta property=\"og:title\" content=\"Fiscales acceder\u00e1n a informaci\u00f3n de titulares de l\u00edneas telef\u00f3nicas - El Diario - Bolivia\" \/>\n<meta property=\"og:description\" content=\"Los servidores autorizados del Ministerio P\u00fablico podr\u00e1n acceder a informaci\u00f3n del Sistema Central de Portabilidad de la Autoridad de Regularizaci\u00f3n y Fiscalizaci\u00f3n de Telecomunicaciones y Transportes (ATT) respecto al titular de una l\u00ednea telef\u00f3nica, datos que coadyuvar\u00e1n en la investigaci\u00f3n de los procesos penales, inform\u00f3 ayer el fiscal general, Juan Lanchipa. Para el fin, ayer, [&hellip;]\" \/>\n<meta property=\"og:url\" content=\"https:\/\/www.eldiario.net\/portal\/2021\/08\/21\/fiscales-accederan-a-informacion-de-titulares-de-lineas-telefonicas\/\" \/>\n<meta property=\"og:site_name\" content=\"El Diario - Bolivia\" \/>\n<meta property=\"article:publisher\" content=\"https:\/\/www.facebook.com\/eldiario.bolivia\/\" \/>\n<meta property=\"article:published_time\" content=\"2021-08-21T10:19:10+00:00\" \/>\n<meta name=\"author\" content=\"Jeanette\" \/>\n<meta name=\"twitter:card\" content=\"summary_large_image\" \/>\n<meta name=\"twitter:creator\" content=\"@eldiario_net\" \/>\n<meta name=\"twitter:site\" content=\"@eldiario_net\" \/>\n<meta name=\"twitter:label1\" content=\"Escrito por\" \/>\n\t<meta name=\"twitter:data1\" content=\"Jeanette\" \/>\n\t<meta name=\"twitter:label2\" content=\"Tiempo de lectura\" \/>\n\t<meta name=\"twitter:data2\" content=\"2 minutos\" \/>\n<script type=\"application\/ld+json\" class=\"yoast-schema-graph\">{\"@context\":\"https:\\\/\\\/schema.org\",\"@graph\":[{\"@type\":\"Article\",\"@id\":\"https:\\\/\\\/www.eldiario.net\\\/portal\\\/2021\\\/08\\\/21\\\/fiscales-accederan-a-informacion-de-titulares-de-lineas-telefonicas\\\/#article\",\"isPartOf\":{\"@id\":\"https:\\\/\\\/www.eldiario.net\\\/portal\\\/2021\\\/08\\\/21\\\/fiscales-accederan-a-informacion-de-titulares-de-lineas-telefonicas\\\/\"},\"author\":{\"name\":\"Jeanette\",\"@id\":\"https:\\\/\\\/www.eldiario.net\\\/portal\\\/#\\\/schema\\\/person\\\/f46445640444750d7d753ccd04ae01b7\"},\"headline\":\"Fiscales acceder\u00e1n a informaci\u00f3n de titulares de l\u00edneas telef\u00f3nicas\",\"datePublished\":\"2021-08-21T10:19:10+00:00\",\"mainEntityOfPage\":{\"@id\":\"https:\\\/\\\/www.eldiario.net\\\/portal\\\/2021\\\/08\\\/21\\\/fiscales-accederan-a-informacion-de-titulares-de-lineas-telefonicas\\\/\"},\"wordCount\":358,\"publisher\":{\"@id\":\"https:\\\/\\\/www.eldiario.net\\\/portal\\\/#organization\"},\"articleSection\":[\"Sociedad - Seguridad\"],\"inLanguage\":\"es\"},{\"@type\":\"WebPage\",\"@id\":\"https:\\\/\\\/www.eldiario.net\\\/portal\\\/2021\\\/08\\\/21\\\/fiscales-accederan-a-informacion-de-titulares-de-lineas-telefonicas\\\/\",\"url\":\"https:\\\/\\\/www.eldiario.net\\\/portal\\\/2021\\\/08\\\/21\\\/fiscales-accederan-a-informacion-de-titulares-de-lineas-telefonicas\\\/\",\"name\":\"Fiscales acceder\u00e1n a informaci\u00f3n de titulares de l\u00edneas telef\u00f3nicas - El Diario - Bolivia\",\"isPartOf\":{\"@id\":\"https:\\\/\\\/www.eldiario.net\\\/portal\\\/#website\"},\"datePublished\":\"2021-08-21T10:19:10+00:00\",\"breadcrumb\":{\"@id\":\"https:\\\/\\\/www.eldiario.net\\\/portal\\\/2021\\\/08\\\/21\\\/fiscales-accederan-a-informacion-de-titulares-de-lineas-telefonicas\\\/#breadcrumb\"},\"inLanguage\":\"es\",\"potentialAction\":[{\"@type\":\"ReadAction\",\"target\":[\"https:\\\/\\\/www.eldiario.net\\\/portal\\\/2021\\\/08\\\/21\\\/fiscales-accederan-a-informacion-de-titulares-de-lineas-telefonicas\\\/\"]}]},{\"@type\":\"BreadcrumbList\",\"@id\":\"https:\\\/\\\/www.eldiario.net\\\/portal\\\/2021\\\/08\\\/21\\\/fiscales-accederan-a-informacion-de-titulares-de-lineas-telefonicas\\\/#breadcrumb\",\"itemListElement\":[{\"@type\":\"ListItem\",\"position\":1,\"name\":\"Portada\",\"item\":\"https:\\\/\\\/www.eldiario.net\\\/portal\\\/\"},{\"@type\":\"ListItem\",\"position\":2,\"name\":\"Fiscales acceder\u00e1n a informaci\u00f3n de titulares de l\u00edneas telef\u00f3nicas\"}]},{\"@type\":\"WebSite\",\"@id\":\"https:\\\/\\\/www.eldiario.net\\\/portal\\\/#website\",\"url\":\"https:\\\/\\\/www.eldiario.net\\\/portal\\\/\",\"name\":\"El Diario - Decano de la prensa nacional\",\"description\":\"El Diario - Decano de la prensa nacional\",\"publisher\":{\"@id\":\"https:\\\/\\\/www.eldiario.net\\\/portal\\\/#organization\"},\"potentialAction\":[{\"@type\":\"SearchAction\",\"target\":{\"@type\":\"EntryPoint\",\"urlTemplate\":\"https:\\\/\\\/www.eldiario.net\\\/portal\\\/?s={search_term_string}\"},\"query-input\":{\"@type\":\"PropertyValueSpecification\",\"valueRequired\":true,\"valueName\":\"search_term_string\"}}],\"inLanguage\":\"es\"},{\"@type\":\"Organization\",\"@id\":\"https:\\\/\\\/www.eldiario.net\\\/portal\\\/#organization\",\"name\":\"El Diario - Decano de la prensa nacional\",\"url\":\"https:\\\/\\\/www.eldiario.net\\\/portal\\\/\",\"logo\":{\"@type\":\"ImageObject\",\"inLanguage\":\"es\",\"@id\":\"https:\\\/\\\/www.eldiario.net\\\/portal\\\/#\\\/schema\\\/logo\\\/image\\\/\",\"url\":\"https:\\\/\\\/www.eldiario.net\\\/portal\\\/wp-content\\\/uploads\\\/2023\\\/07\\\/logo_ED.jpg\",\"contentUrl\":\"https:\\\/\\\/www.eldiario.net\\\/portal\\\/wp-content\\\/uploads\\\/2023\\\/07\\\/logo_ED.jpg\",\"width\":272,\"height\":52,\"caption\":\"El Diario - Decano de la prensa nacional\"},\"image\":{\"@id\":\"https:\\\/\\\/www.eldiario.net\\\/portal\\\/#\\\/schema\\\/logo\\\/image\\\/\"},\"sameAs\":[\"https:\\\/\\\/www.facebook.com\\\/eldiario.bolivia\\\/\",\"https:\\\/\\\/x.com\\\/eldiario_net\"]},{\"@type\":\"Person\",\"@id\":\"https:\\\/\\\/www.eldiario.net\\\/portal\\\/#\\\/schema\\\/person\\\/f46445640444750d7d753ccd04ae01b7\",\"name\":\"Jeanette\",\"image\":{\"@type\":\"ImageObject\",\"inLanguage\":\"es\",\"@id\":\"https:\\\/\\\/secure.gravatar.com\\\/avatar\\\/3ea2118a5f7dad2b7138b1187a6b7ee55f160b9968b66013c3a3ef39dd7e5798?s=96&d=mm&r=g\",\"url\":\"https:\\\/\\\/secure.gravatar.com\\\/avatar\\\/3ea2118a5f7dad2b7138b1187a6b7ee55f160b9968b66013c3a3ef39dd7e5798?s=96&d=mm&r=g\",\"contentUrl\":\"https:\\\/\\\/secure.gravatar.com\\\/avatar\\\/3ea2118a5f7dad2b7138b1187a6b7ee55f160b9968b66013c3a3ef39dd7e5798?s=96&d=mm&r=g\",\"caption\":\"Jeanette\"},\"sameAs\":[\"https:\\\/\\\/www.eldiario.net\\\/portal\"],\"url\":\"https:\\\/\\\/www.eldiario.net\\\/portal\\\/author\\\/jeanette\\\/\"}]}<\/script>\n<!-- \/ Yoast SEO plugin. -->","yoast_head_json":{"title":"Fiscales acceder\u00e1n a informaci\u00f3n de titulares de l\u00edneas telef\u00f3nicas - El Diario - Bolivia","robots":{"index":"index","follow":"follow","max-snippet":"max-snippet:-1","max-image-preview":"max-image-preview:large","max-video-preview":"max-video-preview:-1"},"canonical":"https:\/\/www.eldiario.net\/portal\/2021\/08\/21\/fiscales-accederan-a-informacion-de-titulares-de-lineas-telefonicas\/","og_locale":"es_ES","og_type":"article","og_title":"Fiscales acceder\u00e1n a informaci\u00f3n de titulares de l\u00edneas telef\u00f3nicas - El Diario - Bolivia","og_description":"Los servidores autorizados del Ministerio P\u00fablico podr\u00e1n acceder a informaci\u00f3n del Sistema Central de Portabilidad de la Autoridad de Regularizaci\u00f3n y Fiscalizaci\u00f3n de Telecomunicaciones y Transportes (ATT) respecto al titular de una l\u00ednea telef\u00f3nica, datos que coadyuvar\u00e1n en la investigaci\u00f3n de los procesos penales, inform\u00f3 ayer el fiscal general, Juan Lanchipa. Para el fin, ayer, [&hellip;]","og_url":"https:\/\/www.eldiario.net\/portal\/2021\/08\/21\/fiscales-accederan-a-informacion-de-titulares-de-lineas-telefonicas\/","og_site_name":"El Diario - Bolivia","article_publisher":"https:\/\/www.facebook.com\/eldiario.bolivia\/","article_published_time":"2021-08-21T10:19:10+00:00","author":"Jeanette","twitter_card":"summary_large_image","twitter_creator":"@eldiario_net","twitter_site":"@eldiario_net","twitter_misc":{"Escrito por":"Jeanette","Tiempo de lectura":"2 minutos"},"schema":{"@context":"https:\/\/schema.org","@graph":[{"@type":"Article","@id":"https:\/\/www.eldiario.net\/portal\/2021\/08\/21\/fiscales-accederan-a-informacion-de-titulares-de-lineas-telefonicas\/#article","isPartOf":{"@id":"https:\/\/www.eldiario.net\/portal\/2021\/08\/21\/fiscales-accederan-a-informacion-de-titulares-de-lineas-telefonicas\/"},"author":{"name":"Jeanette","@id":"https:\/\/www.eldiario.net\/portal\/#\/schema\/person\/f46445640444750d7d753ccd04ae01b7"},"headline":"Fiscales acceder\u00e1n a informaci\u00f3n de titulares de l\u00edneas telef\u00f3nicas","datePublished":"2021-08-21T10:19:10+00:00","mainEntityOfPage":{"@id":"https:\/\/www.eldiario.net\/portal\/2021\/08\/21\/fiscales-accederan-a-informacion-de-titulares-de-lineas-telefonicas\/"},"wordCount":358,"publisher":{"@id":"https:\/\/www.eldiario.net\/portal\/#organization"},"articleSection":["Sociedad - Seguridad"],"inLanguage":"es"},{"@type":"WebPage","@id":"https:\/\/www.eldiario.net\/portal\/2021\/08\/21\/fiscales-accederan-a-informacion-de-titulares-de-lineas-telefonicas\/","url":"https:\/\/www.eldiario.net\/portal\/2021\/08\/21\/fiscales-accederan-a-informacion-de-titulares-de-lineas-telefonicas\/","name":"Fiscales acceder\u00e1n a informaci\u00f3n de titulares de l\u00edneas telef\u00f3nicas - El Diario - Bolivia","isPartOf":{"@id":"https:\/\/www.eldiario.net\/portal\/#website"},"datePublished":"2021-08-21T10:19:10+00:00","breadcrumb":{"@id":"https:\/\/www.eldiario.net\/portal\/2021\/08\/21\/fiscales-accederan-a-informacion-de-titulares-de-lineas-telefonicas\/#breadcrumb"},"inLanguage":"es","potentialAction":[{"@type":"ReadAction","target":["https:\/\/www.eldiario.net\/portal\/2021\/08\/21\/fiscales-accederan-a-informacion-de-titulares-de-lineas-telefonicas\/"]}]},{"@type":"BreadcrumbList","@id":"https:\/\/www.eldiario.net\/portal\/2021\/08\/21\/fiscales-accederan-a-informacion-de-titulares-de-lineas-telefonicas\/#breadcrumb","itemListElement":[{"@type":"ListItem","position":1,"name":"Portada","item":"https:\/\/www.eldiario.net\/portal\/"},{"@type":"ListItem","position":2,"name":"Fiscales acceder\u00e1n a informaci\u00f3n de titulares de l\u00edneas telef\u00f3nicas"}]},{"@type":"WebSite","@id":"https:\/\/www.eldiario.net\/portal\/#website","url":"https:\/\/www.eldiario.net\/portal\/","name":"El Diario - Decano de la prensa nacional","description":"El Diario - Decano de la prensa nacional","publisher":{"@id":"https:\/\/www.eldiario.net\/portal\/#organization"},"potentialAction":[{"@type":"SearchAction","target":{"@type":"EntryPoint","urlTemplate":"https:\/\/www.eldiario.net\/portal\/?s={search_term_string}"},"query-input":{"@type":"PropertyValueSpecification","valueRequired":true,"valueName":"search_term_string"}}],"inLanguage":"es"},{"@type":"Organization","@id":"https:\/\/www.eldiario.net\/portal\/#organization","name":"El Diario - Decano de la prensa nacional","url":"https:\/\/www.eldiario.net\/portal\/","logo":{"@type":"ImageObject","inLanguage":"es","@id":"https:\/\/www.eldiario.net\/portal\/#\/schema\/logo\/image\/","url":"https:\/\/www.eldiario.net\/portal\/wp-content\/uploads\/2023\/07\/logo_ED.jpg","contentUrl":"https:\/\/www.eldiario.net\/portal\/wp-content\/uploads\/2023\/07\/logo_ED.jpg","width":272,"height":52,"caption":"El Diario - Decano de la prensa nacional"},"image":{"@id":"https:\/\/www.eldiario.net\/portal\/#\/schema\/logo\/image\/"},"sameAs":["https:\/\/www.facebook.com\/eldiario.bolivia\/","https:\/\/x.com\/eldiario_net"]},{"@type":"Person","@id":"https:\/\/www.eldiario.net\/portal\/#\/schema\/person\/f46445640444750d7d753ccd04ae01b7","name":"Jeanette","image":{"@type":"ImageObject","inLanguage":"es","@id":"https:\/\/secure.gravatar.com\/avatar\/3ea2118a5f7dad2b7138b1187a6b7ee55f160b9968b66013c3a3ef39dd7e5798?s=96&d=mm&r=g","url":"https:\/\/secure.gravatar.com\/avatar\/3ea2118a5f7dad2b7138b1187a6b7ee55f160b9968b66013c3a3ef39dd7e5798?s=96&d=mm&r=g","contentUrl":"https:\/\/secure.gravatar.com\/avatar\/3ea2118a5f7dad2b7138b1187a6b7ee55f160b9968b66013c3a3ef39dd7e5798?s=96&d=mm&r=g","caption":"Jeanette"},"sameAs":["https:\/\/www.eldiario.net\/portal"],"url":"https:\/\/www.eldiario.net\/portal\/author\/jeanette\/"}]}},"_links":{"self":[{"href":"https:\/\/www.eldiario.net\/portal\/wp-json\/wp\/v2\/posts\/24765","targetHints":{"allow":["GET"]}}],"collection":[{"href":"https:\/\/www.eldiario.net\/portal\/wp-json\/wp\/v2\/posts"}],"about":[{"href":"https:\/\/www.eldiario.net\/portal\/wp-json\/wp\/v2\/types\/post"}],"author":[{"embeddable":true,"href":"https:\/\/www.eldiario.net\/portal\/wp-json\/wp\/v2\/users\/1"}],"replies":[{"embeddable":true,"href":"https:\/\/www.eldiario.net\/portal\/wp-json\/wp\/v2\/comments?post=24765"}],"version-history":[{"count":0,"href":"https:\/\/www.eldiario.net\/portal\/wp-json\/wp\/v2\/posts\/24765\/revisions"}],"wp:attachment":[{"href":"https:\/\/www.eldiario.net\/portal\/wp-json\/wp\/v2\/media?parent=24765"}],"wp:term":[{"taxonomy":"category","embeddable":true,"href":"https:\/\/www.eldiario.net\/portal\/wp-json\/wp\/v2\/categories?post=24765"},{"taxonomy":"post_tag","embeddable":true,"href":"https:\/\/www.eldiario.net\/portal\/wp-json\/wp\/v2\/tags?post=24765"}],"curies":[{"name":"wp","href":"https:\/\/api.w.org\/{rel}","templated":true}]}}