{"id":247614,"date":"2024-09-15T07:17:29","date_gmt":"2024-09-15T11:17:29","guid":{"rendered":"https:\/\/www.eldiario.net\/portal\/?p=247614"},"modified":"2024-09-15T07:17:29","modified_gmt":"2024-09-15T11:17:29","slug":"no-hables-con-extranos","status":"publish","type":"post","link":"https:\/\/www.eldiario.net\/portal\/2024\/09\/15\/no-hables-con-extranos\/","title":{"rendered":"NO HABLES CON EXTRA\u00d1OS"},"content":{"rendered":"<p>La cinta de terror dram\u00e1tico No Hables con Extra\u00f1os es dirigida por James Watkins y cuanta con la actuaci\u00f3n de James McAvoy, Mackenzie Davis, Aisling Franciosi, Alix West Lefler, Daniel Hough y Scoot McNairy<\/p>\n<p>Cuando una familia estadounidense es invitada a pasar el fin de semana en la id\u00edlica finca de una familia brit\u00e1nica con la que hicieron amistad durante las vacaciones, lo que comienza como unas vacaciones de ensue\u00f1o pronto se convierte en una pesadilla psicol\u00f3gica.<\/p>\n<p>De Blumhouse, productora de \u2018El tel\u00e9fono negro, Huye y El hombre invisible\u2019, llega un intenso thriller de suspenso para nuestra era moderna, protagonizado por el ganador del premio BAFTA, James McAvoy (Fragmentado, Glass) en una interpretaci\u00f3n cautivadora como el carism\u00e1tico propietario de la finca, un macho alfa cuya hospitalidad desenfrenada oculta una oscuridad indescriptible.<\/p>\n<p>No hables con extra\u00f1os est\u00e1 protagonizada por Mackenzie Davis (Terminator: Destino oculto, Halt and Catch Fire) y el ganador del premio SAG, Scoot McNairy (Argo, Un lugar en silencio: Parte II), como el matrimonio estadounidense formado por Louise y Ben Dalton, quienes, junto a su hija de 11 a\u00f1os Agnes (Alix West Lefler; El \u00e1ngel de la muerte, Riverdale), aceptan la invitaci\u00f3n de Paddy (McAvoy), su esposa Ciara (Aisling Franciosi; Juego de tronos, The Fall) y su furtivo hijo mudo Ant (el debutante Daniel Hough).<\/p>\n<p>Escrita para la gran pantalla y dirigida por James Watkins, el escritor y director de \u2018Silencio en el lago\u2019 y la galardonada historia g\u00f3tica de fantasmas \u2018La dama de negro\u2019, No hables con extra\u00f1os est\u00e1 basada en el gui\u00f3n de la pel\u00edcula de terror danesa de 2022 G\u00e6sterne, escrita por Christian Tafdrup y Mads Tafdrup. La pel\u00edcula obtuvo 11 nominaciones a los Premios del Cine Dan\u00e9s, el equivalente dan\u00e9s de los Oscar.<\/p>\n<p>No hables con extra\u00f1os est\u00e1 producida por Jason Blum (Five Nights at Freddy&#8217;s, M3GAN) para Blumhouse y por Paul Ritchie (McMafia, The Ipcress File) y cuenta con la producci\u00f3n ejecutiva de Beatriz Sequeira para Blumhouse, Jacob Jarek y Christian Tafdrup.<br \/>\n\r\n                <style type=\"text\/css\">\r\n                    \r\n                    #tdi_1  .td-doubleSlider-2 .td-item1 {\r\n                        background: url(https:\/\/www.eldiario.net\/portal\/wp-content\/uploads\/2024\/09\/NO-HABLES-CON-EXTRANOS-\u2013-Terror-dramatico-80x60.jpg) 0 0 no-repeat;\r\n                    }\r\n                    #tdi_1  .td-doubleSlider-2 .td-item2 {\r\n                        background: url(https:\/\/www.eldiario.net\/portal\/wp-content\/uploads\/2024\/09\/NO-HABLES-CON-EXTRANOS-\u2013-Terror-dramatico-2-80x60.jpg) 0 0 no-repeat;\r\n                    }\r\n                    #tdi_1  .td-doubleSlider-2 .td-item3 {\r\n                        background: url(https:\/\/www.eldiario.net\/portal\/wp-content\/uploads\/2024\/09\/NO-HABLES-CON-EXTRANOS-\u2013-Terror-dramatico-3-80x60.jpg) 0 0 no-repeat;\r\n                    }\r\n                    #tdi_1  .td-doubleSlider-2 .td-item4 {\r\n                        background: url(https:\/\/www.eldiario.net\/portal\/wp-content\/uploads\/2024\/09\/NO-HABLES-CON-EXTRANOS-\u2013-Terror-dramatico-4-80x60.jpg) 0 0 no-repeat;\r\n                    }\r\n                    #tdi_1  .td-doubleSlider-2 .td-item5 {\r\n                        background: url(https:\/\/www.eldiario.net\/portal\/wp-content\/uploads\/2024\/09\/NO-HABLES-CON-EXTRANOS-\u2013-Terror-dramatico-5-80x60.jpg) 0 0 no-repeat;\r\n                    }\r\n                <\/style>\r\n\r\n                <div id=\"tdi_1\" class=\"td-gallery td-slide-on-2-columns\">\r\n                    <div class=\"post_td_gallery\">\r\n                        <div class=\"td-gallery-slide-top\">\r\n                           <div class=\"td-gallery-title\"><\/div>\r\n\r\n                            <div class=\"td-gallery-controls-wrapper\">\r\n                                <div class=\"td-gallery-slide-count\"><span class=\"td-gallery-slide-item-focus\">1<\/span> de 5<\/div>\r\n                                <div class=\"td-gallery-slide-prev-next-but\">\r\n                                    <i class = \"td-icon-left doubleSliderPrevButton\"><\/i>\r\n                                    <i class = \"td-icon-right doubleSliderNextButton\"><\/i>\r\n                                <\/div>\r\n                            <\/div>\r\n                        <\/div>\r\n\r\n                        <div class = \"td-doubleSlider-1 \">\r\n                            <div class = \"td-slider\">\r\n                                \r\n                    <div class = \"td-slide-item td-item1\">\r\n                        <figure class=\"td-slide-galery-figure td-slide-popup-gallery\">\r\n                            <a class=\"slide-gallery-image-link\" href=\"https:\/\/www.eldiario.net\/portal\/wp-content\/uploads\/2024\/09\/NO-HABLES-CON-EXTRANOS-\u2013-Terror-dramatico.jpg\" title=\"NO-HABLES-CON-EXTRA\u00d1OS-\u2013-Terror-dram\u00e1tico\"  data-caption=\"\"  data-description=\"\">\r\n                                <img decoding=\"async\" src=\"https:\/\/www.eldiario.net\/portal\/wp-content\/uploads\/2024\/09\/NO-HABLES-CON-EXTRANOS-\u2013-Terror-dramatico-630x420.jpg\" srcset=\"https:\/\/www.eldiario.net\/portal\/wp-content\/uploads\/2024\/09\/NO-HABLES-CON-EXTRANOS-\u2013-Terror-dramatico-630x420.jpg 630w, https:\/\/www.eldiario.net\/portal\/wp-content\/uploads\/2024\/09\/NO-HABLES-CON-EXTRANOS-\u2013-Terror-dramatico-300x200.jpg 300w, https:\/\/www.eldiario.net\/portal\/wp-content\/uploads\/2024\/09\/NO-HABLES-CON-EXTRANOS-\u2013-Terror-dramatico-1024x683.jpg 1024w, https:\/\/www.eldiario.net\/portal\/wp-content\/uploads\/2024\/09\/NO-HABLES-CON-EXTRANOS-\u2013-Terror-dramatico-768x512.jpg 768w, https:\/\/www.eldiario.net\/portal\/wp-content\/uploads\/2024\/09\/NO-HABLES-CON-EXTRANOS-\u2013-Terror-dramatico-696x464.jpg 696w, https:\/\/www.eldiario.net\/portal\/wp-content\/uploads\/2024\/09\/NO-HABLES-CON-EXTRANOS-\u2013-Terror-dramatico-1068x712.jpg 1068w, https:\/\/www.eldiario.net\/portal\/wp-content\/uploads\/2024\/09\/NO-HABLES-CON-EXTRANOS-\u2013-Terror-dramatico.jpg 1200w\" sizes=\"(max-width: 630px) 100vw, 630px\" alt=\"\">\r\n                            <\/a>\r\n                            \r\n                        <\/figure>\r\n                    <\/div>\r\n                    <div class = \"td-slide-item td-item2\">\r\n                        <figure class=\"td-slide-galery-figure td-slide-popup-gallery\">\r\n                            <a class=\"slide-gallery-image-link\" href=\"https:\/\/www.eldiario.net\/portal\/wp-content\/uploads\/2024\/09\/NO-HABLES-CON-EXTRANOS-\u2013-Terror-dramatico-2.jpg\" title=\"NO-HABLES-CON-EXTRA\u00d1OS-\u2013-Terror-dram\u00e1tico-(2)\"  data-caption=\"\"  data-description=\"\">\r\n                                <img decoding=\"async\" src=\"https:\/\/www.eldiario.net\/portal\/wp-content\/uploads\/2024\/09\/NO-HABLES-CON-EXTRANOS-\u2013-Terror-dramatico-2-630x420.jpg\" srcset=\"https:\/\/www.eldiario.net\/portal\/wp-content\/uploads\/2024\/09\/NO-HABLES-CON-EXTRANOS-\u2013-Terror-dramatico-2-630x420.jpg 630w, https:\/\/www.eldiario.net\/portal\/wp-content\/uploads\/2024\/09\/NO-HABLES-CON-EXTRANOS-\u2013-Terror-dramatico-2-300x200.jpg 300w, https:\/\/www.eldiario.net\/portal\/wp-content\/uploads\/2024\/09\/NO-HABLES-CON-EXTRANOS-\u2013-Terror-dramatico-2-1024x683.jpg 1024w, https:\/\/www.eldiario.net\/portal\/wp-content\/uploads\/2024\/09\/NO-HABLES-CON-EXTRANOS-\u2013-Terror-dramatico-2-768x512.jpg 768w, https:\/\/www.eldiario.net\/portal\/wp-content\/uploads\/2024\/09\/NO-HABLES-CON-EXTRANOS-\u2013-Terror-dramatico-2-696x464.jpg 696w, https:\/\/www.eldiario.net\/portal\/wp-content\/uploads\/2024\/09\/NO-HABLES-CON-EXTRANOS-\u2013-Terror-dramatico-2-1068x712.jpg 1068w, https:\/\/www.eldiario.net\/portal\/wp-content\/uploads\/2024\/09\/NO-HABLES-CON-EXTRANOS-\u2013-Terror-dramatico-2.jpg 1200w\" sizes=\"(max-width: 630px) 100vw, 630px\" alt=\"\">\r\n                            <\/a>\r\n                            \r\n                        <\/figure>\r\n                    <\/div>\r\n                    <div class = \"td-slide-item td-item3\">\r\n                        <figure class=\"td-slide-galery-figure td-slide-popup-gallery\">\r\n                            <a class=\"slide-gallery-image-link\" href=\"https:\/\/www.eldiario.net\/portal\/wp-content\/uploads\/2024\/09\/NO-HABLES-CON-EXTRANOS-\u2013-Terror-dramatico-3.jpg\" title=\"NO-HABLES-CON-EXTRA\u00d1OS-\u2013-Terror-dram\u00e1tico-(3)\"  data-caption=\"\"  data-description=\"\">\r\n                                <img decoding=\"async\" src=\"https:\/\/www.eldiario.net\/portal\/wp-content\/uploads\/2024\/09\/NO-HABLES-CON-EXTRANOS-\u2013-Terror-dramatico-3-631x420.jpg\" srcset=\"https:\/\/www.eldiario.net\/portal\/wp-content\/uploads\/2024\/09\/NO-HABLES-CON-EXTRANOS-\u2013-Terror-dramatico-3-631x420.jpg 631w, https:\/\/www.eldiario.net\/portal\/wp-content\/uploads\/2024\/09\/NO-HABLES-CON-EXTRANOS-\u2013-Terror-dramatico-3-300x200.jpg 300w, https:\/\/www.eldiario.net\/portal\/wp-content\/uploads\/2024\/09\/NO-HABLES-CON-EXTRANOS-\u2013-Terror-dramatico-3-1024x682.jpg 1024w, https:\/\/www.eldiario.net\/portal\/wp-content\/uploads\/2024\/09\/NO-HABLES-CON-EXTRANOS-\u2013-Terror-dramatico-3-768x512.jpg 768w, https:\/\/www.eldiario.net\/portal\/wp-content\/uploads\/2024\/09\/NO-HABLES-CON-EXTRANOS-\u2013-Terror-dramatico-3-696x464.jpg 696w, https:\/\/www.eldiario.net\/portal\/wp-content\/uploads\/2024\/09\/NO-HABLES-CON-EXTRANOS-\u2013-Terror-dramatico-3-1068x711.jpg 1068w, https:\/\/www.eldiario.net\/portal\/wp-content\/uploads\/2024\/09\/NO-HABLES-CON-EXTRANOS-\u2013-Terror-dramatico-3.jpg 1201w\" sizes=\"(max-width: 631px) 100vw, 631px\" alt=\"\">\r\n                            <\/a>\r\n                            \r\n                        <\/figure>\r\n                    <\/div>\r\n                    <div class = \"td-slide-item td-item4\">\r\n                        <figure class=\"td-slide-galery-figure td-slide-popup-gallery\">\r\n                            <a class=\"slide-gallery-image-link\" href=\"https:\/\/www.eldiario.net\/portal\/wp-content\/uploads\/2024\/09\/NO-HABLES-CON-EXTRANOS-\u2013-Terror-dramatico-4.jpg\" title=\"NO-HABLES-CON-EXTRA\u00d1OS-\u2013-Terror-dram\u00e1tico-(4)\"  data-caption=\"\"  data-description=\"\">\r\n                                <img decoding=\"async\" src=\"https:\/\/www.eldiario.net\/portal\/wp-content\/uploads\/2024\/09\/NO-HABLES-CON-EXTRANOS-\u2013-Terror-dramatico-4-630x420.jpg\" srcset=\"https:\/\/www.eldiario.net\/portal\/wp-content\/uploads\/2024\/09\/NO-HABLES-CON-EXTRANOS-\u2013-Terror-dramatico-4-630x420.jpg 630w, https:\/\/www.eldiario.net\/portal\/wp-content\/uploads\/2024\/09\/NO-HABLES-CON-EXTRANOS-\u2013-Terror-dramatico-4-300x200.jpg 300w, https:\/\/www.eldiario.net\/portal\/wp-content\/uploads\/2024\/09\/NO-HABLES-CON-EXTRANOS-\u2013-Terror-dramatico-4-1024x683.jpg 1024w, https:\/\/www.eldiario.net\/portal\/wp-content\/uploads\/2024\/09\/NO-HABLES-CON-EXTRANOS-\u2013-Terror-dramatico-4-768x512.jpg 768w, https:\/\/www.eldiario.net\/portal\/wp-content\/uploads\/2024\/09\/NO-HABLES-CON-EXTRANOS-\u2013-Terror-dramatico-4-696x464.jpg 696w, https:\/\/www.eldiario.net\/portal\/wp-content\/uploads\/2024\/09\/NO-HABLES-CON-EXTRANOS-\u2013-Terror-dramatico-4-1068x712.jpg 1068w, https:\/\/www.eldiario.net\/portal\/wp-content\/uploads\/2024\/09\/NO-HABLES-CON-EXTRANOS-\u2013-Terror-dramatico-4.jpg 1200w\" sizes=\"(max-width: 630px) 100vw, 630px\" alt=\"\">\r\n                            <\/a>\r\n                            \r\n                        <\/figure>\r\n                    <\/div>\r\n                    <div class = \"td-slide-item td-item5\">\r\n                        <figure class=\"td-slide-galery-figure td-slide-popup-gallery\">\r\n                            <a class=\"slide-gallery-image-link\" href=\"https:\/\/www.eldiario.net\/portal\/wp-content\/uploads\/2024\/09\/NO-HABLES-CON-EXTRANOS-\u2013-Terror-dramatico-5.jpg\" title=\"NO-HABLES-CON-EXTRA\u00d1OS-\u2013-Terror-dram\u00e1tico-(5)\"  data-caption=\"\"  data-description=\"\">\r\n                                <img decoding=\"async\" src=\"https:\/\/www.eldiario.net\/portal\/wp-content\/uploads\/2024\/09\/NO-HABLES-CON-EXTRANOS-\u2013-Terror-dramatico-5-630x420.jpg\" srcset=\"https:\/\/www.eldiario.net\/portal\/wp-content\/uploads\/2024\/09\/NO-HABLES-CON-EXTRANOS-\u2013-Terror-dramatico-5-630x420.jpg 630w, https:\/\/www.eldiario.net\/portal\/wp-content\/uploads\/2024\/09\/NO-HABLES-CON-EXTRANOS-\u2013-Terror-dramatico-5-300x200.jpg 300w, https:\/\/www.eldiario.net\/portal\/wp-content\/uploads\/2024\/09\/NO-HABLES-CON-EXTRANOS-\u2013-Terror-dramatico-5-1024x683.jpg 1024w, https:\/\/www.eldiario.net\/portal\/wp-content\/uploads\/2024\/09\/NO-HABLES-CON-EXTRANOS-\u2013-Terror-dramatico-5-768x512.jpg 768w, https:\/\/www.eldiario.net\/portal\/wp-content\/uploads\/2024\/09\/NO-HABLES-CON-EXTRANOS-\u2013-Terror-dramatico-5-696x464.jpg 696w, https:\/\/www.eldiario.net\/portal\/wp-content\/uploads\/2024\/09\/NO-HABLES-CON-EXTRANOS-\u2013-Terror-dramatico-5-1068x712.jpg 1068w, https:\/\/www.eldiario.net\/portal\/wp-content\/uploads\/2024\/09\/NO-HABLES-CON-EXTRANOS-\u2013-Terror-dramatico-5.jpg 1200w\" sizes=\"(max-width: 630px) 100vw, 630px\" alt=\"\">\r\n                            <\/a>\r\n                            \r\n                        <\/figure>\r\n                    <\/div>\r\n                            <\/div>\r\n                        <\/div>\r\n\r\n                        <div class = \"td-doubleSlider-2\">\r\n                            <div class = \"td-slider\">\r\n                                \r\n                    <div class = \"td-button td-item1\">\r\n                        <div class = \"td-border\"><\/div>\r\n                    <\/div>\r\n                    <div class = \"td-button td-item2\">\r\n                        <div class = \"td-border\"><\/div>\r\n                    <\/div>\r\n                    <div class = \"td-button td-item3\">\r\n                        <div class = \"td-border\"><\/div>\r\n                    <\/div>\r\n                    <div class = \"td-button td-item4\">\r\n                        <div class = \"td-border\"><\/div>\r\n                    <\/div>\r\n                    <div class = \"td-button td-item5\">\r\n                        <div class = \"td-border\"><\/div>\r\n                    <\/div>\r\n                            <\/div>\r\n                        <\/div>\r\n\r\n                    <\/div>\r\n\r\n                <\/div>\r\n                <\/p>\n","protected":false},"excerpt":{"rendered":"<p>La cinta de terror dram\u00e1tico No Hables con Extra\u00f1os es dirigida por James Watkins y cuanta con la actuaci\u00f3n de James McAvoy, Mackenzie Davis, Aisling Franciosi, Alix West Lefler, Daniel Hough y Scoot McNairy Cuando una familia estadounidense es invitada a pasar el fin de semana en la id\u00edlica finca de una familia brit\u00e1nica con [&hellip;]<\/p>\n","protected":false},"author":1,"featured_media":247615,"comment_status":"open","ping_status":"open","sticky":false,"template":"","format":"standard","meta":{"_acf_changed":false,"footnotes":""},"categories":[45],"tags":[],"class_list":["post-247614","post","type-post","status-publish","format-standard","has-post-thumbnail","category-cine-mundo"],"acf":{"antetitulo":"EN CARTELERA"},"yoast_head":"<!-- This site is optimized with the Yoast SEO plugin v28.3 - https:\/\/yoast.com\/product\/yoast-seo-wordpress\/ -->\n<title>NO HABLES CON EXTRA\u00d1OS - El Diario - Bolivia<\/title>\n<meta name=\"robots\" content=\"index, follow, max-snippet:-1, max-image-preview:large, max-video-preview:-1\" \/>\n<link rel=\"canonical\" href=\"https:\/\/www.eldiario.net\/portal\/2024\/09\/15\/no-hables-con-extranos\/\" \/>\n<meta property=\"og:locale\" content=\"es_ES\" \/>\n<meta property=\"og:type\" content=\"article\" \/>\n<meta property=\"og:title\" content=\"NO HABLES CON EXTRA\u00d1OS - El Diario - Bolivia\" \/>\n<meta property=\"og:description\" content=\"La cinta de terror dram\u00e1tico No Hables con Extra\u00f1os es dirigida por James Watkins y cuanta con la actuaci\u00f3n de James McAvoy, Mackenzie Davis, Aisling Franciosi, Alix West Lefler, Daniel Hough y Scoot McNairy Cuando una familia estadounidense es invitada a pasar el fin de semana en la id\u00edlica finca de una familia brit\u00e1nica con [&hellip;]\" \/>\n<meta property=\"og:url\" content=\"https:\/\/www.eldiario.net\/portal\/2024\/09\/15\/no-hables-con-extranos\/\" \/>\n<meta property=\"og:site_name\" content=\"El Diario - Bolivia\" \/>\n<meta property=\"article:publisher\" content=\"https:\/\/www.facebook.com\/eldiario.bolivia\/\" \/>\n<meta property=\"article:published_time\" content=\"2024-09-15T11:17:29+00:00\" \/>\n<meta property=\"og:image\" content=\"https:\/\/www.eldiario.net\/portal\/wp-content\/uploads\/2024\/09\/NO-HABLES-CON-EXTRANOS-\u2013-Terror-dramatico.jpg\" \/>\n\t<meta property=\"og:image:width\" content=\"1200\" \/>\n\t<meta property=\"og:image:height\" content=\"800\" \/>\n\t<meta property=\"og:image:type\" content=\"image\/jpeg\" \/>\n<meta name=\"author\" content=\"Jeanette\" \/>\n<meta name=\"twitter:card\" content=\"summary_large_image\" \/>\n<meta name=\"twitter:creator\" content=\"@eldiario_net\" \/>\n<meta name=\"twitter:site\" content=\"@eldiario_net\" \/>\n<meta name=\"twitter:label1\" content=\"Escrito por\" \/>\n\t<meta name=\"twitter:data1\" content=\"Jeanette\" \/>\n\t<meta name=\"twitter:label2\" content=\"Tiempo de lectura\" \/>\n\t<meta name=\"twitter:data2\" content=\"1 minuto\" \/>\n<script type=\"application\/ld+json\" class=\"yoast-schema-graph\">{\"@context\":\"https:\\\/\\\/schema.org\",\"@graph\":[{\"@type\":\"Article\",\"@id\":\"https:\\\/\\\/www.eldiario.net\\\/portal\\\/2024\\\/09\\\/15\\\/no-hables-con-extranos\\\/#article\",\"isPartOf\":{\"@id\":\"https:\\\/\\\/www.eldiario.net\\\/portal\\\/2024\\\/09\\\/15\\\/no-hables-con-extranos\\\/\"},\"author\":{\"name\":\"Jeanette\",\"@id\":\"https:\\\/\\\/www.eldiario.net\\\/portal\\\/#\\\/schema\\\/person\\\/f46445640444750d7d753ccd04ae01b7\"},\"headline\":\"NO HABLES CON EXTRA\u00d1OS\",\"datePublished\":\"2024-09-15T11:17:29+00:00\",\"mainEntityOfPage\":{\"@id\":\"https:\\\/\\\/www.eldiario.net\\\/portal\\\/2024\\\/09\\\/15\\\/no-hables-con-extranos\\\/\"},\"wordCount\":364,\"commentCount\":0,\"publisher\":{\"@id\":\"https:\\\/\\\/www.eldiario.net\\\/portal\\\/#organization\"},\"image\":{\"@id\":\"https:\\\/\\\/www.eldiario.net\\\/portal\\\/2024\\\/09\\\/15\\\/no-hables-con-extranos\\\/#primaryimage\"},\"thumbnailUrl\":\"https:\\\/\\\/www.eldiario.net\\\/portal\\\/wp-content\\\/uploads\\\/2024\\\/09\\\/NO-HABLES-CON-EXTRANOS-\u2013-Terror-dramatico.jpg\",\"articleSection\":[\"Cine Mundo\"],\"inLanguage\":\"es\",\"potentialAction\":[{\"@type\":\"CommentAction\",\"name\":\"Comment\",\"target\":[\"https:\\\/\\\/www.eldiario.net\\\/portal\\\/2024\\\/09\\\/15\\\/no-hables-con-extranos\\\/#respond\"]}]},{\"@type\":\"WebPage\",\"@id\":\"https:\\\/\\\/www.eldiario.net\\\/portal\\\/2024\\\/09\\\/15\\\/no-hables-con-extranos\\\/\",\"url\":\"https:\\\/\\\/www.eldiario.net\\\/portal\\\/2024\\\/09\\\/15\\\/no-hables-con-extranos\\\/\",\"name\":\"NO HABLES CON EXTRA\u00d1OS - El Diario - Bolivia\",\"isPartOf\":{\"@id\":\"https:\\\/\\\/www.eldiario.net\\\/portal\\\/#website\"},\"primaryImageOfPage\":{\"@id\":\"https:\\\/\\\/www.eldiario.net\\\/portal\\\/2024\\\/09\\\/15\\\/no-hables-con-extranos\\\/#primaryimage\"},\"image\":{\"@id\":\"https:\\\/\\\/www.eldiario.net\\\/portal\\\/2024\\\/09\\\/15\\\/no-hables-con-extranos\\\/#primaryimage\"},\"thumbnailUrl\":\"https:\\\/\\\/www.eldiario.net\\\/portal\\\/wp-content\\\/uploads\\\/2024\\\/09\\\/NO-HABLES-CON-EXTRANOS-\u2013-Terror-dramatico.jpg\",\"datePublished\":\"2024-09-15T11:17:29+00:00\",\"breadcrumb\":{\"@id\":\"https:\\\/\\\/www.eldiario.net\\\/portal\\\/2024\\\/09\\\/15\\\/no-hables-con-extranos\\\/#breadcrumb\"},\"inLanguage\":\"es\",\"potentialAction\":[{\"@type\":\"ReadAction\",\"target\":[\"https:\\\/\\\/www.eldiario.net\\\/portal\\\/2024\\\/09\\\/15\\\/no-hables-con-extranos\\\/\"]}]},{\"@type\":\"ImageObject\",\"inLanguage\":\"es\",\"@id\":\"https:\\\/\\\/www.eldiario.net\\\/portal\\\/2024\\\/09\\\/15\\\/no-hables-con-extranos\\\/#primaryimage\",\"url\":\"https:\\\/\\\/www.eldiario.net\\\/portal\\\/wp-content\\\/uploads\\\/2024\\\/09\\\/NO-HABLES-CON-EXTRANOS-\u2013-Terror-dramatico.jpg\",\"contentUrl\":\"https:\\\/\\\/www.eldiario.net\\\/portal\\\/wp-content\\\/uploads\\\/2024\\\/09\\\/NO-HABLES-CON-EXTRANOS-\u2013-Terror-dramatico.jpg\",\"width\":1200,\"height\":800},{\"@type\":\"BreadcrumbList\",\"@id\":\"https:\\\/\\\/www.eldiario.net\\\/portal\\\/2024\\\/09\\\/15\\\/no-hables-con-extranos\\\/#breadcrumb\",\"itemListElement\":[{\"@type\":\"ListItem\",\"position\":1,\"name\":\"Portada\",\"item\":\"https:\\\/\\\/www.eldiario.net\\\/portal\\\/\"},{\"@type\":\"ListItem\",\"position\":2,\"name\":\"NO HABLES CON EXTRA\u00d1OS\"}]},{\"@type\":\"WebSite\",\"@id\":\"https:\\\/\\\/www.eldiario.net\\\/portal\\\/#website\",\"url\":\"https:\\\/\\\/www.eldiario.net\\\/portal\\\/\",\"name\":\"El Diario - Decano de la prensa nacional\",\"description\":\"El Diario - Decano de la prensa nacional\",\"publisher\":{\"@id\":\"https:\\\/\\\/www.eldiario.net\\\/portal\\\/#organization\"},\"potentialAction\":[{\"@type\":\"SearchAction\",\"target\":{\"@type\":\"EntryPoint\",\"urlTemplate\":\"https:\\\/\\\/www.eldiario.net\\\/portal\\\/?s={search_term_string}\"},\"query-input\":{\"@type\":\"PropertyValueSpecification\",\"valueRequired\":true,\"valueName\":\"search_term_string\"}}],\"inLanguage\":\"es\"},{\"@type\":\"Organization\",\"@id\":\"https:\\\/\\\/www.eldiario.net\\\/portal\\\/#organization\",\"name\":\"El Diario - Decano de la prensa nacional\",\"url\":\"https:\\\/\\\/www.eldiario.net\\\/portal\\\/\",\"logo\":{\"@type\":\"ImageObject\",\"inLanguage\":\"es\",\"@id\":\"https:\\\/\\\/www.eldiario.net\\\/portal\\\/#\\\/schema\\\/logo\\\/image\\\/\",\"url\":\"https:\\\/\\\/www.eldiario.net\\\/portal\\\/wp-content\\\/uploads\\\/2023\\\/07\\\/logo_ED.jpg\",\"contentUrl\":\"https:\\\/\\\/www.eldiario.net\\\/portal\\\/wp-content\\\/uploads\\\/2023\\\/07\\\/logo_ED.jpg\",\"width\":272,\"height\":52,\"caption\":\"El Diario - Decano de la prensa nacional\"},\"image\":{\"@id\":\"https:\\\/\\\/www.eldiario.net\\\/portal\\\/#\\\/schema\\\/logo\\\/image\\\/\"},\"sameAs\":[\"https:\\\/\\\/www.facebook.com\\\/eldiario.bolivia\\\/\",\"https:\\\/\\\/x.com\\\/eldiario_net\"]},{\"@type\":\"Person\",\"@id\":\"https:\\\/\\\/www.eldiario.net\\\/portal\\\/#\\\/schema\\\/person\\\/f46445640444750d7d753ccd04ae01b7\",\"name\":\"Jeanette\",\"image\":{\"@type\":\"ImageObject\",\"inLanguage\":\"es\",\"@id\":\"https:\\\/\\\/secure.gravatar.com\\\/avatar\\\/3ea2118a5f7dad2b7138b1187a6b7ee55f160b9968b66013c3a3ef39dd7e5798?s=96&d=mm&r=g\",\"url\":\"https:\\\/\\\/secure.gravatar.com\\\/avatar\\\/3ea2118a5f7dad2b7138b1187a6b7ee55f160b9968b66013c3a3ef39dd7e5798?s=96&d=mm&r=g\",\"contentUrl\":\"https:\\\/\\\/secure.gravatar.com\\\/avatar\\\/3ea2118a5f7dad2b7138b1187a6b7ee55f160b9968b66013c3a3ef39dd7e5798?s=96&d=mm&r=g\",\"caption\":\"Jeanette\"},\"sameAs\":[\"https:\\\/\\\/www.eldiario.net\\\/portal\"],\"url\":\"https:\\\/\\\/www.eldiario.net\\\/portal\\\/author\\\/jeanette\\\/\"}]}<\/script>\n<!-- \/ Yoast SEO plugin. -->","yoast_head_json":{"title":"NO HABLES CON EXTRA\u00d1OS - El Diario - Bolivia","robots":{"index":"index","follow":"follow","max-snippet":"max-snippet:-1","max-image-preview":"max-image-preview:large","max-video-preview":"max-video-preview:-1"},"canonical":"https:\/\/www.eldiario.net\/portal\/2024\/09\/15\/no-hables-con-extranos\/","og_locale":"es_ES","og_type":"article","og_title":"NO HABLES CON EXTRA\u00d1OS - El Diario - Bolivia","og_description":"La cinta de terror dram\u00e1tico No Hables con Extra\u00f1os es dirigida por James Watkins y cuanta con la actuaci\u00f3n de James McAvoy, Mackenzie Davis, Aisling Franciosi, Alix West Lefler, Daniel Hough y Scoot McNairy Cuando una familia estadounidense es invitada a pasar el fin de semana en la id\u00edlica finca de una familia brit\u00e1nica con [&hellip;]","og_url":"https:\/\/www.eldiario.net\/portal\/2024\/09\/15\/no-hables-con-extranos\/","og_site_name":"El Diario - Bolivia","article_publisher":"https:\/\/www.facebook.com\/eldiario.bolivia\/","article_published_time":"2024-09-15T11:17:29+00:00","og_image":[{"width":1200,"height":800,"url":"https:\/\/www.eldiario.net\/portal\/wp-content\/uploads\/2024\/09\/NO-HABLES-CON-EXTRANOS-\u2013-Terror-dramatico.jpg","type":"image\/jpeg"}],"author":"Jeanette","twitter_card":"summary_large_image","twitter_creator":"@eldiario_net","twitter_site":"@eldiario_net","twitter_misc":{"Escrito por":"Jeanette","Tiempo de lectura":"1 minuto"},"schema":{"@context":"https:\/\/schema.org","@graph":[{"@type":"Article","@id":"https:\/\/www.eldiario.net\/portal\/2024\/09\/15\/no-hables-con-extranos\/#article","isPartOf":{"@id":"https:\/\/www.eldiario.net\/portal\/2024\/09\/15\/no-hables-con-extranos\/"},"author":{"name":"Jeanette","@id":"https:\/\/www.eldiario.net\/portal\/#\/schema\/person\/f46445640444750d7d753ccd04ae01b7"},"headline":"NO HABLES CON EXTRA\u00d1OS","datePublished":"2024-09-15T11:17:29+00:00","mainEntityOfPage":{"@id":"https:\/\/www.eldiario.net\/portal\/2024\/09\/15\/no-hables-con-extranos\/"},"wordCount":364,"commentCount":0,"publisher":{"@id":"https:\/\/www.eldiario.net\/portal\/#organization"},"image":{"@id":"https:\/\/www.eldiario.net\/portal\/2024\/09\/15\/no-hables-con-extranos\/#primaryimage"},"thumbnailUrl":"https:\/\/www.eldiario.net\/portal\/wp-content\/uploads\/2024\/09\/NO-HABLES-CON-EXTRANOS-\u2013-Terror-dramatico.jpg","articleSection":["Cine Mundo"],"inLanguage":"es","potentialAction":[{"@type":"CommentAction","name":"Comment","target":["https:\/\/www.eldiario.net\/portal\/2024\/09\/15\/no-hables-con-extranos\/#respond"]}]},{"@type":"WebPage","@id":"https:\/\/www.eldiario.net\/portal\/2024\/09\/15\/no-hables-con-extranos\/","url":"https:\/\/www.eldiario.net\/portal\/2024\/09\/15\/no-hables-con-extranos\/","name":"NO HABLES CON EXTRA\u00d1OS - El Diario - Bolivia","isPartOf":{"@id":"https:\/\/www.eldiario.net\/portal\/#website"},"primaryImageOfPage":{"@id":"https:\/\/www.eldiario.net\/portal\/2024\/09\/15\/no-hables-con-extranos\/#primaryimage"},"image":{"@id":"https:\/\/www.eldiario.net\/portal\/2024\/09\/15\/no-hables-con-extranos\/#primaryimage"},"thumbnailUrl":"https:\/\/www.eldiario.net\/portal\/wp-content\/uploads\/2024\/09\/NO-HABLES-CON-EXTRANOS-\u2013-Terror-dramatico.jpg","datePublished":"2024-09-15T11:17:29+00:00","breadcrumb":{"@id":"https:\/\/www.eldiario.net\/portal\/2024\/09\/15\/no-hables-con-extranos\/#breadcrumb"},"inLanguage":"es","potentialAction":[{"@type":"ReadAction","target":["https:\/\/www.eldiario.net\/portal\/2024\/09\/15\/no-hables-con-extranos\/"]}]},{"@type":"ImageObject","inLanguage":"es","@id":"https:\/\/www.eldiario.net\/portal\/2024\/09\/15\/no-hables-con-extranos\/#primaryimage","url":"https:\/\/www.eldiario.net\/portal\/wp-content\/uploads\/2024\/09\/NO-HABLES-CON-EXTRANOS-\u2013-Terror-dramatico.jpg","contentUrl":"https:\/\/www.eldiario.net\/portal\/wp-content\/uploads\/2024\/09\/NO-HABLES-CON-EXTRANOS-\u2013-Terror-dramatico.jpg","width":1200,"height":800},{"@type":"BreadcrumbList","@id":"https:\/\/www.eldiario.net\/portal\/2024\/09\/15\/no-hables-con-extranos\/#breadcrumb","itemListElement":[{"@type":"ListItem","position":1,"name":"Portada","item":"https:\/\/www.eldiario.net\/portal\/"},{"@type":"ListItem","position":2,"name":"NO HABLES CON EXTRA\u00d1OS"}]},{"@type":"WebSite","@id":"https:\/\/www.eldiario.net\/portal\/#website","url":"https:\/\/www.eldiario.net\/portal\/","name":"El Diario - Decano de la prensa nacional","description":"El Diario - Decano de la prensa nacional","publisher":{"@id":"https:\/\/www.eldiario.net\/portal\/#organization"},"potentialAction":[{"@type":"SearchAction","target":{"@type":"EntryPoint","urlTemplate":"https:\/\/www.eldiario.net\/portal\/?s={search_term_string}"},"query-input":{"@type":"PropertyValueSpecification","valueRequired":true,"valueName":"search_term_string"}}],"inLanguage":"es"},{"@type":"Organization","@id":"https:\/\/www.eldiario.net\/portal\/#organization","name":"El Diario - Decano de la prensa nacional","url":"https:\/\/www.eldiario.net\/portal\/","logo":{"@type":"ImageObject","inLanguage":"es","@id":"https:\/\/www.eldiario.net\/portal\/#\/schema\/logo\/image\/","url":"https:\/\/www.eldiario.net\/portal\/wp-content\/uploads\/2023\/07\/logo_ED.jpg","contentUrl":"https:\/\/www.eldiario.net\/portal\/wp-content\/uploads\/2023\/07\/logo_ED.jpg","width":272,"height":52,"caption":"El Diario - Decano de la prensa nacional"},"image":{"@id":"https:\/\/www.eldiario.net\/portal\/#\/schema\/logo\/image\/"},"sameAs":["https:\/\/www.facebook.com\/eldiario.bolivia\/","https:\/\/x.com\/eldiario_net"]},{"@type":"Person","@id":"https:\/\/www.eldiario.net\/portal\/#\/schema\/person\/f46445640444750d7d753ccd04ae01b7","name":"Jeanette","image":{"@type":"ImageObject","inLanguage":"es","@id":"https:\/\/secure.gravatar.com\/avatar\/3ea2118a5f7dad2b7138b1187a6b7ee55f160b9968b66013c3a3ef39dd7e5798?s=96&d=mm&r=g","url":"https:\/\/secure.gravatar.com\/avatar\/3ea2118a5f7dad2b7138b1187a6b7ee55f160b9968b66013c3a3ef39dd7e5798?s=96&d=mm&r=g","contentUrl":"https:\/\/secure.gravatar.com\/avatar\/3ea2118a5f7dad2b7138b1187a6b7ee55f160b9968b66013c3a3ef39dd7e5798?s=96&d=mm&r=g","caption":"Jeanette"},"sameAs":["https:\/\/www.eldiario.net\/portal"],"url":"https:\/\/www.eldiario.net\/portal\/author\/jeanette\/"}]}},"_links":{"self":[{"href":"https:\/\/www.eldiario.net\/portal\/wp-json\/wp\/v2\/posts\/247614","targetHints":{"allow":["GET"]}}],"collection":[{"href":"https:\/\/www.eldiario.net\/portal\/wp-json\/wp\/v2\/posts"}],"about":[{"href":"https:\/\/www.eldiario.net\/portal\/wp-json\/wp\/v2\/types\/post"}],"author":[{"embeddable":true,"href":"https:\/\/www.eldiario.net\/portal\/wp-json\/wp\/v2\/users\/1"}],"replies":[{"embeddable":true,"href":"https:\/\/www.eldiario.net\/portal\/wp-json\/wp\/v2\/comments?post=247614"}],"version-history":[{"count":1,"href":"https:\/\/www.eldiario.net\/portal\/wp-json\/wp\/v2\/posts\/247614\/revisions"}],"predecessor-version":[{"id":247620,"href":"https:\/\/www.eldiario.net\/portal\/wp-json\/wp\/v2\/posts\/247614\/revisions\/247620"}],"wp:featuredmedia":[{"embeddable":true,"href":"https:\/\/www.eldiario.net\/portal\/wp-json\/wp\/v2\/media\/247615"}],"wp:attachment":[{"href":"https:\/\/www.eldiario.net\/portal\/wp-json\/wp\/v2\/media?parent=247614"}],"wp:term":[{"taxonomy":"category","embeddable":true,"href":"https:\/\/www.eldiario.net\/portal\/wp-json\/wp\/v2\/categories?post=247614"},{"taxonomy":"post_tag","embeddable":true,"href":"https:\/\/www.eldiario.net\/portal\/wp-json\/wp\/v2\/tags?post=247614"}],"curies":[{"name":"wp","href":"https:\/\/api.w.org\/{rel}","templated":true}]}}