{"id":24759,"date":"2021-08-21T06:18:09","date_gmt":"2021-08-21T10:18:09","guid":{"rendered":"https:\/\/www.eldiario.net\/portal\/?p=24759"},"modified":"2021-08-21T06:18:09","modified_gmt":"2021-08-21T10:18:09","slug":"detectan-falencias-en-casos-de-explotacion-sexual-de-menores","status":"publish","type":"post","link":"https:\/\/www.eldiario.net\/portal\/2021\/08\/21\/detectan-falencias-en-casos-de-explotacion-sexual-de-menores\/","title":{"rendered":"Detectan falencias en casos de explotaci\u00f3n sexual de menores"},"content":{"rendered":"<p>Un estudio detect\u00f3 falencias en cuanto al registro y seguimiento a casos de explotaci\u00f3n sexual comercial a ni\u00f1os, ni\u00f1as y adolescentes en Bolivia, lo cual deriva en un subregistro en la estad\u00edstica real del crimen. Los investigadores sostienen que las deficiencias en el sistema de atenci\u00f3n aumentan los casos.<br \/>\nDe acuerdo con el estudio, la explotaci\u00f3n sexual comercial de ni\u00f1os, ni\u00f1as y adolescentes es una de las peores formas de violencia y afecta la libertad e integridad de este grupo poblacional.<br \/>\nEn el pa\u00eds, las redes de explotaci\u00f3n han dinamizado sus modalidades, de captaci\u00f3n de v\u00edctimas y oferta de ellas. Los sistemas que deben responder a este delito tienen a\u00fan debilidades t\u00e9cnicas, log\u00edsticas y de coordinaci\u00f3n, situaci\u00f3n que limita el acceso a la justicia y protecci\u00f3n para estas personas.<br \/>\n\u201cHemos confirmado que en Bolivia es necesario actualizar el marco jur\u00eddico y adaptarlo a la realidad actual; dada la presencia masiva de la tecnolog\u00eda digital en la vida diaria. Este contexto aumenta la esclavitud sexual comercial (captaci\u00f3n de v\u00edctimas, comercializaci\u00f3n de material de abuso y explotaci\u00f3n, a trav\u00e9s de las redes sociales)\u201d, asever\u00f3 el coordinador nacional del Movimiento Vuela Libre, Ariel Ram\u00edrez.<br \/>\nRam\u00edrez a\u00f1adi\u00f3: \u201cEs en el espacio virtual donde se dinamiza la captaci\u00f3n de v\u00edctimas, comercializaci\u00f3n de material de abuso y explotaci\u00f3n, a trav\u00e9s de las redes sociales por lo que es necesario fortalecer a las instancias que luchan, en este \u00e1mbito, contra este delito\u201d.<br \/>\nLa coordinadora de Protejeres en Educo, Nancy Al\u00e9 Olgu\u00edn, remarc\u00f3 que otro factor que incrementa el riesgo para las v\u00edctimas reside en el hecho de que en Bolivia no existen suficientes casas de acogida para quienes escapan de la trata.<br \/>\n\u201cEn los centros de acogida pasa lo mismo; hay pocos y est\u00e1n impulsados por la sociedad civil; uno de ellos es Munasim Kullakita, adem\u00e1s de otros dos en Cochabamba\u201d, a\u00f1adi\u00f3.<br \/>\nLos responsables del trabajo hicieron p\u00fablicos sus trabajos el martes 17 y mi\u00e9rcoles 18 de agosto en un taller que convoc\u00f3 a autoridades nacionales, departamentales y representantes de 18 organizaciones de la sociedad civil y organismos internacionales, como la delegaci\u00f3n de la ONU en Bolivia con el fin de asumir acciones de prevenci\u00f3n y atenci\u00f3n a v\u00edctimas de trata de personas y violencia sexual comercial, public\u00f3 ANF.<br \/>\nLos investigadores identificaron las necesidades para mejorar los sistemas de protecci\u00f3n y persecuci\u00f3n de estos delitos y recomiendan que las instituciones vinculadas con la atenci\u00f3n, prevenci\u00f3n, protecci\u00f3n y persecuci\u00f3n generen mecanismos de actualizaci\u00f3n en su abordaje.<br \/>\nLa investigaci\u00f3n sobre la explotaci\u00f3n sexual comercial a ni\u00f1os, ni\u00f1as y adolescentes en Bolivia fue ejecutada en 2020 y estuvo a cargo del Movimiento Vuela Libre y Educo, una alianza de instituciones dedicada a la investigaci\u00f3n de estos hechos y que cuenta con el financiamiento de ICCO Cooperaci\u00f3n; y el Programa Tejiendo Redes Seguras \u2013 Protejeres, ejecutado en Bolivia por Educo, Ceadl, y las fundaciones Munasim Kullakita y Estrellas en la Calle, con el financiamiento de la Agencia Espa\u00f1ola de Cooperaci\u00f3n Internacional para el Desarrollo.<\/p>\n<p>&nbsp;<\/p>\n","protected":false},"excerpt":{"rendered":"<p>Un estudio detect\u00f3 falencias en cuanto al registro y seguimiento a casos de explotaci\u00f3n sexual comercial a ni\u00f1os, ni\u00f1as y adolescentes en Bolivia, lo cual deriva en un subregistro en la estad\u00edstica real del crimen. Los investigadores sostienen que las deficiencias en el sistema de atenci\u00f3n aumentan los casos. De acuerdo con el estudio, la [&hellip;]<\/p>\n","protected":false},"author":1,"featured_media":24760,"comment_status":"closed","ping_status":"closed","sticky":false,"template":"","format":"standard","meta":{"_acf_changed":false,"footnotes":""},"categories":[12],"tags":[],"class_list":["post-24759","post","type-post","status-publish","format-standard","has-post-thumbnail","category-nacional"],"acf":{"antetitulo":""},"yoast_head":"<!-- This site is optimized with the Yoast SEO plugin v28.4 - https:\/\/yoast.com\/product\/yoast-seo-wordpress\/ -->\n<title>Detectan falencias en casos de explotaci\u00f3n sexual de menores - El Diario - Bolivia<\/title>\n<meta name=\"robots\" content=\"index, follow, max-snippet:-1, max-image-preview:large, max-video-preview:-1\" \/>\n<link rel=\"canonical\" href=\"https:\/\/www.eldiario.net\/portal\/2021\/08\/21\/detectan-falencias-en-casos-de-explotacion-sexual-de-menores\/\" \/>\n<meta property=\"og:locale\" content=\"es_ES\" \/>\n<meta property=\"og:type\" content=\"article\" \/>\n<meta property=\"og:title\" content=\"Detectan falencias en casos de explotaci\u00f3n sexual de menores - El Diario - Bolivia\" \/>\n<meta property=\"og:description\" content=\"Un estudio detect\u00f3 falencias en cuanto al registro y seguimiento a casos de explotaci\u00f3n sexual comercial a ni\u00f1os, ni\u00f1as y adolescentes en Bolivia, lo cual deriva en un subregistro en la estad\u00edstica real del crimen. Los investigadores sostienen que las deficiencias en el sistema de atenci\u00f3n aumentan los casos. De acuerdo con el estudio, la [&hellip;]\" \/>\n<meta property=\"og:url\" content=\"https:\/\/www.eldiario.net\/portal\/2021\/08\/21\/detectan-falencias-en-casos-de-explotacion-sexual-de-menores\/\" \/>\n<meta property=\"og:site_name\" content=\"El Diario - Bolivia\" \/>\n<meta property=\"article:publisher\" content=\"https:\/\/www.facebook.com\/eldiario.bolivia\/\" \/>\n<meta property=\"article:published_time\" content=\"2021-08-21T10:18:09+00:00\" \/>\n<meta name=\"author\" content=\"Jeanette\" \/>\n<meta name=\"twitter:card\" content=\"summary_large_image\" \/>\n<meta name=\"twitter:creator\" content=\"@eldiario_net\" \/>\n<meta name=\"twitter:site\" content=\"@eldiario_net\" \/>\n<meta name=\"twitter:label1\" content=\"Escrito por\" \/>\n\t<meta name=\"twitter:data1\" content=\"Jeanette\" \/>\n\t<meta name=\"twitter:label2\" content=\"Tiempo de lectura\" \/>\n\t<meta name=\"twitter:data2\" content=\"3 minutos\" \/>\n<script type=\"application\/ld+json\" class=\"yoast-schema-graph\">{\"@context\":\"https:\\\/\\\/schema.org\",\"@graph\":[{\"@type\":\"Article\",\"@id\":\"https:\\\/\\\/www.eldiario.net\\\/portal\\\/2021\\\/08\\\/21\\\/detectan-falencias-en-casos-de-explotacion-sexual-de-menores\\\/#article\",\"isPartOf\":{\"@id\":\"https:\\\/\\\/www.eldiario.net\\\/portal\\\/2021\\\/08\\\/21\\\/detectan-falencias-en-casos-de-explotacion-sexual-de-menores\\\/\"},\"author\":{\"name\":\"Jeanette\",\"@id\":\"https:\\\/\\\/www.eldiario.net\\\/portal\\\/#\\\/schema\\\/person\\\/f46445640444750d7d753ccd04ae01b7\"},\"headline\":\"Detectan falencias en casos de explotaci\u00f3n sexual de menores\",\"datePublished\":\"2021-08-21T10:18:09+00:00\",\"mainEntityOfPage\":{\"@id\":\"https:\\\/\\\/www.eldiario.net\\\/portal\\\/2021\\\/08\\\/21\\\/detectan-falencias-en-casos-de-explotacion-sexual-de-menores\\\/\"},\"wordCount\":558,\"publisher\":{\"@id\":\"https:\\\/\\\/www.eldiario.net\\\/portal\\\/#organization\"},\"image\":{\"@id\":\"https:\\\/\\\/www.eldiario.net\\\/portal\\\/2021\\\/08\\\/21\\\/detectan-falencias-en-casos-de-explotacion-sexual-de-menores\\\/#primaryimage\"},\"thumbnailUrl\":\"\",\"articleSection\":[\"Nacional\"],\"inLanguage\":\"es\"},{\"@type\":\"WebPage\",\"@id\":\"https:\\\/\\\/www.eldiario.net\\\/portal\\\/2021\\\/08\\\/21\\\/detectan-falencias-en-casos-de-explotacion-sexual-de-menores\\\/\",\"url\":\"https:\\\/\\\/www.eldiario.net\\\/portal\\\/2021\\\/08\\\/21\\\/detectan-falencias-en-casos-de-explotacion-sexual-de-menores\\\/\",\"name\":\"Detectan falencias en casos de explotaci\u00f3n sexual de menores - El Diario - Bolivia\",\"isPartOf\":{\"@id\":\"https:\\\/\\\/www.eldiario.net\\\/portal\\\/#website\"},\"primaryImageOfPage\":{\"@id\":\"https:\\\/\\\/www.eldiario.net\\\/portal\\\/2021\\\/08\\\/21\\\/detectan-falencias-en-casos-de-explotacion-sexual-de-menores\\\/#primaryimage\"},\"image\":{\"@id\":\"https:\\\/\\\/www.eldiario.net\\\/portal\\\/2021\\\/08\\\/21\\\/detectan-falencias-en-casos-de-explotacion-sexual-de-menores\\\/#primaryimage\"},\"thumbnailUrl\":\"\",\"datePublished\":\"2021-08-21T10:18:09+00:00\",\"breadcrumb\":{\"@id\":\"https:\\\/\\\/www.eldiario.net\\\/portal\\\/2021\\\/08\\\/21\\\/detectan-falencias-en-casos-de-explotacion-sexual-de-menores\\\/#breadcrumb\"},\"inLanguage\":\"es\",\"potentialAction\":[{\"@type\":\"ReadAction\",\"target\":[\"https:\\\/\\\/www.eldiario.net\\\/portal\\\/2021\\\/08\\\/21\\\/detectan-falencias-en-casos-de-explotacion-sexual-de-menores\\\/\"]}]},{\"@type\":\"ImageObject\",\"inLanguage\":\"es\",\"@id\":\"https:\\\/\\\/www.eldiario.net\\\/portal\\\/2021\\\/08\\\/21\\\/detectan-falencias-en-casos-de-explotacion-sexual-de-menores\\\/#primaryimage\",\"url\":\"\",\"contentUrl\":\"\"},{\"@type\":\"BreadcrumbList\",\"@id\":\"https:\\\/\\\/www.eldiario.net\\\/portal\\\/2021\\\/08\\\/21\\\/detectan-falencias-en-casos-de-explotacion-sexual-de-menores\\\/#breadcrumb\",\"itemListElement\":[{\"@type\":\"ListItem\",\"position\":1,\"name\":\"Portada\",\"item\":\"https:\\\/\\\/www.eldiario.net\\\/portal\\\/\"},{\"@type\":\"ListItem\",\"position\":2,\"name\":\"Detectan falencias en casos de explotaci\u00f3n sexual de menores\"}]},{\"@type\":\"WebSite\",\"@id\":\"https:\\\/\\\/www.eldiario.net\\\/portal\\\/#website\",\"url\":\"https:\\\/\\\/www.eldiario.net\\\/portal\\\/\",\"name\":\"El Diario - Decano de la prensa nacional\",\"description\":\"El Diario - Decano de la prensa nacional\",\"publisher\":{\"@id\":\"https:\\\/\\\/www.eldiario.net\\\/portal\\\/#organization\"},\"potentialAction\":[{\"@type\":\"SearchAction\",\"target\":{\"@type\":\"EntryPoint\",\"urlTemplate\":\"https:\\\/\\\/www.eldiario.net\\\/portal\\\/?s={search_term_string}\"},\"query-input\":{\"@type\":\"PropertyValueSpecification\",\"valueRequired\":true,\"valueName\":\"search_term_string\"}}],\"inLanguage\":\"es\"},{\"@type\":\"Organization\",\"@id\":\"https:\\\/\\\/www.eldiario.net\\\/portal\\\/#organization\",\"name\":\"El Diario - Decano de la prensa nacional\",\"url\":\"https:\\\/\\\/www.eldiario.net\\\/portal\\\/\",\"logo\":{\"@type\":\"ImageObject\",\"inLanguage\":\"es\",\"@id\":\"https:\\\/\\\/www.eldiario.net\\\/portal\\\/#\\\/schema\\\/logo\\\/image\\\/\",\"url\":\"https:\\\/\\\/www.eldiario.net\\\/portal\\\/wp-content\\\/uploads\\\/2023\\\/07\\\/logo_ED.jpg\",\"contentUrl\":\"https:\\\/\\\/www.eldiario.net\\\/portal\\\/wp-content\\\/uploads\\\/2023\\\/07\\\/logo_ED.jpg\",\"width\":272,\"height\":52,\"caption\":\"El Diario - Decano de la prensa nacional\"},\"image\":{\"@id\":\"https:\\\/\\\/www.eldiario.net\\\/portal\\\/#\\\/schema\\\/logo\\\/image\\\/\"},\"sameAs\":[\"https:\\\/\\\/www.facebook.com\\\/eldiario.bolivia\\\/\",\"https:\\\/\\\/x.com\\\/eldiario_net\"]},{\"@type\":\"Person\",\"@id\":\"https:\\\/\\\/www.eldiario.net\\\/portal\\\/#\\\/schema\\\/person\\\/f46445640444750d7d753ccd04ae01b7\",\"name\":\"Jeanette\",\"image\":{\"@type\":\"ImageObject\",\"inLanguage\":\"es\",\"@id\":\"https:\\\/\\\/secure.gravatar.com\\\/avatar\\\/3ea2118a5f7dad2b7138b1187a6b7ee55f160b9968b66013c3a3ef39dd7e5798?s=96&d=mm&r=g\",\"url\":\"https:\\\/\\\/secure.gravatar.com\\\/avatar\\\/3ea2118a5f7dad2b7138b1187a6b7ee55f160b9968b66013c3a3ef39dd7e5798?s=96&d=mm&r=g\",\"contentUrl\":\"https:\\\/\\\/secure.gravatar.com\\\/avatar\\\/3ea2118a5f7dad2b7138b1187a6b7ee55f160b9968b66013c3a3ef39dd7e5798?s=96&d=mm&r=g\",\"caption\":\"Jeanette\"},\"sameAs\":[\"https:\\\/\\\/www.eldiario.net\\\/portal\"],\"url\":\"https:\\\/\\\/www.eldiario.net\\\/portal\\\/author\\\/jeanette\\\/\"}]}<\/script>\n<!-- \/ Yoast SEO plugin. -->","yoast_head_json":{"title":"Detectan falencias en casos de explotaci\u00f3n sexual de menores - El Diario - Bolivia","robots":{"index":"index","follow":"follow","max-snippet":"max-snippet:-1","max-image-preview":"max-image-preview:large","max-video-preview":"max-video-preview:-1"},"canonical":"https:\/\/www.eldiario.net\/portal\/2021\/08\/21\/detectan-falencias-en-casos-de-explotacion-sexual-de-menores\/","og_locale":"es_ES","og_type":"article","og_title":"Detectan falencias en casos de explotaci\u00f3n sexual de menores - El Diario - Bolivia","og_description":"Un estudio detect\u00f3 falencias en cuanto al registro y seguimiento a casos de explotaci\u00f3n sexual comercial a ni\u00f1os, ni\u00f1as y adolescentes en Bolivia, lo cual deriva en un subregistro en la estad\u00edstica real del crimen. Los investigadores sostienen que las deficiencias en el sistema de atenci\u00f3n aumentan los casos. De acuerdo con el estudio, la [&hellip;]","og_url":"https:\/\/www.eldiario.net\/portal\/2021\/08\/21\/detectan-falencias-en-casos-de-explotacion-sexual-de-menores\/","og_site_name":"El Diario - Bolivia","article_publisher":"https:\/\/www.facebook.com\/eldiario.bolivia\/","article_published_time":"2021-08-21T10:18:09+00:00","author":"Jeanette","twitter_card":"summary_large_image","twitter_creator":"@eldiario_net","twitter_site":"@eldiario_net","twitter_misc":{"Escrito por":"Jeanette","Tiempo de lectura":"3 minutos"},"schema":{"@context":"https:\/\/schema.org","@graph":[{"@type":"Article","@id":"https:\/\/www.eldiario.net\/portal\/2021\/08\/21\/detectan-falencias-en-casos-de-explotacion-sexual-de-menores\/#article","isPartOf":{"@id":"https:\/\/www.eldiario.net\/portal\/2021\/08\/21\/detectan-falencias-en-casos-de-explotacion-sexual-de-menores\/"},"author":{"name":"Jeanette","@id":"https:\/\/www.eldiario.net\/portal\/#\/schema\/person\/f46445640444750d7d753ccd04ae01b7"},"headline":"Detectan falencias en casos de explotaci\u00f3n sexual de menores","datePublished":"2021-08-21T10:18:09+00:00","mainEntityOfPage":{"@id":"https:\/\/www.eldiario.net\/portal\/2021\/08\/21\/detectan-falencias-en-casos-de-explotacion-sexual-de-menores\/"},"wordCount":558,"publisher":{"@id":"https:\/\/www.eldiario.net\/portal\/#organization"},"image":{"@id":"https:\/\/www.eldiario.net\/portal\/2021\/08\/21\/detectan-falencias-en-casos-de-explotacion-sexual-de-menores\/#primaryimage"},"thumbnailUrl":"","articleSection":["Nacional"],"inLanguage":"es"},{"@type":"WebPage","@id":"https:\/\/www.eldiario.net\/portal\/2021\/08\/21\/detectan-falencias-en-casos-de-explotacion-sexual-de-menores\/","url":"https:\/\/www.eldiario.net\/portal\/2021\/08\/21\/detectan-falencias-en-casos-de-explotacion-sexual-de-menores\/","name":"Detectan falencias en casos de explotaci\u00f3n sexual de menores - El Diario - Bolivia","isPartOf":{"@id":"https:\/\/www.eldiario.net\/portal\/#website"},"primaryImageOfPage":{"@id":"https:\/\/www.eldiario.net\/portal\/2021\/08\/21\/detectan-falencias-en-casos-de-explotacion-sexual-de-menores\/#primaryimage"},"image":{"@id":"https:\/\/www.eldiario.net\/portal\/2021\/08\/21\/detectan-falencias-en-casos-de-explotacion-sexual-de-menores\/#primaryimage"},"thumbnailUrl":"","datePublished":"2021-08-21T10:18:09+00:00","breadcrumb":{"@id":"https:\/\/www.eldiario.net\/portal\/2021\/08\/21\/detectan-falencias-en-casos-de-explotacion-sexual-de-menores\/#breadcrumb"},"inLanguage":"es","potentialAction":[{"@type":"ReadAction","target":["https:\/\/www.eldiario.net\/portal\/2021\/08\/21\/detectan-falencias-en-casos-de-explotacion-sexual-de-menores\/"]}]},{"@type":"ImageObject","inLanguage":"es","@id":"https:\/\/www.eldiario.net\/portal\/2021\/08\/21\/detectan-falencias-en-casos-de-explotacion-sexual-de-menores\/#primaryimage","url":"","contentUrl":""},{"@type":"BreadcrumbList","@id":"https:\/\/www.eldiario.net\/portal\/2021\/08\/21\/detectan-falencias-en-casos-de-explotacion-sexual-de-menores\/#breadcrumb","itemListElement":[{"@type":"ListItem","position":1,"name":"Portada","item":"https:\/\/www.eldiario.net\/portal\/"},{"@type":"ListItem","position":2,"name":"Detectan falencias en casos de explotaci\u00f3n sexual de menores"}]},{"@type":"WebSite","@id":"https:\/\/www.eldiario.net\/portal\/#website","url":"https:\/\/www.eldiario.net\/portal\/","name":"El Diario - Decano de la prensa nacional","description":"El Diario - Decano de la prensa nacional","publisher":{"@id":"https:\/\/www.eldiario.net\/portal\/#organization"},"potentialAction":[{"@type":"SearchAction","target":{"@type":"EntryPoint","urlTemplate":"https:\/\/www.eldiario.net\/portal\/?s={search_term_string}"},"query-input":{"@type":"PropertyValueSpecification","valueRequired":true,"valueName":"search_term_string"}}],"inLanguage":"es"},{"@type":"Organization","@id":"https:\/\/www.eldiario.net\/portal\/#organization","name":"El Diario - Decano de la prensa nacional","url":"https:\/\/www.eldiario.net\/portal\/","logo":{"@type":"ImageObject","inLanguage":"es","@id":"https:\/\/www.eldiario.net\/portal\/#\/schema\/logo\/image\/","url":"https:\/\/www.eldiario.net\/portal\/wp-content\/uploads\/2023\/07\/logo_ED.jpg","contentUrl":"https:\/\/www.eldiario.net\/portal\/wp-content\/uploads\/2023\/07\/logo_ED.jpg","width":272,"height":52,"caption":"El Diario - Decano de la prensa nacional"},"image":{"@id":"https:\/\/www.eldiario.net\/portal\/#\/schema\/logo\/image\/"},"sameAs":["https:\/\/www.facebook.com\/eldiario.bolivia\/","https:\/\/x.com\/eldiario_net"]},{"@type":"Person","@id":"https:\/\/www.eldiario.net\/portal\/#\/schema\/person\/f46445640444750d7d753ccd04ae01b7","name":"Jeanette","image":{"@type":"ImageObject","inLanguage":"es","@id":"https:\/\/secure.gravatar.com\/avatar\/3ea2118a5f7dad2b7138b1187a6b7ee55f160b9968b66013c3a3ef39dd7e5798?s=96&d=mm&r=g","url":"https:\/\/secure.gravatar.com\/avatar\/3ea2118a5f7dad2b7138b1187a6b7ee55f160b9968b66013c3a3ef39dd7e5798?s=96&d=mm&r=g","contentUrl":"https:\/\/secure.gravatar.com\/avatar\/3ea2118a5f7dad2b7138b1187a6b7ee55f160b9968b66013c3a3ef39dd7e5798?s=96&d=mm&r=g","caption":"Jeanette"},"sameAs":["https:\/\/www.eldiario.net\/portal"],"url":"https:\/\/www.eldiario.net\/portal\/author\/jeanette\/"}]}},"_links":{"self":[{"href":"https:\/\/www.eldiario.net\/portal\/wp-json\/wp\/v2\/posts\/24759","targetHints":{"allow":["GET"]}}],"collection":[{"href":"https:\/\/www.eldiario.net\/portal\/wp-json\/wp\/v2\/posts"}],"about":[{"href":"https:\/\/www.eldiario.net\/portal\/wp-json\/wp\/v2\/types\/post"}],"author":[{"embeddable":true,"href":"https:\/\/www.eldiario.net\/portal\/wp-json\/wp\/v2\/users\/1"}],"replies":[{"embeddable":true,"href":"https:\/\/www.eldiario.net\/portal\/wp-json\/wp\/v2\/comments?post=24759"}],"version-history":[{"count":0,"href":"https:\/\/www.eldiario.net\/portal\/wp-json\/wp\/v2\/posts\/24759\/revisions"}],"wp:attachment":[{"href":"https:\/\/www.eldiario.net\/portal\/wp-json\/wp\/v2\/media?parent=24759"}],"wp:term":[{"taxonomy":"category","embeddable":true,"href":"https:\/\/www.eldiario.net\/portal\/wp-json\/wp\/v2\/categories?post=24759"},{"taxonomy":"post_tag","embeddable":true,"href":"https:\/\/www.eldiario.net\/portal\/wp-json\/wp\/v2\/tags?post=24759"}],"curies":[{"name":"wp","href":"https:\/\/api.w.org\/{rel}","templated":true}]}}