{"id":24756,"date":"2021-08-21T06:17:13","date_gmt":"2021-08-21T10:17:13","guid":{"rendered":"https:\/\/www.eldiario.net\/portal\/?p=24756"},"modified":"2021-08-21T06:17:13","modified_gmt":"2021-08-21T10:17:13","slug":"muerte-de-canes-y-gatos-preocupa-a-animalistas-del-barrio-los-pinos","status":"publish","type":"post","link":"https:\/\/www.eldiario.net\/portal\/2021\/08\/21\/muerte-de-canes-y-gatos-preocupa-a-animalistas-del-barrio-los-pinos\/","title":{"rendered":"Muerte de canes y gatos preocupa  a animalistas del barrio Los Pinos"},"content":{"rendered":"<p>Desde aproximadamente un a\u00f1o, en el barrio de Los Pinos, en la zona Sur, aparecen muertos canes y gatos en las jardineras del sector de los bloques antiguos, por este motivo vecinos y animalistas llevan acciones en defensa de las mascotas del lugar, seg\u00fan relat\u00f3 Lorna Mu\u00f1oz, representante del grupo de voluntarios.<br \/>\nEn octubre de 2020 empezaron a morir los animales, cinco perros al parecer fueron envenenados, de los cuales 3 perdieron la vida y se salvaron 2 porque ten\u00edan due\u00f1os, los que perecieron eran canes comunitarios que estaban cuidados por vecinos de buena voluntad, tambi\u00e9n por esa temporada \u2013afirm\u00f3\u2013 murieron 5 gatos.<br \/>\nRecientemente, en ese mes de agosto, volvieron a parecer los cuerpos sin vida de animales, un can y un gato, por lo que los voluntarios empezaron a movilizarse para conseguir ayuda en la investigaci\u00f3n de estos casos, asevera la representante del grupo que hace unos meses decidi\u00f3 asumir la defensa de los animales del lugar.<br \/>\nLas denuncias sobre los casos fueron emitidas a la Polic\u00eda Forestal y de Medio Ambiente (Pofoma), Ministerio de Gobierno, Comando General de la Polic\u00eda para lograr el inicio de una investigaci\u00f3n aunque con escaso \u00e9xito.<br \/>\nLas primeras denuncias se realizaron hace casi un a\u00f1o, pero no obtuvieron resultados y las nuevas son de hace cuatro meses, asegur\u00f3 la representante.<br \/>\nRecientemente, algunas autoridades visitaron el barrio, pero los voluntarios consideran que solo son averiguaciones superficiales, se llevaron algunas muestras sin que haya resultados, los animalistas consideran que no existe avance en las investigaciones.<br \/>\nLas campa\u00f1as de defensa se realizan mediante redes sociales y son m\u00e1s de 80 personas que alertan sobre alg\u00fan hecho sospechoso, ya que la junta de vecinos es indiferente al problema, mientras que los animalistas activos son cerca de 15, aunque afirman que sus reclamos no son atendidos por las autoridades destinadas para estos casos.<br \/>\n\u201cEl grupo de defensores pide a las autoridades mayor colaboraci\u00f3n para la investigaci\u00f3n de estas muertes, con la asignaci\u00f3n de personal y se tome en serio la indagaci\u00f3n, ya que existe inseguridad en el barrio\u201d, afirm\u00f3 la representante de los animalistas, Lorna Mu\u00f1oz.<br \/>\nPor otro lado, en d\u00edas recientes surgieron denuncias sobre la muerte de palomas en La Paz y Cochabamba, las autoridades departamentales anunciaron investigaciones.<br \/>\nLa Alcald\u00eda de La Paz inform\u00f3 el jueves que acompa\u00f1a la investigaci\u00f3n de la Polic\u00eda Forestal y Preservaci\u00f3n del Medio Ambiente (Pofoma) sobre el supuesto envenenamiento de palomas en la plaza Murillo, que se report\u00f3.<br \/>\n\u201cEstamos investigando, estamos extremando controles\u201d, sostuvo el alcalde Iv\u00e1n Arias sobre el supuesto envenenamiento de palomas en kil\u00f3metro cero y afirm\u00f3 que se desplaz\u00f3 a servidores p\u00fablicos de la Alcald\u00eda de La Paz para averiguar el motivo del deceso de los animales alados.<br \/>\nAsimismo, la semana pasada, en la plaza 14 de Septiembre, en Cochabamba, tambi\u00e9n hubo el reporte de decenas de palomas muertas por varios d\u00edas. Las comerciantes denunciaron el hecho y exigieron que se investigue el caso porque presumen que alguien las est\u00e1 envenenando.<\/p>\n<p>&nbsp;<\/p>\n","protected":false},"excerpt":{"rendered":"<p>Desde aproximadamente un a\u00f1o, en el barrio de Los Pinos, en la zona Sur, aparecen muertos canes y gatos en las jardineras del sector de los bloques antiguos, por este motivo vecinos y animalistas llevan acciones en defensa de las mascotas del lugar, seg\u00fan relat\u00f3 Lorna Mu\u00f1oz, representante del grupo de voluntarios. En octubre de [&hellip;]<\/p>\n","protected":false},"author":1,"featured_media":24757,"comment_status":"closed","ping_status":"closed","sticky":false,"template":"","format":"standard","meta":{"_acf_changed":false,"footnotes":""},"categories":[12],"tags":[],"class_list":["post-24756","post","type-post","status-publish","format-standard","has-post-thumbnail","category-nacional"],"acf":{"antetitulo":""},"yoast_head":"<!-- This site is optimized with the Yoast SEO plugin v28.4 - https:\/\/yoast.com\/product\/yoast-seo-wordpress\/ -->\n<title>Muerte de canes y gatos preocupa a animalistas del barrio Los Pinos - El Diario - Bolivia<\/title>\n<meta name=\"robots\" content=\"index, follow, max-snippet:-1, max-image-preview:large, max-video-preview:-1\" \/>\n<link rel=\"canonical\" href=\"https:\/\/www.eldiario.net\/portal\/2021\/08\/21\/muerte-de-canes-y-gatos-preocupa-a-animalistas-del-barrio-los-pinos\/\" \/>\n<meta property=\"og:locale\" content=\"es_ES\" \/>\n<meta property=\"og:type\" content=\"article\" \/>\n<meta property=\"og:title\" content=\"Muerte de canes y gatos preocupa a animalistas del barrio Los Pinos - El Diario - Bolivia\" \/>\n<meta property=\"og:description\" content=\"Desde aproximadamente un a\u00f1o, en el barrio de Los Pinos, en la zona Sur, aparecen muertos canes y gatos en las jardineras del sector de los bloques antiguos, por este motivo vecinos y animalistas llevan acciones en defensa de las mascotas del lugar, seg\u00fan relat\u00f3 Lorna Mu\u00f1oz, representante del grupo de voluntarios. En octubre de [&hellip;]\" \/>\n<meta property=\"og:url\" content=\"https:\/\/www.eldiario.net\/portal\/2021\/08\/21\/muerte-de-canes-y-gatos-preocupa-a-animalistas-del-barrio-los-pinos\/\" \/>\n<meta property=\"og:site_name\" content=\"El Diario - Bolivia\" \/>\n<meta property=\"article:publisher\" content=\"https:\/\/www.facebook.com\/eldiario.bolivia\/\" \/>\n<meta property=\"article:published_time\" content=\"2021-08-21T10:17:13+00:00\" \/>\n<meta name=\"author\" content=\"Jeanette\" \/>\n<meta name=\"twitter:card\" content=\"summary_large_image\" \/>\n<meta name=\"twitter:creator\" content=\"@eldiario_net\" \/>\n<meta name=\"twitter:site\" content=\"@eldiario_net\" \/>\n<meta name=\"twitter:label1\" content=\"Escrito por\" \/>\n\t<meta name=\"twitter:data1\" content=\"Jeanette\" \/>\n\t<meta name=\"twitter:label2\" content=\"Tiempo de lectura\" \/>\n\t<meta name=\"twitter:data2\" content=\"3 minutos\" \/>\n<script type=\"application\/ld+json\" class=\"yoast-schema-graph\">{\"@context\":\"https:\\\/\\\/schema.org\",\"@graph\":[{\"@type\":\"Article\",\"@id\":\"https:\\\/\\\/www.eldiario.net\\\/portal\\\/2021\\\/08\\\/21\\\/muerte-de-canes-y-gatos-preocupa-a-animalistas-del-barrio-los-pinos\\\/#article\",\"isPartOf\":{\"@id\":\"https:\\\/\\\/www.eldiario.net\\\/portal\\\/2021\\\/08\\\/21\\\/muerte-de-canes-y-gatos-preocupa-a-animalistas-del-barrio-los-pinos\\\/\"},\"author\":{\"name\":\"Jeanette\",\"@id\":\"https:\\\/\\\/www.eldiario.net\\\/portal\\\/#\\\/schema\\\/person\\\/2c57cf2b7a7ae032e449e4c9b1019eac\"},\"headline\":\"Muerte de canes y gatos preocupa a animalistas del barrio Los Pinos\",\"datePublished\":\"2021-08-21T10:17:13+00:00\",\"mainEntityOfPage\":{\"@id\":\"https:\\\/\\\/www.eldiario.net\\\/portal\\\/2021\\\/08\\\/21\\\/muerte-de-canes-y-gatos-preocupa-a-animalistas-del-barrio-los-pinos\\\/\"},\"wordCount\":529,\"publisher\":{\"@id\":\"https:\\\/\\\/www.eldiario.net\\\/portal\\\/#organization\"},\"image\":{\"@id\":\"https:\\\/\\\/www.eldiario.net\\\/portal\\\/2021\\\/08\\\/21\\\/muerte-de-canes-y-gatos-preocupa-a-animalistas-del-barrio-los-pinos\\\/#primaryimage\"},\"thumbnailUrl\":\"\",\"articleSection\":[\"Nacional\"],\"inLanguage\":\"es\"},{\"@type\":\"WebPage\",\"@id\":\"https:\\\/\\\/www.eldiario.net\\\/portal\\\/2021\\\/08\\\/21\\\/muerte-de-canes-y-gatos-preocupa-a-animalistas-del-barrio-los-pinos\\\/\",\"url\":\"https:\\\/\\\/www.eldiario.net\\\/portal\\\/2021\\\/08\\\/21\\\/muerte-de-canes-y-gatos-preocupa-a-animalistas-del-barrio-los-pinos\\\/\",\"name\":\"Muerte de canes y gatos preocupa a animalistas del barrio Los Pinos - El Diario - Bolivia\",\"isPartOf\":{\"@id\":\"https:\\\/\\\/www.eldiario.net\\\/portal\\\/#website\"},\"primaryImageOfPage\":{\"@id\":\"https:\\\/\\\/www.eldiario.net\\\/portal\\\/2021\\\/08\\\/21\\\/muerte-de-canes-y-gatos-preocupa-a-animalistas-del-barrio-los-pinos\\\/#primaryimage\"},\"image\":{\"@id\":\"https:\\\/\\\/www.eldiario.net\\\/portal\\\/2021\\\/08\\\/21\\\/muerte-de-canes-y-gatos-preocupa-a-animalistas-del-barrio-los-pinos\\\/#primaryimage\"},\"thumbnailUrl\":\"\",\"datePublished\":\"2021-08-21T10:17:13+00:00\",\"breadcrumb\":{\"@id\":\"https:\\\/\\\/www.eldiario.net\\\/portal\\\/2021\\\/08\\\/21\\\/muerte-de-canes-y-gatos-preocupa-a-animalistas-del-barrio-los-pinos\\\/#breadcrumb\"},\"inLanguage\":\"es\",\"potentialAction\":[{\"@type\":\"ReadAction\",\"target\":[\"https:\\\/\\\/www.eldiario.net\\\/portal\\\/2021\\\/08\\\/21\\\/muerte-de-canes-y-gatos-preocupa-a-animalistas-del-barrio-los-pinos\\\/\"]}]},{\"@type\":\"ImageObject\",\"inLanguage\":\"es\",\"@id\":\"https:\\\/\\\/www.eldiario.net\\\/portal\\\/2021\\\/08\\\/21\\\/muerte-de-canes-y-gatos-preocupa-a-animalistas-del-barrio-los-pinos\\\/#primaryimage\",\"url\":\"\",\"contentUrl\":\"\"},{\"@type\":\"BreadcrumbList\",\"@id\":\"https:\\\/\\\/www.eldiario.net\\\/portal\\\/2021\\\/08\\\/21\\\/muerte-de-canes-y-gatos-preocupa-a-animalistas-del-barrio-los-pinos\\\/#breadcrumb\",\"itemListElement\":[{\"@type\":\"ListItem\",\"position\":1,\"name\":\"Portada\",\"item\":\"https:\\\/\\\/www.eldiario.net\\\/portal\\\/\"},{\"@type\":\"ListItem\",\"position\":2,\"name\":\"Muerte de canes y gatos preocupa a animalistas del barrio Los Pinos\"}]},{\"@type\":\"WebSite\",\"@id\":\"https:\\\/\\\/www.eldiario.net\\\/portal\\\/#website\",\"url\":\"https:\\\/\\\/www.eldiario.net\\\/portal\\\/\",\"name\":\"El Diario - Decano de la prensa nacional\",\"description\":\"El Diario - Decano de la prensa nacional\",\"publisher\":{\"@id\":\"https:\\\/\\\/www.eldiario.net\\\/portal\\\/#organization\"},\"potentialAction\":[{\"@type\":\"SearchAction\",\"target\":{\"@type\":\"EntryPoint\",\"urlTemplate\":\"https:\\\/\\\/www.eldiario.net\\\/portal\\\/?s={search_term_string}\"},\"query-input\":{\"@type\":\"PropertyValueSpecification\",\"valueRequired\":true,\"valueName\":\"search_term_string\"}}],\"inLanguage\":\"es\"},{\"@type\":\"Organization\",\"@id\":\"https:\\\/\\\/www.eldiario.net\\\/portal\\\/#organization\",\"name\":\"El Diario - Decano de la prensa nacional\",\"url\":\"https:\\\/\\\/www.eldiario.net\\\/portal\\\/\",\"logo\":{\"@type\":\"ImageObject\",\"inLanguage\":\"es\",\"@id\":\"https:\\\/\\\/www.eldiario.net\\\/portal\\\/#\\\/schema\\\/logo\\\/image\\\/\",\"url\":\"https:\\\/\\\/www.eldiario.net\\\/portal\\\/wp-content\\\/uploads\\\/2023\\\/07\\\/logo_ED.jpg\",\"contentUrl\":\"https:\\\/\\\/www.eldiario.net\\\/portal\\\/wp-content\\\/uploads\\\/2023\\\/07\\\/logo_ED.jpg\",\"width\":272,\"height\":52,\"caption\":\"El Diario - Decano de la prensa nacional\"},\"image\":{\"@id\":\"https:\\\/\\\/www.eldiario.net\\\/portal\\\/#\\\/schema\\\/logo\\\/image\\\/\"},\"sameAs\":[\"https:\\\/\\\/www.facebook.com\\\/eldiario.bolivia\\\/\",\"https:\\\/\\\/x.com\\\/eldiario_net\"]},{\"@type\":\"Person\",\"@id\":\"https:\\\/\\\/www.eldiario.net\\\/portal\\\/#\\\/schema\\\/person\\\/2c57cf2b7a7ae032e449e4c9b1019eac\",\"name\":\"Jeanette\",\"image\":{\"@type\":\"ImageObject\",\"inLanguage\":\"es\",\"@id\":\"https:\\\/\\\/secure.gravatar.com\\\/avatar\\\/3ea2118a5f7dad2b7138b1187a6b7ee55f160b9968b66013c3a3ef39dd7e5798?s=96&d=mm&r=g\",\"url\":\"https:\\\/\\\/secure.gravatar.com\\\/avatar\\\/3ea2118a5f7dad2b7138b1187a6b7ee55f160b9968b66013c3a3ef39dd7e5798?s=96&d=mm&r=g\",\"contentUrl\":\"https:\\\/\\\/secure.gravatar.com\\\/avatar\\\/3ea2118a5f7dad2b7138b1187a6b7ee55f160b9968b66013c3a3ef39dd7e5798?s=96&d=mm&r=g\",\"caption\":\"Jeanette\"},\"sameAs\":[\"https:\\\/\\\/www.eldiario.net\\\/portal\"],\"url\":\"https:\\\/\\\/www.eldiario.net\\\/portal\\\/author\\\/jeanette\\\/\"}]}<\/script>\n<!-- \/ Yoast SEO plugin. -->","yoast_head_json":{"title":"Muerte de canes y gatos preocupa a animalistas del barrio Los Pinos - El Diario - Bolivia","robots":{"index":"index","follow":"follow","max-snippet":"max-snippet:-1","max-image-preview":"max-image-preview:large","max-video-preview":"max-video-preview:-1"},"canonical":"https:\/\/www.eldiario.net\/portal\/2021\/08\/21\/muerte-de-canes-y-gatos-preocupa-a-animalistas-del-barrio-los-pinos\/","og_locale":"es_ES","og_type":"article","og_title":"Muerte de canes y gatos preocupa a animalistas del barrio Los Pinos - El Diario - Bolivia","og_description":"Desde aproximadamente un a\u00f1o, en el barrio de Los Pinos, en la zona Sur, aparecen muertos canes y gatos en las jardineras del sector de los bloques antiguos, por este motivo vecinos y animalistas llevan acciones en defensa de las mascotas del lugar, seg\u00fan relat\u00f3 Lorna Mu\u00f1oz, representante del grupo de voluntarios. En octubre de [&hellip;]","og_url":"https:\/\/www.eldiario.net\/portal\/2021\/08\/21\/muerte-de-canes-y-gatos-preocupa-a-animalistas-del-barrio-los-pinos\/","og_site_name":"El Diario - Bolivia","article_publisher":"https:\/\/www.facebook.com\/eldiario.bolivia\/","article_published_time":"2021-08-21T10:17:13+00:00","author":"Jeanette","twitter_card":"summary_large_image","twitter_creator":"@eldiario_net","twitter_site":"@eldiario_net","twitter_misc":{"Escrito por":"Jeanette","Tiempo de lectura":"3 minutos"},"schema":{"@context":"https:\/\/schema.org","@graph":[{"@type":"Article","@id":"https:\/\/www.eldiario.net\/portal\/2021\/08\/21\/muerte-de-canes-y-gatos-preocupa-a-animalistas-del-barrio-los-pinos\/#article","isPartOf":{"@id":"https:\/\/www.eldiario.net\/portal\/2021\/08\/21\/muerte-de-canes-y-gatos-preocupa-a-animalistas-del-barrio-los-pinos\/"},"author":{"name":"Jeanette","@id":"https:\/\/www.eldiario.net\/portal\/#\/schema\/person\/2c57cf2b7a7ae032e449e4c9b1019eac"},"headline":"Muerte de canes y gatos preocupa a animalistas del barrio Los Pinos","datePublished":"2021-08-21T10:17:13+00:00","mainEntityOfPage":{"@id":"https:\/\/www.eldiario.net\/portal\/2021\/08\/21\/muerte-de-canes-y-gatos-preocupa-a-animalistas-del-barrio-los-pinos\/"},"wordCount":529,"publisher":{"@id":"https:\/\/www.eldiario.net\/portal\/#organization"},"image":{"@id":"https:\/\/www.eldiario.net\/portal\/2021\/08\/21\/muerte-de-canes-y-gatos-preocupa-a-animalistas-del-barrio-los-pinos\/#primaryimage"},"thumbnailUrl":"","articleSection":["Nacional"],"inLanguage":"es"},{"@type":"WebPage","@id":"https:\/\/www.eldiario.net\/portal\/2021\/08\/21\/muerte-de-canes-y-gatos-preocupa-a-animalistas-del-barrio-los-pinos\/","url":"https:\/\/www.eldiario.net\/portal\/2021\/08\/21\/muerte-de-canes-y-gatos-preocupa-a-animalistas-del-barrio-los-pinos\/","name":"Muerte de canes y gatos preocupa a animalistas del barrio Los Pinos - El Diario - Bolivia","isPartOf":{"@id":"https:\/\/www.eldiario.net\/portal\/#website"},"primaryImageOfPage":{"@id":"https:\/\/www.eldiario.net\/portal\/2021\/08\/21\/muerte-de-canes-y-gatos-preocupa-a-animalistas-del-barrio-los-pinos\/#primaryimage"},"image":{"@id":"https:\/\/www.eldiario.net\/portal\/2021\/08\/21\/muerte-de-canes-y-gatos-preocupa-a-animalistas-del-barrio-los-pinos\/#primaryimage"},"thumbnailUrl":"","datePublished":"2021-08-21T10:17:13+00:00","breadcrumb":{"@id":"https:\/\/www.eldiario.net\/portal\/2021\/08\/21\/muerte-de-canes-y-gatos-preocupa-a-animalistas-del-barrio-los-pinos\/#breadcrumb"},"inLanguage":"es","potentialAction":[{"@type":"ReadAction","target":["https:\/\/www.eldiario.net\/portal\/2021\/08\/21\/muerte-de-canes-y-gatos-preocupa-a-animalistas-del-barrio-los-pinos\/"]}]},{"@type":"ImageObject","inLanguage":"es","@id":"https:\/\/www.eldiario.net\/portal\/2021\/08\/21\/muerte-de-canes-y-gatos-preocupa-a-animalistas-del-barrio-los-pinos\/#primaryimage","url":"","contentUrl":""},{"@type":"BreadcrumbList","@id":"https:\/\/www.eldiario.net\/portal\/2021\/08\/21\/muerte-de-canes-y-gatos-preocupa-a-animalistas-del-barrio-los-pinos\/#breadcrumb","itemListElement":[{"@type":"ListItem","position":1,"name":"Portada","item":"https:\/\/www.eldiario.net\/portal\/"},{"@type":"ListItem","position":2,"name":"Muerte de canes y gatos preocupa a animalistas del barrio Los Pinos"}]},{"@type":"WebSite","@id":"https:\/\/www.eldiario.net\/portal\/#website","url":"https:\/\/www.eldiario.net\/portal\/","name":"El Diario - Decano de la prensa nacional","description":"El Diario - Decano de la prensa nacional","publisher":{"@id":"https:\/\/www.eldiario.net\/portal\/#organization"},"potentialAction":[{"@type":"SearchAction","target":{"@type":"EntryPoint","urlTemplate":"https:\/\/www.eldiario.net\/portal\/?s={search_term_string}"},"query-input":{"@type":"PropertyValueSpecification","valueRequired":true,"valueName":"search_term_string"}}],"inLanguage":"es"},{"@type":"Organization","@id":"https:\/\/www.eldiario.net\/portal\/#organization","name":"El Diario - Decano de la prensa nacional","url":"https:\/\/www.eldiario.net\/portal\/","logo":{"@type":"ImageObject","inLanguage":"es","@id":"https:\/\/www.eldiario.net\/portal\/#\/schema\/logo\/image\/","url":"https:\/\/www.eldiario.net\/portal\/wp-content\/uploads\/2023\/07\/logo_ED.jpg","contentUrl":"https:\/\/www.eldiario.net\/portal\/wp-content\/uploads\/2023\/07\/logo_ED.jpg","width":272,"height":52,"caption":"El Diario - Decano de la prensa nacional"},"image":{"@id":"https:\/\/www.eldiario.net\/portal\/#\/schema\/logo\/image\/"},"sameAs":["https:\/\/www.facebook.com\/eldiario.bolivia\/","https:\/\/x.com\/eldiario_net"]},{"@type":"Person","@id":"https:\/\/www.eldiario.net\/portal\/#\/schema\/person\/2c57cf2b7a7ae032e449e4c9b1019eac","name":"Jeanette","image":{"@type":"ImageObject","inLanguage":"es","@id":"https:\/\/secure.gravatar.com\/avatar\/3ea2118a5f7dad2b7138b1187a6b7ee55f160b9968b66013c3a3ef39dd7e5798?s=96&d=mm&r=g","url":"https:\/\/secure.gravatar.com\/avatar\/3ea2118a5f7dad2b7138b1187a6b7ee55f160b9968b66013c3a3ef39dd7e5798?s=96&d=mm&r=g","contentUrl":"https:\/\/secure.gravatar.com\/avatar\/3ea2118a5f7dad2b7138b1187a6b7ee55f160b9968b66013c3a3ef39dd7e5798?s=96&d=mm&r=g","caption":"Jeanette"},"sameAs":["https:\/\/www.eldiario.net\/portal"],"url":"https:\/\/www.eldiario.net\/portal\/author\/jeanette\/"}]}},"_links":{"self":[{"href":"https:\/\/www.eldiario.net\/portal\/wp-json\/wp\/v2\/posts\/24756","targetHints":{"allow":["GET"]}}],"collection":[{"href":"https:\/\/www.eldiario.net\/portal\/wp-json\/wp\/v2\/posts"}],"about":[{"href":"https:\/\/www.eldiario.net\/portal\/wp-json\/wp\/v2\/types\/post"}],"author":[{"embeddable":true,"href":"https:\/\/www.eldiario.net\/portal\/wp-json\/wp\/v2\/users\/1"}],"replies":[{"embeddable":true,"href":"https:\/\/www.eldiario.net\/portal\/wp-json\/wp\/v2\/comments?post=24756"}],"version-history":[{"count":0,"href":"https:\/\/www.eldiario.net\/portal\/wp-json\/wp\/v2\/posts\/24756\/revisions"}],"wp:attachment":[{"href":"https:\/\/www.eldiario.net\/portal\/wp-json\/wp\/v2\/media?parent=24756"}],"wp:term":[{"taxonomy":"category","embeddable":true,"href":"https:\/\/www.eldiario.net\/portal\/wp-json\/wp\/v2\/categories?post=24756"},{"taxonomy":"post_tag","embeddable":true,"href":"https:\/\/www.eldiario.net\/portal\/wp-json\/wp\/v2\/tags?post=24756"}],"curies":[{"name":"wp","href":"https:\/\/api.w.org\/{rel}","templated":true}]}}