{"id":247540,"date":"2024-09-15T06:53:18","date_gmt":"2024-09-15T10:53:18","guid":{"rendered":"https:\/\/www.eldiario.net\/portal\/?p=247540"},"modified":"2024-09-15T06:53:18","modified_gmt":"2024-09-15T10:53:18","slug":"imputan-a-menor-por-amenazar-a-profesor","status":"publish","type":"post","link":"https:\/\/www.eldiario.net\/portal\/2024\/09\/15\/imputan-a-menor-por-amenazar-a-profesor\/","title":{"rendered":"Imputan a menor por amenazar a profesor"},"content":{"rendered":"<p>Las autoridades de Francia informaron ayer, que un alumno de 17 a\u00f1os fue imputado por hacer apolog\u00eda del terrorismo, al difundir una serie de amenazas contra uno de sus profesores, a quien presuntamente ten\u00eda que apu\u00f1alar.<br \/>\nEl estudiante del departamento franc\u00e9s de Loira Atl\u00e1ntico, en el oeste de pa\u00eds, hab\u00eda realizado varias amenazas contra un docente en mensajes enviados a trav\u00e9s de la plataforma de mensajer\u00eda Telegram y, seg\u00fan explic\u00f3 la Fiscal\u00eda de Nantes, ahora tendr\u00e1 que enfrentarse a cargos por apolog\u00eda y amenazas de muerte.<br \/>\nEl joven fue detenido el jueves por la ma\u00f1ana despu\u00e9s de que los servicios de Inteligencia dieran la voz de alarma tras detectar las amenazas. \u201cDurante su detenci\u00f3n policial, el joven admiti\u00f3 algunos de los hechos, pero no con la intenci\u00f3n de agredir a su profesor\u201d, explic\u00f3 el fiscal de Nantes, Renaud Gaudeul, en un comunicado.<br \/>\nAunque los fiscales solicitaron que el adolescente sea puesto en prisi\u00f3n preventiva, el juez de instrucci\u00f3n remiti\u00f3 el asunto a otro juez, que opt\u00f3 por internarlo en un centro para menores, algo que ya fue recurrido por la Fiscal\u00eda, seg\u00fan informaciones del diario \u201cLe Figaro\u201d.<br \/>\nEl alumno del instituto Jean Perrin hab\u00eda asegurado que ten\u00eda intenci\u00f3n de \u201capu\u00f1alar a uno de sus profesores en la yugular\u201d y se hab\u00eda presentado en grupos de Telegram, como un seguidor del grupo terrorista Estado Isl\u00e1mico. (Europa Press)<\/p>\n<p>PIE DE FOTO<\/p>\n<p>CREDITO:<\/p>\n","protected":false},"excerpt":{"rendered":"<p>Las autoridades de Francia informaron ayer, que un alumno de 17 a\u00f1os fue imputado por hacer apolog\u00eda del terrorismo, al difundir una serie de amenazas contra uno de sus profesores, a quien presuntamente ten\u00eda que apu\u00f1alar. El estudiante del departamento franc\u00e9s de Loira Atl\u00e1ntico, en el oeste de pa\u00eds, hab\u00eda realizado varias amenazas contra un [&hellip;]<\/p>\n","protected":false},"author":1,"featured_media":247541,"comment_status":"open","ping_status":"open","sticky":false,"template":"","format":"standard","meta":{"_acf_changed":false,"footnotes":""},"categories":[3],"tags":[],"class_list":["post-247540","post","type-post","status-publish","format-standard","has-post-thumbnail","category-internacional"],"acf":{"antetitulo":"Francia"},"yoast_head":"<!-- This site is optimized with the Yoast SEO plugin v28.3 - https:\/\/yoast.com\/product\/yoast-seo-wordpress\/ -->\n<title>Imputan a menor por amenazar a profesor - El Diario - Bolivia<\/title>\n<meta name=\"robots\" content=\"index, follow, max-snippet:-1, max-image-preview:large, max-video-preview:-1\" \/>\n<link rel=\"canonical\" href=\"https:\/\/www.eldiario.net\/portal\/2024\/09\/15\/imputan-a-menor-por-amenazar-a-profesor\/\" \/>\n<meta property=\"og:locale\" content=\"es_ES\" \/>\n<meta property=\"og:type\" content=\"article\" \/>\n<meta property=\"og:title\" content=\"Imputan a menor por amenazar a profesor - El Diario - Bolivia\" \/>\n<meta property=\"og:description\" content=\"Las autoridades de Francia informaron ayer, que un alumno de 17 a\u00f1os fue imputado por hacer apolog\u00eda del terrorismo, al difundir una serie de amenazas contra uno de sus profesores, a quien presuntamente ten\u00eda que apu\u00f1alar. El estudiante del departamento franc\u00e9s de Loira Atl\u00e1ntico, en el oeste de pa\u00eds, hab\u00eda realizado varias amenazas contra un [&hellip;]\" \/>\n<meta property=\"og:url\" content=\"https:\/\/www.eldiario.net\/portal\/2024\/09\/15\/imputan-a-menor-por-amenazar-a-profesor\/\" \/>\n<meta property=\"og:site_name\" content=\"El Diario - Bolivia\" \/>\n<meta property=\"article:publisher\" content=\"https:\/\/www.facebook.com\/eldiario.bolivia\/\" \/>\n<meta property=\"article:published_time\" content=\"2024-09-15T10:53:18+00:00\" \/>\n<meta property=\"og:image\" content=\"https:\/\/www.eldiario.net\/portal\/wp-content\/uploads\/2024\/09\/FRANCIA-Heraldo-de-Aragon.jpg\" \/>\n\t<meta property=\"og:image:width\" content=\"990\" \/>\n\t<meta property=\"og:image:height\" content=\"556\" \/>\n\t<meta property=\"og:image:type\" content=\"image\/jpeg\" \/>\n<meta name=\"author\" content=\"Jeanette\" \/>\n<meta name=\"twitter:card\" content=\"summary_large_image\" \/>\n<meta name=\"twitter:creator\" content=\"@eldiario_net\" \/>\n<meta name=\"twitter:site\" content=\"@eldiario_net\" \/>\n<meta name=\"twitter:label1\" content=\"Escrito por\" \/>\n\t<meta name=\"twitter:data1\" content=\"Jeanette\" \/>\n\t<meta name=\"twitter:label2\" content=\"Tiempo de lectura\" \/>\n\t<meta name=\"twitter:data2\" content=\"2 minutos\" \/>\n<script type=\"application\/ld+json\" class=\"yoast-schema-graph\">{\"@context\":\"https:\\\/\\\/schema.org\",\"@graph\":[{\"@type\":\"Article\",\"@id\":\"https:\\\/\\\/www.eldiario.net\\\/portal\\\/2024\\\/09\\\/15\\\/imputan-a-menor-por-amenazar-a-profesor\\\/#article\",\"isPartOf\":{\"@id\":\"https:\\\/\\\/www.eldiario.net\\\/portal\\\/2024\\\/09\\\/15\\\/imputan-a-menor-por-amenazar-a-profesor\\\/\"},\"author\":{\"name\":\"Jeanette\",\"@id\":\"https:\\\/\\\/www.eldiario.net\\\/portal\\\/#\\\/schema\\\/person\\\/f46445640444750d7d753ccd04ae01b7\"},\"headline\":\"Imputan a menor por amenazar a profesor\",\"datePublished\":\"2024-09-15T10:53:18+00:00\",\"mainEntityOfPage\":{\"@id\":\"https:\\\/\\\/www.eldiario.net\\\/portal\\\/2024\\\/09\\\/15\\\/imputan-a-menor-por-amenazar-a-profesor\\\/\"},\"wordCount\":263,\"commentCount\":0,\"publisher\":{\"@id\":\"https:\\\/\\\/www.eldiario.net\\\/portal\\\/#organization\"},\"image\":{\"@id\":\"https:\\\/\\\/www.eldiario.net\\\/portal\\\/2024\\\/09\\\/15\\\/imputan-a-menor-por-amenazar-a-profesor\\\/#primaryimage\"},\"thumbnailUrl\":\"https:\\\/\\\/www.eldiario.net\\\/portal\\\/wp-content\\\/uploads\\\/2024\\\/09\\\/FRANCIA-Heraldo-de-Aragon.jpg\",\"articleSection\":[\"Internacional\"],\"inLanguage\":\"es\",\"potentialAction\":[{\"@type\":\"CommentAction\",\"name\":\"Comment\",\"target\":[\"https:\\\/\\\/www.eldiario.net\\\/portal\\\/2024\\\/09\\\/15\\\/imputan-a-menor-por-amenazar-a-profesor\\\/#respond\"]}]},{\"@type\":\"WebPage\",\"@id\":\"https:\\\/\\\/www.eldiario.net\\\/portal\\\/2024\\\/09\\\/15\\\/imputan-a-menor-por-amenazar-a-profesor\\\/\",\"url\":\"https:\\\/\\\/www.eldiario.net\\\/portal\\\/2024\\\/09\\\/15\\\/imputan-a-menor-por-amenazar-a-profesor\\\/\",\"name\":\"Imputan a menor por amenazar a profesor - El Diario - Bolivia\",\"isPartOf\":{\"@id\":\"https:\\\/\\\/www.eldiario.net\\\/portal\\\/#website\"},\"primaryImageOfPage\":{\"@id\":\"https:\\\/\\\/www.eldiario.net\\\/portal\\\/2024\\\/09\\\/15\\\/imputan-a-menor-por-amenazar-a-profesor\\\/#primaryimage\"},\"image\":{\"@id\":\"https:\\\/\\\/www.eldiario.net\\\/portal\\\/2024\\\/09\\\/15\\\/imputan-a-menor-por-amenazar-a-profesor\\\/#primaryimage\"},\"thumbnailUrl\":\"https:\\\/\\\/www.eldiario.net\\\/portal\\\/wp-content\\\/uploads\\\/2024\\\/09\\\/FRANCIA-Heraldo-de-Aragon.jpg\",\"datePublished\":\"2024-09-15T10:53:18+00:00\",\"breadcrumb\":{\"@id\":\"https:\\\/\\\/www.eldiario.net\\\/portal\\\/2024\\\/09\\\/15\\\/imputan-a-menor-por-amenazar-a-profesor\\\/#breadcrumb\"},\"inLanguage\":\"es\",\"potentialAction\":[{\"@type\":\"ReadAction\",\"target\":[\"https:\\\/\\\/www.eldiario.net\\\/portal\\\/2024\\\/09\\\/15\\\/imputan-a-menor-por-amenazar-a-profesor\\\/\"]}]},{\"@type\":\"ImageObject\",\"inLanguage\":\"es\",\"@id\":\"https:\\\/\\\/www.eldiario.net\\\/portal\\\/2024\\\/09\\\/15\\\/imputan-a-menor-por-amenazar-a-profesor\\\/#primaryimage\",\"url\":\"https:\\\/\\\/www.eldiario.net\\\/portal\\\/wp-content\\\/uploads\\\/2024\\\/09\\\/FRANCIA-Heraldo-de-Aragon.jpg\",\"contentUrl\":\"https:\\\/\\\/www.eldiario.net\\\/portal\\\/wp-content\\\/uploads\\\/2024\\\/09\\\/FRANCIA-Heraldo-de-Aragon.jpg\",\"width\":990,\"height\":556},{\"@type\":\"BreadcrumbList\",\"@id\":\"https:\\\/\\\/www.eldiario.net\\\/portal\\\/2024\\\/09\\\/15\\\/imputan-a-menor-por-amenazar-a-profesor\\\/#breadcrumb\",\"itemListElement\":[{\"@type\":\"ListItem\",\"position\":1,\"name\":\"Portada\",\"item\":\"https:\\\/\\\/www.eldiario.net\\\/portal\\\/\"},{\"@type\":\"ListItem\",\"position\":2,\"name\":\"Imputan a menor por amenazar a profesor\"}]},{\"@type\":\"WebSite\",\"@id\":\"https:\\\/\\\/www.eldiario.net\\\/portal\\\/#website\",\"url\":\"https:\\\/\\\/www.eldiario.net\\\/portal\\\/\",\"name\":\"El Diario - Decano de la prensa nacional\",\"description\":\"El Diario - Decano de la prensa nacional\",\"publisher\":{\"@id\":\"https:\\\/\\\/www.eldiario.net\\\/portal\\\/#organization\"},\"potentialAction\":[{\"@type\":\"SearchAction\",\"target\":{\"@type\":\"EntryPoint\",\"urlTemplate\":\"https:\\\/\\\/www.eldiario.net\\\/portal\\\/?s={search_term_string}\"},\"query-input\":{\"@type\":\"PropertyValueSpecification\",\"valueRequired\":true,\"valueName\":\"search_term_string\"}}],\"inLanguage\":\"es\"},{\"@type\":\"Organization\",\"@id\":\"https:\\\/\\\/www.eldiario.net\\\/portal\\\/#organization\",\"name\":\"El Diario - Decano de la prensa nacional\",\"url\":\"https:\\\/\\\/www.eldiario.net\\\/portal\\\/\",\"logo\":{\"@type\":\"ImageObject\",\"inLanguage\":\"es\",\"@id\":\"https:\\\/\\\/www.eldiario.net\\\/portal\\\/#\\\/schema\\\/logo\\\/image\\\/\",\"url\":\"https:\\\/\\\/www.eldiario.net\\\/portal\\\/wp-content\\\/uploads\\\/2023\\\/07\\\/logo_ED.jpg\",\"contentUrl\":\"https:\\\/\\\/www.eldiario.net\\\/portal\\\/wp-content\\\/uploads\\\/2023\\\/07\\\/logo_ED.jpg\",\"width\":272,\"height\":52,\"caption\":\"El Diario - Decano de la prensa nacional\"},\"image\":{\"@id\":\"https:\\\/\\\/www.eldiario.net\\\/portal\\\/#\\\/schema\\\/logo\\\/image\\\/\"},\"sameAs\":[\"https:\\\/\\\/www.facebook.com\\\/eldiario.bolivia\\\/\",\"https:\\\/\\\/x.com\\\/eldiario_net\"]},{\"@type\":\"Person\",\"@id\":\"https:\\\/\\\/www.eldiario.net\\\/portal\\\/#\\\/schema\\\/person\\\/f46445640444750d7d753ccd04ae01b7\",\"name\":\"Jeanette\",\"image\":{\"@type\":\"ImageObject\",\"inLanguage\":\"es\",\"@id\":\"https:\\\/\\\/secure.gravatar.com\\\/avatar\\\/3ea2118a5f7dad2b7138b1187a6b7ee55f160b9968b66013c3a3ef39dd7e5798?s=96&d=mm&r=g\",\"url\":\"https:\\\/\\\/secure.gravatar.com\\\/avatar\\\/3ea2118a5f7dad2b7138b1187a6b7ee55f160b9968b66013c3a3ef39dd7e5798?s=96&d=mm&r=g\",\"contentUrl\":\"https:\\\/\\\/secure.gravatar.com\\\/avatar\\\/3ea2118a5f7dad2b7138b1187a6b7ee55f160b9968b66013c3a3ef39dd7e5798?s=96&d=mm&r=g\",\"caption\":\"Jeanette\"},\"sameAs\":[\"https:\\\/\\\/www.eldiario.net\\\/portal\"],\"url\":\"https:\\\/\\\/www.eldiario.net\\\/portal\\\/author\\\/jeanette\\\/\"}]}<\/script>\n<!-- \/ Yoast SEO plugin. -->","yoast_head_json":{"title":"Imputan a menor por amenazar a profesor - El Diario - Bolivia","robots":{"index":"index","follow":"follow","max-snippet":"max-snippet:-1","max-image-preview":"max-image-preview:large","max-video-preview":"max-video-preview:-1"},"canonical":"https:\/\/www.eldiario.net\/portal\/2024\/09\/15\/imputan-a-menor-por-amenazar-a-profesor\/","og_locale":"es_ES","og_type":"article","og_title":"Imputan a menor por amenazar a profesor - El Diario - Bolivia","og_description":"Las autoridades de Francia informaron ayer, que un alumno de 17 a\u00f1os fue imputado por hacer apolog\u00eda del terrorismo, al difundir una serie de amenazas contra uno de sus profesores, a quien presuntamente ten\u00eda que apu\u00f1alar. El estudiante del departamento franc\u00e9s de Loira Atl\u00e1ntico, en el oeste de pa\u00eds, hab\u00eda realizado varias amenazas contra un [&hellip;]","og_url":"https:\/\/www.eldiario.net\/portal\/2024\/09\/15\/imputan-a-menor-por-amenazar-a-profesor\/","og_site_name":"El Diario - Bolivia","article_publisher":"https:\/\/www.facebook.com\/eldiario.bolivia\/","article_published_time":"2024-09-15T10:53:18+00:00","og_image":[{"width":990,"height":556,"url":"https:\/\/www.eldiario.net\/portal\/wp-content\/uploads\/2024\/09\/FRANCIA-Heraldo-de-Aragon.jpg","type":"image\/jpeg"}],"author":"Jeanette","twitter_card":"summary_large_image","twitter_creator":"@eldiario_net","twitter_site":"@eldiario_net","twitter_misc":{"Escrito por":"Jeanette","Tiempo de lectura":"2 minutos"},"schema":{"@context":"https:\/\/schema.org","@graph":[{"@type":"Article","@id":"https:\/\/www.eldiario.net\/portal\/2024\/09\/15\/imputan-a-menor-por-amenazar-a-profesor\/#article","isPartOf":{"@id":"https:\/\/www.eldiario.net\/portal\/2024\/09\/15\/imputan-a-menor-por-amenazar-a-profesor\/"},"author":{"name":"Jeanette","@id":"https:\/\/www.eldiario.net\/portal\/#\/schema\/person\/f46445640444750d7d753ccd04ae01b7"},"headline":"Imputan a menor por amenazar a profesor","datePublished":"2024-09-15T10:53:18+00:00","mainEntityOfPage":{"@id":"https:\/\/www.eldiario.net\/portal\/2024\/09\/15\/imputan-a-menor-por-amenazar-a-profesor\/"},"wordCount":263,"commentCount":0,"publisher":{"@id":"https:\/\/www.eldiario.net\/portal\/#organization"},"image":{"@id":"https:\/\/www.eldiario.net\/portal\/2024\/09\/15\/imputan-a-menor-por-amenazar-a-profesor\/#primaryimage"},"thumbnailUrl":"https:\/\/www.eldiario.net\/portal\/wp-content\/uploads\/2024\/09\/FRANCIA-Heraldo-de-Aragon.jpg","articleSection":["Internacional"],"inLanguage":"es","potentialAction":[{"@type":"CommentAction","name":"Comment","target":["https:\/\/www.eldiario.net\/portal\/2024\/09\/15\/imputan-a-menor-por-amenazar-a-profesor\/#respond"]}]},{"@type":"WebPage","@id":"https:\/\/www.eldiario.net\/portal\/2024\/09\/15\/imputan-a-menor-por-amenazar-a-profesor\/","url":"https:\/\/www.eldiario.net\/portal\/2024\/09\/15\/imputan-a-menor-por-amenazar-a-profesor\/","name":"Imputan a menor por amenazar a profesor - El Diario - Bolivia","isPartOf":{"@id":"https:\/\/www.eldiario.net\/portal\/#website"},"primaryImageOfPage":{"@id":"https:\/\/www.eldiario.net\/portal\/2024\/09\/15\/imputan-a-menor-por-amenazar-a-profesor\/#primaryimage"},"image":{"@id":"https:\/\/www.eldiario.net\/portal\/2024\/09\/15\/imputan-a-menor-por-amenazar-a-profesor\/#primaryimage"},"thumbnailUrl":"https:\/\/www.eldiario.net\/portal\/wp-content\/uploads\/2024\/09\/FRANCIA-Heraldo-de-Aragon.jpg","datePublished":"2024-09-15T10:53:18+00:00","breadcrumb":{"@id":"https:\/\/www.eldiario.net\/portal\/2024\/09\/15\/imputan-a-menor-por-amenazar-a-profesor\/#breadcrumb"},"inLanguage":"es","potentialAction":[{"@type":"ReadAction","target":["https:\/\/www.eldiario.net\/portal\/2024\/09\/15\/imputan-a-menor-por-amenazar-a-profesor\/"]}]},{"@type":"ImageObject","inLanguage":"es","@id":"https:\/\/www.eldiario.net\/portal\/2024\/09\/15\/imputan-a-menor-por-amenazar-a-profesor\/#primaryimage","url":"https:\/\/www.eldiario.net\/portal\/wp-content\/uploads\/2024\/09\/FRANCIA-Heraldo-de-Aragon.jpg","contentUrl":"https:\/\/www.eldiario.net\/portal\/wp-content\/uploads\/2024\/09\/FRANCIA-Heraldo-de-Aragon.jpg","width":990,"height":556},{"@type":"BreadcrumbList","@id":"https:\/\/www.eldiario.net\/portal\/2024\/09\/15\/imputan-a-menor-por-amenazar-a-profesor\/#breadcrumb","itemListElement":[{"@type":"ListItem","position":1,"name":"Portada","item":"https:\/\/www.eldiario.net\/portal\/"},{"@type":"ListItem","position":2,"name":"Imputan a menor por amenazar a profesor"}]},{"@type":"WebSite","@id":"https:\/\/www.eldiario.net\/portal\/#website","url":"https:\/\/www.eldiario.net\/portal\/","name":"El Diario - Decano de la prensa nacional","description":"El Diario - Decano de la prensa nacional","publisher":{"@id":"https:\/\/www.eldiario.net\/portal\/#organization"},"potentialAction":[{"@type":"SearchAction","target":{"@type":"EntryPoint","urlTemplate":"https:\/\/www.eldiario.net\/portal\/?s={search_term_string}"},"query-input":{"@type":"PropertyValueSpecification","valueRequired":true,"valueName":"search_term_string"}}],"inLanguage":"es"},{"@type":"Organization","@id":"https:\/\/www.eldiario.net\/portal\/#organization","name":"El Diario - Decano de la prensa nacional","url":"https:\/\/www.eldiario.net\/portal\/","logo":{"@type":"ImageObject","inLanguage":"es","@id":"https:\/\/www.eldiario.net\/portal\/#\/schema\/logo\/image\/","url":"https:\/\/www.eldiario.net\/portal\/wp-content\/uploads\/2023\/07\/logo_ED.jpg","contentUrl":"https:\/\/www.eldiario.net\/portal\/wp-content\/uploads\/2023\/07\/logo_ED.jpg","width":272,"height":52,"caption":"El Diario - Decano de la prensa nacional"},"image":{"@id":"https:\/\/www.eldiario.net\/portal\/#\/schema\/logo\/image\/"},"sameAs":["https:\/\/www.facebook.com\/eldiario.bolivia\/","https:\/\/x.com\/eldiario_net"]},{"@type":"Person","@id":"https:\/\/www.eldiario.net\/portal\/#\/schema\/person\/f46445640444750d7d753ccd04ae01b7","name":"Jeanette","image":{"@type":"ImageObject","inLanguage":"es","@id":"https:\/\/secure.gravatar.com\/avatar\/3ea2118a5f7dad2b7138b1187a6b7ee55f160b9968b66013c3a3ef39dd7e5798?s=96&d=mm&r=g","url":"https:\/\/secure.gravatar.com\/avatar\/3ea2118a5f7dad2b7138b1187a6b7ee55f160b9968b66013c3a3ef39dd7e5798?s=96&d=mm&r=g","contentUrl":"https:\/\/secure.gravatar.com\/avatar\/3ea2118a5f7dad2b7138b1187a6b7ee55f160b9968b66013c3a3ef39dd7e5798?s=96&d=mm&r=g","caption":"Jeanette"},"sameAs":["https:\/\/www.eldiario.net\/portal"],"url":"https:\/\/www.eldiario.net\/portal\/author\/jeanette\/"}]}},"_links":{"self":[{"href":"https:\/\/www.eldiario.net\/portal\/wp-json\/wp\/v2\/posts\/247540","targetHints":{"allow":["GET"]}}],"collection":[{"href":"https:\/\/www.eldiario.net\/portal\/wp-json\/wp\/v2\/posts"}],"about":[{"href":"https:\/\/www.eldiario.net\/portal\/wp-json\/wp\/v2\/types\/post"}],"author":[{"embeddable":true,"href":"https:\/\/www.eldiario.net\/portal\/wp-json\/wp\/v2\/users\/1"}],"replies":[{"embeddable":true,"href":"https:\/\/www.eldiario.net\/portal\/wp-json\/wp\/v2\/comments?post=247540"}],"version-history":[{"count":1,"href":"https:\/\/www.eldiario.net\/portal\/wp-json\/wp\/v2\/posts\/247540\/revisions"}],"predecessor-version":[{"id":247542,"href":"https:\/\/www.eldiario.net\/portal\/wp-json\/wp\/v2\/posts\/247540\/revisions\/247542"}],"wp:featuredmedia":[{"embeddable":true,"href":"https:\/\/www.eldiario.net\/portal\/wp-json\/wp\/v2\/media\/247541"}],"wp:attachment":[{"href":"https:\/\/www.eldiario.net\/portal\/wp-json\/wp\/v2\/media?parent=247540"}],"wp:term":[{"taxonomy":"category","embeddable":true,"href":"https:\/\/www.eldiario.net\/portal\/wp-json\/wp\/v2\/categories?post=247540"},{"taxonomy":"post_tag","embeddable":true,"href":"https:\/\/www.eldiario.net\/portal\/wp-json\/wp\/v2\/tags?post=247540"}],"curies":[{"name":"wp","href":"https:\/\/api.w.org\/{rel}","templated":true}]}}