{"id":247023,"date":"2024-09-13T05:30:04","date_gmt":"2024-09-13T09:30:04","guid":{"rendered":"https:\/\/www.eldiario.net\/portal\/?p=247023"},"modified":"2024-09-13T05:30:04","modified_gmt":"2024-09-13T09:30:04","slug":"califican-de-exitosa-primera-caminata-espacial-privada","status":"publish","type":"post","link":"https:\/\/www.eldiario.net\/portal\/2024\/09\/13\/califican-de-exitosa-primera-caminata-espacial-privada\/","title":{"rendered":"Califican de exitosa primera  caminata espacial privada"},"content":{"rendered":"<p class=\"v1MsoNormal\">Una tripulaci\u00f3n de cuatro personas en una misi\u00f3n privada a bordo de una c\u00e1psula de SpaceX acaba de concluir la primera caminata espacial comercial del mundo y la c\u00e1psula regres\u00f3 a una presi\u00f3n normal similar a la de algunas partes de la Tierra<\/p>\n<p>Por primera vez en la historia, una tripulaci\u00f3n compuesta completamente por ciudadanos privados fuera del control de un programa espacial gubernamental complet\u00f3 tal haza\u00f1a.<\/p>\n<p>Los cuatro miembros de la tripulaci\u00f3n de Polaris Dawn, estuvieron expuestos al vac\u00edo del espacio, pero solo Jared Isaacman, multimillonario y CEO de tecnolog\u00eda, y la ingeniera de SpaceX Sarah Gillis salieron de la c\u00e1psula.<\/p>\n<p>Los compa\u00f1eros de tripulaci\u00f3n Scott \u00abKidd\u00bb Poteet y Anna Menon permanecieron dentro de la c\u00e1psula, afirma CNN.<\/p>\n<p>La caminata espacial dur\u00f3 unas dos horas, con Isaacman y Gillis aventur\u00e1ndose fuera de la nave espacial durante unos 20 minutos, situada a 700 kil\u00f3metros de la Tierra, a las 6:52 am (HB).<\/p>\n<p>El grupo puede disfrutar de vistas impresionantes de la Tierra pasando r\u00e1pidamente debajo de ellos.<\/p>\n<p>El mi\u00e9rcoles, Anna Menon se\u00f1al\u00f3 durante una transmisi\u00f3n a la Tierra que la tripulaci\u00f3n de Polaris Dawn puede ver un amanecer y un atardecer aproximadamente cada 106 minutos.<\/p>\n<p>Ahora que la caminata espacial concluyo, la tripulaci\u00f3n de Polaris Dawn pasar\u00e1 un par de d\u00edas m\u00e1s en \u00f3rbita completando los objetivos restantes de la misi\u00f3n. Eso incluye trabajar en el resto de su lista de casi 40 experimentos.<\/p>\n<p>Se espera tambi\u00e9n una demostraci\u00f3n sorpresa del uso de los sat\u00e9lites Starlink de SpaceX, que transmiten internet, para comunicaciones en el espacio en alg\u00fan momento de la misi\u00f3n.<\/p>\n<p>La nave espacial Crew Dragon podr\u00eda regresar a la Tierra este fin de semana, potencialmente en las primeras horas del domingo por la ma\u00f1ana, ya que la tripulaci\u00f3n de Polaris Dawn se\u00f1al\u00f3 que esperan que su viaje dure unos cinco o seis d\u00edas.<\/p>\n<p>Pero lo que SpaceX logr\u00f3 hoy fue dar un paso importante hacia la comercializaci\u00f3n de esas capacidades, haciendo de las caminatas espaciales una tarea que puede ser realizada por el sector privado, no solo por astronautas gubernamentales.<\/p>\n<p>El evento hist\u00f3rico fue impresionantemente solo una prueba, los trajes espaciales de SpaceX a\u00fan est\u00e1n en las primeras etapas de desarrollo.<\/p>\n<p>Sin embargo, el objetivo subyacente de SpaceX es comercializar los viajes espaciales y reducir radicalmente los costos, con la esperanza de que esos esfuerzos conduzcan a un futuro en el que las personas puedan permitirse vivir y trabajar en el espacio.<\/p>\n<p>CNN afirmo que la NASA apoya este cambio hacia la privatizaci\u00f3n. Durante a\u00f1os, la agencia espacial abraz\u00f3 los esfuerzos para \u00abcomercializar\u00bb y gener\u00f3 nuevas iniciativas para fortalecer la industria privada, encarg\u00e1ndola de tareas que, de otro modo, la NASA habr\u00eda realizado en el pasado. (Br\u00fajula Digital y agencias)<\/p>\n<p>&nbsp;<\/p>\n","protected":false},"excerpt":{"rendered":"<p>Una tripulaci\u00f3n de cuatro personas en una misi\u00f3n privada a bordo de una c\u00e1psula de SpaceX acaba de concluir la primera caminata espacial comercial del mundo y la c\u00e1psula regres\u00f3 a una presi\u00f3n normal similar a la de algunas partes de la Tierra Por primera vez en la historia, una tripulaci\u00f3n compuesta completamente por ciudadanos [&hellip;]<\/p>\n","protected":false},"author":1,"featured_media":247024,"comment_status":"open","ping_status":"open","sticky":false,"template":"","format":"standard","meta":{"_acf_changed":false,"footnotes":""},"categories":[3],"tags":[],"class_list":["post-247023","post","type-post","status-publish","format-standard","has-post-thumbnail","category-internacional"],"acf":{"antetitulo":""},"yoast_head":"<!-- This site is optimized with the Yoast SEO plugin v28.3 - https:\/\/yoast.com\/product\/yoast-seo-wordpress\/ -->\n<title>Califican de exitosa primera caminata espacial privada - El Diario - Bolivia<\/title>\n<meta name=\"robots\" content=\"index, follow, max-snippet:-1, max-image-preview:large, max-video-preview:-1\" \/>\n<link rel=\"canonical\" href=\"https:\/\/www.eldiario.net\/portal\/2024\/09\/13\/califican-de-exitosa-primera-caminata-espacial-privada\/\" \/>\n<meta property=\"og:locale\" content=\"es_ES\" \/>\n<meta property=\"og:type\" content=\"article\" \/>\n<meta property=\"og:title\" content=\"Califican de exitosa primera caminata espacial privada - El Diario - Bolivia\" \/>\n<meta property=\"og:description\" content=\"Una tripulaci\u00f3n de cuatro personas en una misi\u00f3n privada a bordo de una c\u00e1psula de SpaceX acaba de concluir la primera caminata espacial comercial del mundo y la c\u00e1psula regres\u00f3 a una presi\u00f3n normal similar a la de algunas partes de la Tierra Por primera vez en la historia, una tripulaci\u00f3n compuesta completamente por ciudadanos [&hellip;]\" \/>\n<meta property=\"og:url\" content=\"https:\/\/www.eldiario.net\/portal\/2024\/09\/13\/califican-de-exitosa-primera-caminata-espacial-privada\/\" \/>\n<meta property=\"og:site_name\" content=\"El Diario - Bolivia\" \/>\n<meta property=\"article:publisher\" content=\"https:\/\/www.facebook.com\/eldiario.bolivia\/\" \/>\n<meta property=\"article:published_time\" content=\"2024-09-13T09:30:04+00:00\" \/>\n<meta property=\"og:image\" content=\"https:\/\/www.eldiario.net\/portal\/wp-content\/uploads\/2024\/09\/ESPACIAL-AP1.jpg\" \/>\n\t<meta property=\"og:image:width\" content=\"1200\" \/>\n\t<meta property=\"og:image:height\" content=\"525\" \/>\n\t<meta property=\"og:image:type\" content=\"image\/jpeg\" \/>\n<meta name=\"author\" content=\"Jeanette\" \/>\n<meta name=\"twitter:card\" content=\"summary_large_image\" \/>\n<meta name=\"twitter:creator\" content=\"@eldiario_net\" \/>\n<meta name=\"twitter:site\" content=\"@eldiario_net\" \/>\n<meta name=\"twitter:label1\" content=\"Escrito por\" \/>\n\t<meta name=\"twitter:data1\" content=\"Jeanette\" \/>\n\t<meta name=\"twitter:label2\" content=\"Tiempo de lectura\" \/>\n\t<meta name=\"twitter:data2\" content=\"3 minutos\" \/>\n<script type=\"application\/ld+json\" class=\"yoast-schema-graph\">{\"@context\":\"https:\\\/\\\/schema.org\",\"@graph\":[{\"@type\":\"Article\",\"@id\":\"https:\\\/\\\/www.eldiario.net\\\/portal\\\/2024\\\/09\\\/13\\\/califican-de-exitosa-primera-caminata-espacial-privada\\\/#article\",\"isPartOf\":{\"@id\":\"https:\\\/\\\/www.eldiario.net\\\/portal\\\/2024\\\/09\\\/13\\\/califican-de-exitosa-primera-caminata-espacial-privada\\\/\"},\"author\":{\"name\":\"Jeanette\",\"@id\":\"https:\\\/\\\/www.eldiario.net\\\/portal\\\/#\\\/schema\\\/person\\\/f46445640444750d7d753ccd04ae01b7\"},\"headline\":\"Califican de exitosa primera caminata espacial privada\",\"datePublished\":\"2024-09-13T09:30:04+00:00\",\"mainEntityOfPage\":{\"@id\":\"https:\\\/\\\/www.eldiario.net\\\/portal\\\/2024\\\/09\\\/13\\\/califican-de-exitosa-primera-caminata-espacial-privada\\\/\"},\"wordCount\":499,\"commentCount\":0,\"publisher\":{\"@id\":\"https:\\\/\\\/www.eldiario.net\\\/portal\\\/#organization\"},\"image\":{\"@id\":\"https:\\\/\\\/www.eldiario.net\\\/portal\\\/2024\\\/09\\\/13\\\/califican-de-exitosa-primera-caminata-espacial-privada\\\/#primaryimage\"},\"thumbnailUrl\":\"https:\\\/\\\/www.eldiario.net\\\/portal\\\/wp-content\\\/uploads\\\/2024\\\/09\\\/ESPACIAL-AP1.jpg\",\"articleSection\":[\"Internacional\"],\"inLanguage\":\"es\",\"potentialAction\":[{\"@type\":\"CommentAction\",\"name\":\"Comment\",\"target\":[\"https:\\\/\\\/www.eldiario.net\\\/portal\\\/2024\\\/09\\\/13\\\/califican-de-exitosa-primera-caminata-espacial-privada\\\/#respond\"]}]},{\"@type\":\"WebPage\",\"@id\":\"https:\\\/\\\/www.eldiario.net\\\/portal\\\/2024\\\/09\\\/13\\\/califican-de-exitosa-primera-caminata-espacial-privada\\\/\",\"url\":\"https:\\\/\\\/www.eldiario.net\\\/portal\\\/2024\\\/09\\\/13\\\/califican-de-exitosa-primera-caminata-espacial-privada\\\/\",\"name\":\"Califican de exitosa primera caminata espacial privada - El Diario - Bolivia\",\"isPartOf\":{\"@id\":\"https:\\\/\\\/www.eldiario.net\\\/portal\\\/#website\"},\"primaryImageOfPage\":{\"@id\":\"https:\\\/\\\/www.eldiario.net\\\/portal\\\/2024\\\/09\\\/13\\\/califican-de-exitosa-primera-caminata-espacial-privada\\\/#primaryimage\"},\"image\":{\"@id\":\"https:\\\/\\\/www.eldiario.net\\\/portal\\\/2024\\\/09\\\/13\\\/califican-de-exitosa-primera-caminata-espacial-privada\\\/#primaryimage\"},\"thumbnailUrl\":\"https:\\\/\\\/www.eldiario.net\\\/portal\\\/wp-content\\\/uploads\\\/2024\\\/09\\\/ESPACIAL-AP1.jpg\",\"datePublished\":\"2024-09-13T09:30:04+00:00\",\"breadcrumb\":{\"@id\":\"https:\\\/\\\/www.eldiario.net\\\/portal\\\/2024\\\/09\\\/13\\\/califican-de-exitosa-primera-caminata-espacial-privada\\\/#breadcrumb\"},\"inLanguage\":\"es\",\"potentialAction\":[{\"@type\":\"ReadAction\",\"target\":[\"https:\\\/\\\/www.eldiario.net\\\/portal\\\/2024\\\/09\\\/13\\\/califican-de-exitosa-primera-caminata-espacial-privada\\\/\"]}]},{\"@type\":\"ImageObject\",\"inLanguage\":\"es\",\"@id\":\"https:\\\/\\\/www.eldiario.net\\\/portal\\\/2024\\\/09\\\/13\\\/califican-de-exitosa-primera-caminata-espacial-privada\\\/#primaryimage\",\"url\":\"https:\\\/\\\/www.eldiario.net\\\/portal\\\/wp-content\\\/uploads\\\/2024\\\/09\\\/ESPACIAL-AP1.jpg\",\"contentUrl\":\"https:\\\/\\\/www.eldiario.net\\\/portal\\\/wp-content\\\/uploads\\\/2024\\\/09\\\/ESPACIAL-AP1.jpg\",\"width\":1200,\"height\":525,\"caption\":\"El empresario Jared Isaacman durante su caminata. CREDITO: AP\"},{\"@type\":\"BreadcrumbList\",\"@id\":\"https:\\\/\\\/www.eldiario.net\\\/portal\\\/2024\\\/09\\\/13\\\/califican-de-exitosa-primera-caminata-espacial-privada\\\/#breadcrumb\",\"itemListElement\":[{\"@type\":\"ListItem\",\"position\":1,\"name\":\"Portada\",\"item\":\"https:\\\/\\\/www.eldiario.net\\\/portal\\\/\"},{\"@type\":\"ListItem\",\"position\":2,\"name\":\"Califican de exitosa primera caminata espacial privada\"}]},{\"@type\":\"WebSite\",\"@id\":\"https:\\\/\\\/www.eldiario.net\\\/portal\\\/#website\",\"url\":\"https:\\\/\\\/www.eldiario.net\\\/portal\\\/\",\"name\":\"El Diario - Decano de la prensa nacional\",\"description\":\"El Diario - Decano de la prensa nacional\",\"publisher\":{\"@id\":\"https:\\\/\\\/www.eldiario.net\\\/portal\\\/#organization\"},\"potentialAction\":[{\"@type\":\"SearchAction\",\"target\":{\"@type\":\"EntryPoint\",\"urlTemplate\":\"https:\\\/\\\/www.eldiario.net\\\/portal\\\/?s={search_term_string}\"},\"query-input\":{\"@type\":\"PropertyValueSpecification\",\"valueRequired\":true,\"valueName\":\"search_term_string\"}}],\"inLanguage\":\"es\"},{\"@type\":\"Organization\",\"@id\":\"https:\\\/\\\/www.eldiario.net\\\/portal\\\/#organization\",\"name\":\"El Diario - Decano de la prensa nacional\",\"url\":\"https:\\\/\\\/www.eldiario.net\\\/portal\\\/\",\"logo\":{\"@type\":\"ImageObject\",\"inLanguage\":\"es\",\"@id\":\"https:\\\/\\\/www.eldiario.net\\\/portal\\\/#\\\/schema\\\/logo\\\/image\\\/\",\"url\":\"https:\\\/\\\/www.eldiario.net\\\/portal\\\/wp-content\\\/uploads\\\/2023\\\/07\\\/logo_ED.jpg\",\"contentUrl\":\"https:\\\/\\\/www.eldiario.net\\\/portal\\\/wp-content\\\/uploads\\\/2023\\\/07\\\/logo_ED.jpg\",\"width\":272,\"height\":52,\"caption\":\"El Diario - Decano de la prensa nacional\"},\"image\":{\"@id\":\"https:\\\/\\\/www.eldiario.net\\\/portal\\\/#\\\/schema\\\/logo\\\/image\\\/\"},\"sameAs\":[\"https:\\\/\\\/www.facebook.com\\\/eldiario.bolivia\\\/\",\"https:\\\/\\\/x.com\\\/eldiario_net\"]},{\"@type\":\"Person\",\"@id\":\"https:\\\/\\\/www.eldiario.net\\\/portal\\\/#\\\/schema\\\/person\\\/f46445640444750d7d753ccd04ae01b7\",\"name\":\"Jeanette\",\"image\":{\"@type\":\"ImageObject\",\"inLanguage\":\"es\",\"@id\":\"https:\\\/\\\/secure.gravatar.com\\\/avatar\\\/3ea2118a5f7dad2b7138b1187a6b7ee55f160b9968b66013c3a3ef39dd7e5798?s=96&d=mm&r=g\",\"url\":\"https:\\\/\\\/secure.gravatar.com\\\/avatar\\\/3ea2118a5f7dad2b7138b1187a6b7ee55f160b9968b66013c3a3ef39dd7e5798?s=96&d=mm&r=g\",\"contentUrl\":\"https:\\\/\\\/secure.gravatar.com\\\/avatar\\\/3ea2118a5f7dad2b7138b1187a6b7ee55f160b9968b66013c3a3ef39dd7e5798?s=96&d=mm&r=g\",\"caption\":\"Jeanette\"},\"sameAs\":[\"https:\\\/\\\/www.eldiario.net\\\/portal\"],\"url\":\"https:\\\/\\\/www.eldiario.net\\\/portal\\\/author\\\/jeanette\\\/\"}]}<\/script>\n<!-- \/ Yoast SEO plugin. -->","yoast_head_json":{"title":"Califican de exitosa primera caminata espacial privada - El Diario - Bolivia","robots":{"index":"index","follow":"follow","max-snippet":"max-snippet:-1","max-image-preview":"max-image-preview:large","max-video-preview":"max-video-preview:-1"},"canonical":"https:\/\/www.eldiario.net\/portal\/2024\/09\/13\/califican-de-exitosa-primera-caminata-espacial-privada\/","og_locale":"es_ES","og_type":"article","og_title":"Califican de exitosa primera caminata espacial privada - El Diario - Bolivia","og_description":"Una tripulaci\u00f3n de cuatro personas en una misi\u00f3n privada a bordo de una c\u00e1psula de SpaceX acaba de concluir la primera caminata espacial comercial del mundo y la c\u00e1psula regres\u00f3 a una presi\u00f3n normal similar a la de algunas partes de la Tierra Por primera vez en la historia, una tripulaci\u00f3n compuesta completamente por ciudadanos [&hellip;]","og_url":"https:\/\/www.eldiario.net\/portal\/2024\/09\/13\/califican-de-exitosa-primera-caminata-espacial-privada\/","og_site_name":"El Diario - Bolivia","article_publisher":"https:\/\/www.facebook.com\/eldiario.bolivia\/","article_published_time":"2024-09-13T09:30:04+00:00","og_image":[{"width":1200,"height":525,"url":"https:\/\/www.eldiario.net\/portal\/wp-content\/uploads\/2024\/09\/ESPACIAL-AP1.jpg","type":"image\/jpeg"}],"author":"Jeanette","twitter_card":"summary_large_image","twitter_creator":"@eldiario_net","twitter_site":"@eldiario_net","twitter_misc":{"Escrito por":"Jeanette","Tiempo de lectura":"3 minutos"},"schema":{"@context":"https:\/\/schema.org","@graph":[{"@type":"Article","@id":"https:\/\/www.eldiario.net\/portal\/2024\/09\/13\/califican-de-exitosa-primera-caminata-espacial-privada\/#article","isPartOf":{"@id":"https:\/\/www.eldiario.net\/portal\/2024\/09\/13\/califican-de-exitosa-primera-caminata-espacial-privada\/"},"author":{"name":"Jeanette","@id":"https:\/\/www.eldiario.net\/portal\/#\/schema\/person\/f46445640444750d7d753ccd04ae01b7"},"headline":"Califican de exitosa primera caminata espacial privada","datePublished":"2024-09-13T09:30:04+00:00","mainEntityOfPage":{"@id":"https:\/\/www.eldiario.net\/portal\/2024\/09\/13\/califican-de-exitosa-primera-caminata-espacial-privada\/"},"wordCount":499,"commentCount":0,"publisher":{"@id":"https:\/\/www.eldiario.net\/portal\/#organization"},"image":{"@id":"https:\/\/www.eldiario.net\/portal\/2024\/09\/13\/califican-de-exitosa-primera-caminata-espacial-privada\/#primaryimage"},"thumbnailUrl":"https:\/\/www.eldiario.net\/portal\/wp-content\/uploads\/2024\/09\/ESPACIAL-AP1.jpg","articleSection":["Internacional"],"inLanguage":"es","potentialAction":[{"@type":"CommentAction","name":"Comment","target":["https:\/\/www.eldiario.net\/portal\/2024\/09\/13\/califican-de-exitosa-primera-caminata-espacial-privada\/#respond"]}]},{"@type":"WebPage","@id":"https:\/\/www.eldiario.net\/portal\/2024\/09\/13\/califican-de-exitosa-primera-caminata-espacial-privada\/","url":"https:\/\/www.eldiario.net\/portal\/2024\/09\/13\/califican-de-exitosa-primera-caminata-espacial-privada\/","name":"Califican de exitosa primera caminata espacial privada - El Diario - Bolivia","isPartOf":{"@id":"https:\/\/www.eldiario.net\/portal\/#website"},"primaryImageOfPage":{"@id":"https:\/\/www.eldiario.net\/portal\/2024\/09\/13\/califican-de-exitosa-primera-caminata-espacial-privada\/#primaryimage"},"image":{"@id":"https:\/\/www.eldiario.net\/portal\/2024\/09\/13\/califican-de-exitosa-primera-caminata-espacial-privada\/#primaryimage"},"thumbnailUrl":"https:\/\/www.eldiario.net\/portal\/wp-content\/uploads\/2024\/09\/ESPACIAL-AP1.jpg","datePublished":"2024-09-13T09:30:04+00:00","breadcrumb":{"@id":"https:\/\/www.eldiario.net\/portal\/2024\/09\/13\/califican-de-exitosa-primera-caminata-espacial-privada\/#breadcrumb"},"inLanguage":"es","potentialAction":[{"@type":"ReadAction","target":["https:\/\/www.eldiario.net\/portal\/2024\/09\/13\/califican-de-exitosa-primera-caminata-espacial-privada\/"]}]},{"@type":"ImageObject","inLanguage":"es","@id":"https:\/\/www.eldiario.net\/portal\/2024\/09\/13\/califican-de-exitosa-primera-caminata-espacial-privada\/#primaryimage","url":"https:\/\/www.eldiario.net\/portal\/wp-content\/uploads\/2024\/09\/ESPACIAL-AP1.jpg","contentUrl":"https:\/\/www.eldiario.net\/portal\/wp-content\/uploads\/2024\/09\/ESPACIAL-AP1.jpg","width":1200,"height":525,"caption":"El empresario Jared Isaacman durante su caminata. CREDITO: AP"},{"@type":"BreadcrumbList","@id":"https:\/\/www.eldiario.net\/portal\/2024\/09\/13\/califican-de-exitosa-primera-caminata-espacial-privada\/#breadcrumb","itemListElement":[{"@type":"ListItem","position":1,"name":"Portada","item":"https:\/\/www.eldiario.net\/portal\/"},{"@type":"ListItem","position":2,"name":"Califican de exitosa primera caminata espacial privada"}]},{"@type":"WebSite","@id":"https:\/\/www.eldiario.net\/portal\/#website","url":"https:\/\/www.eldiario.net\/portal\/","name":"El Diario - Decano de la prensa nacional","description":"El Diario - Decano de la prensa nacional","publisher":{"@id":"https:\/\/www.eldiario.net\/portal\/#organization"},"potentialAction":[{"@type":"SearchAction","target":{"@type":"EntryPoint","urlTemplate":"https:\/\/www.eldiario.net\/portal\/?s={search_term_string}"},"query-input":{"@type":"PropertyValueSpecification","valueRequired":true,"valueName":"search_term_string"}}],"inLanguage":"es"},{"@type":"Organization","@id":"https:\/\/www.eldiario.net\/portal\/#organization","name":"El Diario - Decano de la prensa nacional","url":"https:\/\/www.eldiario.net\/portal\/","logo":{"@type":"ImageObject","inLanguage":"es","@id":"https:\/\/www.eldiario.net\/portal\/#\/schema\/logo\/image\/","url":"https:\/\/www.eldiario.net\/portal\/wp-content\/uploads\/2023\/07\/logo_ED.jpg","contentUrl":"https:\/\/www.eldiario.net\/portal\/wp-content\/uploads\/2023\/07\/logo_ED.jpg","width":272,"height":52,"caption":"El Diario - Decano de la prensa nacional"},"image":{"@id":"https:\/\/www.eldiario.net\/portal\/#\/schema\/logo\/image\/"},"sameAs":["https:\/\/www.facebook.com\/eldiario.bolivia\/","https:\/\/x.com\/eldiario_net"]},{"@type":"Person","@id":"https:\/\/www.eldiario.net\/portal\/#\/schema\/person\/f46445640444750d7d753ccd04ae01b7","name":"Jeanette","image":{"@type":"ImageObject","inLanguage":"es","@id":"https:\/\/secure.gravatar.com\/avatar\/3ea2118a5f7dad2b7138b1187a6b7ee55f160b9968b66013c3a3ef39dd7e5798?s=96&d=mm&r=g","url":"https:\/\/secure.gravatar.com\/avatar\/3ea2118a5f7dad2b7138b1187a6b7ee55f160b9968b66013c3a3ef39dd7e5798?s=96&d=mm&r=g","contentUrl":"https:\/\/secure.gravatar.com\/avatar\/3ea2118a5f7dad2b7138b1187a6b7ee55f160b9968b66013c3a3ef39dd7e5798?s=96&d=mm&r=g","caption":"Jeanette"},"sameAs":["https:\/\/www.eldiario.net\/portal"],"url":"https:\/\/www.eldiario.net\/portal\/author\/jeanette\/"}]}},"_links":{"self":[{"href":"https:\/\/www.eldiario.net\/portal\/wp-json\/wp\/v2\/posts\/247023","targetHints":{"allow":["GET"]}}],"collection":[{"href":"https:\/\/www.eldiario.net\/portal\/wp-json\/wp\/v2\/posts"}],"about":[{"href":"https:\/\/www.eldiario.net\/portal\/wp-json\/wp\/v2\/types\/post"}],"author":[{"embeddable":true,"href":"https:\/\/www.eldiario.net\/portal\/wp-json\/wp\/v2\/users\/1"}],"replies":[{"embeddable":true,"href":"https:\/\/www.eldiario.net\/portal\/wp-json\/wp\/v2\/comments?post=247023"}],"version-history":[{"count":1,"href":"https:\/\/www.eldiario.net\/portal\/wp-json\/wp\/v2\/posts\/247023\/revisions"}],"predecessor-version":[{"id":247025,"href":"https:\/\/www.eldiario.net\/portal\/wp-json\/wp\/v2\/posts\/247023\/revisions\/247025"}],"wp:featuredmedia":[{"embeddable":true,"href":"https:\/\/www.eldiario.net\/portal\/wp-json\/wp\/v2\/media\/247024"}],"wp:attachment":[{"href":"https:\/\/www.eldiario.net\/portal\/wp-json\/wp\/v2\/media?parent=247023"}],"wp:term":[{"taxonomy":"category","embeddable":true,"href":"https:\/\/www.eldiario.net\/portal\/wp-json\/wp\/v2\/categories?post=247023"},{"taxonomy":"post_tag","embeddable":true,"href":"https:\/\/www.eldiario.net\/portal\/wp-json\/wp\/v2\/tags?post=247023"}],"curies":[{"name":"wp","href":"https:\/\/api.w.org\/{rel}","templated":true}]}}