{"id":246582,"date":"2024-09-11T05:43:03","date_gmt":"2024-09-11T09:43:03","guid":{"rendered":"https:\/\/www.eldiario.net\/portal\/?p=246582"},"modified":"2024-09-11T05:43:03","modified_gmt":"2024-09-11T09:43:03","slug":"huawei-lidera-el-avance-tecnologico-en-bolivia-con-una-conferencia-sobre-ia-y-nube","status":"publish","type":"post","link":"https:\/\/www.eldiario.net\/portal\/2024\/09\/11\/huawei-lidera-el-avance-tecnologico-en-bolivia-con-una-conferencia-sobre-ia-y-nube\/","title":{"rendered":"Huawei lidera el avance tecnol\u00f3gico en Bolivia  con una conferencia sobre IA y Nube"},"content":{"rendered":"<p><em>Santa Cruz de la Sierra, Bolivia. <\/em>Huawei, l\u00edder mundial en soluciones tecnol\u00f3gicas, reafirm\u00f3 su compromiso con la innovaci\u00f3n en Bolivia a trav\u00e9s de una conferencia especial sobre Inteligencia Artificial (AI) y los alcances de la Nube, durante el 25to Aniversario de la Escuela de Negocios de la Universidad Aut\u00f3noma Gabriel Ren\u00e9 Moreno (UAGRM), dentro del evento \u201cInteligencia Empresarial 4.0\u201d. \u00a0La conferencia tuvo como objetivo demostrar el potencial de estas tecnolog\u00edas para transformar sectores clave del pa\u00eds, como la educaci\u00f3n, la salud, y la industria, promoviendo el desarrollo sostenible y la competitividad a nivel global.<\/p>\n<p>&nbsp;<\/p>\n<p>El evento cont\u00f3 con la participaci\u00f3n del Ingeniero Arnildo Cardozo Daza, Gerente de Tecnolog\u00eda de Huawei Bolivia, quien estuvo a cargo a presentaci\u00f3n, titulada \u201cCloud e Inteligencia Artificial, en la que explic\u00f3 el funcionamiento y los beneficios de Huawei Cloud, as\u00ed como su cercana interacci\u00f3n con la tecnolog\u00eda I.A. Durante su exposici\u00f3n, el ejecutivo destac\u00f3 el papel de la IA y la Nube como impulsores clave de la transformaci\u00f3n digital en el mundo actual.<\/p>\n<p>&nbsp;<\/p>\n<p>\u201cEs importante mostrar las ventajas que nos ofrecen los servicios de Nube, y m\u00e1s ahora que las nuevas tendencias tecnol\u00f3gicas, como ser la Inteligencia Artificial, 5G y Big Data, se apoyan en los servicios desplegados por la Nube para optimizar el an\u00e1lisis avanzado de datos\u201d, afirm\u00f3 el experto.<\/p>\n<p>&nbsp;<\/p>\n<p>Durante la conferencia, se hizo hincapi\u00e9 en las distintas formas en que la\u00a0<strong>tecnolog\u00eda de la nube<\/strong>\u00a0de Huawei est\u00e1 facilitando la adopci\u00f3n de la IA, no solo en grandes corporaciones, sino tambi\u00e9n en peque\u00f1as y medianas empresas que buscan acelerar su transformaci\u00f3n digital. ModelArts, la plataforma de IA de Huawei Cloud, proporciona una gesti\u00f3n visualizada del ciclo de vida completo del desarrollo de I.A., cubriendo desde trabajos de entrenamiento, algoritmos y modelos hasta servicios de razonamiento. Asimismo, permite a los desarrolladores y cient\u00edficos de datos crear e implementar modelos r\u00e1pidamente, para acelerar la modernizaci\u00f3n inteligente de la industria.<\/p>\n<p>&nbsp;<\/p>\n<p>ModelArts cuenta con una base de c\u00f3mputo estable y segura con entrenamiento de modelos r\u00e1pido y sencillo, adem\u00e1s de un pipeline E2E de desarrollo de modelos para desplegar, depurar y optimizar de manera eficiente las aplicaciones de modelos fundacionales y las aplicaciones espec\u00edficas de escenarios. Campos tan diversos como la Miner\u00eda, la Salud, o el Transporte ferroviario se ver\u00e1n afectados positivamente por los alcances de esta plataforma.<\/p>\n<p>&nbsp;<\/p>\n<p>\u201cLa Inteligencia Artificial es la nueva tecnolog\u00eda de prop\u00f3sito general (GPT, por sus siglas en ingl\u00e9s) y la computaci\u00f3n del conocimiento es la nueva manera de combinar el conocimiento de la industria con la IA. Para Huawei es un gusto poder compartir estos conceptos y transmitirlos a las universidades bolivianas\u201d, concluy\u00f3 Cardozo.<\/p>\n<p>&nbsp;<\/p>\n<p>Huawei Cloud es una plataforma de desarrollo confiable y de r\u00e1pido acceso que permite crecer en un entorno estable para adquirir recursos de c\u00f3mputo y almacenamiento en la Nube. Utiliza softwares y hardwares avanzados, dispositivos de almacenamiento y dispositivos de red, as\u00ed como una diversidad de programas de virtualizaci\u00f3n y gesti\u00f3n de la Nube.<\/p>\n<p>&nbsp;<\/p>\n<p>Adem\u00e1s de presentar los avances tecnol\u00f3gicos, la conferencia tambi\u00e9n destac\u00f3 la colaboraci\u00f3n entre Huawei y la UAGRM, una relaci\u00f3n que busca fortalecer las competencias digitales de los estudiantes y profesionales en Bolivia. La empresa tecnol\u00f3gica y la universidad est\u00e1n trabajando juntas para proporcionar acceso a herramientas tecnol\u00f3gicas de vanguardia, impulsando la formaci\u00f3n en \u00e1reas clave como la Inteligencia Artificial y la computaci\u00f3n en la Nube.<\/p>\n<p>&nbsp;<\/p>\n<p>El evento atrajo a estudiantes, docentes y profesionales de la tecnolog\u00eda, quienes expresaron su inter\u00e9s en aplicar estas innovaciones en el contexto local para mejorar procesos industriales y educativos.<\/p>\n<p>&nbsp;<\/p>\n<p>Huawei contin\u00faa liderando el camino hacia un futuro digital m\u00e1s inclusivo y sostenible en Bolivia, ofreciendo soluciones tecnol\u00f3gicas avanzadas que transformar\u00e1n la forma en que las empresas y los sectores p\u00fablicos operan y se conectan.<\/p>\n<p>&nbsp;<\/p>\n\r\n                <style type=\"text\/css\">\r\n                    \r\n                    #tdi_1  .td-doubleSlider-2 .td-item1 {\r\n                        background: url(https:\/\/www.eldiario.net\/portal\/wp-content\/uploads\/2024\/09\/WhatsApp-Image-2024-09-10-at-9.00.07-PM-1-80x60.jpeg) 0 0 no-repeat;\r\n                    }\r\n                    #tdi_1  .td-doubleSlider-2 .td-item2 {\r\n                        background: url(https:\/\/www.eldiario.net\/portal\/wp-content\/uploads\/2024\/09\/WhatsApp-Image-2024-09-10-at-9.00.07-PM-80x60.jpeg) 0 0 no-repeat;\r\n                    }\r\n                <\/style>\r\n\r\n                <div id=\"tdi_1\" class=\"td-gallery td-slide-on-2-columns\">\r\n                    <div class=\"post_td_gallery\">\r\n                        <div class=\"td-gallery-slide-top\">\r\n                           <div class=\"td-gallery-title\"><\/div>\r\n\r\n                            <div class=\"td-gallery-controls-wrapper\">\r\n                                <div class=\"td-gallery-slide-count\"><span class=\"td-gallery-slide-item-focus\">1<\/span> de 2<\/div>\r\n                                <div class=\"td-gallery-slide-prev-next-but\">\r\n                                    <i class = \"td-icon-left doubleSliderPrevButton\"><\/i>\r\n                                    <i class = \"td-icon-right doubleSliderNextButton\"><\/i>\r\n                                <\/div>\r\n                            <\/div>\r\n                        <\/div>\r\n\r\n                        <div class = \"td-doubleSlider-1 \">\r\n                            <div class = \"td-slider\">\r\n                                \r\n                    <div class = \"td-slide-item td-item1\">\r\n                        <figure class=\"td-slide-galery-figure td-slide-popup-gallery\">\r\n                            <a class=\"slide-gallery-image-link\" href=\"https:\/\/www.eldiario.net\/portal\/wp-content\/uploads\/2024\/09\/WhatsApp-Image-2024-09-10-at-9.00.07-PM-1.jpeg\" title=\"WhatsApp Image 2024-09-10 at 9.00.07 PM (1)\"  data-caption=\"\"  data-description=\"\">\r\n                                <img decoding=\"async\" src=\"https:\/\/www.eldiario.net\/portal\/wp-content\/uploads\/2024\/09\/WhatsApp-Image-2024-09-10-at-9.00.07-PM-1-420x420.jpeg\" srcset=\"https:\/\/www.eldiario.net\/portal\/wp-content\/uploads\/2024\/09\/WhatsApp-Image-2024-09-10-at-9.00.07-PM-1-420x420.jpeg 420w, https:\/\/www.eldiario.net\/portal\/wp-content\/uploads\/2024\/09\/WhatsApp-Image-2024-09-10-at-9.00.07-PM-1-300x300.jpeg 300w, https:\/\/www.eldiario.net\/portal\/wp-content\/uploads\/2024\/09\/WhatsApp-Image-2024-09-10-at-9.00.07-PM-1-150x150.jpeg 150w, https:\/\/www.eldiario.net\/portal\/wp-content\/uploads\/2024\/09\/WhatsApp-Image-2024-09-10-at-9.00.07-PM-1-768x768.jpeg 768w, https:\/\/www.eldiario.net\/portal\/wp-content\/uploads\/2024\/09\/WhatsApp-Image-2024-09-10-at-9.00.07-PM-1-696x696.jpeg 696w, https:\/\/www.eldiario.net\/portal\/wp-content\/uploads\/2024\/09\/WhatsApp-Image-2024-09-10-at-9.00.07-PM-1.jpeg 1024w\" sizes=\"(max-width: 420px) 100vw, 420px\" alt=\"\">\r\n                            <\/a>\r\n                            \r\n                        <\/figure>\r\n                    <\/div>\r\n                    <div class = \"td-slide-item td-item2\">\r\n                        <figure class=\"td-slide-galery-figure td-slide-popup-gallery\">\r\n                            <a class=\"slide-gallery-image-link\" href=\"https:\/\/www.eldiario.net\/portal\/wp-content\/uploads\/2024\/09\/WhatsApp-Image-2024-09-10-at-9.00.07-PM.jpeg\" title=\"WhatsApp Image 2024-09-10 at 9.00.07 PM\"  data-caption=\"\"  data-description=\"\">\r\n                                <img decoding=\"async\" src=\"https:\/\/www.eldiario.net\/portal\/wp-content\/uploads\/2024\/09\/WhatsApp-Image-2024-09-10-at-9.00.07-PM-420x420.jpeg\" srcset=\"https:\/\/www.eldiario.net\/portal\/wp-content\/uploads\/2024\/09\/WhatsApp-Image-2024-09-10-at-9.00.07-PM-420x420.jpeg 420w, https:\/\/www.eldiario.net\/portal\/wp-content\/uploads\/2024\/09\/WhatsApp-Image-2024-09-10-at-9.00.07-PM-300x300.jpeg 300w, https:\/\/www.eldiario.net\/portal\/wp-content\/uploads\/2024\/09\/WhatsApp-Image-2024-09-10-at-9.00.07-PM-150x150.jpeg 150w, https:\/\/www.eldiario.net\/portal\/wp-content\/uploads\/2024\/09\/WhatsApp-Image-2024-09-10-at-9.00.07-PM-768x768.jpeg 768w, https:\/\/www.eldiario.net\/portal\/wp-content\/uploads\/2024\/09\/WhatsApp-Image-2024-09-10-at-9.00.07-PM-696x696.jpeg 696w, https:\/\/www.eldiario.net\/portal\/wp-content\/uploads\/2024\/09\/WhatsApp-Image-2024-09-10-at-9.00.07-PM.jpeg 1024w\" sizes=\"(max-width: 420px) 100vw, 420px\" alt=\"\">\r\n                            <\/a>\r\n                            \r\n                        <\/figure>\r\n                    <\/div>\r\n                            <\/div>\r\n                        <\/div>\r\n\r\n                        <div class = \"td-doubleSlider-2\">\r\n                            <div class = \"td-slider\">\r\n                                \r\n                    <div class = \"td-button td-item1\">\r\n                        <div class = \"td-border\"><\/div>\r\n                    <\/div>\r\n                    <div class = \"td-button td-item2\">\r\n                        <div class = \"td-border\"><\/div>\r\n                    <\/div>\r\n                            <\/div>\r\n                        <\/div>\r\n\r\n                    <\/div>\r\n\r\n                <\/div>\r\n                \n","protected":false},"excerpt":{"rendered":"<p>Santa Cruz de la Sierra, Bolivia. Huawei, l\u00edder mundial en soluciones tecnol\u00f3gicas, reafirm\u00f3 su compromiso con la innovaci\u00f3n en Bolivia a trav\u00e9s de una conferencia especial sobre Inteligencia Artificial (AI) y los alcances de la Nube, durante el 25to Aniversario de la Escuela de Negocios de la Universidad Aut\u00f3noma Gabriel Ren\u00e9 Moreno (UAGRM), dentro del [&hellip;]<\/p>\n","protected":false},"author":1,"featured_media":246583,"comment_status":"open","ping_status":"open","sticky":false,"template":"","format":"standard","meta":{"_acf_changed":false,"footnotes":""},"categories":[15],"tags":[],"class_list":["post-246582","post","type-post","status-publish","format-standard","has-post-thumbnail","category-portada"],"acf":{"antetitulo":""},"yoast_head":"<!-- This site is optimized with the Yoast SEO plugin v28.4 - https:\/\/yoast.com\/product\/yoast-seo-wordpress\/ -->\n<title>Huawei lidera el avance tecnol\u00f3gico en Bolivia con una conferencia sobre IA y Nube - El Diario - Bolivia<\/title>\n<meta name=\"robots\" content=\"index, follow, max-snippet:-1, max-image-preview:large, max-video-preview:-1\" \/>\n<link rel=\"canonical\" href=\"https:\/\/www.eldiario.net\/portal\/2024\/09\/11\/huawei-lidera-el-avance-tecnologico-en-bolivia-con-una-conferencia-sobre-ia-y-nube\/\" \/>\n<meta property=\"og:locale\" content=\"es_ES\" \/>\n<meta property=\"og:type\" content=\"article\" \/>\n<meta property=\"og:title\" content=\"Huawei lidera el avance tecnol\u00f3gico en Bolivia con una conferencia sobre IA y Nube - El Diario - Bolivia\" \/>\n<meta property=\"og:description\" content=\"Santa Cruz de la Sierra, Bolivia. Huawei, l\u00edder mundial en soluciones tecnol\u00f3gicas, reafirm\u00f3 su compromiso con la innovaci\u00f3n en Bolivia a trav\u00e9s de una conferencia especial sobre Inteligencia Artificial (AI) y los alcances de la Nube, durante el 25to Aniversario de la Escuela de Negocios de la Universidad Aut\u00f3noma Gabriel Ren\u00e9 Moreno (UAGRM), dentro del [&hellip;]\" \/>\n<meta property=\"og:url\" content=\"https:\/\/www.eldiario.net\/portal\/2024\/09\/11\/huawei-lidera-el-avance-tecnologico-en-bolivia-con-una-conferencia-sobre-ia-y-nube\/\" \/>\n<meta property=\"og:site_name\" content=\"El Diario - Bolivia\" \/>\n<meta property=\"article:publisher\" content=\"https:\/\/www.facebook.com\/eldiario.bolivia\/\" \/>\n<meta property=\"article:published_time\" content=\"2024-09-11T09:43:03+00:00\" \/>\n<meta property=\"og:image\" content=\"https:\/\/www.eldiario.net\/portal\/wp-content\/uploads\/2024\/09\/WhatsApp-Image-2024-09-10-at-9.00.07-PM-1.jpeg\" \/>\n\t<meta property=\"og:image:width\" content=\"1024\" \/>\n\t<meta property=\"og:image:height\" content=\"1024\" \/>\n\t<meta property=\"og:image:type\" content=\"image\/jpeg\" \/>\n<meta name=\"author\" content=\"Jeanette\" \/>\n<meta name=\"twitter:card\" content=\"summary_large_image\" \/>\n<meta name=\"twitter:creator\" content=\"@eldiario_net\" \/>\n<meta name=\"twitter:site\" content=\"@eldiario_net\" \/>\n<meta name=\"twitter:label1\" content=\"Escrito por\" \/>\n\t<meta name=\"twitter:data1\" content=\"Jeanette\" \/>\n\t<meta name=\"twitter:label2\" content=\"Tiempo de lectura\" \/>\n\t<meta name=\"twitter:data2\" content=\"4 minutos\" \/>\n<script type=\"application\/ld+json\" class=\"yoast-schema-graph\">{\"@context\":\"https:\\\/\\\/schema.org\",\"@graph\":[{\"@type\":\"Article\",\"@id\":\"https:\\\/\\\/www.eldiario.net\\\/portal\\\/2024\\\/09\\\/11\\\/huawei-lidera-el-avance-tecnologico-en-bolivia-con-una-conferencia-sobre-ia-y-nube\\\/#article\",\"isPartOf\":{\"@id\":\"https:\\\/\\\/www.eldiario.net\\\/portal\\\/2024\\\/09\\\/11\\\/huawei-lidera-el-avance-tecnologico-en-bolivia-con-una-conferencia-sobre-ia-y-nube\\\/\"},\"author\":{\"name\":\"Jeanette\",\"@id\":\"https:\\\/\\\/www.eldiario.net\\\/portal\\\/#\\\/schema\\\/person\\\/2c57cf2b7a7ae032e449e4c9b1019eac\"},\"headline\":\"Huawei lidera el avance tecnol\u00f3gico en Bolivia con una conferencia sobre IA y Nube\",\"datePublished\":\"2024-09-11T09:43:03+00:00\",\"mainEntityOfPage\":{\"@id\":\"https:\\\/\\\/www.eldiario.net\\\/portal\\\/2024\\\/09\\\/11\\\/huawei-lidera-el-avance-tecnologico-en-bolivia-con-una-conferencia-sobre-ia-y-nube\\\/\"},\"wordCount\":711,\"commentCount\":0,\"publisher\":{\"@id\":\"https:\\\/\\\/www.eldiario.net\\\/portal\\\/#organization\"},\"image\":{\"@id\":\"https:\\\/\\\/www.eldiario.net\\\/portal\\\/2024\\\/09\\\/11\\\/huawei-lidera-el-avance-tecnologico-en-bolivia-con-una-conferencia-sobre-ia-y-nube\\\/#primaryimage\"},\"thumbnailUrl\":\"https:\\\/\\\/www.eldiario.net\\\/portal\\\/wp-content\\\/uploads\\\/2024\\\/09\\\/WhatsApp-Image-2024-09-10-at-9.00.07-PM-1.jpeg\",\"articleSection\":[\"Portada\"],\"inLanguage\":\"es\",\"potentialAction\":[{\"@type\":\"CommentAction\",\"name\":\"Comment\",\"target\":[\"https:\\\/\\\/www.eldiario.net\\\/portal\\\/2024\\\/09\\\/11\\\/huawei-lidera-el-avance-tecnologico-en-bolivia-con-una-conferencia-sobre-ia-y-nube\\\/#respond\"]}]},{\"@type\":\"WebPage\",\"@id\":\"https:\\\/\\\/www.eldiario.net\\\/portal\\\/2024\\\/09\\\/11\\\/huawei-lidera-el-avance-tecnologico-en-bolivia-con-una-conferencia-sobre-ia-y-nube\\\/\",\"url\":\"https:\\\/\\\/www.eldiario.net\\\/portal\\\/2024\\\/09\\\/11\\\/huawei-lidera-el-avance-tecnologico-en-bolivia-con-una-conferencia-sobre-ia-y-nube\\\/\",\"name\":\"Huawei lidera el avance tecnol\u00f3gico en Bolivia con una conferencia sobre IA y Nube - El Diario - Bolivia\",\"isPartOf\":{\"@id\":\"https:\\\/\\\/www.eldiario.net\\\/portal\\\/#website\"},\"primaryImageOfPage\":{\"@id\":\"https:\\\/\\\/www.eldiario.net\\\/portal\\\/2024\\\/09\\\/11\\\/huawei-lidera-el-avance-tecnologico-en-bolivia-con-una-conferencia-sobre-ia-y-nube\\\/#primaryimage\"},\"image\":{\"@id\":\"https:\\\/\\\/www.eldiario.net\\\/portal\\\/2024\\\/09\\\/11\\\/huawei-lidera-el-avance-tecnologico-en-bolivia-con-una-conferencia-sobre-ia-y-nube\\\/#primaryimage\"},\"thumbnailUrl\":\"https:\\\/\\\/www.eldiario.net\\\/portal\\\/wp-content\\\/uploads\\\/2024\\\/09\\\/WhatsApp-Image-2024-09-10-at-9.00.07-PM-1.jpeg\",\"datePublished\":\"2024-09-11T09:43:03+00:00\",\"breadcrumb\":{\"@id\":\"https:\\\/\\\/www.eldiario.net\\\/portal\\\/2024\\\/09\\\/11\\\/huawei-lidera-el-avance-tecnologico-en-bolivia-con-una-conferencia-sobre-ia-y-nube\\\/#breadcrumb\"},\"inLanguage\":\"es\",\"potentialAction\":[{\"@type\":\"ReadAction\",\"target\":[\"https:\\\/\\\/www.eldiario.net\\\/portal\\\/2024\\\/09\\\/11\\\/huawei-lidera-el-avance-tecnologico-en-bolivia-con-una-conferencia-sobre-ia-y-nube\\\/\"]}]},{\"@type\":\"ImageObject\",\"inLanguage\":\"es\",\"@id\":\"https:\\\/\\\/www.eldiario.net\\\/portal\\\/2024\\\/09\\\/11\\\/huawei-lidera-el-avance-tecnologico-en-bolivia-con-una-conferencia-sobre-ia-y-nube\\\/#primaryimage\",\"url\":\"https:\\\/\\\/www.eldiario.net\\\/portal\\\/wp-content\\\/uploads\\\/2024\\\/09\\\/WhatsApp-Image-2024-09-10-at-9.00.07-PM-1.jpeg\",\"contentUrl\":\"https:\\\/\\\/www.eldiario.net\\\/portal\\\/wp-content\\\/uploads\\\/2024\\\/09\\\/WhatsApp-Image-2024-09-10-at-9.00.07-PM-1.jpeg\",\"width\":1024,\"height\":1024},{\"@type\":\"BreadcrumbList\",\"@id\":\"https:\\\/\\\/www.eldiario.net\\\/portal\\\/2024\\\/09\\\/11\\\/huawei-lidera-el-avance-tecnologico-en-bolivia-con-una-conferencia-sobre-ia-y-nube\\\/#breadcrumb\",\"itemListElement\":[{\"@type\":\"ListItem\",\"position\":1,\"name\":\"Portada\",\"item\":\"https:\\\/\\\/www.eldiario.net\\\/portal\\\/\"},{\"@type\":\"ListItem\",\"position\":2,\"name\":\"Huawei lidera el avance tecnol\u00f3gico en Bolivia con una conferencia sobre IA y Nube\"}]},{\"@type\":\"WebSite\",\"@id\":\"https:\\\/\\\/www.eldiario.net\\\/portal\\\/#website\",\"url\":\"https:\\\/\\\/www.eldiario.net\\\/portal\\\/\",\"name\":\"El Diario - Decano de la prensa nacional\",\"description\":\"El Diario - Decano de la prensa nacional\",\"publisher\":{\"@id\":\"https:\\\/\\\/www.eldiario.net\\\/portal\\\/#organization\"},\"potentialAction\":[{\"@type\":\"SearchAction\",\"target\":{\"@type\":\"EntryPoint\",\"urlTemplate\":\"https:\\\/\\\/www.eldiario.net\\\/portal\\\/?s={search_term_string}\"},\"query-input\":{\"@type\":\"PropertyValueSpecification\",\"valueRequired\":true,\"valueName\":\"search_term_string\"}}],\"inLanguage\":\"es\"},{\"@type\":\"Organization\",\"@id\":\"https:\\\/\\\/www.eldiario.net\\\/portal\\\/#organization\",\"name\":\"El Diario - Decano de la prensa nacional\",\"url\":\"https:\\\/\\\/www.eldiario.net\\\/portal\\\/\",\"logo\":{\"@type\":\"ImageObject\",\"inLanguage\":\"es\",\"@id\":\"https:\\\/\\\/www.eldiario.net\\\/portal\\\/#\\\/schema\\\/logo\\\/image\\\/\",\"url\":\"https:\\\/\\\/www.eldiario.net\\\/portal\\\/wp-content\\\/uploads\\\/2023\\\/07\\\/logo_ED.jpg\",\"contentUrl\":\"https:\\\/\\\/www.eldiario.net\\\/portal\\\/wp-content\\\/uploads\\\/2023\\\/07\\\/logo_ED.jpg\",\"width\":272,\"height\":52,\"caption\":\"El Diario - Decano de la prensa nacional\"},\"image\":{\"@id\":\"https:\\\/\\\/www.eldiario.net\\\/portal\\\/#\\\/schema\\\/logo\\\/image\\\/\"},\"sameAs\":[\"https:\\\/\\\/www.facebook.com\\\/eldiario.bolivia\\\/\",\"https:\\\/\\\/x.com\\\/eldiario_net\"]},{\"@type\":\"Person\",\"@id\":\"https:\\\/\\\/www.eldiario.net\\\/portal\\\/#\\\/schema\\\/person\\\/2c57cf2b7a7ae032e449e4c9b1019eac\",\"name\":\"Jeanette\",\"image\":{\"@type\":\"ImageObject\",\"inLanguage\":\"es\",\"@id\":\"https:\\\/\\\/secure.gravatar.com\\\/avatar\\\/3ea2118a5f7dad2b7138b1187a6b7ee55f160b9968b66013c3a3ef39dd7e5798?s=96&d=mm&r=g\",\"url\":\"https:\\\/\\\/secure.gravatar.com\\\/avatar\\\/3ea2118a5f7dad2b7138b1187a6b7ee55f160b9968b66013c3a3ef39dd7e5798?s=96&d=mm&r=g\",\"contentUrl\":\"https:\\\/\\\/secure.gravatar.com\\\/avatar\\\/3ea2118a5f7dad2b7138b1187a6b7ee55f160b9968b66013c3a3ef39dd7e5798?s=96&d=mm&r=g\",\"caption\":\"Jeanette\"},\"sameAs\":[\"https:\\\/\\\/www.eldiario.net\\\/portal\"],\"url\":\"https:\\\/\\\/www.eldiario.net\\\/portal\\\/author\\\/jeanette\\\/\"}]}<\/script>\n<!-- \/ Yoast SEO plugin. -->","yoast_head_json":{"title":"Huawei lidera el avance tecnol\u00f3gico en Bolivia con una conferencia sobre IA y Nube - El Diario - Bolivia","robots":{"index":"index","follow":"follow","max-snippet":"max-snippet:-1","max-image-preview":"max-image-preview:large","max-video-preview":"max-video-preview:-1"},"canonical":"https:\/\/www.eldiario.net\/portal\/2024\/09\/11\/huawei-lidera-el-avance-tecnologico-en-bolivia-con-una-conferencia-sobre-ia-y-nube\/","og_locale":"es_ES","og_type":"article","og_title":"Huawei lidera el avance tecnol\u00f3gico en Bolivia con una conferencia sobre IA y Nube - El Diario - Bolivia","og_description":"Santa Cruz de la Sierra, Bolivia. Huawei, l\u00edder mundial en soluciones tecnol\u00f3gicas, reafirm\u00f3 su compromiso con la innovaci\u00f3n en Bolivia a trav\u00e9s de una conferencia especial sobre Inteligencia Artificial (AI) y los alcances de la Nube, durante el 25to Aniversario de la Escuela de Negocios de la Universidad Aut\u00f3noma Gabriel Ren\u00e9 Moreno (UAGRM), dentro del [&hellip;]","og_url":"https:\/\/www.eldiario.net\/portal\/2024\/09\/11\/huawei-lidera-el-avance-tecnologico-en-bolivia-con-una-conferencia-sobre-ia-y-nube\/","og_site_name":"El Diario - Bolivia","article_publisher":"https:\/\/www.facebook.com\/eldiario.bolivia\/","article_published_time":"2024-09-11T09:43:03+00:00","og_image":[{"width":1024,"height":1024,"url":"https:\/\/www.eldiario.net\/portal\/wp-content\/uploads\/2024\/09\/WhatsApp-Image-2024-09-10-at-9.00.07-PM-1.jpeg","type":"image\/jpeg"}],"author":"Jeanette","twitter_card":"summary_large_image","twitter_creator":"@eldiario_net","twitter_site":"@eldiario_net","twitter_misc":{"Escrito por":"Jeanette","Tiempo de lectura":"4 minutos"},"schema":{"@context":"https:\/\/schema.org","@graph":[{"@type":"Article","@id":"https:\/\/www.eldiario.net\/portal\/2024\/09\/11\/huawei-lidera-el-avance-tecnologico-en-bolivia-con-una-conferencia-sobre-ia-y-nube\/#article","isPartOf":{"@id":"https:\/\/www.eldiario.net\/portal\/2024\/09\/11\/huawei-lidera-el-avance-tecnologico-en-bolivia-con-una-conferencia-sobre-ia-y-nube\/"},"author":{"name":"Jeanette","@id":"https:\/\/www.eldiario.net\/portal\/#\/schema\/person\/2c57cf2b7a7ae032e449e4c9b1019eac"},"headline":"Huawei lidera el avance tecnol\u00f3gico en Bolivia con una conferencia sobre IA y Nube","datePublished":"2024-09-11T09:43:03+00:00","mainEntityOfPage":{"@id":"https:\/\/www.eldiario.net\/portal\/2024\/09\/11\/huawei-lidera-el-avance-tecnologico-en-bolivia-con-una-conferencia-sobre-ia-y-nube\/"},"wordCount":711,"commentCount":0,"publisher":{"@id":"https:\/\/www.eldiario.net\/portal\/#organization"},"image":{"@id":"https:\/\/www.eldiario.net\/portal\/2024\/09\/11\/huawei-lidera-el-avance-tecnologico-en-bolivia-con-una-conferencia-sobre-ia-y-nube\/#primaryimage"},"thumbnailUrl":"https:\/\/www.eldiario.net\/portal\/wp-content\/uploads\/2024\/09\/WhatsApp-Image-2024-09-10-at-9.00.07-PM-1.jpeg","articleSection":["Portada"],"inLanguage":"es","potentialAction":[{"@type":"CommentAction","name":"Comment","target":["https:\/\/www.eldiario.net\/portal\/2024\/09\/11\/huawei-lidera-el-avance-tecnologico-en-bolivia-con-una-conferencia-sobre-ia-y-nube\/#respond"]}]},{"@type":"WebPage","@id":"https:\/\/www.eldiario.net\/portal\/2024\/09\/11\/huawei-lidera-el-avance-tecnologico-en-bolivia-con-una-conferencia-sobre-ia-y-nube\/","url":"https:\/\/www.eldiario.net\/portal\/2024\/09\/11\/huawei-lidera-el-avance-tecnologico-en-bolivia-con-una-conferencia-sobre-ia-y-nube\/","name":"Huawei lidera el avance tecnol\u00f3gico en Bolivia con una conferencia sobre IA y Nube - El Diario - Bolivia","isPartOf":{"@id":"https:\/\/www.eldiario.net\/portal\/#website"},"primaryImageOfPage":{"@id":"https:\/\/www.eldiario.net\/portal\/2024\/09\/11\/huawei-lidera-el-avance-tecnologico-en-bolivia-con-una-conferencia-sobre-ia-y-nube\/#primaryimage"},"image":{"@id":"https:\/\/www.eldiario.net\/portal\/2024\/09\/11\/huawei-lidera-el-avance-tecnologico-en-bolivia-con-una-conferencia-sobre-ia-y-nube\/#primaryimage"},"thumbnailUrl":"https:\/\/www.eldiario.net\/portal\/wp-content\/uploads\/2024\/09\/WhatsApp-Image-2024-09-10-at-9.00.07-PM-1.jpeg","datePublished":"2024-09-11T09:43:03+00:00","breadcrumb":{"@id":"https:\/\/www.eldiario.net\/portal\/2024\/09\/11\/huawei-lidera-el-avance-tecnologico-en-bolivia-con-una-conferencia-sobre-ia-y-nube\/#breadcrumb"},"inLanguage":"es","potentialAction":[{"@type":"ReadAction","target":["https:\/\/www.eldiario.net\/portal\/2024\/09\/11\/huawei-lidera-el-avance-tecnologico-en-bolivia-con-una-conferencia-sobre-ia-y-nube\/"]}]},{"@type":"ImageObject","inLanguage":"es","@id":"https:\/\/www.eldiario.net\/portal\/2024\/09\/11\/huawei-lidera-el-avance-tecnologico-en-bolivia-con-una-conferencia-sobre-ia-y-nube\/#primaryimage","url":"https:\/\/www.eldiario.net\/portal\/wp-content\/uploads\/2024\/09\/WhatsApp-Image-2024-09-10-at-9.00.07-PM-1.jpeg","contentUrl":"https:\/\/www.eldiario.net\/portal\/wp-content\/uploads\/2024\/09\/WhatsApp-Image-2024-09-10-at-9.00.07-PM-1.jpeg","width":1024,"height":1024},{"@type":"BreadcrumbList","@id":"https:\/\/www.eldiario.net\/portal\/2024\/09\/11\/huawei-lidera-el-avance-tecnologico-en-bolivia-con-una-conferencia-sobre-ia-y-nube\/#breadcrumb","itemListElement":[{"@type":"ListItem","position":1,"name":"Portada","item":"https:\/\/www.eldiario.net\/portal\/"},{"@type":"ListItem","position":2,"name":"Huawei lidera el avance tecnol\u00f3gico en Bolivia con una conferencia sobre IA y Nube"}]},{"@type":"WebSite","@id":"https:\/\/www.eldiario.net\/portal\/#website","url":"https:\/\/www.eldiario.net\/portal\/","name":"El Diario - Decano de la prensa nacional","description":"El Diario - Decano de la prensa nacional","publisher":{"@id":"https:\/\/www.eldiario.net\/portal\/#organization"},"potentialAction":[{"@type":"SearchAction","target":{"@type":"EntryPoint","urlTemplate":"https:\/\/www.eldiario.net\/portal\/?s={search_term_string}"},"query-input":{"@type":"PropertyValueSpecification","valueRequired":true,"valueName":"search_term_string"}}],"inLanguage":"es"},{"@type":"Organization","@id":"https:\/\/www.eldiario.net\/portal\/#organization","name":"El Diario - Decano de la prensa nacional","url":"https:\/\/www.eldiario.net\/portal\/","logo":{"@type":"ImageObject","inLanguage":"es","@id":"https:\/\/www.eldiario.net\/portal\/#\/schema\/logo\/image\/","url":"https:\/\/www.eldiario.net\/portal\/wp-content\/uploads\/2023\/07\/logo_ED.jpg","contentUrl":"https:\/\/www.eldiario.net\/portal\/wp-content\/uploads\/2023\/07\/logo_ED.jpg","width":272,"height":52,"caption":"El Diario - Decano de la prensa nacional"},"image":{"@id":"https:\/\/www.eldiario.net\/portal\/#\/schema\/logo\/image\/"},"sameAs":["https:\/\/www.facebook.com\/eldiario.bolivia\/","https:\/\/x.com\/eldiario_net"]},{"@type":"Person","@id":"https:\/\/www.eldiario.net\/portal\/#\/schema\/person\/2c57cf2b7a7ae032e449e4c9b1019eac","name":"Jeanette","image":{"@type":"ImageObject","inLanguage":"es","@id":"https:\/\/secure.gravatar.com\/avatar\/3ea2118a5f7dad2b7138b1187a6b7ee55f160b9968b66013c3a3ef39dd7e5798?s=96&d=mm&r=g","url":"https:\/\/secure.gravatar.com\/avatar\/3ea2118a5f7dad2b7138b1187a6b7ee55f160b9968b66013c3a3ef39dd7e5798?s=96&d=mm&r=g","contentUrl":"https:\/\/secure.gravatar.com\/avatar\/3ea2118a5f7dad2b7138b1187a6b7ee55f160b9968b66013c3a3ef39dd7e5798?s=96&d=mm&r=g","caption":"Jeanette"},"sameAs":["https:\/\/www.eldiario.net\/portal"],"url":"https:\/\/www.eldiario.net\/portal\/author\/jeanette\/"}]}},"_links":{"self":[{"href":"https:\/\/www.eldiario.net\/portal\/wp-json\/wp\/v2\/posts\/246582","targetHints":{"allow":["GET"]}}],"collection":[{"href":"https:\/\/www.eldiario.net\/portal\/wp-json\/wp\/v2\/posts"}],"about":[{"href":"https:\/\/www.eldiario.net\/portal\/wp-json\/wp\/v2\/types\/post"}],"author":[{"embeddable":true,"href":"https:\/\/www.eldiario.net\/portal\/wp-json\/wp\/v2\/users\/1"}],"replies":[{"embeddable":true,"href":"https:\/\/www.eldiario.net\/portal\/wp-json\/wp\/v2\/comments?post=246582"}],"version-history":[{"count":1,"href":"https:\/\/www.eldiario.net\/portal\/wp-json\/wp\/v2\/posts\/246582\/revisions"}],"predecessor-version":[{"id":246585,"href":"https:\/\/www.eldiario.net\/portal\/wp-json\/wp\/v2\/posts\/246582\/revisions\/246585"}],"wp:featuredmedia":[{"embeddable":true,"href":"https:\/\/www.eldiario.net\/portal\/wp-json\/wp\/v2\/media\/246583"}],"wp:attachment":[{"href":"https:\/\/www.eldiario.net\/portal\/wp-json\/wp\/v2\/media?parent=246582"}],"wp:term":[{"taxonomy":"category","embeddable":true,"href":"https:\/\/www.eldiario.net\/portal\/wp-json\/wp\/v2\/categories?post=246582"},{"taxonomy":"post_tag","embeddable":true,"href":"https:\/\/www.eldiario.net\/portal\/wp-json\/wp\/v2\/tags?post=246582"}],"curies":[{"name":"wp","href":"https:\/\/api.w.org\/{rel}","templated":true}]}}