{"id":246517,"date":"2024-09-10T06:26:13","date_gmt":"2024-09-10T10:26:13","guid":{"rendered":"https:\/\/www.eldiario.net\/portal\/?p=246517"},"modified":"2024-09-10T06:26:13","modified_gmt":"2024-09-10T10:26:13","slug":"los-industriales-piden-aprobacion-de-creditos","status":"publish","type":"post","link":"https:\/\/www.eldiario.net\/portal\/2024\/09\/10\/los-industriales-piden-aprobacion-de-creditos\/","title":{"rendered":"Los industriales piden  aprobaci\u00f3n de cr\u00e9ditos"},"content":{"rendered":"<p>El presidente de la C\u00e1mara Nacional de Industrias (CNI), Pablo Camacho, alert\u00f3 que Bolivia en estos momentos requiere de cr\u00e9ditos y pr\u00e9stamos para reactivar su econom\u00eda y que la no aprobaci\u00f3n de los mismos en la Asamblea Legislativa Plurinacional (ALP) est\u00e1 contrayendo la econom\u00eda. Los economistas, en cambio, se\u00f1alan que el financiamiento no solucionar\u00e1 la falta de d\u00f3lares y que la escasez de divisas, adem\u00e1s de combustibles, va ralentizando la actividad productiva.<\/p>\n<p>\u201cHoy tenemos que ser pr\u00e1cticos. S\u00ed Bolivia necesita de pr\u00e9stamos, necesita de cr\u00e9ditos para reactivar la econom\u00eda, esta incertidumbre, sin lugar a dudas, est\u00e1 contrayendo la actividad econ\u00f3mica\u201d, asegur\u00f3 en conferencia de prensa.<\/p>\n<p>El economista Gonzalo Ch\u00e1vez, en sus redes sociales, asegur\u00f3 que los m\u00e1s de 1.000 millones de d\u00f3lares que est\u00e1n en an\u00e1lisis en la Asamblea legislativa, no resolver\u00e1 la escasez de d\u00f3lares, debido a que estos recursos ya tienen destino, y son obras.<\/p>\n<p>Adem\u00e1s, para asumir cualquier pol\u00edtica para reactivar la econom\u00eda y encaminar propuestas integrales, se requieren recursos, de por lo menos 3.000 millones de d\u00f3lares; en su momento el economista y docente de la Universidad T\u00e9cnica de Oruro (UTO), Ernesto Bernal, indic\u00f3, en una entrevista anterior, que la econom\u00eda nacional requerir\u00e1 10.000 millones.<\/p>\n<p>CIFRAS<\/p>\n<p>En el Legislativo existen cr\u00e9ditos estancados por m\u00e1s de 1.000 millones de d\u00f3lares en diferentes proyectos que ayudar\u00edan a dinamizar la econom\u00eda, en este momento en el que el pa\u00eds tiene problemas por la falta de d\u00f3lares, tal como lo mencion\u00f3 el presidente Luis Arce en su mensaje del domingo.<\/p>\n<p>Camacho insisti\u00f3 en que el empresariado boliviano requiere de una ley de inversi\u00f3n que les permita garantizar la seguridad jur\u00eddica, la misma que fue presentada el 16 de agosto al Gobierno nacional.<\/p>\n<p>\u201cEste proyecto de ley puede aportar en el corto y mediano plazo a la situaci\u00f3n que enfrenta Bolivia\u201d, ponder\u00f3.<\/p>\n<p>La CNI particip\u00f3 del \u201cDi\u00e1logo nacional por la econom\u00eda y la producci\u00f3n\u201d, convocado por el presidente Luis Arce en agosto pasado, a fin de hallar soluciones a los problemas econ\u00f3micos que atraviesa el pa\u00eds.<\/p>\n<p>\u201cLa C\u00e1mara Nacional de Industrias acudir\u00e1 a cuanto di\u00e1logo se convoque para reactivarnos y encontrar el crecimiento econ\u00f3mico que tanto anhelamos (\u2026). En estos momentos tenemos que encontrar soluciones\u201d, se\u00f1al\u00f3.<\/p>\n","protected":false},"excerpt":{"rendered":"<p>El presidente de la C\u00e1mara Nacional de Industrias (CNI), Pablo Camacho, alert\u00f3 que Bolivia en estos momentos requiere de cr\u00e9ditos y pr\u00e9stamos para reactivar su econom\u00eda y que la no aprobaci\u00f3n de los mismos en la Asamblea Legislativa Plurinacional (ALP) est\u00e1 contrayendo la econom\u00eda. Los economistas, en cambio, se\u00f1alan que el financiamiento no solucionar\u00e1 la [&hellip;]<\/p>\n","protected":false},"author":1,"featured_media":246518,"comment_status":"open","ping_status":"open","sticky":false,"template":"","format":"standard","meta":{"_acf_changed":false,"footnotes":""},"categories":[7],"tags":[],"class_list":["post-246517","post","type-post","status-publish","format-standard","has-post-thumbnail","category-economia"],"acf":{"antetitulo":""},"yoast_head":"<!-- This site is optimized with the Yoast SEO plugin v28.3 - https:\/\/yoast.com\/product\/yoast-seo-wordpress\/ -->\n<title>Los industriales piden aprobaci\u00f3n de cr\u00e9ditos - El Diario - Bolivia<\/title>\n<meta name=\"robots\" content=\"index, follow, max-snippet:-1, max-image-preview:large, max-video-preview:-1\" \/>\n<link rel=\"canonical\" href=\"https:\/\/www.eldiario.net\/portal\/2024\/09\/10\/los-industriales-piden-aprobacion-de-creditos\/\" \/>\n<meta property=\"og:locale\" content=\"es_ES\" \/>\n<meta property=\"og:type\" content=\"article\" \/>\n<meta property=\"og:title\" content=\"Los industriales piden aprobaci\u00f3n de cr\u00e9ditos - El Diario - Bolivia\" \/>\n<meta property=\"og:description\" content=\"El presidente de la C\u00e1mara Nacional de Industrias (CNI), Pablo Camacho, alert\u00f3 que Bolivia en estos momentos requiere de cr\u00e9ditos y pr\u00e9stamos para reactivar su econom\u00eda y que la no aprobaci\u00f3n de los mismos en la Asamblea Legislativa Plurinacional (ALP) est\u00e1 contrayendo la econom\u00eda. Los economistas, en cambio, se\u00f1alan que el financiamiento no solucionar\u00e1 la [&hellip;]\" \/>\n<meta property=\"og:url\" content=\"https:\/\/www.eldiario.net\/portal\/2024\/09\/10\/los-industriales-piden-aprobacion-de-creditos\/\" \/>\n<meta property=\"og:site_name\" content=\"El Diario - Bolivia\" \/>\n<meta property=\"article:publisher\" content=\"https:\/\/www.facebook.com\/eldiario.bolivia\/\" \/>\n<meta property=\"article:published_time\" content=\"2024-09-10T10:26:13+00:00\" \/>\n<meta property=\"og:image\" content=\"https:\/\/www.eldiario.net\/portal\/wp-content\/uploads\/2024\/09\/DITOS-FOTO.jpg\" \/>\n\t<meta property=\"og:image:width\" content=\"260\" \/>\n\t<meta property=\"og:image:height\" content=\"194\" \/>\n\t<meta property=\"og:image:type\" content=\"image\/jpeg\" \/>\n<meta name=\"author\" content=\"Jeanette\" \/>\n<meta name=\"twitter:card\" content=\"summary_large_image\" \/>\n<meta name=\"twitter:creator\" content=\"@eldiario_net\" \/>\n<meta name=\"twitter:site\" content=\"@eldiario_net\" \/>\n<meta name=\"twitter:label1\" content=\"Escrito por\" \/>\n\t<meta name=\"twitter:data1\" content=\"Jeanette\" \/>\n\t<meta name=\"twitter:label2\" content=\"Tiempo de lectura\" \/>\n\t<meta name=\"twitter:data2\" content=\"2 minutos\" \/>\n<script type=\"application\/ld+json\" class=\"yoast-schema-graph\">{\"@context\":\"https:\\\/\\\/schema.org\",\"@graph\":[{\"@type\":\"Article\",\"@id\":\"https:\\\/\\\/www.eldiario.net\\\/portal\\\/2024\\\/09\\\/10\\\/los-industriales-piden-aprobacion-de-creditos\\\/#article\",\"isPartOf\":{\"@id\":\"https:\\\/\\\/www.eldiario.net\\\/portal\\\/2024\\\/09\\\/10\\\/los-industriales-piden-aprobacion-de-creditos\\\/\"},\"author\":{\"name\":\"Jeanette\",\"@id\":\"https:\\\/\\\/www.eldiario.net\\\/portal\\\/#\\\/schema\\\/person\\\/f46445640444750d7d753ccd04ae01b7\"},\"headline\":\"Los industriales piden aprobaci\u00f3n de cr\u00e9ditos\",\"datePublished\":\"2024-09-10T10:26:13+00:00\",\"mainEntityOfPage\":{\"@id\":\"https:\\\/\\\/www.eldiario.net\\\/portal\\\/2024\\\/09\\\/10\\\/los-industriales-piden-aprobacion-de-creditos\\\/\"},\"wordCount\":412,\"commentCount\":0,\"publisher\":{\"@id\":\"https:\\\/\\\/www.eldiario.net\\\/portal\\\/#organization\"},\"image\":{\"@id\":\"https:\\\/\\\/www.eldiario.net\\\/portal\\\/2024\\\/09\\\/10\\\/los-industriales-piden-aprobacion-de-creditos\\\/#primaryimage\"},\"thumbnailUrl\":\"https:\\\/\\\/www.eldiario.net\\\/portal\\\/wp-content\\\/uploads\\\/2024\\\/09\\\/DITOS-FOTO.jpg\",\"articleSection\":[\"Econom\u00eda\"],\"inLanguage\":\"es\",\"potentialAction\":[{\"@type\":\"CommentAction\",\"name\":\"Comment\",\"target\":[\"https:\\\/\\\/www.eldiario.net\\\/portal\\\/2024\\\/09\\\/10\\\/los-industriales-piden-aprobacion-de-creditos\\\/#respond\"]}]},{\"@type\":\"WebPage\",\"@id\":\"https:\\\/\\\/www.eldiario.net\\\/portal\\\/2024\\\/09\\\/10\\\/los-industriales-piden-aprobacion-de-creditos\\\/\",\"url\":\"https:\\\/\\\/www.eldiario.net\\\/portal\\\/2024\\\/09\\\/10\\\/los-industriales-piden-aprobacion-de-creditos\\\/\",\"name\":\"Los industriales piden aprobaci\u00f3n de cr\u00e9ditos - El Diario - Bolivia\",\"isPartOf\":{\"@id\":\"https:\\\/\\\/www.eldiario.net\\\/portal\\\/#website\"},\"primaryImageOfPage\":{\"@id\":\"https:\\\/\\\/www.eldiario.net\\\/portal\\\/2024\\\/09\\\/10\\\/los-industriales-piden-aprobacion-de-creditos\\\/#primaryimage\"},\"image\":{\"@id\":\"https:\\\/\\\/www.eldiario.net\\\/portal\\\/2024\\\/09\\\/10\\\/los-industriales-piden-aprobacion-de-creditos\\\/#primaryimage\"},\"thumbnailUrl\":\"https:\\\/\\\/www.eldiario.net\\\/portal\\\/wp-content\\\/uploads\\\/2024\\\/09\\\/DITOS-FOTO.jpg\",\"datePublished\":\"2024-09-10T10:26:13+00:00\",\"breadcrumb\":{\"@id\":\"https:\\\/\\\/www.eldiario.net\\\/portal\\\/2024\\\/09\\\/10\\\/los-industriales-piden-aprobacion-de-creditos\\\/#breadcrumb\"},\"inLanguage\":\"es\",\"potentialAction\":[{\"@type\":\"ReadAction\",\"target\":[\"https:\\\/\\\/www.eldiario.net\\\/portal\\\/2024\\\/09\\\/10\\\/los-industriales-piden-aprobacion-de-creditos\\\/\"]}]},{\"@type\":\"ImageObject\",\"inLanguage\":\"es\",\"@id\":\"https:\\\/\\\/www.eldiario.net\\\/portal\\\/2024\\\/09\\\/10\\\/los-industriales-piden-aprobacion-de-creditos\\\/#primaryimage\",\"url\":\"https:\\\/\\\/www.eldiario.net\\\/portal\\\/wp-content\\\/uploads\\\/2024\\\/09\\\/DITOS-FOTO.jpg\",\"contentUrl\":\"https:\\\/\\\/www.eldiario.net\\\/portal\\\/wp-content\\\/uploads\\\/2024\\\/09\\\/DITOS-FOTO.jpg\",\"width\":260,\"height\":194,\"caption\":\"Pablo Camacho, presidente de la CNI. Foto abi\"},{\"@type\":\"BreadcrumbList\",\"@id\":\"https:\\\/\\\/www.eldiario.net\\\/portal\\\/2024\\\/09\\\/10\\\/los-industriales-piden-aprobacion-de-creditos\\\/#breadcrumb\",\"itemListElement\":[{\"@type\":\"ListItem\",\"position\":1,\"name\":\"Portada\",\"item\":\"https:\\\/\\\/www.eldiario.net\\\/portal\\\/\"},{\"@type\":\"ListItem\",\"position\":2,\"name\":\"Los industriales piden aprobaci\u00f3n de cr\u00e9ditos\"}]},{\"@type\":\"WebSite\",\"@id\":\"https:\\\/\\\/www.eldiario.net\\\/portal\\\/#website\",\"url\":\"https:\\\/\\\/www.eldiario.net\\\/portal\\\/\",\"name\":\"El Diario - Decano de la prensa nacional\",\"description\":\"El Diario - Decano de la prensa nacional\",\"publisher\":{\"@id\":\"https:\\\/\\\/www.eldiario.net\\\/portal\\\/#organization\"},\"potentialAction\":[{\"@type\":\"SearchAction\",\"target\":{\"@type\":\"EntryPoint\",\"urlTemplate\":\"https:\\\/\\\/www.eldiario.net\\\/portal\\\/?s={search_term_string}\"},\"query-input\":{\"@type\":\"PropertyValueSpecification\",\"valueRequired\":true,\"valueName\":\"search_term_string\"}}],\"inLanguage\":\"es\"},{\"@type\":\"Organization\",\"@id\":\"https:\\\/\\\/www.eldiario.net\\\/portal\\\/#organization\",\"name\":\"El Diario - Decano de la prensa nacional\",\"url\":\"https:\\\/\\\/www.eldiario.net\\\/portal\\\/\",\"logo\":{\"@type\":\"ImageObject\",\"inLanguage\":\"es\",\"@id\":\"https:\\\/\\\/www.eldiario.net\\\/portal\\\/#\\\/schema\\\/logo\\\/image\\\/\",\"url\":\"https:\\\/\\\/www.eldiario.net\\\/portal\\\/wp-content\\\/uploads\\\/2023\\\/07\\\/logo_ED.jpg\",\"contentUrl\":\"https:\\\/\\\/www.eldiario.net\\\/portal\\\/wp-content\\\/uploads\\\/2023\\\/07\\\/logo_ED.jpg\",\"width\":272,\"height\":52,\"caption\":\"El Diario - Decano de la prensa nacional\"},\"image\":{\"@id\":\"https:\\\/\\\/www.eldiario.net\\\/portal\\\/#\\\/schema\\\/logo\\\/image\\\/\"},\"sameAs\":[\"https:\\\/\\\/www.facebook.com\\\/eldiario.bolivia\\\/\",\"https:\\\/\\\/x.com\\\/eldiario_net\"]},{\"@type\":\"Person\",\"@id\":\"https:\\\/\\\/www.eldiario.net\\\/portal\\\/#\\\/schema\\\/person\\\/f46445640444750d7d753ccd04ae01b7\",\"name\":\"Jeanette\",\"image\":{\"@type\":\"ImageObject\",\"inLanguage\":\"es\",\"@id\":\"https:\\\/\\\/secure.gravatar.com\\\/avatar\\\/3ea2118a5f7dad2b7138b1187a6b7ee55f160b9968b66013c3a3ef39dd7e5798?s=96&d=mm&r=g\",\"url\":\"https:\\\/\\\/secure.gravatar.com\\\/avatar\\\/3ea2118a5f7dad2b7138b1187a6b7ee55f160b9968b66013c3a3ef39dd7e5798?s=96&d=mm&r=g\",\"contentUrl\":\"https:\\\/\\\/secure.gravatar.com\\\/avatar\\\/3ea2118a5f7dad2b7138b1187a6b7ee55f160b9968b66013c3a3ef39dd7e5798?s=96&d=mm&r=g\",\"caption\":\"Jeanette\"},\"sameAs\":[\"https:\\\/\\\/www.eldiario.net\\\/portal\"],\"url\":\"https:\\\/\\\/www.eldiario.net\\\/portal\\\/author\\\/jeanette\\\/\"}]}<\/script>\n<!-- \/ Yoast SEO plugin. -->","yoast_head_json":{"title":"Los industriales piden aprobaci\u00f3n de cr\u00e9ditos - El Diario - Bolivia","robots":{"index":"index","follow":"follow","max-snippet":"max-snippet:-1","max-image-preview":"max-image-preview:large","max-video-preview":"max-video-preview:-1"},"canonical":"https:\/\/www.eldiario.net\/portal\/2024\/09\/10\/los-industriales-piden-aprobacion-de-creditos\/","og_locale":"es_ES","og_type":"article","og_title":"Los industriales piden aprobaci\u00f3n de cr\u00e9ditos - El Diario - Bolivia","og_description":"El presidente de la C\u00e1mara Nacional de Industrias (CNI), Pablo Camacho, alert\u00f3 que Bolivia en estos momentos requiere de cr\u00e9ditos y pr\u00e9stamos para reactivar su econom\u00eda y que la no aprobaci\u00f3n de los mismos en la Asamblea Legislativa Plurinacional (ALP) est\u00e1 contrayendo la econom\u00eda. Los economistas, en cambio, se\u00f1alan que el financiamiento no solucionar\u00e1 la [&hellip;]","og_url":"https:\/\/www.eldiario.net\/portal\/2024\/09\/10\/los-industriales-piden-aprobacion-de-creditos\/","og_site_name":"El Diario - Bolivia","article_publisher":"https:\/\/www.facebook.com\/eldiario.bolivia\/","article_published_time":"2024-09-10T10:26:13+00:00","og_image":[{"width":260,"height":194,"url":"https:\/\/www.eldiario.net\/portal\/wp-content\/uploads\/2024\/09\/DITOS-FOTO.jpg","type":"image\/jpeg"}],"author":"Jeanette","twitter_card":"summary_large_image","twitter_creator":"@eldiario_net","twitter_site":"@eldiario_net","twitter_misc":{"Escrito por":"Jeanette","Tiempo de lectura":"2 minutos"},"schema":{"@context":"https:\/\/schema.org","@graph":[{"@type":"Article","@id":"https:\/\/www.eldiario.net\/portal\/2024\/09\/10\/los-industriales-piden-aprobacion-de-creditos\/#article","isPartOf":{"@id":"https:\/\/www.eldiario.net\/portal\/2024\/09\/10\/los-industriales-piden-aprobacion-de-creditos\/"},"author":{"name":"Jeanette","@id":"https:\/\/www.eldiario.net\/portal\/#\/schema\/person\/f46445640444750d7d753ccd04ae01b7"},"headline":"Los industriales piden aprobaci\u00f3n de cr\u00e9ditos","datePublished":"2024-09-10T10:26:13+00:00","mainEntityOfPage":{"@id":"https:\/\/www.eldiario.net\/portal\/2024\/09\/10\/los-industriales-piden-aprobacion-de-creditos\/"},"wordCount":412,"commentCount":0,"publisher":{"@id":"https:\/\/www.eldiario.net\/portal\/#organization"},"image":{"@id":"https:\/\/www.eldiario.net\/portal\/2024\/09\/10\/los-industriales-piden-aprobacion-de-creditos\/#primaryimage"},"thumbnailUrl":"https:\/\/www.eldiario.net\/portal\/wp-content\/uploads\/2024\/09\/DITOS-FOTO.jpg","articleSection":["Econom\u00eda"],"inLanguage":"es","potentialAction":[{"@type":"CommentAction","name":"Comment","target":["https:\/\/www.eldiario.net\/portal\/2024\/09\/10\/los-industriales-piden-aprobacion-de-creditos\/#respond"]}]},{"@type":"WebPage","@id":"https:\/\/www.eldiario.net\/portal\/2024\/09\/10\/los-industriales-piden-aprobacion-de-creditos\/","url":"https:\/\/www.eldiario.net\/portal\/2024\/09\/10\/los-industriales-piden-aprobacion-de-creditos\/","name":"Los industriales piden aprobaci\u00f3n de cr\u00e9ditos - El Diario - Bolivia","isPartOf":{"@id":"https:\/\/www.eldiario.net\/portal\/#website"},"primaryImageOfPage":{"@id":"https:\/\/www.eldiario.net\/portal\/2024\/09\/10\/los-industriales-piden-aprobacion-de-creditos\/#primaryimage"},"image":{"@id":"https:\/\/www.eldiario.net\/portal\/2024\/09\/10\/los-industriales-piden-aprobacion-de-creditos\/#primaryimage"},"thumbnailUrl":"https:\/\/www.eldiario.net\/portal\/wp-content\/uploads\/2024\/09\/DITOS-FOTO.jpg","datePublished":"2024-09-10T10:26:13+00:00","breadcrumb":{"@id":"https:\/\/www.eldiario.net\/portal\/2024\/09\/10\/los-industriales-piden-aprobacion-de-creditos\/#breadcrumb"},"inLanguage":"es","potentialAction":[{"@type":"ReadAction","target":["https:\/\/www.eldiario.net\/portal\/2024\/09\/10\/los-industriales-piden-aprobacion-de-creditos\/"]}]},{"@type":"ImageObject","inLanguage":"es","@id":"https:\/\/www.eldiario.net\/portal\/2024\/09\/10\/los-industriales-piden-aprobacion-de-creditos\/#primaryimage","url":"https:\/\/www.eldiario.net\/portal\/wp-content\/uploads\/2024\/09\/DITOS-FOTO.jpg","contentUrl":"https:\/\/www.eldiario.net\/portal\/wp-content\/uploads\/2024\/09\/DITOS-FOTO.jpg","width":260,"height":194,"caption":"Pablo Camacho, presidente de la CNI. Foto abi"},{"@type":"BreadcrumbList","@id":"https:\/\/www.eldiario.net\/portal\/2024\/09\/10\/los-industriales-piden-aprobacion-de-creditos\/#breadcrumb","itemListElement":[{"@type":"ListItem","position":1,"name":"Portada","item":"https:\/\/www.eldiario.net\/portal\/"},{"@type":"ListItem","position":2,"name":"Los industriales piden aprobaci\u00f3n de cr\u00e9ditos"}]},{"@type":"WebSite","@id":"https:\/\/www.eldiario.net\/portal\/#website","url":"https:\/\/www.eldiario.net\/portal\/","name":"El Diario - Decano de la prensa nacional","description":"El Diario - Decano de la prensa nacional","publisher":{"@id":"https:\/\/www.eldiario.net\/portal\/#organization"},"potentialAction":[{"@type":"SearchAction","target":{"@type":"EntryPoint","urlTemplate":"https:\/\/www.eldiario.net\/portal\/?s={search_term_string}"},"query-input":{"@type":"PropertyValueSpecification","valueRequired":true,"valueName":"search_term_string"}}],"inLanguage":"es"},{"@type":"Organization","@id":"https:\/\/www.eldiario.net\/portal\/#organization","name":"El Diario - Decano de la prensa nacional","url":"https:\/\/www.eldiario.net\/portal\/","logo":{"@type":"ImageObject","inLanguage":"es","@id":"https:\/\/www.eldiario.net\/portal\/#\/schema\/logo\/image\/","url":"https:\/\/www.eldiario.net\/portal\/wp-content\/uploads\/2023\/07\/logo_ED.jpg","contentUrl":"https:\/\/www.eldiario.net\/portal\/wp-content\/uploads\/2023\/07\/logo_ED.jpg","width":272,"height":52,"caption":"El Diario - Decano de la prensa nacional"},"image":{"@id":"https:\/\/www.eldiario.net\/portal\/#\/schema\/logo\/image\/"},"sameAs":["https:\/\/www.facebook.com\/eldiario.bolivia\/","https:\/\/x.com\/eldiario_net"]},{"@type":"Person","@id":"https:\/\/www.eldiario.net\/portal\/#\/schema\/person\/f46445640444750d7d753ccd04ae01b7","name":"Jeanette","image":{"@type":"ImageObject","inLanguage":"es","@id":"https:\/\/secure.gravatar.com\/avatar\/3ea2118a5f7dad2b7138b1187a6b7ee55f160b9968b66013c3a3ef39dd7e5798?s=96&d=mm&r=g","url":"https:\/\/secure.gravatar.com\/avatar\/3ea2118a5f7dad2b7138b1187a6b7ee55f160b9968b66013c3a3ef39dd7e5798?s=96&d=mm&r=g","contentUrl":"https:\/\/secure.gravatar.com\/avatar\/3ea2118a5f7dad2b7138b1187a6b7ee55f160b9968b66013c3a3ef39dd7e5798?s=96&d=mm&r=g","caption":"Jeanette"},"sameAs":["https:\/\/www.eldiario.net\/portal"],"url":"https:\/\/www.eldiario.net\/portal\/author\/jeanette\/"}]}},"_links":{"self":[{"href":"https:\/\/www.eldiario.net\/portal\/wp-json\/wp\/v2\/posts\/246517","targetHints":{"allow":["GET"]}}],"collection":[{"href":"https:\/\/www.eldiario.net\/portal\/wp-json\/wp\/v2\/posts"}],"about":[{"href":"https:\/\/www.eldiario.net\/portal\/wp-json\/wp\/v2\/types\/post"}],"author":[{"embeddable":true,"href":"https:\/\/www.eldiario.net\/portal\/wp-json\/wp\/v2\/users\/1"}],"replies":[{"embeddable":true,"href":"https:\/\/www.eldiario.net\/portal\/wp-json\/wp\/v2\/comments?post=246517"}],"version-history":[{"count":1,"href":"https:\/\/www.eldiario.net\/portal\/wp-json\/wp\/v2\/posts\/246517\/revisions"}],"predecessor-version":[{"id":246519,"href":"https:\/\/www.eldiario.net\/portal\/wp-json\/wp\/v2\/posts\/246517\/revisions\/246519"}],"wp:featuredmedia":[{"embeddable":true,"href":"https:\/\/www.eldiario.net\/portal\/wp-json\/wp\/v2\/media\/246518"}],"wp:attachment":[{"href":"https:\/\/www.eldiario.net\/portal\/wp-json\/wp\/v2\/media?parent=246517"}],"wp:term":[{"taxonomy":"category","embeddable":true,"href":"https:\/\/www.eldiario.net\/portal\/wp-json\/wp\/v2\/categories?post=246517"},{"taxonomy":"post_tag","embeddable":true,"href":"https:\/\/www.eldiario.net\/portal\/wp-json\/wp\/v2\/tags?post=246517"}],"curies":[{"name":"wp","href":"https:\/\/api.w.org\/{rel}","templated":true}]}}