{"id":246514,"date":"2024-09-10T06:19:12","date_gmt":"2024-09-10T10:19:12","guid":{"rendered":"https:\/\/www.eldiario.net\/portal\/?p=246514"},"modified":"2024-09-10T06:19:12","modified_gmt":"2024-09-10T10:19:12","slug":"mi-teleferico-figura-entre-las-empresas-deficitarias","status":"publish","type":"post","link":"https:\/\/www.eldiario.net\/portal\/2024\/09\/10\/mi-teleferico-figura-entre-las-empresas-deficitarias\/","title":{"rendered":"M\u00ed Telef\u00e9rico figura entre  las empresas deficitarias"},"content":{"rendered":"<p>En el marco de una investigaci\u00f3n realizada desde el \u00d3rgano Legislativo, el diputado por Comunidad Ciudadana, Aldo Terrazas, afirm\u00f3 que de las 53 empresas creadas por el gobierno de Evo Morales, 14 registran saldos negativos cada a\u00f1o, de las cuales la empresa Mi Telef\u00e9rico \u201cse lleva la flor\u201d en p\u00e9rdidas anuales en el orden de 36 millones de d\u00f3lares.<\/p>\n<p>De acuerdo con su cuadro comparativo, la inversi\u00f3n asignada a Mi Telef\u00e9rico fue de 1.022 millones de d\u00f3lares. Entre 2019 y 2023, sus ingresos ascendieron a 121.090.991 de d\u00f3lares, mientras que los egresos alcanzaron a 302.189.279 de d\u00f3lares, lo que arroja un d\u00e9ficit de 36.170.785 d\u00f3lares.<\/p>\n<p>Sin embargo, considera que Mi Telef\u00e9rico, si bien es una empresa que registra p\u00e9rdidas, tiene un servicio m\u00e1s decente en favor del pueblo boliviano, porque cuando uno llega del interior del pa\u00eds a la ciudad de La Paz, y se sube el Telef\u00e9rico, es un transporte m\u00e1s lujoso que el transporte p\u00fablico privado que existe en la ciudad.<\/p>\n<p>El diputado tambi\u00e9n mencion\u00f3 a Boliviana de Aviaci\u00f3n (BoA) como otra empresa con grandes p\u00e9rdidas. El Estado invirti\u00f3 3.860 millones de d\u00f3lares; los ingresos entre 2019 y 2023 fueron de 1.354.340.639 d\u00f3lares, mientras que los egresos se situaron en 1.453.781.511 d\u00f3lares. La empresa registr\u00f3 una p\u00e9rdida neta de 100.376.770 millones de d\u00f3lares, con un d\u00e9ficit anual de 20.075.354 d\u00f3lares.<\/p>\n<p>Otro caso es el de Yacimientos de Litio Boliviano (YLB), que recibi\u00f3 una inversi\u00f3n de 1.344.312.557 millones de d\u00f3lares. Entre 2019 y 2023, sus ingresos fueron de 133.939.467 millones, sus egresos de 167.764.205 millones, con una p\u00e9rdida neta de 36.537.093,69 millones, perdiendo anualmente 7.307.418 d\u00f3lares.<\/p>\n<p>Tambi\u00e9n cit\u00f3 a la Empresa Estatal de Televisi\u00f3n \u201cBolivia Tv\u201d, que ha recibido una inversi\u00f3n de 183.860.412 d\u00f3lares. Sus ingresos entre 2019 y 2023 fueron de 38.545.341 d\u00f3lares, mientras que sus egresos llegaron a 59.658.481 d\u00f3lares, registrando una p\u00e9rdida neta de 24.092.074 d\u00f3lares y una p\u00e9rdida anual de 4.818.414 millones de d\u00f3lares.<\/p>\n<p>Terrazas mencion\u00f3 a la Empresa Boliviana de Alimentos y Derivados (EBA), que recibi\u00f3 una inversi\u00f3n estatal de 588.317.491 d\u00f3lares. Entre 2019 y 2023, sus ingresos fueron de 243.652.792 d\u00f3lares, mientras que sus egresos alcanzaron 245.675.148 d\u00f3lares, con una p\u00e9rdida neta de 3.098.206 d\u00f3lares y un d\u00e9ficit anual de 619.641 d\u00f3lares.<\/p>\n<p>Por \u00faltimo, se refiri\u00f3 a la Empresa P\u00fablica Quipus, que recibi\u00f3 una inversi\u00f3n de 559.511.43 millones de d\u00f3lares. Sus ingresos entre 2019 y 2023 fueron de 37.160.711 d\u00f3lares, mientras que sus egresos llegaron a 39.163.742 d\u00f3lares, registrando una p\u00e9rdida neta de 1.585.400 d\u00f3lares y una p\u00e9rdida anual de 317.080 d\u00f3lares.<\/p>\n<p>Concluy\u00f3 se\u00f1alando que, durante el gobierno de Evo Morales, se crearon 53 empresas estatales con una inversi\u00f3n total de 33 mil millones de d\u00f3lares. Sin embargo, en su entrevista con Erbol,\u00a0 destac\u00f3 que no todo ha sido negativo, y valor\u00f3 el rol de empresas estrat\u00e9gicas como YPFB, Entel y ENDE, que han mejorado su rendimiento y han generado beneficios.<\/p>\n<p>14 EMPRESAS DEFICITARIAS (en Bs)<\/p>\n<p>BOLIVIA TV &#8211; Empresa Estatal de Televisi\u00f3n recibi\u00f3 una inversi\u00f3n del Estado por 183.860,412.00, tiene una p\u00e9rdida promedio anual de Bs 33.536,167.93<\/p>\n<p>TAM &#8211; Empresa P\u00fablica de Transporte A\u00e9reo Militar, recibi\u00f3 del Estado Bs 489.344,012 y pierde en promedio cada a\u00f1o Bs 5.341,279.<\/p>\n<p>ESABOL &#8211; Empresa de Servicios A\u00e9reos Bolivianos, recibi\u00f3 del Estado Bs 67.069,400 y pierde en promedio anualmente Bs 6.479,116.27<\/p>\n<p>ENABOL &#8211; Empresa Naviera Boliviana, recibi\u00f3 del Estado Bs 109,198,365 y pierde en promedio Bs 554.181.<\/p>\n<p>EMV &#8211; Empresa Metal\u00fargica Vinto recibi\u00f3 del Estado Bs 31.055,768,888 y pierde en promedio anual Bs 46.,368,939<\/p>\n<p>EBIH &#8211; Empresa Boliviana de Industrializaci\u00f3n de Hidrocarburos recibi\u00f3 Bs 7.080,764,575 y pierde en promedio anual Bs 3.905,444.<\/p>\n<p>YLB &#8211; Yacimientos de Litio Bolivianos, recibi\u00f3 Bs 9.356,415,399 y pierde anualmente Bs 50.859,634<\/p>\n<p>MI TELEF\u00c9RICO &#8211; Empresa Estatal de Transporte por Cable \u00abMi Telef\u00e9rico\u00bb recibi\u00f3 del Estado Bs 7.114,824,307 y pierde anualmente Bs 251.748,667<\/p>\n<p>BoA &#8211; Boliviana de Aviaci\u00f3n recibi\u00f3 del Estado una inversi\u00f3n de Bs 26.866,046,006 y pierde anualmente Bs 139.724,465<\/p>\n<p>B-Agro Empresa Boliviana de Producci\u00f3n Agropecuaria recibi\u00f3 una empresa estatal de Bs 450.502,390 y pierde por a\u00f1o Bs 10.263,365<\/p>\n<p>QUIPUS &#8211; Empresa P\u00fablica Quipus recibi\u00f3 Bs 3.894,199,606 y pierde anualmente Bs 2.206,877.<\/p>\n<p>EASBA &#8211; Empresa Azucarera San Buenaventura recibi\u00f3 una inversi\u00f3n del Estado por Bs 3.344,744,909 y pierde cada a\u00f1o Bs 43.644,448<\/p>\n<p>YACANA &#8211; Empresa P\u00fablica Yacana (Textil &#8211; Cam\u00e9lidos) recibi\u00f3 del Estado una inversi\u00f3n de Bs 728.312,966 y pierde cada a\u00f1o Bs 25.287,260<\/p>\n<p>EBA &#8211; Empresa Boliviana de Alimentos y Derivados recibi\u00f3 una inversi\u00f3n de Bs 4.094,689,738 y pierde cada a\u00f1o Bs 4.312,702. (Erbol)<\/p>\n","protected":false},"excerpt":{"rendered":"<p>En el marco de una investigaci\u00f3n realizada desde el \u00d3rgano Legislativo, el diputado por Comunidad Ciudadana, Aldo Terrazas, afirm\u00f3 que de las 53 empresas creadas por el gobierno de Evo Morales, 14 registran saldos negativos cada a\u00f1o, de las cuales la empresa Mi Telef\u00e9rico \u201cse lleva la flor\u201d en p\u00e9rdidas anuales en el orden de [&hellip;]<\/p>\n","protected":false},"author":1,"featured_media":246515,"comment_status":"open","ping_status":"open","sticky":false,"template":"","format":"standard","meta":{"_acf_changed":false,"footnotes":""},"categories":[7],"tags":[],"class_list":["post-246514","post","type-post","status-publish","format-standard","has-post-thumbnail","category-economia"],"acf":{"antetitulo":"Seg\u00fan diputado Aldo Terrazas"},"yoast_head":"<!-- This site is optimized with the Yoast SEO plugin v28.3 - https:\/\/yoast.com\/product\/yoast-seo-wordpress\/ -->\n<title>M\u00ed Telef\u00e9rico figura entre las empresas deficitarias - El Diario - Bolivia<\/title>\n<meta name=\"robots\" content=\"index, follow, max-snippet:-1, max-image-preview:large, max-video-preview:-1\" \/>\n<link rel=\"canonical\" href=\"https:\/\/www.eldiario.net\/portal\/2024\/09\/10\/mi-teleferico-figura-entre-las-empresas-deficitarias\/\" \/>\n<meta property=\"og:locale\" content=\"es_ES\" \/>\n<meta property=\"og:type\" content=\"article\" \/>\n<meta property=\"og:title\" content=\"M\u00ed Telef\u00e9rico figura entre las empresas deficitarias - El Diario - Bolivia\" \/>\n<meta property=\"og:description\" content=\"En el marco de una investigaci\u00f3n realizada desde el \u00d3rgano Legislativo, el diputado por Comunidad Ciudadana, Aldo Terrazas, afirm\u00f3 que de las 53 empresas creadas por el gobierno de Evo Morales, 14 registran saldos negativos cada a\u00f1o, de las cuales la empresa Mi Telef\u00e9rico \u201cse lleva la flor\u201d en p\u00e9rdidas anuales en el orden de [&hellip;]\" \/>\n<meta property=\"og:url\" content=\"https:\/\/www.eldiario.net\/portal\/2024\/09\/10\/mi-teleferico-figura-entre-las-empresas-deficitarias\/\" \/>\n<meta property=\"og:site_name\" content=\"El Diario - Bolivia\" \/>\n<meta property=\"article:publisher\" content=\"https:\/\/www.facebook.com\/eldiario.bolivia\/\" \/>\n<meta property=\"article:published_time\" content=\"2024-09-10T10:19:12+00:00\" \/>\n<meta property=\"og:image\" content=\"https:\/\/www.eldiario.net\/portal\/wp-content\/uploads\/2024\/09\/TELEFERICO-FOTO.jpg\" \/>\n\t<meta property=\"og:image:width\" content=\"700\" \/>\n\t<meta property=\"og:image:height\" content=\"450\" \/>\n\t<meta property=\"og:image:type\" content=\"image\/jpeg\" \/>\n<meta name=\"author\" content=\"Jeanette\" \/>\n<meta name=\"twitter:card\" content=\"summary_large_image\" \/>\n<meta name=\"twitter:creator\" content=\"@eldiario_net\" \/>\n<meta name=\"twitter:site\" content=\"@eldiario_net\" \/>\n<meta name=\"twitter:label1\" content=\"Escrito por\" \/>\n\t<meta name=\"twitter:data1\" content=\"Jeanette\" \/>\n\t<meta name=\"twitter:label2\" content=\"Tiempo de lectura\" \/>\n\t<meta name=\"twitter:data2\" content=\"4 minutos\" \/>\n<script type=\"application\/ld+json\" class=\"yoast-schema-graph\">{\"@context\":\"https:\\\/\\\/schema.org\",\"@graph\":[{\"@type\":\"Article\",\"@id\":\"https:\\\/\\\/www.eldiario.net\\\/portal\\\/2024\\\/09\\\/10\\\/mi-teleferico-figura-entre-las-empresas-deficitarias\\\/#article\",\"isPartOf\":{\"@id\":\"https:\\\/\\\/www.eldiario.net\\\/portal\\\/2024\\\/09\\\/10\\\/mi-teleferico-figura-entre-las-empresas-deficitarias\\\/\"},\"author\":{\"name\":\"Jeanette\",\"@id\":\"https:\\\/\\\/www.eldiario.net\\\/portal\\\/#\\\/schema\\\/person\\\/f46445640444750d7d753ccd04ae01b7\"},\"headline\":\"M\u00ed Telef\u00e9rico figura entre las empresas deficitarias\",\"datePublished\":\"2024-09-10T10:19:12+00:00\",\"mainEntityOfPage\":{\"@id\":\"https:\\\/\\\/www.eldiario.net\\\/portal\\\/2024\\\/09\\\/10\\\/mi-teleferico-figura-entre-las-empresas-deficitarias\\\/\"},\"wordCount\":765,\"commentCount\":0,\"publisher\":{\"@id\":\"https:\\\/\\\/www.eldiario.net\\\/portal\\\/#organization\"},\"image\":{\"@id\":\"https:\\\/\\\/www.eldiario.net\\\/portal\\\/2024\\\/09\\\/10\\\/mi-teleferico-figura-entre-las-empresas-deficitarias\\\/#primaryimage\"},\"thumbnailUrl\":\"https:\\\/\\\/www.eldiario.net\\\/portal\\\/wp-content\\\/uploads\\\/2024\\\/09\\\/TELEFERICO-FOTO.jpg\",\"articleSection\":[\"Econom\u00eda\"],\"inLanguage\":\"es\",\"potentialAction\":[{\"@type\":\"CommentAction\",\"name\":\"Comment\",\"target\":[\"https:\\\/\\\/www.eldiario.net\\\/portal\\\/2024\\\/09\\\/10\\\/mi-teleferico-figura-entre-las-empresas-deficitarias\\\/#respond\"]}]},{\"@type\":\"WebPage\",\"@id\":\"https:\\\/\\\/www.eldiario.net\\\/portal\\\/2024\\\/09\\\/10\\\/mi-teleferico-figura-entre-las-empresas-deficitarias\\\/\",\"url\":\"https:\\\/\\\/www.eldiario.net\\\/portal\\\/2024\\\/09\\\/10\\\/mi-teleferico-figura-entre-las-empresas-deficitarias\\\/\",\"name\":\"M\u00ed Telef\u00e9rico figura entre las empresas deficitarias - El Diario - Bolivia\",\"isPartOf\":{\"@id\":\"https:\\\/\\\/www.eldiario.net\\\/portal\\\/#website\"},\"primaryImageOfPage\":{\"@id\":\"https:\\\/\\\/www.eldiario.net\\\/portal\\\/2024\\\/09\\\/10\\\/mi-teleferico-figura-entre-las-empresas-deficitarias\\\/#primaryimage\"},\"image\":{\"@id\":\"https:\\\/\\\/www.eldiario.net\\\/portal\\\/2024\\\/09\\\/10\\\/mi-teleferico-figura-entre-las-empresas-deficitarias\\\/#primaryimage\"},\"thumbnailUrl\":\"https:\\\/\\\/www.eldiario.net\\\/portal\\\/wp-content\\\/uploads\\\/2024\\\/09\\\/TELEFERICO-FOTO.jpg\",\"datePublished\":\"2024-09-10T10:19:12+00:00\",\"breadcrumb\":{\"@id\":\"https:\\\/\\\/www.eldiario.net\\\/portal\\\/2024\\\/09\\\/10\\\/mi-teleferico-figura-entre-las-empresas-deficitarias\\\/#breadcrumb\"},\"inLanguage\":\"es\",\"potentialAction\":[{\"@type\":\"ReadAction\",\"target\":[\"https:\\\/\\\/www.eldiario.net\\\/portal\\\/2024\\\/09\\\/10\\\/mi-teleferico-figura-entre-las-empresas-deficitarias\\\/\"]}]},{\"@type\":\"ImageObject\",\"inLanguage\":\"es\",\"@id\":\"https:\\\/\\\/www.eldiario.net\\\/portal\\\/2024\\\/09\\\/10\\\/mi-teleferico-figura-entre-las-empresas-deficitarias\\\/#primaryimage\",\"url\":\"https:\\\/\\\/www.eldiario.net\\\/portal\\\/wp-content\\\/uploads\\\/2024\\\/09\\\/TELEFERICO-FOTO.jpg\",\"contentUrl\":\"https:\\\/\\\/www.eldiario.net\\\/portal\\\/wp-content\\\/uploads\\\/2024\\\/09\\\/TELEFERICO-FOTO.jpg\",\"width\":700,\"height\":450,\"caption\":\"IMAGEN ILUSTRATIVA FOTO: RRSS\"},{\"@type\":\"BreadcrumbList\",\"@id\":\"https:\\\/\\\/www.eldiario.net\\\/portal\\\/2024\\\/09\\\/10\\\/mi-teleferico-figura-entre-las-empresas-deficitarias\\\/#breadcrumb\",\"itemListElement\":[{\"@type\":\"ListItem\",\"position\":1,\"name\":\"Portada\",\"item\":\"https:\\\/\\\/www.eldiario.net\\\/portal\\\/\"},{\"@type\":\"ListItem\",\"position\":2,\"name\":\"M\u00ed Telef\u00e9rico figura entre las empresas deficitarias\"}]},{\"@type\":\"WebSite\",\"@id\":\"https:\\\/\\\/www.eldiario.net\\\/portal\\\/#website\",\"url\":\"https:\\\/\\\/www.eldiario.net\\\/portal\\\/\",\"name\":\"El Diario - Decano de la prensa nacional\",\"description\":\"El Diario - Decano de la prensa nacional\",\"publisher\":{\"@id\":\"https:\\\/\\\/www.eldiario.net\\\/portal\\\/#organization\"},\"potentialAction\":[{\"@type\":\"SearchAction\",\"target\":{\"@type\":\"EntryPoint\",\"urlTemplate\":\"https:\\\/\\\/www.eldiario.net\\\/portal\\\/?s={search_term_string}\"},\"query-input\":{\"@type\":\"PropertyValueSpecification\",\"valueRequired\":true,\"valueName\":\"search_term_string\"}}],\"inLanguage\":\"es\"},{\"@type\":\"Organization\",\"@id\":\"https:\\\/\\\/www.eldiario.net\\\/portal\\\/#organization\",\"name\":\"El Diario - Decano de la prensa nacional\",\"url\":\"https:\\\/\\\/www.eldiario.net\\\/portal\\\/\",\"logo\":{\"@type\":\"ImageObject\",\"inLanguage\":\"es\",\"@id\":\"https:\\\/\\\/www.eldiario.net\\\/portal\\\/#\\\/schema\\\/logo\\\/image\\\/\",\"url\":\"https:\\\/\\\/www.eldiario.net\\\/portal\\\/wp-content\\\/uploads\\\/2023\\\/07\\\/logo_ED.jpg\",\"contentUrl\":\"https:\\\/\\\/www.eldiario.net\\\/portal\\\/wp-content\\\/uploads\\\/2023\\\/07\\\/logo_ED.jpg\",\"width\":272,\"height\":52,\"caption\":\"El Diario - Decano de la prensa nacional\"},\"image\":{\"@id\":\"https:\\\/\\\/www.eldiario.net\\\/portal\\\/#\\\/schema\\\/logo\\\/image\\\/\"},\"sameAs\":[\"https:\\\/\\\/www.facebook.com\\\/eldiario.bolivia\\\/\",\"https:\\\/\\\/x.com\\\/eldiario_net\"]},{\"@type\":\"Person\",\"@id\":\"https:\\\/\\\/www.eldiario.net\\\/portal\\\/#\\\/schema\\\/person\\\/f46445640444750d7d753ccd04ae01b7\",\"name\":\"Jeanette\",\"image\":{\"@type\":\"ImageObject\",\"inLanguage\":\"es\",\"@id\":\"https:\\\/\\\/secure.gravatar.com\\\/avatar\\\/3ea2118a5f7dad2b7138b1187a6b7ee55f160b9968b66013c3a3ef39dd7e5798?s=96&d=mm&r=g\",\"url\":\"https:\\\/\\\/secure.gravatar.com\\\/avatar\\\/3ea2118a5f7dad2b7138b1187a6b7ee55f160b9968b66013c3a3ef39dd7e5798?s=96&d=mm&r=g\",\"contentUrl\":\"https:\\\/\\\/secure.gravatar.com\\\/avatar\\\/3ea2118a5f7dad2b7138b1187a6b7ee55f160b9968b66013c3a3ef39dd7e5798?s=96&d=mm&r=g\",\"caption\":\"Jeanette\"},\"sameAs\":[\"https:\\\/\\\/www.eldiario.net\\\/portal\"],\"url\":\"https:\\\/\\\/www.eldiario.net\\\/portal\\\/author\\\/jeanette\\\/\"}]}<\/script>\n<!-- \/ Yoast SEO plugin. -->","yoast_head_json":{"title":"M\u00ed Telef\u00e9rico figura entre las empresas deficitarias - El Diario - Bolivia","robots":{"index":"index","follow":"follow","max-snippet":"max-snippet:-1","max-image-preview":"max-image-preview:large","max-video-preview":"max-video-preview:-1"},"canonical":"https:\/\/www.eldiario.net\/portal\/2024\/09\/10\/mi-teleferico-figura-entre-las-empresas-deficitarias\/","og_locale":"es_ES","og_type":"article","og_title":"M\u00ed Telef\u00e9rico figura entre las empresas deficitarias - El Diario - Bolivia","og_description":"En el marco de una investigaci\u00f3n realizada desde el \u00d3rgano Legislativo, el diputado por Comunidad Ciudadana, Aldo Terrazas, afirm\u00f3 que de las 53 empresas creadas por el gobierno de Evo Morales, 14 registran saldos negativos cada a\u00f1o, de las cuales la empresa Mi Telef\u00e9rico \u201cse lleva la flor\u201d en p\u00e9rdidas anuales en el orden de [&hellip;]","og_url":"https:\/\/www.eldiario.net\/portal\/2024\/09\/10\/mi-teleferico-figura-entre-las-empresas-deficitarias\/","og_site_name":"El Diario - Bolivia","article_publisher":"https:\/\/www.facebook.com\/eldiario.bolivia\/","article_published_time":"2024-09-10T10:19:12+00:00","og_image":[{"width":700,"height":450,"url":"https:\/\/www.eldiario.net\/portal\/wp-content\/uploads\/2024\/09\/TELEFERICO-FOTO.jpg","type":"image\/jpeg"}],"author":"Jeanette","twitter_card":"summary_large_image","twitter_creator":"@eldiario_net","twitter_site":"@eldiario_net","twitter_misc":{"Escrito por":"Jeanette","Tiempo de lectura":"4 minutos"},"schema":{"@context":"https:\/\/schema.org","@graph":[{"@type":"Article","@id":"https:\/\/www.eldiario.net\/portal\/2024\/09\/10\/mi-teleferico-figura-entre-las-empresas-deficitarias\/#article","isPartOf":{"@id":"https:\/\/www.eldiario.net\/portal\/2024\/09\/10\/mi-teleferico-figura-entre-las-empresas-deficitarias\/"},"author":{"name":"Jeanette","@id":"https:\/\/www.eldiario.net\/portal\/#\/schema\/person\/f46445640444750d7d753ccd04ae01b7"},"headline":"M\u00ed Telef\u00e9rico figura entre las empresas deficitarias","datePublished":"2024-09-10T10:19:12+00:00","mainEntityOfPage":{"@id":"https:\/\/www.eldiario.net\/portal\/2024\/09\/10\/mi-teleferico-figura-entre-las-empresas-deficitarias\/"},"wordCount":765,"commentCount":0,"publisher":{"@id":"https:\/\/www.eldiario.net\/portal\/#organization"},"image":{"@id":"https:\/\/www.eldiario.net\/portal\/2024\/09\/10\/mi-teleferico-figura-entre-las-empresas-deficitarias\/#primaryimage"},"thumbnailUrl":"https:\/\/www.eldiario.net\/portal\/wp-content\/uploads\/2024\/09\/TELEFERICO-FOTO.jpg","articleSection":["Econom\u00eda"],"inLanguage":"es","potentialAction":[{"@type":"CommentAction","name":"Comment","target":["https:\/\/www.eldiario.net\/portal\/2024\/09\/10\/mi-teleferico-figura-entre-las-empresas-deficitarias\/#respond"]}]},{"@type":"WebPage","@id":"https:\/\/www.eldiario.net\/portal\/2024\/09\/10\/mi-teleferico-figura-entre-las-empresas-deficitarias\/","url":"https:\/\/www.eldiario.net\/portal\/2024\/09\/10\/mi-teleferico-figura-entre-las-empresas-deficitarias\/","name":"M\u00ed Telef\u00e9rico figura entre las empresas deficitarias - El Diario - Bolivia","isPartOf":{"@id":"https:\/\/www.eldiario.net\/portal\/#website"},"primaryImageOfPage":{"@id":"https:\/\/www.eldiario.net\/portal\/2024\/09\/10\/mi-teleferico-figura-entre-las-empresas-deficitarias\/#primaryimage"},"image":{"@id":"https:\/\/www.eldiario.net\/portal\/2024\/09\/10\/mi-teleferico-figura-entre-las-empresas-deficitarias\/#primaryimage"},"thumbnailUrl":"https:\/\/www.eldiario.net\/portal\/wp-content\/uploads\/2024\/09\/TELEFERICO-FOTO.jpg","datePublished":"2024-09-10T10:19:12+00:00","breadcrumb":{"@id":"https:\/\/www.eldiario.net\/portal\/2024\/09\/10\/mi-teleferico-figura-entre-las-empresas-deficitarias\/#breadcrumb"},"inLanguage":"es","potentialAction":[{"@type":"ReadAction","target":["https:\/\/www.eldiario.net\/portal\/2024\/09\/10\/mi-teleferico-figura-entre-las-empresas-deficitarias\/"]}]},{"@type":"ImageObject","inLanguage":"es","@id":"https:\/\/www.eldiario.net\/portal\/2024\/09\/10\/mi-teleferico-figura-entre-las-empresas-deficitarias\/#primaryimage","url":"https:\/\/www.eldiario.net\/portal\/wp-content\/uploads\/2024\/09\/TELEFERICO-FOTO.jpg","contentUrl":"https:\/\/www.eldiario.net\/portal\/wp-content\/uploads\/2024\/09\/TELEFERICO-FOTO.jpg","width":700,"height":450,"caption":"IMAGEN ILUSTRATIVA FOTO: RRSS"},{"@type":"BreadcrumbList","@id":"https:\/\/www.eldiario.net\/portal\/2024\/09\/10\/mi-teleferico-figura-entre-las-empresas-deficitarias\/#breadcrumb","itemListElement":[{"@type":"ListItem","position":1,"name":"Portada","item":"https:\/\/www.eldiario.net\/portal\/"},{"@type":"ListItem","position":2,"name":"M\u00ed Telef\u00e9rico figura entre las empresas deficitarias"}]},{"@type":"WebSite","@id":"https:\/\/www.eldiario.net\/portal\/#website","url":"https:\/\/www.eldiario.net\/portal\/","name":"El Diario - Decano de la prensa nacional","description":"El Diario - Decano de la prensa nacional","publisher":{"@id":"https:\/\/www.eldiario.net\/portal\/#organization"},"potentialAction":[{"@type":"SearchAction","target":{"@type":"EntryPoint","urlTemplate":"https:\/\/www.eldiario.net\/portal\/?s={search_term_string}"},"query-input":{"@type":"PropertyValueSpecification","valueRequired":true,"valueName":"search_term_string"}}],"inLanguage":"es"},{"@type":"Organization","@id":"https:\/\/www.eldiario.net\/portal\/#organization","name":"El Diario - Decano de la prensa nacional","url":"https:\/\/www.eldiario.net\/portal\/","logo":{"@type":"ImageObject","inLanguage":"es","@id":"https:\/\/www.eldiario.net\/portal\/#\/schema\/logo\/image\/","url":"https:\/\/www.eldiario.net\/portal\/wp-content\/uploads\/2023\/07\/logo_ED.jpg","contentUrl":"https:\/\/www.eldiario.net\/portal\/wp-content\/uploads\/2023\/07\/logo_ED.jpg","width":272,"height":52,"caption":"El Diario - Decano de la prensa nacional"},"image":{"@id":"https:\/\/www.eldiario.net\/portal\/#\/schema\/logo\/image\/"},"sameAs":["https:\/\/www.facebook.com\/eldiario.bolivia\/","https:\/\/x.com\/eldiario_net"]},{"@type":"Person","@id":"https:\/\/www.eldiario.net\/portal\/#\/schema\/person\/f46445640444750d7d753ccd04ae01b7","name":"Jeanette","image":{"@type":"ImageObject","inLanguage":"es","@id":"https:\/\/secure.gravatar.com\/avatar\/3ea2118a5f7dad2b7138b1187a6b7ee55f160b9968b66013c3a3ef39dd7e5798?s=96&d=mm&r=g","url":"https:\/\/secure.gravatar.com\/avatar\/3ea2118a5f7dad2b7138b1187a6b7ee55f160b9968b66013c3a3ef39dd7e5798?s=96&d=mm&r=g","contentUrl":"https:\/\/secure.gravatar.com\/avatar\/3ea2118a5f7dad2b7138b1187a6b7ee55f160b9968b66013c3a3ef39dd7e5798?s=96&d=mm&r=g","caption":"Jeanette"},"sameAs":["https:\/\/www.eldiario.net\/portal"],"url":"https:\/\/www.eldiario.net\/portal\/author\/jeanette\/"}]}},"_links":{"self":[{"href":"https:\/\/www.eldiario.net\/portal\/wp-json\/wp\/v2\/posts\/246514","targetHints":{"allow":["GET"]}}],"collection":[{"href":"https:\/\/www.eldiario.net\/portal\/wp-json\/wp\/v2\/posts"}],"about":[{"href":"https:\/\/www.eldiario.net\/portal\/wp-json\/wp\/v2\/types\/post"}],"author":[{"embeddable":true,"href":"https:\/\/www.eldiario.net\/portal\/wp-json\/wp\/v2\/users\/1"}],"replies":[{"embeddable":true,"href":"https:\/\/www.eldiario.net\/portal\/wp-json\/wp\/v2\/comments?post=246514"}],"version-history":[{"count":1,"href":"https:\/\/www.eldiario.net\/portal\/wp-json\/wp\/v2\/posts\/246514\/revisions"}],"predecessor-version":[{"id":246516,"href":"https:\/\/www.eldiario.net\/portal\/wp-json\/wp\/v2\/posts\/246514\/revisions\/246516"}],"wp:featuredmedia":[{"embeddable":true,"href":"https:\/\/www.eldiario.net\/portal\/wp-json\/wp\/v2\/media\/246515"}],"wp:attachment":[{"href":"https:\/\/www.eldiario.net\/portal\/wp-json\/wp\/v2\/media?parent=246514"}],"wp:term":[{"taxonomy":"category","embeddable":true,"href":"https:\/\/www.eldiario.net\/portal\/wp-json\/wp\/v2\/categories?post=246514"},{"taxonomy":"post_tag","embeddable":true,"href":"https:\/\/www.eldiario.net\/portal\/wp-json\/wp\/v2\/tags?post=246514"}],"curies":[{"name":"wp","href":"https:\/\/api.w.org\/{rel}","templated":true}]}}