{"id":246511,"date":"2024-09-10T06:18:04","date_gmt":"2024-09-10T10:18:04","guid":{"rendered":"https:\/\/www.eldiario.net\/portal\/?p=246511"},"modified":"2024-09-10T06:18:04","modified_gmt":"2024-09-10T10:18:04","slug":"belgica-critica-plan-hungaro-de-enviar-migrantes-a-bruselas","status":"publish","type":"post","link":"https:\/\/www.eldiario.net\/portal\/2024\/09\/10\/belgica-critica-plan-hungaro-de-enviar-migrantes-a-bruselas\/","title":{"rendered":"B\u00e9lgica critica plan h\u00fangaro  de enviar migrantes a Bruselas"},"content":{"rendered":"<p>La secretaria belga de Estado para el Asilo y la Migraci\u00f3n, Nicole de Moor, reaccion\u00f3 ayer a la amenaza de Hungr\u00eda de enviar autobuses llenos de migrantes a Bruselas que desean solicitar asilo en los Veintisiete, asegurando que una medida de ese tipo socavar\u00eda \u00abla solidaridad y la cooperaci\u00f3n\u00bb en la Uni\u00f3n Europea.<\/p>\n<p>\u00abB\u00e9lgica no permitir\u00e1 el acceso a esos flujos migratorios pol\u00edticamente instrumentalizados. Necesitamos trabajar juntos para una pol\u00edtica migratoria justa, humana y efectiva\u00bb, se\u00f1al\u00f3 De Moor a trav\u00e9s de X (Twitter). La autoridad belga a\u00f1adi\u00f3 que \u00abtrasladar la responsabilidad unilateralmente a trav\u00e9s de amenazas de este tipo socava la solidaridad y la cooperaci\u00f3n dentro de la Uni\u00f3n\u00bb.<\/p>\n<p>La secretaria de Estado indic\u00f3 que su pa\u00eds \u00abcontin\u00faa abogando por una pol\u00edtica unida y coordinada, en la que el respeto de los valores europeos y las obligaciones internacionales sean centrales\u00bb. Por medio de un comunicado, a\u00f1adi\u00f3 que la amenaza de Hungr\u00eda \u00abpor iniciativa propia y sin consulta, muestra una falta de respeto por las instituciones europeas y las pol\u00edticas conjuntas\u00bb.<\/p>\n<p>&nbsp;<\/p>\n<p><strong>LOS BUSES<\/strong><\/p>\n<p>\u00abSemejante ret\u00f3rica no contribuye a encontrar soluciones constructivas a los complejos problemas migratorios que enfrentamos como Uni\u00f3n Europea\u00bb, sostuvo De Moor, y pidi\u00f3 al embajador belga ante la UE que interrogue a su hom\u00f3logo h\u00fangaro sobre este asunto y a la <a href=\"https:\/\/www.dw.com\/es\/comisi\u00f3n-europea\/t-36866603\">Comisi\u00f3n Europea<\/a> que \u00abresponda con firmeza y decisi\u00f3n\u00bb.<\/p>\n<p>El Gobierno h\u00fangaro anunci\u00f3 el pasado viernes que estudia v\u00edas legales contra la multa de 200 millones que el Tribunal de Justicia de la Uni\u00f3n Europea (TJUE) le impuso el pasado junio por incumplir una sentencia anterior sobre protecci\u00f3n a los migrantes. El TJUE dictamin\u00f3 en junio que Hungr\u00eda no ejecut\u00f3 deliberadamente una sentencia de diciembre de 2020 sobre protecci\u00f3n internacional de migrantes.<\/p>\n<p>Las autoridades h\u00fangaras aseguraron que ofrecer\u00e1n gratuitamente a los solicitantes de asilo que lleguen a trav\u00e9s de su frontera con Serbia transporte a Bruselas una vez finalizado el procedimiento en el pa\u00eds. Incluso en la prensa se exhibi\u00f3 los autobuses amarillos que realizar\u00edan la misi\u00f3n.<\/p>\n<p>Si Hungr\u00eda se niega a pagar la multa impuesta por el m\u00e1ximo tribunal del bloque, la Comisi\u00f3n Europea deducir\u00e1 el dinero de los fondos destinados a Hungr\u00eda que a\u00fan no hab\u00eda abonado. (Dw, Efe y Afp)<\/p>\n","protected":false},"excerpt":{"rendered":"<p>La secretaria belga de Estado para el Asilo y la Migraci\u00f3n, Nicole de Moor, reaccion\u00f3 ayer a la amenaza de Hungr\u00eda de enviar autobuses llenos de migrantes a Bruselas que desean solicitar asilo en los Veintisiete, asegurando que una medida de ese tipo socavar\u00eda \u00abla solidaridad y la cooperaci\u00f3n\u00bb en la Uni\u00f3n Europea. \u00abB\u00e9lgica no [&hellip;]<\/p>\n","protected":false},"author":1,"featured_media":246512,"comment_status":"open","ping_status":"open","sticky":false,"template":"","format":"standard","meta":{"_acf_changed":false,"footnotes":""},"categories":[3],"tags":[],"class_list":["post-246511","post","type-post","status-publish","format-standard","has-post-thumbnail","category-internacional"],"acf":{"antetitulo":""},"yoast_head":"<!-- This site is optimized with the Yoast SEO plugin v28.3 - https:\/\/yoast.com\/product\/yoast-seo-wordpress\/ -->\n<title>B\u00e9lgica critica plan h\u00fangaro de enviar migrantes a Bruselas - El Diario - Bolivia<\/title>\n<meta name=\"robots\" content=\"index, follow, max-snippet:-1, max-image-preview:large, max-video-preview:-1\" \/>\n<link rel=\"canonical\" href=\"https:\/\/www.eldiario.net\/portal\/2024\/09\/10\/belgica-critica-plan-hungaro-de-enviar-migrantes-a-bruselas\/\" \/>\n<meta property=\"og:locale\" content=\"es_ES\" \/>\n<meta property=\"og:type\" content=\"article\" \/>\n<meta property=\"og:title\" content=\"B\u00e9lgica critica plan h\u00fangaro de enviar migrantes a Bruselas - El Diario - Bolivia\" \/>\n<meta property=\"og:description\" content=\"La secretaria belga de Estado para el Asilo y la Migraci\u00f3n, Nicole de Moor, reaccion\u00f3 ayer a la amenaza de Hungr\u00eda de enviar autobuses llenos de migrantes a Bruselas que desean solicitar asilo en los Veintisiete, asegurando que una medida de ese tipo socavar\u00eda \u00abla solidaridad y la cooperaci\u00f3n\u00bb en la Uni\u00f3n Europea. \u00abB\u00e9lgica no [&hellip;]\" \/>\n<meta property=\"og:url\" content=\"https:\/\/www.eldiario.net\/portal\/2024\/09\/10\/belgica-critica-plan-hungaro-de-enviar-migrantes-a-bruselas\/\" \/>\n<meta property=\"og:site_name\" content=\"El Diario - Bolivia\" \/>\n<meta property=\"article:publisher\" content=\"https:\/\/www.facebook.com\/eldiario.bolivia\/\" \/>\n<meta property=\"article:published_time\" content=\"2024-09-10T10:18:04+00:00\" \/>\n<meta property=\"og:image\" content=\"https:\/\/www.eldiario.net\/portal\/wp-content\/uploads\/2024\/09\/BELGICA-FOTO.jpg\" \/>\n\t<meta property=\"og:image:width\" content=\"1200\" \/>\n\t<meta property=\"og:image:height\" content=\"525\" \/>\n\t<meta property=\"og:image:type\" content=\"image\/jpeg\" \/>\n<meta name=\"author\" content=\"Jeanette\" \/>\n<meta name=\"twitter:card\" content=\"summary_large_image\" \/>\n<meta name=\"twitter:creator\" content=\"@eldiario_net\" \/>\n<meta name=\"twitter:site\" content=\"@eldiario_net\" \/>\n<meta name=\"twitter:label1\" content=\"Escrito por\" \/>\n\t<meta name=\"twitter:data1\" content=\"Jeanette\" \/>\n\t<meta name=\"twitter:label2\" content=\"Tiempo de lectura\" \/>\n\t<meta name=\"twitter:data2\" content=\"2 minutos\" \/>\n<script type=\"application\/ld+json\" class=\"yoast-schema-graph\">{\"@context\":\"https:\\\/\\\/schema.org\",\"@graph\":[{\"@type\":\"Article\",\"@id\":\"https:\\\/\\\/www.eldiario.net\\\/portal\\\/2024\\\/09\\\/10\\\/belgica-critica-plan-hungaro-de-enviar-migrantes-a-bruselas\\\/#article\",\"isPartOf\":{\"@id\":\"https:\\\/\\\/www.eldiario.net\\\/portal\\\/2024\\\/09\\\/10\\\/belgica-critica-plan-hungaro-de-enviar-migrantes-a-bruselas\\\/\"},\"author\":{\"name\":\"Jeanette\",\"@id\":\"https:\\\/\\\/www.eldiario.net\\\/portal\\\/#\\\/schema\\\/person\\\/f46445640444750d7d753ccd04ae01b7\"},\"headline\":\"B\u00e9lgica critica plan h\u00fangaro de enviar migrantes a Bruselas\",\"datePublished\":\"2024-09-10T10:18:04+00:00\",\"mainEntityOfPage\":{\"@id\":\"https:\\\/\\\/www.eldiario.net\\\/portal\\\/2024\\\/09\\\/10\\\/belgica-critica-plan-hungaro-de-enviar-migrantes-a-bruselas\\\/\"},\"wordCount\":419,\"commentCount\":0,\"publisher\":{\"@id\":\"https:\\\/\\\/www.eldiario.net\\\/portal\\\/#organization\"},\"image\":{\"@id\":\"https:\\\/\\\/www.eldiario.net\\\/portal\\\/2024\\\/09\\\/10\\\/belgica-critica-plan-hungaro-de-enviar-migrantes-a-bruselas\\\/#primaryimage\"},\"thumbnailUrl\":\"https:\\\/\\\/www.eldiario.net\\\/portal\\\/wp-content\\\/uploads\\\/2024\\\/09\\\/BELGICA-FOTO.jpg\",\"articleSection\":[\"Internacional\"],\"inLanguage\":\"es\",\"potentialAction\":[{\"@type\":\"CommentAction\",\"name\":\"Comment\",\"target\":[\"https:\\\/\\\/www.eldiario.net\\\/portal\\\/2024\\\/09\\\/10\\\/belgica-critica-plan-hungaro-de-enviar-migrantes-a-bruselas\\\/#respond\"]}]},{\"@type\":\"WebPage\",\"@id\":\"https:\\\/\\\/www.eldiario.net\\\/portal\\\/2024\\\/09\\\/10\\\/belgica-critica-plan-hungaro-de-enviar-migrantes-a-bruselas\\\/\",\"url\":\"https:\\\/\\\/www.eldiario.net\\\/portal\\\/2024\\\/09\\\/10\\\/belgica-critica-plan-hungaro-de-enviar-migrantes-a-bruselas\\\/\",\"name\":\"B\u00e9lgica critica plan h\u00fangaro de enviar migrantes a Bruselas - El Diario - Bolivia\",\"isPartOf\":{\"@id\":\"https:\\\/\\\/www.eldiario.net\\\/portal\\\/#website\"},\"primaryImageOfPage\":{\"@id\":\"https:\\\/\\\/www.eldiario.net\\\/portal\\\/2024\\\/09\\\/10\\\/belgica-critica-plan-hungaro-de-enviar-migrantes-a-bruselas\\\/#primaryimage\"},\"image\":{\"@id\":\"https:\\\/\\\/www.eldiario.net\\\/portal\\\/2024\\\/09\\\/10\\\/belgica-critica-plan-hungaro-de-enviar-migrantes-a-bruselas\\\/#primaryimage\"},\"thumbnailUrl\":\"https:\\\/\\\/www.eldiario.net\\\/portal\\\/wp-content\\\/uploads\\\/2024\\\/09\\\/BELGICA-FOTO.jpg\",\"datePublished\":\"2024-09-10T10:18:04+00:00\",\"breadcrumb\":{\"@id\":\"https:\\\/\\\/www.eldiario.net\\\/portal\\\/2024\\\/09\\\/10\\\/belgica-critica-plan-hungaro-de-enviar-migrantes-a-bruselas\\\/#breadcrumb\"},\"inLanguage\":\"es\",\"potentialAction\":[{\"@type\":\"ReadAction\",\"target\":[\"https:\\\/\\\/www.eldiario.net\\\/portal\\\/2024\\\/09\\\/10\\\/belgica-critica-plan-hungaro-de-enviar-migrantes-a-bruselas\\\/\"]}]},{\"@type\":\"ImageObject\",\"inLanguage\":\"es\",\"@id\":\"https:\\\/\\\/www.eldiario.net\\\/portal\\\/2024\\\/09\\\/10\\\/belgica-critica-plan-hungaro-de-enviar-migrantes-a-bruselas\\\/#primaryimage\",\"url\":\"https:\\\/\\\/www.eldiario.net\\\/portal\\\/wp-content\\\/uploads\\\/2024\\\/09\\\/BELGICA-FOTO.jpg\",\"contentUrl\":\"https:\\\/\\\/www.eldiario.net\\\/portal\\\/wp-content\\\/uploads\\\/2024\\\/09\\\/BELGICA-FOTO.jpg\",\"width\":1200,\"height\":525,\"caption\":\"La secretaria belga de Estado para el Asilo y la Migraci\u00f3n, Nicole de Moor. CREDITO: DPA\"},{\"@type\":\"BreadcrumbList\",\"@id\":\"https:\\\/\\\/www.eldiario.net\\\/portal\\\/2024\\\/09\\\/10\\\/belgica-critica-plan-hungaro-de-enviar-migrantes-a-bruselas\\\/#breadcrumb\",\"itemListElement\":[{\"@type\":\"ListItem\",\"position\":1,\"name\":\"Portada\",\"item\":\"https:\\\/\\\/www.eldiario.net\\\/portal\\\/\"},{\"@type\":\"ListItem\",\"position\":2,\"name\":\"B\u00e9lgica critica plan h\u00fangaro de enviar migrantes a Bruselas\"}]},{\"@type\":\"WebSite\",\"@id\":\"https:\\\/\\\/www.eldiario.net\\\/portal\\\/#website\",\"url\":\"https:\\\/\\\/www.eldiario.net\\\/portal\\\/\",\"name\":\"El Diario - Decano de la prensa nacional\",\"description\":\"El Diario - Decano de la prensa nacional\",\"publisher\":{\"@id\":\"https:\\\/\\\/www.eldiario.net\\\/portal\\\/#organization\"},\"potentialAction\":[{\"@type\":\"SearchAction\",\"target\":{\"@type\":\"EntryPoint\",\"urlTemplate\":\"https:\\\/\\\/www.eldiario.net\\\/portal\\\/?s={search_term_string}\"},\"query-input\":{\"@type\":\"PropertyValueSpecification\",\"valueRequired\":true,\"valueName\":\"search_term_string\"}}],\"inLanguage\":\"es\"},{\"@type\":\"Organization\",\"@id\":\"https:\\\/\\\/www.eldiario.net\\\/portal\\\/#organization\",\"name\":\"El Diario - Decano de la prensa nacional\",\"url\":\"https:\\\/\\\/www.eldiario.net\\\/portal\\\/\",\"logo\":{\"@type\":\"ImageObject\",\"inLanguage\":\"es\",\"@id\":\"https:\\\/\\\/www.eldiario.net\\\/portal\\\/#\\\/schema\\\/logo\\\/image\\\/\",\"url\":\"https:\\\/\\\/www.eldiario.net\\\/portal\\\/wp-content\\\/uploads\\\/2023\\\/07\\\/logo_ED.jpg\",\"contentUrl\":\"https:\\\/\\\/www.eldiario.net\\\/portal\\\/wp-content\\\/uploads\\\/2023\\\/07\\\/logo_ED.jpg\",\"width\":272,\"height\":52,\"caption\":\"El Diario - Decano de la prensa nacional\"},\"image\":{\"@id\":\"https:\\\/\\\/www.eldiario.net\\\/portal\\\/#\\\/schema\\\/logo\\\/image\\\/\"},\"sameAs\":[\"https:\\\/\\\/www.facebook.com\\\/eldiario.bolivia\\\/\",\"https:\\\/\\\/x.com\\\/eldiario_net\"]},{\"@type\":\"Person\",\"@id\":\"https:\\\/\\\/www.eldiario.net\\\/portal\\\/#\\\/schema\\\/person\\\/f46445640444750d7d753ccd04ae01b7\",\"name\":\"Jeanette\",\"image\":{\"@type\":\"ImageObject\",\"inLanguage\":\"es\",\"@id\":\"https:\\\/\\\/secure.gravatar.com\\\/avatar\\\/3ea2118a5f7dad2b7138b1187a6b7ee55f160b9968b66013c3a3ef39dd7e5798?s=96&d=mm&r=g\",\"url\":\"https:\\\/\\\/secure.gravatar.com\\\/avatar\\\/3ea2118a5f7dad2b7138b1187a6b7ee55f160b9968b66013c3a3ef39dd7e5798?s=96&d=mm&r=g\",\"contentUrl\":\"https:\\\/\\\/secure.gravatar.com\\\/avatar\\\/3ea2118a5f7dad2b7138b1187a6b7ee55f160b9968b66013c3a3ef39dd7e5798?s=96&d=mm&r=g\",\"caption\":\"Jeanette\"},\"sameAs\":[\"https:\\\/\\\/www.eldiario.net\\\/portal\"],\"url\":\"https:\\\/\\\/www.eldiario.net\\\/portal\\\/author\\\/jeanette\\\/\"}]}<\/script>\n<!-- \/ Yoast SEO plugin. -->","yoast_head_json":{"title":"B\u00e9lgica critica plan h\u00fangaro de enviar migrantes a Bruselas - El Diario - Bolivia","robots":{"index":"index","follow":"follow","max-snippet":"max-snippet:-1","max-image-preview":"max-image-preview:large","max-video-preview":"max-video-preview:-1"},"canonical":"https:\/\/www.eldiario.net\/portal\/2024\/09\/10\/belgica-critica-plan-hungaro-de-enviar-migrantes-a-bruselas\/","og_locale":"es_ES","og_type":"article","og_title":"B\u00e9lgica critica plan h\u00fangaro de enviar migrantes a Bruselas - El Diario - Bolivia","og_description":"La secretaria belga de Estado para el Asilo y la Migraci\u00f3n, Nicole de Moor, reaccion\u00f3 ayer a la amenaza de Hungr\u00eda de enviar autobuses llenos de migrantes a Bruselas que desean solicitar asilo en los Veintisiete, asegurando que una medida de ese tipo socavar\u00eda \u00abla solidaridad y la cooperaci\u00f3n\u00bb en la Uni\u00f3n Europea. \u00abB\u00e9lgica no [&hellip;]","og_url":"https:\/\/www.eldiario.net\/portal\/2024\/09\/10\/belgica-critica-plan-hungaro-de-enviar-migrantes-a-bruselas\/","og_site_name":"El Diario - Bolivia","article_publisher":"https:\/\/www.facebook.com\/eldiario.bolivia\/","article_published_time":"2024-09-10T10:18:04+00:00","og_image":[{"width":1200,"height":525,"url":"https:\/\/www.eldiario.net\/portal\/wp-content\/uploads\/2024\/09\/BELGICA-FOTO.jpg","type":"image\/jpeg"}],"author":"Jeanette","twitter_card":"summary_large_image","twitter_creator":"@eldiario_net","twitter_site":"@eldiario_net","twitter_misc":{"Escrito por":"Jeanette","Tiempo de lectura":"2 minutos"},"schema":{"@context":"https:\/\/schema.org","@graph":[{"@type":"Article","@id":"https:\/\/www.eldiario.net\/portal\/2024\/09\/10\/belgica-critica-plan-hungaro-de-enviar-migrantes-a-bruselas\/#article","isPartOf":{"@id":"https:\/\/www.eldiario.net\/portal\/2024\/09\/10\/belgica-critica-plan-hungaro-de-enviar-migrantes-a-bruselas\/"},"author":{"name":"Jeanette","@id":"https:\/\/www.eldiario.net\/portal\/#\/schema\/person\/f46445640444750d7d753ccd04ae01b7"},"headline":"B\u00e9lgica critica plan h\u00fangaro de enviar migrantes a Bruselas","datePublished":"2024-09-10T10:18:04+00:00","mainEntityOfPage":{"@id":"https:\/\/www.eldiario.net\/portal\/2024\/09\/10\/belgica-critica-plan-hungaro-de-enviar-migrantes-a-bruselas\/"},"wordCount":419,"commentCount":0,"publisher":{"@id":"https:\/\/www.eldiario.net\/portal\/#organization"},"image":{"@id":"https:\/\/www.eldiario.net\/portal\/2024\/09\/10\/belgica-critica-plan-hungaro-de-enviar-migrantes-a-bruselas\/#primaryimage"},"thumbnailUrl":"https:\/\/www.eldiario.net\/portal\/wp-content\/uploads\/2024\/09\/BELGICA-FOTO.jpg","articleSection":["Internacional"],"inLanguage":"es","potentialAction":[{"@type":"CommentAction","name":"Comment","target":["https:\/\/www.eldiario.net\/portal\/2024\/09\/10\/belgica-critica-plan-hungaro-de-enviar-migrantes-a-bruselas\/#respond"]}]},{"@type":"WebPage","@id":"https:\/\/www.eldiario.net\/portal\/2024\/09\/10\/belgica-critica-plan-hungaro-de-enviar-migrantes-a-bruselas\/","url":"https:\/\/www.eldiario.net\/portal\/2024\/09\/10\/belgica-critica-plan-hungaro-de-enviar-migrantes-a-bruselas\/","name":"B\u00e9lgica critica plan h\u00fangaro de enviar migrantes a Bruselas - El Diario - Bolivia","isPartOf":{"@id":"https:\/\/www.eldiario.net\/portal\/#website"},"primaryImageOfPage":{"@id":"https:\/\/www.eldiario.net\/portal\/2024\/09\/10\/belgica-critica-plan-hungaro-de-enviar-migrantes-a-bruselas\/#primaryimage"},"image":{"@id":"https:\/\/www.eldiario.net\/portal\/2024\/09\/10\/belgica-critica-plan-hungaro-de-enviar-migrantes-a-bruselas\/#primaryimage"},"thumbnailUrl":"https:\/\/www.eldiario.net\/portal\/wp-content\/uploads\/2024\/09\/BELGICA-FOTO.jpg","datePublished":"2024-09-10T10:18:04+00:00","breadcrumb":{"@id":"https:\/\/www.eldiario.net\/portal\/2024\/09\/10\/belgica-critica-plan-hungaro-de-enviar-migrantes-a-bruselas\/#breadcrumb"},"inLanguage":"es","potentialAction":[{"@type":"ReadAction","target":["https:\/\/www.eldiario.net\/portal\/2024\/09\/10\/belgica-critica-plan-hungaro-de-enviar-migrantes-a-bruselas\/"]}]},{"@type":"ImageObject","inLanguage":"es","@id":"https:\/\/www.eldiario.net\/portal\/2024\/09\/10\/belgica-critica-plan-hungaro-de-enviar-migrantes-a-bruselas\/#primaryimage","url":"https:\/\/www.eldiario.net\/portal\/wp-content\/uploads\/2024\/09\/BELGICA-FOTO.jpg","contentUrl":"https:\/\/www.eldiario.net\/portal\/wp-content\/uploads\/2024\/09\/BELGICA-FOTO.jpg","width":1200,"height":525,"caption":"La secretaria belga de Estado para el Asilo y la Migraci\u00f3n, Nicole de Moor. CREDITO: DPA"},{"@type":"BreadcrumbList","@id":"https:\/\/www.eldiario.net\/portal\/2024\/09\/10\/belgica-critica-plan-hungaro-de-enviar-migrantes-a-bruselas\/#breadcrumb","itemListElement":[{"@type":"ListItem","position":1,"name":"Portada","item":"https:\/\/www.eldiario.net\/portal\/"},{"@type":"ListItem","position":2,"name":"B\u00e9lgica critica plan h\u00fangaro de enviar migrantes a Bruselas"}]},{"@type":"WebSite","@id":"https:\/\/www.eldiario.net\/portal\/#website","url":"https:\/\/www.eldiario.net\/portal\/","name":"El Diario - Decano de la prensa nacional","description":"El Diario - Decano de la prensa nacional","publisher":{"@id":"https:\/\/www.eldiario.net\/portal\/#organization"},"potentialAction":[{"@type":"SearchAction","target":{"@type":"EntryPoint","urlTemplate":"https:\/\/www.eldiario.net\/portal\/?s={search_term_string}"},"query-input":{"@type":"PropertyValueSpecification","valueRequired":true,"valueName":"search_term_string"}}],"inLanguage":"es"},{"@type":"Organization","@id":"https:\/\/www.eldiario.net\/portal\/#organization","name":"El Diario - Decano de la prensa nacional","url":"https:\/\/www.eldiario.net\/portal\/","logo":{"@type":"ImageObject","inLanguage":"es","@id":"https:\/\/www.eldiario.net\/portal\/#\/schema\/logo\/image\/","url":"https:\/\/www.eldiario.net\/portal\/wp-content\/uploads\/2023\/07\/logo_ED.jpg","contentUrl":"https:\/\/www.eldiario.net\/portal\/wp-content\/uploads\/2023\/07\/logo_ED.jpg","width":272,"height":52,"caption":"El Diario - Decano de la prensa nacional"},"image":{"@id":"https:\/\/www.eldiario.net\/portal\/#\/schema\/logo\/image\/"},"sameAs":["https:\/\/www.facebook.com\/eldiario.bolivia\/","https:\/\/x.com\/eldiario_net"]},{"@type":"Person","@id":"https:\/\/www.eldiario.net\/portal\/#\/schema\/person\/f46445640444750d7d753ccd04ae01b7","name":"Jeanette","image":{"@type":"ImageObject","inLanguage":"es","@id":"https:\/\/secure.gravatar.com\/avatar\/3ea2118a5f7dad2b7138b1187a6b7ee55f160b9968b66013c3a3ef39dd7e5798?s=96&d=mm&r=g","url":"https:\/\/secure.gravatar.com\/avatar\/3ea2118a5f7dad2b7138b1187a6b7ee55f160b9968b66013c3a3ef39dd7e5798?s=96&d=mm&r=g","contentUrl":"https:\/\/secure.gravatar.com\/avatar\/3ea2118a5f7dad2b7138b1187a6b7ee55f160b9968b66013c3a3ef39dd7e5798?s=96&d=mm&r=g","caption":"Jeanette"},"sameAs":["https:\/\/www.eldiario.net\/portal"],"url":"https:\/\/www.eldiario.net\/portal\/author\/jeanette\/"}]}},"_links":{"self":[{"href":"https:\/\/www.eldiario.net\/portal\/wp-json\/wp\/v2\/posts\/246511","targetHints":{"allow":["GET"]}}],"collection":[{"href":"https:\/\/www.eldiario.net\/portal\/wp-json\/wp\/v2\/posts"}],"about":[{"href":"https:\/\/www.eldiario.net\/portal\/wp-json\/wp\/v2\/types\/post"}],"author":[{"embeddable":true,"href":"https:\/\/www.eldiario.net\/portal\/wp-json\/wp\/v2\/users\/1"}],"replies":[{"embeddable":true,"href":"https:\/\/www.eldiario.net\/portal\/wp-json\/wp\/v2\/comments?post=246511"}],"version-history":[{"count":1,"href":"https:\/\/www.eldiario.net\/portal\/wp-json\/wp\/v2\/posts\/246511\/revisions"}],"predecessor-version":[{"id":246513,"href":"https:\/\/www.eldiario.net\/portal\/wp-json\/wp\/v2\/posts\/246511\/revisions\/246513"}],"wp:featuredmedia":[{"embeddable":true,"href":"https:\/\/www.eldiario.net\/portal\/wp-json\/wp\/v2\/media\/246512"}],"wp:attachment":[{"href":"https:\/\/www.eldiario.net\/portal\/wp-json\/wp\/v2\/media?parent=246511"}],"wp:term":[{"taxonomy":"category","embeddable":true,"href":"https:\/\/www.eldiario.net\/portal\/wp-json\/wp\/v2\/categories?post=246511"},{"taxonomy":"post_tag","embeddable":true,"href":"https:\/\/www.eldiario.net\/portal\/wp-json\/wp\/v2\/tags?post=246511"}],"curies":[{"name":"wp","href":"https:\/\/api.w.org\/{rel}","templated":true}]}}