{"id":246508,"date":"2024-09-10T06:17:20","date_gmt":"2024-09-10T10:17:20","guid":{"rendered":"https:\/\/www.eldiario.net\/portal\/?p=246508"},"modified":"2024-09-10T06:17:20","modified_gmt":"2024-09-10T10:17:20","slug":"gonzalez-promete-continuar-lucha-por-venezuela-desde-exilio","status":"publish","type":"post","link":"https:\/\/www.eldiario.net\/portal\/2024\/09\/10\/gonzalez-promete-continuar-lucha-por-venezuela-desde-exilio\/","title":{"rendered":"Gonz\u00e1lez promete continuar lucha por Venezuela desde exilio"},"content":{"rendered":"<p>En un corto mensaje de audio distribuido por el equipo de prensa de su coalici\u00f3n, la Plataforma Unitaria Democr\u00e1tica (PUD), Edmundo Gonz\u00e1lez, afirm\u00f3 que su salida de Caracas fue complicada.<\/p>\n<p>\u00abEstuvo rodeada de episodios de presiones, coacciones y amenazas de no permitir mi salida\u00bb, explic\u00f3.<\/p>\n<p>Sin embargo, el l\u00edder opositor se\u00f1al\u00f3 estar confiado en que \u00abpr\u00f3ximamente\u00bb continuar\u00e1 la lucha para \u00ablograr la libertad y la recuperaci\u00f3n de la democracia\u00bb en su pa\u00eds.<\/p>\n<p>La salida de Gonz\u00e1lez de Venezuela se produce poco m\u00e1s de un mes despu\u00e9s de las controvertidas elecciones presidenciales del 28 de julio, en las que el Consejo Nacional Electoral (CNE), controlado por el gobierno, le adjudic\u00f3 la victoria al presidente Nicol\u00e1s Maduro.<\/p>\n<p>El cuerpo electoral nunca public\u00f3 las actas desglosadas por mesas de votaci\u00f3n que demuestren la supuesta victoria del mandatario que aspira a un tercer periodo.<\/p>\n<p>El resultado fue cuestionado por la oposici\u00f3n venezolana, liderada por Mar\u00eda Corina Machado y Gonz\u00e1lez, y por muchos sectores de la comunidad internacional.<\/p>\n<p>La semana pasada, el juez Edward Brice\u00f1o con competencia en temas de terrorismo orden\u00f3 la captura de Edmundo Gonz\u00e1lez, horas despu\u00e9s de haber recibido una solicitud por parte de la Fiscal\u00eda General de la Rep\u00fablica.<\/p>\n<p>En la orden de captura se acusaba a, Gonz\u00e1lez Urrutia, de supuesta usurpaci\u00f3n de funciones, forjamiento de documento p\u00fablico, instigaci\u00f3n a la desobediencia de las leyes, conspiraci\u00f3n, sabotaje de sistemas y delitos de asociaci\u00f3n.<\/p>\n<p>Dicha orden empuj\u00f3 al candidato a la clandestinidad.<\/p>\n<p>&nbsp;<\/p>\n<p>POSESI\u00d3N PRESIDENCIAL<\/p>\n<p>La l\u00edder opositora Mar\u00eda Corina Machado, quien arras\u00f3 en las primarias de la oposici\u00f3n pero a quien un tribunal superior le prohibi\u00f3 presentarse como candidata, afirm\u00f3 el domingo que la vida de Edmundo Gonz\u00e1lez \u00abcorr\u00eda peligro\u00bb.<\/p>\n<p>\u00abLas crecientes amenazas, citaciones, orden de aprehensi\u00f3n e incluso los intentos de chantaje y de coacci\u00f3n de los que fue objeto, demuestran que el r\u00e9gimen no tiene escr\u00fapulos ni l\u00edmites en su obsesi\u00f3n de silenciarlo e intentar doblegarlo\u00bb, escribi\u00f3 en la red social X.<\/p>\n<p>\u00abA partir de nuestra hist\u00f3rica victoria del 28 de julio de 2024, el r\u00e9gimen desat\u00f3 una brutal ola de represi\u00f3n en contra de todos los ciudadanos, calificada como terrorismo de Estado por la CIDH, la cual incluy\u00f3 todo tipo de ataques contra el Presidente electo y su entorno\u00bb, agreg\u00f3.<\/p>\n<p>Asimismo, asegur\u00f3 que el pr\u00f3ximo 10 de enero de 2025, Edmundo Gonz\u00e1lez Urrutia, ser\u00e1 juramentado como presidente Constitucional de Venezuela y Comandante en Jefe de la Fuerza Armada Nacional.<\/p>\n<p>\u00abQue esto quede muy claro a todos: Edmundo luchar\u00e1 desde afuera junto a nuestra di\u00e1spora y yo lo seguir\u00e9 haciendo aqu\u00ed, junto a ustedes\u00bb.<\/p>\n<p>&nbsp;<\/p>\n<p>DEMOCRACIA<\/p>\n<p>El alto responsable de pol\u00edtica exterior de la Uni\u00f3n Europea, Josep Borrell, afirm\u00f3 en un comunicado que: \u00abHoy es un d\u00eda triste para la democracia en Venezuela\u00bb.<\/p>\n<p>\u00abEn una democracia, ning\u00fan dirigente pol\u00edtico deber\u00eda verse obligado a pedir asilo en otro pa\u00eds\u00bb, sostuvo.<\/p>\n<p>&nbsp;<\/p>\n<p>Seg\u00fan Borrell y el ministro de Asuntos Exteriores neerland\u00e9s, Caspar Veldkamp, \u200b\u200bPa\u00edses Bajos concedi\u00f3 la solicitud de Gonz\u00e1lez de refugio en su residencia diplom\u00e1tica en Caracas despu\u00e9s de las elecciones, y permaneci\u00f3 all\u00ed hasta el jueves.<\/p>\n<p>\u00abA principios de septiembre, Edmundo Gonz\u00e1lez, manifest\u00f3 su intenci\u00f3n de abandonar la residencia y el pa\u00eds\u00bb, inform\u00f3 Veldkamp en un comunicado.<\/p>\n<p>\u00abEn respuesta, habl\u00e9 con \u00e9l sobre la situaci\u00f3n en Venezuela, la importancia del trabajo de la oposici\u00f3n y la transici\u00f3n a la democracia, y enfatiz\u00f3 nuestra continua hospitalidad. Indic\u00f3 que, no obstante, quer\u00eda irse y continuar su lucha desde Espa\u00f1a\u00bb.<\/p>\n<p>Por su parte, el secretario de Estado de Estados Unidos, Antony Blinken, afirm\u00f3 que la salida de Gonz\u00e1lez de Venezuela \u00abes el resultado directo de las medidas antidemocr\u00e1ticas que Nicol\u00e1s Maduro desat\u00f3 contra el pueblo venezolano, incluido Gonz\u00e1lez Urrutia y otros l\u00edderes de la oposici\u00f3n, desde las elecciones\u00bb.<\/p>\n<p>\u00abLos resultados electorales y la voluntad del pueblo no pueden ser simplemente ignorados por Maduro y las autoridades electorales venezolanas. Nos unimos a Gonz\u00e1lez Urrutia en su llamado a continuar la lucha por la libertad y la restauraci\u00f3n de la democracia en Venezuela\u00bb, concluy\u00f3. (BBC)<\/p>\n","protected":false},"excerpt":{"rendered":"<p>En un corto mensaje de audio distribuido por el equipo de prensa de su coalici\u00f3n, la Plataforma Unitaria Democr\u00e1tica (PUD), Edmundo Gonz\u00e1lez, afirm\u00f3 que su salida de Caracas fue complicada. \u00abEstuvo rodeada de episodios de presiones, coacciones y amenazas de no permitir mi salida\u00bb, explic\u00f3. Sin embargo, el l\u00edder opositor se\u00f1al\u00f3 estar confiado en que [&hellip;]<\/p>\n","protected":false},"author":1,"featured_media":246509,"comment_status":"open","ping_status":"open","sticky":false,"template":"","format":"standard","meta":{"_acf_changed":false,"footnotes":""},"categories":[3],"tags":[],"class_list":["post-246508","post","type-post","status-publish","format-standard","has-post-thumbnail","category-internacional"],"acf":{"antetitulo":""},"yoast_head":"<!-- This site is optimized with the Yoast SEO plugin v28.3 - https:\/\/yoast.com\/product\/yoast-seo-wordpress\/ -->\n<title>Gonz\u00e1lez promete continuar lucha por Venezuela desde exilio - El Diario - Bolivia<\/title>\n<meta name=\"robots\" content=\"index, follow, max-snippet:-1, max-image-preview:large, max-video-preview:-1\" \/>\n<link rel=\"canonical\" href=\"https:\/\/www.eldiario.net\/portal\/2024\/09\/10\/gonzalez-promete-continuar-lucha-por-venezuela-desde-exilio\/\" \/>\n<meta property=\"og:locale\" content=\"es_ES\" \/>\n<meta property=\"og:type\" content=\"article\" \/>\n<meta property=\"og:title\" content=\"Gonz\u00e1lez promete continuar lucha por Venezuela desde exilio - El Diario - Bolivia\" \/>\n<meta property=\"og:description\" content=\"En un corto mensaje de audio distribuido por el equipo de prensa de su coalici\u00f3n, la Plataforma Unitaria Democr\u00e1tica (PUD), Edmundo Gonz\u00e1lez, afirm\u00f3 que su salida de Caracas fue complicada. \u00abEstuvo rodeada de episodios de presiones, coacciones y amenazas de no permitir mi salida\u00bb, explic\u00f3. Sin embargo, el l\u00edder opositor se\u00f1al\u00f3 estar confiado en que [&hellip;]\" \/>\n<meta property=\"og:url\" content=\"https:\/\/www.eldiario.net\/portal\/2024\/09\/10\/gonzalez-promete-continuar-lucha-por-venezuela-desde-exilio\/\" \/>\n<meta property=\"og:site_name\" content=\"El Diario - Bolivia\" \/>\n<meta property=\"article:publisher\" content=\"https:\/\/www.facebook.com\/eldiario.bolivia\/\" \/>\n<meta property=\"article:published_time\" content=\"2024-09-10T10:17:20+00:00\" \/>\n<meta property=\"og:image\" content=\"https:\/\/www.eldiario.net\/portal\/wp-content\/uploads\/2024\/09\/EXILIO-FOTO.jpg\" \/>\n\t<meta property=\"og:image:width\" content=\"1200\" \/>\n\t<meta property=\"og:image:height\" content=\"798\" \/>\n\t<meta property=\"og:image:type\" content=\"image\/jpeg\" \/>\n<meta name=\"author\" content=\"Jeanette\" \/>\n<meta name=\"twitter:card\" content=\"summary_large_image\" \/>\n<meta name=\"twitter:creator\" content=\"@eldiario_net\" \/>\n<meta name=\"twitter:site\" content=\"@eldiario_net\" \/>\n<meta name=\"twitter:label1\" content=\"Escrito por\" \/>\n\t<meta name=\"twitter:data1\" content=\"Jeanette\" \/>\n\t<meta name=\"twitter:label2\" content=\"Tiempo de lectura\" \/>\n\t<meta name=\"twitter:data2\" content=\"4 minutos\" \/>\n<script type=\"application\/ld+json\" class=\"yoast-schema-graph\">{\"@context\":\"https:\\\/\\\/schema.org\",\"@graph\":[{\"@type\":\"Article\",\"@id\":\"https:\\\/\\\/www.eldiario.net\\\/portal\\\/2024\\\/09\\\/10\\\/gonzalez-promete-continuar-lucha-por-venezuela-desde-exilio\\\/#article\",\"isPartOf\":{\"@id\":\"https:\\\/\\\/www.eldiario.net\\\/portal\\\/2024\\\/09\\\/10\\\/gonzalez-promete-continuar-lucha-por-venezuela-desde-exilio\\\/\"},\"author\":{\"name\":\"Jeanette\",\"@id\":\"https:\\\/\\\/www.eldiario.net\\\/portal\\\/#\\\/schema\\\/person\\\/f46445640444750d7d753ccd04ae01b7\"},\"headline\":\"Gonz\u00e1lez promete continuar lucha por Venezuela desde exilio\",\"datePublished\":\"2024-09-10T10:17:20+00:00\",\"mainEntityOfPage\":{\"@id\":\"https:\\\/\\\/www.eldiario.net\\\/portal\\\/2024\\\/09\\\/10\\\/gonzalez-promete-continuar-lucha-por-venezuela-desde-exilio\\\/\"},\"wordCount\":739,\"commentCount\":0,\"publisher\":{\"@id\":\"https:\\\/\\\/www.eldiario.net\\\/portal\\\/#organization\"},\"image\":{\"@id\":\"https:\\\/\\\/www.eldiario.net\\\/portal\\\/2024\\\/09\\\/10\\\/gonzalez-promete-continuar-lucha-por-venezuela-desde-exilio\\\/#primaryimage\"},\"thumbnailUrl\":\"https:\\\/\\\/www.eldiario.net\\\/portal\\\/wp-content\\\/uploads\\\/2024\\\/09\\\/EXILIO-FOTO.jpg\",\"articleSection\":[\"Internacional\"],\"inLanguage\":\"es\",\"potentialAction\":[{\"@type\":\"CommentAction\",\"name\":\"Comment\",\"target\":[\"https:\\\/\\\/www.eldiario.net\\\/portal\\\/2024\\\/09\\\/10\\\/gonzalez-promete-continuar-lucha-por-venezuela-desde-exilio\\\/#respond\"]}]},{\"@type\":\"WebPage\",\"@id\":\"https:\\\/\\\/www.eldiario.net\\\/portal\\\/2024\\\/09\\\/10\\\/gonzalez-promete-continuar-lucha-por-venezuela-desde-exilio\\\/\",\"url\":\"https:\\\/\\\/www.eldiario.net\\\/portal\\\/2024\\\/09\\\/10\\\/gonzalez-promete-continuar-lucha-por-venezuela-desde-exilio\\\/\",\"name\":\"Gonz\u00e1lez promete continuar lucha por Venezuela desde exilio - El Diario - Bolivia\",\"isPartOf\":{\"@id\":\"https:\\\/\\\/www.eldiario.net\\\/portal\\\/#website\"},\"primaryImageOfPage\":{\"@id\":\"https:\\\/\\\/www.eldiario.net\\\/portal\\\/2024\\\/09\\\/10\\\/gonzalez-promete-continuar-lucha-por-venezuela-desde-exilio\\\/#primaryimage\"},\"image\":{\"@id\":\"https:\\\/\\\/www.eldiario.net\\\/portal\\\/2024\\\/09\\\/10\\\/gonzalez-promete-continuar-lucha-por-venezuela-desde-exilio\\\/#primaryimage\"},\"thumbnailUrl\":\"https:\\\/\\\/www.eldiario.net\\\/portal\\\/wp-content\\\/uploads\\\/2024\\\/09\\\/EXILIO-FOTO.jpg\",\"datePublished\":\"2024-09-10T10:17:20+00:00\",\"breadcrumb\":{\"@id\":\"https:\\\/\\\/www.eldiario.net\\\/portal\\\/2024\\\/09\\\/10\\\/gonzalez-promete-continuar-lucha-por-venezuela-desde-exilio\\\/#breadcrumb\"},\"inLanguage\":\"es\",\"potentialAction\":[{\"@type\":\"ReadAction\",\"target\":[\"https:\\\/\\\/www.eldiario.net\\\/portal\\\/2024\\\/09\\\/10\\\/gonzalez-promete-continuar-lucha-por-venezuela-desde-exilio\\\/\"]}]},{\"@type\":\"ImageObject\",\"inLanguage\":\"es\",\"@id\":\"https:\\\/\\\/www.eldiario.net\\\/portal\\\/2024\\\/09\\\/10\\\/gonzalez-promete-continuar-lucha-por-venezuela-desde-exilio\\\/#primaryimage\",\"url\":\"https:\\\/\\\/www.eldiario.net\\\/portal\\\/wp-content\\\/uploads\\\/2024\\\/09\\\/EXILIO-FOTO.jpg\",\"contentUrl\":\"https:\\\/\\\/www.eldiario.net\\\/portal\\\/wp-content\\\/uploads\\\/2024\\\/09\\\/EXILIO-FOTO.jpg\",\"width\":1200,\"height\":798,\"caption\":\"El excandidato opositor venezolano, Edmundo Gonz\u00e1lez Urrutia. CREDITO: El Mundo\"},{\"@type\":\"BreadcrumbList\",\"@id\":\"https:\\\/\\\/www.eldiario.net\\\/portal\\\/2024\\\/09\\\/10\\\/gonzalez-promete-continuar-lucha-por-venezuela-desde-exilio\\\/#breadcrumb\",\"itemListElement\":[{\"@type\":\"ListItem\",\"position\":1,\"name\":\"Portada\",\"item\":\"https:\\\/\\\/www.eldiario.net\\\/portal\\\/\"},{\"@type\":\"ListItem\",\"position\":2,\"name\":\"Gonz\u00e1lez promete continuar lucha por Venezuela desde exilio\"}]},{\"@type\":\"WebSite\",\"@id\":\"https:\\\/\\\/www.eldiario.net\\\/portal\\\/#website\",\"url\":\"https:\\\/\\\/www.eldiario.net\\\/portal\\\/\",\"name\":\"El Diario - Decano de la prensa nacional\",\"description\":\"El Diario - Decano de la prensa nacional\",\"publisher\":{\"@id\":\"https:\\\/\\\/www.eldiario.net\\\/portal\\\/#organization\"},\"potentialAction\":[{\"@type\":\"SearchAction\",\"target\":{\"@type\":\"EntryPoint\",\"urlTemplate\":\"https:\\\/\\\/www.eldiario.net\\\/portal\\\/?s={search_term_string}\"},\"query-input\":{\"@type\":\"PropertyValueSpecification\",\"valueRequired\":true,\"valueName\":\"search_term_string\"}}],\"inLanguage\":\"es\"},{\"@type\":\"Organization\",\"@id\":\"https:\\\/\\\/www.eldiario.net\\\/portal\\\/#organization\",\"name\":\"El Diario - Decano de la prensa nacional\",\"url\":\"https:\\\/\\\/www.eldiario.net\\\/portal\\\/\",\"logo\":{\"@type\":\"ImageObject\",\"inLanguage\":\"es\",\"@id\":\"https:\\\/\\\/www.eldiario.net\\\/portal\\\/#\\\/schema\\\/logo\\\/image\\\/\",\"url\":\"https:\\\/\\\/www.eldiario.net\\\/portal\\\/wp-content\\\/uploads\\\/2023\\\/07\\\/logo_ED.jpg\",\"contentUrl\":\"https:\\\/\\\/www.eldiario.net\\\/portal\\\/wp-content\\\/uploads\\\/2023\\\/07\\\/logo_ED.jpg\",\"width\":272,\"height\":52,\"caption\":\"El Diario - Decano de la prensa nacional\"},\"image\":{\"@id\":\"https:\\\/\\\/www.eldiario.net\\\/portal\\\/#\\\/schema\\\/logo\\\/image\\\/\"},\"sameAs\":[\"https:\\\/\\\/www.facebook.com\\\/eldiario.bolivia\\\/\",\"https:\\\/\\\/x.com\\\/eldiario_net\"]},{\"@type\":\"Person\",\"@id\":\"https:\\\/\\\/www.eldiario.net\\\/portal\\\/#\\\/schema\\\/person\\\/f46445640444750d7d753ccd04ae01b7\",\"name\":\"Jeanette\",\"image\":{\"@type\":\"ImageObject\",\"inLanguage\":\"es\",\"@id\":\"https:\\\/\\\/secure.gravatar.com\\\/avatar\\\/3ea2118a5f7dad2b7138b1187a6b7ee55f160b9968b66013c3a3ef39dd7e5798?s=96&d=mm&r=g\",\"url\":\"https:\\\/\\\/secure.gravatar.com\\\/avatar\\\/3ea2118a5f7dad2b7138b1187a6b7ee55f160b9968b66013c3a3ef39dd7e5798?s=96&d=mm&r=g\",\"contentUrl\":\"https:\\\/\\\/secure.gravatar.com\\\/avatar\\\/3ea2118a5f7dad2b7138b1187a6b7ee55f160b9968b66013c3a3ef39dd7e5798?s=96&d=mm&r=g\",\"caption\":\"Jeanette\"},\"sameAs\":[\"https:\\\/\\\/www.eldiario.net\\\/portal\"],\"url\":\"https:\\\/\\\/www.eldiario.net\\\/portal\\\/author\\\/jeanette\\\/\"}]}<\/script>\n<!-- \/ Yoast SEO plugin. -->","yoast_head_json":{"title":"Gonz\u00e1lez promete continuar lucha por Venezuela desde exilio - El Diario - Bolivia","robots":{"index":"index","follow":"follow","max-snippet":"max-snippet:-1","max-image-preview":"max-image-preview:large","max-video-preview":"max-video-preview:-1"},"canonical":"https:\/\/www.eldiario.net\/portal\/2024\/09\/10\/gonzalez-promete-continuar-lucha-por-venezuela-desde-exilio\/","og_locale":"es_ES","og_type":"article","og_title":"Gonz\u00e1lez promete continuar lucha por Venezuela desde exilio - El Diario - Bolivia","og_description":"En un corto mensaje de audio distribuido por el equipo de prensa de su coalici\u00f3n, la Plataforma Unitaria Democr\u00e1tica (PUD), Edmundo Gonz\u00e1lez, afirm\u00f3 que su salida de Caracas fue complicada. \u00abEstuvo rodeada de episodios de presiones, coacciones y amenazas de no permitir mi salida\u00bb, explic\u00f3. Sin embargo, el l\u00edder opositor se\u00f1al\u00f3 estar confiado en que [&hellip;]","og_url":"https:\/\/www.eldiario.net\/portal\/2024\/09\/10\/gonzalez-promete-continuar-lucha-por-venezuela-desde-exilio\/","og_site_name":"El Diario - Bolivia","article_publisher":"https:\/\/www.facebook.com\/eldiario.bolivia\/","article_published_time":"2024-09-10T10:17:20+00:00","og_image":[{"width":1200,"height":798,"url":"https:\/\/www.eldiario.net\/portal\/wp-content\/uploads\/2024\/09\/EXILIO-FOTO.jpg","type":"image\/jpeg"}],"author":"Jeanette","twitter_card":"summary_large_image","twitter_creator":"@eldiario_net","twitter_site":"@eldiario_net","twitter_misc":{"Escrito por":"Jeanette","Tiempo de lectura":"4 minutos"},"schema":{"@context":"https:\/\/schema.org","@graph":[{"@type":"Article","@id":"https:\/\/www.eldiario.net\/portal\/2024\/09\/10\/gonzalez-promete-continuar-lucha-por-venezuela-desde-exilio\/#article","isPartOf":{"@id":"https:\/\/www.eldiario.net\/portal\/2024\/09\/10\/gonzalez-promete-continuar-lucha-por-venezuela-desde-exilio\/"},"author":{"name":"Jeanette","@id":"https:\/\/www.eldiario.net\/portal\/#\/schema\/person\/f46445640444750d7d753ccd04ae01b7"},"headline":"Gonz\u00e1lez promete continuar lucha por Venezuela desde exilio","datePublished":"2024-09-10T10:17:20+00:00","mainEntityOfPage":{"@id":"https:\/\/www.eldiario.net\/portal\/2024\/09\/10\/gonzalez-promete-continuar-lucha-por-venezuela-desde-exilio\/"},"wordCount":739,"commentCount":0,"publisher":{"@id":"https:\/\/www.eldiario.net\/portal\/#organization"},"image":{"@id":"https:\/\/www.eldiario.net\/portal\/2024\/09\/10\/gonzalez-promete-continuar-lucha-por-venezuela-desde-exilio\/#primaryimage"},"thumbnailUrl":"https:\/\/www.eldiario.net\/portal\/wp-content\/uploads\/2024\/09\/EXILIO-FOTO.jpg","articleSection":["Internacional"],"inLanguage":"es","potentialAction":[{"@type":"CommentAction","name":"Comment","target":["https:\/\/www.eldiario.net\/portal\/2024\/09\/10\/gonzalez-promete-continuar-lucha-por-venezuela-desde-exilio\/#respond"]}]},{"@type":"WebPage","@id":"https:\/\/www.eldiario.net\/portal\/2024\/09\/10\/gonzalez-promete-continuar-lucha-por-venezuela-desde-exilio\/","url":"https:\/\/www.eldiario.net\/portal\/2024\/09\/10\/gonzalez-promete-continuar-lucha-por-venezuela-desde-exilio\/","name":"Gonz\u00e1lez promete continuar lucha por Venezuela desde exilio - El Diario - Bolivia","isPartOf":{"@id":"https:\/\/www.eldiario.net\/portal\/#website"},"primaryImageOfPage":{"@id":"https:\/\/www.eldiario.net\/portal\/2024\/09\/10\/gonzalez-promete-continuar-lucha-por-venezuela-desde-exilio\/#primaryimage"},"image":{"@id":"https:\/\/www.eldiario.net\/portal\/2024\/09\/10\/gonzalez-promete-continuar-lucha-por-venezuela-desde-exilio\/#primaryimage"},"thumbnailUrl":"https:\/\/www.eldiario.net\/portal\/wp-content\/uploads\/2024\/09\/EXILIO-FOTO.jpg","datePublished":"2024-09-10T10:17:20+00:00","breadcrumb":{"@id":"https:\/\/www.eldiario.net\/portal\/2024\/09\/10\/gonzalez-promete-continuar-lucha-por-venezuela-desde-exilio\/#breadcrumb"},"inLanguage":"es","potentialAction":[{"@type":"ReadAction","target":["https:\/\/www.eldiario.net\/portal\/2024\/09\/10\/gonzalez-promete-continuar-lucha-por-venezuela-desde-exilio\/"]}]},{"@type":"ImageObject","inLanguage":"es","@id":"https:\/\/www.eldiario.net\/portal\/2024\/09\/10\/gonzalez-promete-continuar-lucha-por-venezuela-desde-exilio\/#primaryimage","url":"https:\/\/www.eldiario.net\/portal\/wp-content\/uploads\/2024\/09\/EXILIO-FOTO.jpg","contentUrl":"https:\/\/www.eldiario.net\/portal\/wp-content\/uploads\/2024\/09\/EXILIO-FOTO.jpg","width":1200,"height":798,"caption":"El excandidato opositor venezolano, Edmundo Gonz\u00e1lez Urrutia. CREDITO: El Mundo"},{"@type":"BreadcrumbList","@id":"https:\/\/www.eldiario.net\/portal\/2024\/09\/10\/gonzalez-promete-continuar-lucha-por-venezuela-desde-exilio\/#breadcrumb","itemListElement":[{"@type":"ListItem","position":1,"name":"Portada","item":"https:\/\/www.eldiario.net\/portal\/"},{"@type":"ListItem","position":2,"name":"Gonz\u00e1lez promete continuar lucha por Venezuela desde exilio"}]},{"@type":"WebSite","@id":"https:\/\/www.eldiario.net\/portal\/#website","url":"https:\/\/www.eldiario.net\/portal\/","name":"El Diario - Decano de la prensa nacional","description":"El Diario - Decano de la prensa nacional","publisher":{"@id":"https:\/\/www.eldiario.net\/portal\/#organization"},"potentialAction":[{"@type":"SearchAction","target":{"@type":"EntryPoint","urlTemplate":"https:\/\/www.eldiario.net\/portal\/?s={search_term_string}"},"query-input":{"@type":"PropertyValueSpecification","valueRequired":true,"valueName":"search_term_string"}}],"inLanguage":"es"},{"@type":"Organization","@id":"https:\/\/www.eldiario.net\/portal\/#organization","name":"El Diario - Decano de la prensa nacional","url":"https:\/\/www.eldiario.net\/portal\/","logo":{"@type":"ImageObject","inLanguage":"es","@id":"https:\/\/www.eldiario.net\/portal\/#\/schema\/logo\/image\/","url":"https:\/\/www.eldiario.net\/portal\/wp-content\/uploads\/2023\/07\/logo_ED.jpg","contentUrl":"https:\/\/www.eldiario.net\/portal\/wp-content\/uploads\/2023\/07\/logo_ED.jpg","width":272,"height":52,"caption":"El Diario - Decano de la prensa nacional"},"image":{"@id":"https:\/\/www.eldiario.net\/portal\/#\/schema\/logo\/image\/"},"sameAs":["https:\/\/www.facebook.com\/eldiario.bolivia\/","https:\/\/x.com\/eldiario_net"]},{"@type":"Person","@id":"https:\/\/www.eldiario.net\/portal\/#\/schema\/person\/f46445640444750d7d753ccd04ae01b7","name":"Jeanette","image":{"@type":"ImageObject","inLanguage":"es","@id":"https:\/\/secure.gravatar.com\/avatar\/3ea2118a5f7dad2b7138b1187a6b7ee55f160b9968b66013c3a3ef39dd7e5798?s=96&d=mm&r=g","url":"https:\/\/secure.gravatar.com\/avatar\/3ea2118a5f7dad2b7138b1187a6b7ee55f160b9968b66013c3a3ef39dd7e5798?s=96&d=mm&r=g","contentUrl":"https:\/\/secure.gravatar.com\/avatar\/3ea2118a5f7dad2b7138b1187a6b7ee55f160b9968b66013c3a3ef39dd7e5798?s=96&d=mm&r=g","caption":"Jeanette"},"sameAs":["https:\/\/www.eldiario.net\/portal"],"url":"https:\/\/www.eldiario.net\/portal\/author\/jeanette\/"}]}},"_links":{"self":[{"href":"https:\/\/www.eldiario.net\/portal\/wp-json\/wp\/v2\/posts\/246508","targetHints":{"allow":["GET"]}}],"collection":[{"href":"https:\/\/www.eldiario.net\/portal\/wp-json\/wp\/v2\/posts"}],"about":[{"href":"https:\/\/www.eldiario.net\/portal\/wp-json\/wp\/v2\/types\/post"}],"author":[{"embeddable":true,"href":"https:\/\/www.eldiario.net\/portal\/wp-json\/wp\/v2\/users\/1"}],"replies":[{"embeddable":true,"href":"https:\/\/www.eldiario.net\/portal\/wp-json\/wp\/v2\/comments?post=246508"}],"version-history":[{"count":1,"href":"https:\/\/www.eldiario.net\/portal\/wp-json\/wp\/v2\/posts\/246508\/revisions"}],"predecessor-version":[{"id":246510,"href":"https:\/\/www.eldiario.net\/portal\/wp-json\/wp\/v2\/posts\/246508\/revisions\/246510"}],"wp:featuredmedia":[{"embeddable":true,"href":"https:\/\/www.eldiario.net\/portal\/wp-json\/wp\/v2\/media\/246509"}],"wp:attachment":[{"href":"https:\/\/www.eldiario.net\/portal\/wp-json\/wp\/v2\/media?parent=246508"}],"wp:term":[{"taxonomy":"category","embeddable":true,"href":"https:\/\/www.eldiario.net\/portal\/wp-json\/wp\/v2\/categories?post=246508"},{"taxonomy":"post_tag","embeddable":true,"href":"https:\/\/www.eldiario.net\/portal\/wp-json\/wp\/v2\/tags?post=246508"}],"curies":[{"name":"wp","href":"https:\/\/api.w.org\/{rel}","templated":true}]}}