{"id":246505,"date":"2024-09-10T06:16:33","date_gmt":"2024-09-10T10:16:33","guid":{"rendered":"https:\/\/www.eldiario.net\/portal\/?p=246505"},"modified":"2024-09-10T06:16:33","modified_gmt":"2024-09-10T10:16:33","slug":"ministro-manuel-albares-niega-cualquier-negociacion-con-maduro","status":"publish","type":"post","link":"https:\/\/www.eldiario.net\/portal\/2024\/09\/10\/ministro-manuel-albares-niega-cualquier-negociacion-con-maduro\/","title":{"rendered":"Ministro Manuel Albares niega  cualquier negociaci\u00f3n con Maduro"},"content":{"rendered":"<p>El ministro de Asuntos Exteriores, Uni\u00f3n Europea y Cooperaci\u00f3n, Jos\u00e9 Manuel Albares, neg\u00f3 tajantemente que haya habido ning\u00fan tipo de negociaci\u00f3n pol\u00edtica con el Gobierno de, Nicol\u00e1s Maduro, ni \u00abcontrapartidas\u00bb para propiciar la salida del candidato opositor, Edmundo Gonz\u00e1lez, quien gozar\u00e1 de \u00ablibertad de expresi\u00f3n\u00bb ahora que se encuentra en Espa\u00f1a.<\/p>\n<p>\u00abLos \u00fanicos contactos fueron de tipo operativo\u00bb, asegur\u00f3 el ministro, en entrevista con Onda Cero recogida por Europa Press, despu\u00e9s de que la vicepresidenta venezolana, Delcy Rodr\u00edguez, sostuvo que hubo \u00abamplias conversaciones y contactos\u00bb con el Gobierno espa\u00f1ol, al tiempo que lament\u00f3 las \u00abtonter\u00edas\u00bb que desde ayer escuch\u00f3 y ley\u00f3.<\/p>\n<p>Esos contactos fueron para facilitar que aterrizara en Caracas el avi\u00f3n de la Fuerza A\u00e9rea espa\u00f1ola que traslad\u00f3 finalmente a Espa\u00f1a al dirigente opositor y para garantizar la seguridad del veh\u00edculo que le llev\u00f3 desde la residencia del embajador espa\u00f1ol en la que se encontraba hasta el aeropuerto, explic\u00f3.<\/p>\n<p>As\u00ed pues, reiter\u00f3, \u00abno hubo ning\u00fan tipo de negociaci\u00f3n pol\u00edtica entre el Gobierno de Espa\u00f1a y el Gobierno de Venezuela y no hubo ninguna contrapartida para que Edmundo Gonz\u00e1lez pudiera salir\u00bb. \u00abSi alguien conoce alguna no tiene m\u00e1s que decirlo\u00bb, sostuvo.<\/p>\n<p>El jefe de la diplomacia indic\u00f3 que no se les plante\u00f3 contrapartidas, pero en todo caso el Gobierno no las habr\u00eda aceptado \u00abnunca\u00bb.<\/p>\n<p>&nbsp;<\/p>\n<p>POSICI\u00d3N SE MANTIENE<\/p>\n<p>\u00abLa posici\u00f3n de Espa\u00f1a sigue siendo la misma con Edmundo Gonz\u00e1lez en Caracas o en Madrid, no vamos a reconocer la supuesta victoria de Nicol\u00e1s Maduro, queremos que se entreguen las actas, una l\u00ednea roja absoluta para nosotros y que nos gu\u00eda para conceder asilo es proteger los derechos pol\u00edticos e integridad f\u00edsica\u00bb de los l\u00edderes pol\u00edticos, puntualiz\u00f3.<\/p>\n<p>Seg\u00fan precis\u00f3, la \u00ab\u00fanica conversaci\u00f3n\u00bb que mantuvo \u00e9l en esta gesti\u00f3n fue para hablar con el candidato opositor y confirmar lo que ya le hab\u00edan trasladado desde su equipo, que \u00e9ste quer\u00eda trasladarse a Espa\u00f1a y solicitar asilo.<\/p>\n<p>En este sentido, Albares indic\u00f3 que traslad\u00f3 a Edmundo Gonz\u00e1lez que \u00abpod\u00eda seguir en la residencia del embajador espa\u00f1ol tanto como quisiera\u00bb, como ya ocurri\u00f3 en el pasado con el tambi\u00e9n opositor, Leopoldo L\u00f3pez, que tras m\u00e1s de un a\u00f1o se traslad\u00f3 finalmente a Espa\u00f1a, pero el candidato presidencial prefiri\u00f3 salir de Venezuela.<\/p>\n<p>Seg\u00fan explic\u00f3, la decisi\u00f3n de acoger al opositor vino motivada por \u00abmotivos humanitarios\u00bb al tratarse de una persona de 75 a\u00f1os sobre la que pesaba una orden de arresto y tambi\u00e9n por \u00abmotivos pol\u00edticos\u00bb para hacer avanzar \u00abla democracia en Venezuela y se respete el resultado\u00bb de las elecciones del 28 de julio.<\/p>\n<p>&nbsp;<\/p>\n<p>LIBERTAD DE EXPRESI\u00d3N<\/p>\n<p>Asimismo, quiso tranquilizar a la oposici\u00f3n venezolana asegurando que Edmundo Gonz\u00e1lez \u00abest\u00e1 en seguridad, en libertad, tiene libertad de expresi\u00f3n y manifestaci\u00f3n, puede seguir pensando y diciendo las mismas cosas\u00bb, al tiempo que reiter\u00f3 que Espa\u00f1a no va a \u00abcerrar la puerta\u00bb a otros opositores venezolanos si lo necesitan.<\/p>\n<p>Por lo que se refiere al reconocimiento de, Edmundo Gonz\u00e1lez, como presidente electo, Albares reafirm\u00f3 que los Veintisiete consideran que por ahora no hay que dar este paso y en muchas capitales a\u00fan est\u00e1 fresco el recuerdo de, Juan Guaid\u00f3, al que se reconoci\u00f3 como presidente encargado, y pese a la \u00abenerg\u00eda\u00bb e \u00abilusi\u00f3n\u00bb que se puso \u00abal final qued\u00f3 en no gran cosa\u00bb.<\/p>\n<p>Adem\u00e1s, dado que hasta el 10 de enero no se debe producir la juramentaci\u00f3n del nuevo presidente hay \u00abun tiempo razonable para poder propiciar esa negociaci\u00f3n\u00bb entre el Gobierno y la oposici\u00f3n venezolana y se produzca \u00abuna salida democr\u00e1tica pero tambi\u00e9n pac\u00edfica y genuinamente venezolana\u00bb.<\/p>\n<p>&nbsp;<\/p>\n<p>PAPEL DE ZAPATERO<\/p>\n<p>En otra entrevista en Telecinco, recogida por Europa Press, Albares no quiso confirmar que el expresidente, Jos\u00e9 Luis Rodr\u00edguez Zapatero, desempe\u00f1\u00f3 un papel en este caso concreto, limit\u00e1ndose a destacar que \u00abhace ya muchos a\u00f1os que juega un papel muy positivo en la liberaci\u00f3n de detenidos pol\u00edticos en Venezuela\u00bb.<\/p>\n<p>Zapatero, se\u00f1al\u00f3 el ministro, \u00abtiene una interlocuci\u00f3n fluida con el Gobierno y la oposici\u00f3n, y en estos momentos una figura as\u00ed siempre es \u00fatil, siempre es positiva y siempre es necesaria porque es lo que tenemos que intentar propiciar, un di\u00e1logo y una negociaci\u00f3n entre Gobierno y oposici\u00f3n para desbloquear esta situaci\u00f3n\u00bb. (Europa Press)<\/p>\n","protected":false},"excerpt":{"rendered":"<p>El ministro de Asuntos Exteriores, Uni\u00f3n Europea y Cooperaci\u00f3n, Jos\u00e9 Manuel Albares, neg\u00f3 tajantemente que haya habido ning\u00fan tipo de negociaci\u00f3n pol\u00edtica con el Gobierno de, Nicol\u00e1s Maduro, ni \u00abcontrapartidas\u00bb para propiciar la salida del candidato opositor, Edmundo Gonz\u00e1lez, quien gozar\u00e1 de \u00ablibertad de expresi\u00f3n\u00bb ahora que se encuentra en Espa\u00f1a. \u00abLos \u00fanicos contactos fueron [&hellip;]<\/p>\n","protected":false},"author":1,"featured_media":246506,"comment_status":"open","ping_status":"open","sticky":false,"template":"","format":"standard","meta":{"_acf_changed":false,"footnotes":""},"categories":[3],"tags":[],"class_list":["post-246505","post","type-post","status-publish","format-standard","has-post-thumbnail","category-internacional"],"acf":{"antetitulo":"Espa\u00f1a"},"yoast_head":"<!-- This site is optimized with the Yoast SEO plugin v28.3 - https:\/\/yoast.com\/product\/yoast-seo-wordpress\/ -->\n<title>Ministro Manuel Albares niega cualquier negociaci\u00f3n con Maduro - El Diario - Bolivia<\/title>\n<meta name=\"robots\" content=\"index, follow, max-snippet:-1, max-image-preview:large, max-video-preview:-1\" \/>\n<link rel=\"canonical\" href=\"https:\/\/www.eldiario.net\/portal\/2024\/09\/10\/ministro-manuel-albares-niega-cualquier-negociacion-con-maduro\/\" \/>\n<meta property=\"og:locale\" content=\"es_ES\" \/>\n<meta property=\"og:type\" content=\"article\" \/>\n<meta property=\"og:title\" content=\"Ministro Manuel Albares niega cualquier negociaci\u00f3n con Maduro - El Diario - Bolivia\" \/>\n<meta property=\"og:description\" content=\"El ministro de Asuntos Exteriores, Uni\u00f3n Europea y Cooperaci\u00f3n, Jos\u00e9 Manuel Albares, neg\u00f3 tajantemente que haya habido ning\u00fan tipo de negociaci\u00f3n pol\u00edtica con el Gobierno de, Nicol\u00e1s Maduro, ni \u00abcontrapartidas\u00bb para propiciar la salida del candidato opositor, Edmundo Gonz\u00e1lez, quien gozar\u00e1 de \u00ablibertad de expresi\u00f3n\u00bb ahora que se encuentra en Espa\u00f1a. \u00abLos \u00fanicos contactos fueron [&hellip;]\" \/>\n<meta property=\"og:url\" content=\"https:\/\/www.eldiario.net\/portal\/2024\/09\/10\/ministro-manuel-albares-niega-cualquier-negociacion-con-maduro\/\" \/>\n<meta property=\"og:site_name\" content=\"El Diario - Bolivia\" \/>\n<meta property=\"article:publisher\" content=\"https:\/\/www.facebook.com\/eldiario.bolivia\/\" \/>\n<meta property=\"article:published_time\" content=\"2024-09-10T10:16:33+00:00\" \/>\n<meta property=\"og:image\" content=\"https:\/\/www.eldiario.net\/portal\/wp-content\/uploads\/2024\/09\/NIEGA-FOTO.jpg\" \/>\n\t<meta property=\"og:image:width\" content=\"1024\" \/>\n\t<meta property=\"og:image:height\" content=\"684\" \/>\n\t<meta property=\"og:image:type\" content=\"image\/jpeg\" \/>\n<meta name=\"author\" content=\"Jeanette\" \/>\n<meta name=\"twitter:card\" content=\"summary_large_image\" \/>\n<meta name=\"twitter:creator\" content=\"@eldiario_net\" \/>\n<meta name=\"twitter:site\" content=\"@eldiario_net\" \/>\n<meta name=\"twitter:label1\" content=\"Escrito por\" \/>\n\t<meta name=\"twitter:data1\" content=\"Jeanette\" \/>\n\t<meta name=\"twitter:label2\" content=\"Tiempo de lectura\" \/>\n\t<meta name=\"twitter:data2\" content=\"4 minutos\" \/>\n<script type=\"application\/ld+json\" class=\"yoast-schema-graph\">{\"@context\":\"https:\\\/\\\/schema.org\",\"@graph\":[{\"@type\":\"Article\",\"@id\":\"https:\\\/\\\/www.eldiario.net\\\/portal\\\/2024\\\/09\\\/10\\\/ministro-manuel-albares-niega-cualquier-negociacion-con-maduro\\\/#article\",\"isPartOf\":{\"@id\":\"https:\\\/\\\/www.eldiario.net\\\/portal\\\/2024\\\/09\\\/10\\\/ministro-manuel-albares-niega-cualquier-negociacion-con-maduro\\\/\"},\"author\":{\"name\":\"Jeanette\",\"@id\":\"https:\\\/\\\/www.eldiario.net\\\/portal\\\/#\\\/schema\\\/person\\\/f46445640444750d7d753ccd04ae01b7\"},\"headline\":\"Ministro Manuel Albares niega cualquier negociaci\u00f3n con Maduro\",\"datePublished\":\"2024-09-10T10:16:33+00:00\",\"mainEntityOfPage\":{\"@id\":\"https:\\\/\\\/www.eldiario.net\\\/portal\\\/2024\\\/09\\\/10\\\/ministro-manuel-albares-niega-cualquier-negociacion-con-maduro\\\/\"},\"wordCount\":780,\"commentCount\":0,\"publisher\":{\"@id\":\"https:\\\/\\\/www.eldiario.net\\\/portal\\\/#organization\"},\"image\":{\"@id\":\"https:\\\/\\\/www.eldiario.net\\\/portal\\\/2024\\\/09\\\/10\\\/ministro-manuel-albares-niega-cualquier-negociacion-con-maduro\\\/#primaryimage\"},\"thumbnailUrl\":\"https:\\\/\\\/www.eldiario.net\\\/portal\\\/wp-content\\\/uploads\\\/2024\\\/09\\\/NIEGA-FOTO.jpg\",\"articleSection\":[\"Internacional\"],\"inLanguage\":\"es\",\"potentialAction\":[{\"@type\":\"CommentAction\",\"name\":\"Comment\",\"target\":[\"https:\\\/\\\/www.eldiario.net\\\/portal\\\/2024\\\/09\\\/10\\\/ministro-manuel-albares-niega-cualquier-negociacion-con-maduro\\\/#respond\"]}]},{\"@type\":\"WebPage\",\"@id\":\"https:\\\/\\\/www.eldiario.net\\\/portal\\\/2024\\\/09\\\/10\\\/ministro-manuel-albares-niega-cualquier-negociacion-con-maduro\\\/\",\"url\":\"https:\\\/\\\/www.eldiario.net\\\/portal\\\/2024\\\/09\\\/10\\\/ministro-manuel-albares-niega-cualquier-negociacion-con-maduro\\\/\",\"name\":\"Ministro Manuel Albares niega cualquier negociaci\u00f3n con Maduro - El Diario - Bolivia\",\"isPartOf\":{\"@id\":\"https:\\\/\\\/www.eldiario.net\\\/portal\\\/#website\"},\"primaryImageOfPage\":{\"@id\":\"https:\\\/\\\/www.eldiario.net\\\/portal\\\/2024\\\/09\\\/10\\\/ministro-manuel-albares-niega-cualquier-negociacion-con-maduro\\\/#primaryimage\"},\"image\":{\"@id\":\"https:\\\/\\\/www.eldiario.net\\\/portal\\\/2024\\\/09\\\/10\\\/ministro-manuel-albares-niega-cualquier-negociacion-con-maduro\\\/#primaryimage\"},\"thumbnailUrl\":\"https:\\\/\\\/www.eldiario.net\\\/portal\\\/wp-content\\\/uploads\\\/2024\\\/09\\\/NIEGA-FOTO.jpg\",\"datePublished\":\"2024-09-10T10:16:33+00:00\",\"breadcrumb\":{\"@id\":\"https:\\\/\\\/www.eldiario.net\\\/portal\\\/2024\\\/09\\\/10\\\/ministro-manuel-albares-niega-cualquier-negociacion-con-maduro\\\/#breadcrumb\"},\"inLanguage\":\"es\",\"potentialAction\":[{\"@type\":\"ReadAction\",\"target\":[\"https:\\\/\\\/www.eldiario.net\\\/portal\\\/2024\\\/09\\\/10\\\/ministro-manuel-albares-niega-cualquier-negociacion-con-maduro\\\/\"]}]},{\"@type\":\"ImageObject\",\"inLanguage\":\"es\",\"@id\":\"https:\\\/\\\/www.eldiario.net\\\/portal\\\/2024\\\/09\\\/10\\\/ministro-manuel-albares-niega-cualquier-negociacion-con-maduro\\\/#primaryimage\",\"url\":\"https:\\\/\\\/www.eldiario.net\\\/portal\\\/wp-content\\\/uploads\\\/2024\\\/09\\\/NIEGA-FOTO.jpg\",\"contentUrl\":\"https:\\\/\\\/www.eldiario.net\\\/portal\\\/wp-content\\\/uploads\\\/2024\\\/09\\\/NIEGA-FOTO.jpg\",\"width\":1024,\"height\":684,\"caption\":\"El ministro de Asuntos Exteriores, Uni\u00f3n Europea y Cooperaci\u00f3n, Jos\u00e9 Manuel Albares. CREDITO: Radio Television Canaria\"},{\"@type\":\"BreadcrumbList\",\"@id\":\"https:\\\/\\\/www.eldiario.net\\\/portal\\\/2024\\\/09\\\/10\\\/ministro-manuel-albares-niega-cualquier-negociacion-con-maduro\\\/#breadcrumb\",\"itemListElement\":[{\"@type\":\"ListItem\",\"position\":1,\"name\":\"Portada\",\"item\":\"https:\\\/\\\/www.eldiario.net\\\/portal\\\/\"},{\"@type\":\"ListItem\",\"position\":2,\"name\":\"Ministro Manuel Albares niega cualquier negociaci\u00f3n con Maduro\"}]},{\"@type\":\"WebSite\",\"@id\":\"https:\\\/\\\/www.eldiario.net\\\/portal\\\/#website\",\"url\":\"https:\\\/\\\/www.eldiario.net\\\/portal\\\/\",\"name\":\"El Diario - Decano de la prensa nacional\",\"description\":\"El Diario - Decano de la prensa nacional\",\"publisher\":{\"@id\":\"https:\\\/\\\/www.eldiario.net\\\/portal\\\/#organization\"},\"potentialAction\":[{\"@type\":\"SearchAction\",\"target\":{\"@type\":\"EntryPoint\",\"urlTemplate\":\"https:\\\/\\\/www.eldiario.net\\\/portal\\\/?s={search_term_string}\"},\"query-input\":{\"@type\":\"PropertyValueSpecification\",\"valueRequired\":true,\"valueName\":\"search_term_string\"}}],\"inLanguage\":\"es\"},{\"@type\":\"Organization\",\"@id\":\"https:\\\/\\\/www.eldiario.net\\\/portal\\\/#organization\",\"name\":\"El Diario - Decano de la prensa nacional\",\"url\":\"https:\\\/\\\/www.eldiario.net\\\/portal\\\/\",\"logo\":{\"@type\":\"ImageObject\",\"inLanguage\":\"es\",\"@id\":\"https:\\\/\\\/www.eldiario.net\\\/portal\\\/#\\\/schema\\\/logo\\\/image\\\/\",\"url\":\"https:\\\/\\\/www.eldiario.net\\\/portal\\\/wp-content\\\/uploads\\\/2023\\\/07\\\/logo_ED.jpg\",\"contentUrl\":\"https:\\\/\\\/www.eldiario.net\\\/portal\\\/wp-content\\\/uploads\\\/2023\\\/07\\\/logo_ED.jpg\",\"width\":272,\"height\":52,\"caption\":\"El Diario - Decano de la prensa nacional\"},\"image\":{\"@id\":\"https:\\\/\\\/www.eldiario.net\\\/portal\\\/#\\\/schema\\\/logo\\\/image\\\/\"},\"sameAs\":[\"https:\\\/\\\/www.facebook.com\\\/eldiario.bolivia\\\/\",\"https:\\\/\\\/x.com\\\/eldiario_net\"]},{\"@type\":\"Person\",\"@id\":\"https:\\\/\\\/www.eldiario.net\\\/portal\\\/#\\\/schema\\\/person\\\/f46445640444750d7d753ccd04ae01b7\",\"name\":\"Jeanette\",\"image\":{\"@type\":\"ImageObject\",\"inLanguage\":\"es\",\"@id\":\"https:\\\/\\\/secure.gravatar.com\\\/avatar\\\/3ea2118a5f7dad2b7138b1187a6b7ee55f160b9968b66013c3a3ef39dd7e5798?s=96&d=mm&r=g\",\"url\":\"https:\\\/\\\/secure.gravatar.com\\\/avatar\\\/3ea2118a5f7dad2b7138b1187a6b7ee55f160b9968b66013c3a3ef39dd7e5798?s=96&d=mm&r=g\",\"contentUrl\":\"https:\\\/\\\/secure.gravatar.com\\\/avatar\\\/3ea2118a5f7dad2b7138b1187a6b7ee55f160b9968b66013c3a3ef39dd7e5798?s=96&d=mm&r=g\",\"caption\":\"Jeanette\"},\"sameAs\":[\"https:\\\/\\\/www.eldiario.net\\\/portal\"],\"url\":\"https:\\\/\\\/www.eldiario.net\\\/portal\\\/author\\\/jeanette\\\/\"}]}<\/script>\n<!-- \/ Yoast SEO plugin. -->","yoast_head_json":{"title":"Ministro Manuel Albares niega cualquier negociaci\u00f3n con Maduro - El Diario - Bolivia","robots":{"index":"index","follow":"follow","max-snippet":"max-snippet:-1","max-image-preview":"max-image-preview:large","max-video-preview":"max-video-preview:-1"},"canonical":"https:\/\/www.eldiario.net\/portal\/2024\/09\/10\/ministro-manuel-albares-niega-cualquier-negociacion-con-maduro\/","og_locale":"es_ES","og_type":"article","og_title":"Ministro Manuel Albares niega cualquier negociaci\u00f3n con Maduro - El Diario - Bolivia","og_description":"El ministro de Asuntos Exteriores, Uni\u00f3n Europea y Cooperaci\u00f3n, Jos\u00e9 Manuel Albares, neg\u00f3 tajantemente que haya habido ning\u00fan tipo de negociaci\u00f3n pol\u00edtica con el Gobierno de, Nicol\u00e1s Maduro, ni \u00abcontrapartidas\u00bb para propiciar la salida del candidato opositor, Edmundo Gonz\u00e1lez, quien gozar\u00e1 de \u00ablibertad de expresi\u00f3n\u00bb ahora que se encuentra en Espa\u00f1a. \u00abLos \u00fanicos contactos fueron [&hellip;]","og_url":"https:\/\/www.eldiario.net\/portal\/2024\/09\/10\/ministro-manuel-albares-niega-cualquier-negociacion-con-maduro\/","og_site_name":"El Diario - Bolivia","article_publisher":"https:\/\/www.facebook.com\/eldiario.bolivia\/","article_published_time":"2024-09-10T10:16:33+00:00","og_image":[{"width":1024,"height":684,"url":"https:\/\/www.eldiario.net\/portal\/wp-content\/uploads\/2024\/09\/NIEGA-FOTO.jpg","type":"image\/jpeg"}],"author":"Jeanette","twitter_card":"summary_large_image","twitter_creator":"@eldiario_net","twitter_site":"@eldiario_net","twitter_misc":{"Escrito por":"Jeanette","Tiempo de lectura":"4 minutos"},"schema":{"@context":"https:\/\/schema.org","@graph":[{"@type":"Article","@id":"https:\/\/www.eldiario.net\/portal\/2024\/09\/10\/ministro-manuel-albares-niega-cualquier-negociacion-con-maduro\/#article","isPartOf":{"@id":"https:\/\/www.eldiario.net\/portal\/2024\/09\/10\/ministro-manuel-albares-niega-cualquier-negociacion-con-maduro\/"},"author":{"name":"Jeanette","@id":"https:\/\/www.eldiario.net\/portal\/#\/schema\/person\/f46445640444750d7d753ccd04ae01b7"},"headline":"Ministro Manuel Albares niega cualquier negociaci\u00f3n con Maduro","datePublished":"2024-09-10T10:16:33+00:00","mainEntityOfPage":{"@id":"https:\/\/www.eldiario.net\/portal\/2024\/09\/10\/ministro-manuel-albares-niega-cualquier-negociacion-con-maduro\/"},"wordCount":780,"commentCount":0,"publisher":{"@id":"https:\/\/www.eldiario.net\/portal\/#organization"},"image":{"@id":"https:\/\/www.eldiario.net\/portal\/2024\/09\/10\/ministro-manuel-albares-niega-cualquier-negociacion-con-maduro\/#primaryimage"},"thumbnailUrl":"https:\/\/www.eldiario.net\/portal\/wp-content\/uploads\/2024\/09\/NIEGA-FOTO.jpg","articleSection":["Internacional"],"inLanguage":"es","potentialAction":[{"@type":"CommentAction","name":"Comment","target":["https:\/\/www.eldiario.net\/portal\/2024\/09\/10\/ministro-manuel-albares-niega-cualquier-negociacion-con-maduro\/#respond"]}]},{"@type":"WebPage","@id":"https:\/\/www.eldiario.net\/portal\/2024\/09\/10\/ministro-manuel-albares-niega-cualquier-negociacion-con-maduro\/","url":"https:\/\/www.eldiario.net\/portal\/2024\/09\/10\/ministro-manuel-albares-niega-cualquier-negociacion-con-maduro\/","name":"Ministro Manuel Albares niega cualquier negociaci\u00f3n con Maduro - El Diario - Bolivia","isPartOf":{"@id":"https:\/\/www.eldiario.net\/portal\/#website"},"primaryImageOfPage":{"@id":"https:\/\/www.eldiario.net\/portal\/2024\/09\/10\/ministro-manuel-albares-niega-cualquier-negociacion-con-maduro\/#primaryimage"},"image":{"@id":"https:\/\/www.eldiario.net\/portal\/2024\/09\/10\/ministro-manuel-albares-niega-cualquier-negociacion-con-maduro\/#primaryimage"},"thumbnailUrl":"https:\/\/www.eldiario.net\/portal\/wp-content\/uploads\/2024\/09\/NIEGA-FOTO.jpg","datePublished":"2024-09-10T10:16:33+00:00","breadcrumb":{"@id":"https:\/\/www.eldiario.net\/portal\/2024\/09\/10\/ministro-manuel-albares-niega-cualquier-negociacion-con-maduro\/#breadcrumb"},"inLanguage":"es","potentialAction":[{"@type":"ReadAction","target":["https:\/\/www.eldiario.net\/portal\/2024\/09\/10\/ministro-manuel-albares-niega-cualquier-negociacion-con-maduro\/"]}]},{"@type":"ImageObject","inLanguage":"es","@id":"https:\/\/www.eldiario.net\/portal\/2024\/09\/10\/ministro-manuel-albares-niega-cualquier-negociacion-con-maduro\/#primaryimage","url":"https:\/\/www.eldiario.net\/portal\/wp-content\/uploads\/2024\/09\/NIEGA-FOTO.jpg","contentUrl":"https:\/\/www.eldiario.net\/portal\/wp-content\/uploads\/2024\/09\/NIEGA-FOTO.jpg","width":1024,"height":684,"caption":"El ministro de Asuntos Exteriores, Uni\u00f3n Europea y Cooperaci\u00f3n, Jos\u00e9 Manuel Albares. CREDITO: Radio Television Canaria"},{"@type":"BreadcrumbList","@id":"https:\/\/www.eldiario.net\/portal\/2024\/09\/10\/ministro-manuel-albares-niega-cualquier-negociacion-con-maduro\/#breadcrumb","itemListElement":[{"@type":"ListItem","position":1,"name":"Portada","item":"https:\/\/www.eldiario.net\/portal\/"},{"@type":"ListItem","position":2,"name":"Ministro Manuel Albares niega cualquier negociaci\u00f3n con Maduro"}]},{"@type":"WebSite","@id":"https:\/\/www.eldiario.net\/portal\/#website","url":"https:\/\/www.eldiario.net\/portal\/","name":"El Diario - Decano de la prensa nacional","description":"El Diario - Decano de la prensa nacional","publisher":{"@id":"https:\/\/www.eldiario.net\/portal\/#organization"},"potentialAction":[{"@type":"SearchAction","target":{"@type":"EntryPoint","urlTemplate":"https:\/\/www.eldiario.net\/portal\/?s={search_term_string}"},"query-input":{"@type":"PropertyValueSpecification","valueRequired":true,"valueName":"search_term_string"}}],"inLanguage":"es"},{"@type":"Organization","@id":"https:\/\/www.eldiario.net\/portal\/#organization","name":"El Diario - Decano de la prensa nacional","url":"https:\/\/www.eldiario.net\/portal\/","logo":{"@type":"ImageObject","inLanguage":"es","@id":"https:\/\/www.eldiario.net\/portal\/#\/schema\/logo\/image\/","url":"https:\/\/www.eldiario.net\/portal\/wp-content\/uploads\/2023\/07\/logo_ED.jpg","contentUrl":"https:\/\/www.eldiario.net\/portal\/wp-content\/uploads\/2023\/07\/logo_ED.jpg","width":272,"height":52,"caption":"El Diario - Decano de la prensa nacional"},"image":{"@id":"https:\/\/www.eldiario.net\/portal\/#\/schema\/logo\/image\/"},"sameAs":["https:\/\/www.facebook.com\/eldiario.bolivia\/","https:\/\/x.com\/eldiario_net"]},{"@type":"Person","@id":"https:\/\/www.eldiario.net\/portal\/#\/schema\/person\/f46445640444750d7d753ccd04ae01b7","name":"Jeanette","image":{"@type":"ImageObject","inLanguage":"es","@id":"https:\/\/secure.gravatar.com\/avatar\/3ea2118a5f7dad2b7138b1187a6b7ee55f160b9968b66013c3a3ef39dd7e5798?s=96&d=mm&r=g","url":"https:\/\/secure.gravatar.com\/avatar\/3ea2118a5f7dad2b7138b1187a6b7ee55f160b9968b66013c3a3ef39dd7e5798?s=96&d=mm&r=g","contentUrl":"https:\/\/secure.gravatar.com\/avatar\/3ea2118a5f7dad2b7138b1187a6b7ee55f160b9968b66013c3a3ef39dd7e5798?s=96&d=mm&r=g","caption":"Jeanette"},"sameAs":["https:\/\/www.eldiario.net\/portal"],"url":"https:\/\/www.eldiario.net\/portal\/author\/jeanette\/"}]}},"_links":{"self":[{"href":"https:\/\/www.eldiario.net\/portal\/wp-json\/wp\/v2\/posts\/246505","targetHints":{"allow":["GET"]}}],"collection":[{"href":"https:\/\/www.eldiario.net\/portal\/wp-json\/wp\/v2\/posts"}],"about":[{"href":"https:\/\/www.eldiario.net\/portal\/wp-json\/wp\/v2\/types\/post"}],"author":[{"embeddable":true,"href":"https:\/\/www.eldiario.net\/portal\/wp-json\/wp\/v2\/users\/1"}],"replies":[{"embeddable":true,"href":"https:\/\/www.eldiario.net\/portal\/wp-json\/wp\/v2\/comments?post=246505"}],"version-history":[{"count":1,"href":"https:\/\/www.eldiario.net\/portal\/wp-json\/wp\/v2\/posts\/246505\/revisions"}],"predecessor-version":[{"id":246507,"href":"https:\/\/www.eldiario.net\/portal\/wp-json\/wp\/v2\/posts\/246505\/revisions\/246507"}],"wp:featuredmedia":[{"embeddable":true,"href":"https:\/\/www.eldiario.net\/portal\/wp-json\/wp\/v2\/media\/246506"}],"wp:attachment":[{"href":"https:\/\/www.eldiario.net\/portal\/wp-json\/wp\/v2\/media?parent=246505"}],"wp:term":[{"taxonomy":"category","embeddable":true,"href":"https:\/\/www.eldiario.net\/portal\/wp-json\/wp\/v2\/categories?post=246505"},{"taxonomy":"post_tag","embeddable":true,"href":"https:\/\/www.eldiario.net\/portal\/wp-json\/wp\/v2\/tags?post=246505"}],"curies":[{"name":"wp","href":"https:\/\/api.w.org\/{rel}","templated":true}]}}