{"id":246235,"date":"2024-09-09T05:56:43","date_gmt":"2024-09-09T09:56:43","guid":{"rendered":"https:\/\/www.eldiario.net\/portal\/?p=246235"},"modified":"2024-09-09T05:56:43","modified_gmt":"2024-09-09T09:56:43","slug":"economistas-plantean-ampliar-base-tributaria-y-reducir-gasto-publico","status":"publish","type":"post","link":"https:\/\/www.eldiario.net\/portal\/2024\/09\/09\/economistas-plantean-ampliar-base-tributaria-y-reducir-gasto-publico\/","title":{"rendered":"Economistas plantean ampliar base tributaria y reducir gasto p\u00fablico"},"content":{"rendered":"<p>Ante la crisis pol\u00edtica, social, econ\u00f3mica y ahora ambiental, el Gobierno deber\u00e1 mandar se\u00f1ales que va cambiar su modelo para encarar las soluciones de manera integral. El primer paso es ampliar la base tributaria, reducir el gasto p\u00fablico y asumir acciones de corto plazo, como modificar el tipo de cambio y empezar a eliminar la subvenci\u00f3n.<br \/>\nEl pasado fin de semana, el Instituto Nacional de Estad\u00edstica (INE) present\u00f3 los datos de la inflaci\u00f3n a agosto, y muestra que subi\u00f3 en comparaci\u00f3n a julio pasado, 1,58% y el acumulado al octavo mes, lleg\u00f3 a 4,61%, porcentaje que super\u00f3 lo proyectado por el Gobierno a principios de a\u00f1o de 3,6%.<br \/>\nSi bien la inflaci\u00f3n total alcanz\u00f3 esa cifra, s\u00f3lo el aumento en el valor de los alimentos casi llega al 8%, se\u00f1al\u00f3 el economista Gonzalo Ch\u00e1vez; hace semanas atr\u00e1s, el exdirector del Banco Central de Bolivia (BCB), Gabriel Espinoza, indic\u00f3 que a junio habr\u00eda alcanzado a 6%.<br \/>\nDentro de los desaf\u00edos que indica Ch\u00e1vez, est\u00e1 la reforma tributaria. Explica que existen sectores que se han enriquecido con el modelo econ\u00f3mico, como son los cocaleros, cooperativistas mineros y comerciantes grandes, que mueven alrededor de 25.000 millones de d\u00f3lares al a\u00f1o.<br \/>\nSostiene que no se pide impuestos grandes, sino que su pudieran destinar un 2% o 3% al erario nacional, en especial cocaleros y cooperativistas, sumar\u00edan los ingresos del Gobierno.<br \/>\nComo se recordar\u00e1, el sector informal creci\u00f3 en el pa\u00eds y bordea el 80%, que no pagan los tributos que lo hacen las empresas formales, debido a la presi\u00f3n impositiva que realiza la entidad recaudadora.<br \/>\nOrganismos internacionales informaron que la presi\u00f3n tributaria es una de las m\u00e1s altas de la regi\u00f3n, aunque autoridades de Gobierno negaron tal situaci\u00f3n.<br \/>\nAlgunos economistas plantearon una reducci\u00f3n de los impuestos e incentivar la llegada de nuevos emprendimientos a trav\u00e9s de la suspensi\u00f3n del pago de impuestos por un per\u00edodo de tiempo.<br \/>\nSin embargo, a la fecha se mantiene lo establecido en la norma tributaria, y se cobra desde el primer d\u00eda el impuesto a los nuevos emprendimientos, y la base tampoco se ampli\u00f3.<br \/>\nLa pasada gesti\u00f3n, los cooperativistas del oro negociaron con autoridades del sector econ\u00f3mico para pagar un impuesto de solo 4%, acuerdo criticado por sectores formales que pagan el 13% del Impuesto al Valor Agregado (IVA), m\u00e1s la transacci\u00f3n.<\/p>\n","protected":false},"excerpt":{"rendered":"<p>Ante la crisis pol\u00edtica, social, econ\u00f3mica y ahora ambiental, el Gobierno deber\u00e1 mandar se\u00f1ales que va cambiar su modelo para encarar las soluciones de manera integral. El primer paso es ampliar la base tributaria, reducir el gasto p\u00fablico y asumir acciones de corto plazo, como modificar el tipo de cambio y empezar a eliminar la [&hellip;]<\/p>\n","protected":false},"author":1,"featured_media":246236,"comment_status":"open","ping_status":"open","sticky":false,"template":"","format":"standard","meta":{"_acf_changed":false,"footnotes":""},"categories":[7],"tags":[],"class_list":["post-246235","post","type-post","status-publish","format-standard","has-post-thumbnail","category-economia"],"acf":{"antetitulo":"Ante crisis en el pa\u00eds"},"yoast_head":"<!-- This site is optimized with the Yoast SEO plugin v28.3 - https:\/\/yoast.com\/product\/yoast-seo-wordpress\/ -->\n<title>Economistas plantean ampliar base tributaria y reducir gasto p\u00fablico - El Diario - Bolivia<\/title>\n<meta name=\"robots\" content=\"index, follow, max-snippet:-1, max-image-preview:large, max-video-preview:-1\" \/>\n<link rel=\"canonical\" href=\"https:\/\/www.eldiario.net\/portal\/2024\/09\/09\/economistas-plantean-ampliar-base-tributaria-y-reducir-gasto-publico\/\" \/>\n<meta property=\"og:locale\" content=\"es_ES\" \/>\n<meta property=\"og:type\" content=\"article\" \/>\n<meta property=\"og:title\" content=\"Economistas plantean ampliar base tributaria y reducir gasto p\u00fablico - El Diario - Bolivia\" \/>\n<meta property=\"og:description\" content=\"Ante la crisis pol\u00edtica, social, econ\u00f3mica y ahora ambiental, el Gobierno deber\u00e1 mandar se\u00f1ales que va cambiar su modelo para encarar las soluciones de manera integral. El primer paso es ampliar la base tributaria, reducir el gasto p\u00fablico y asumir acciones de corto plazo, como modificar el tipo de cambio y empezar a eliminar la [&hellip;]\" \/>\n<meta property=\"og:url\" content=\"https:\/\/www.eldiario.net\/portal\/2024\/09\/09\/economistas-plantean-ampliar-base-tributaria-y-reducir-gasto-publico\/\" \/>\n<meta property=\"og:site_name\" content=\"El Diario - Bolivia\" \/>\n<meta property=\"article:publisher\" content=\"https:\/\/www.facebook.com\/eldiario.bolivia\/\" \/>\n<meta property=\"article:published_time\" content=\"2024-09-09T09:56:43+00:00\" \/>\n<meta property=\"og:image\" content=\"https:\/\/www.eldiario.net\/portal\/wp-content\/uploads\/2024\/09\/tributo.jpg\" \/>\n\t<meta property=\"og:image:width\" content=\"1200\" \/>\n\t<meta property=\"og:image:height\" content=\"650\" \/>\n\t<meta property=\"og:image:type\" content=\"image\/jpeg\" \/>\n<meta name=\"author\" content=\"Jeanette\" \/>\n<meta name=\"twitter:card\" content=\"summary_large_image\" \/>\n<meta name=\"twitter:creator\" content=\"@eldiario_net\" \/>\n<meta name=\"twitter:site\" content=\"@eldiario_net\" \/>\n<meta name=\"twitter:label1\" content=\"Escrito por\" \/>\n\t<meta name=\"twitter:data1\" content=\"Jeanette\" \/>\n\t<meta name=\"twitter:label2\" content=\"Tiempo de lectura\" \/>\n\t<meta name=\"twitter:data2\" content=\"2 minutos\" \/>\n<script type=\"application\/ld+json\" class=\"yoast-schema-graph\">{\"@context\":\"https:\\\/\\\/schema.org\",\"@graph\":[{\"@type\":\"Article\",\"@id\":\"https:\\\/\\\/www.eldiario.net\\\/portal\\\/2024\\\/09\\\/09\\\/economistas-plantean-ampliar-base-tributaria-y-reducir-gasto-publico\\\/#article\",\"isPartOf\":{\"@id\":\"https:\\\/\\\/www.eldiario.net\\\/portal\\\/2024\\\/09\\\/09\\\/economistas-plantean-ampliar-base-tributaria-y-reducir-gasto-publico\\\/\"},\"author\":{\"name\":\"Jeanette\",\"@id\":\"https:\\\/\\\/www.eldiario.net\\\/portal\\\/#\\\/schema\\\/person\\\/f46445640444750d7d753ccd04ae01b7\"},\"headline\":\"Economistas plantean ampliar base tributaria y reducir gasto p\u00fablico\",\"datePublished\":\"2024-09-09T09:56:43+00:00\",\"mainEntityOfPage\":{\"@id\":\"https:\\\/\\\/www.eldiario.net\\\/portal\\\/2024\\\/09\\\/09\\\/economistas-plantean-ampliar-base-tributaria-y-reducir-gasto-publico\\\/\"},\"wordCount\":418,\"commentCount\":0,\"publisher\":{\"@id\":\"https:\\\/\\\/www.eldiario.net\\\/portal\\\/#organization\"},\"image\":{\"@id\":\"https:\\\/\\\/www.eldiario.net\\\/portal\\\/2024\\\/09\\\/09\\\/economistas-plantean-ampliar-base-tributaria-y-reducir-gasto-publico\\\/#primaryimage\"},\"thumbnailUrl\":\"https:\\\/\\\/www.eldiario.net\\\/portal\\\/wp-content\\\/uploads\\\/2024\\\/09\\\/tributo.jpg\",\"articleSection\":[\"Econom\u00eda\"],\"inLanguage\":\"es\",\"potentialAction\":[{\"@type\":\"CommentAction\",\"name\":\"Comment\",\"target\":[\"https:\\\/\\\/www.eldiario.net\\\/portal\\\/2024\\\/09\\\/09\\\/economistas-plantean-ampliar-base-tributaria-y-reducir-gasto-publico\\\/#respond\"]}]},{\"@type\":\"WebPage\",\"@id\":\"https:\\\/\\\/www.eldiario.net\\\/portal\\\/2024\\\/09\\\/09\\\/economistas-plantean-ampliar-base-tributaria-y-reducir-gasto-publico\\\/\",\"url\":\"https:\\\/\\\/www.eldiario.net\\\/portal\\\/2024\\\/09\\\/09\\\/economistas-plantean-ampliar-base-tributaria-y-reducir-gasto-publico\\\/\",\"name\":\"Economistas plantean ampliar base tributaria y reducir gasto p\u00fablico - El Diario - Bolivia\",\"isPartOf\":{\"@id\":\"https:\\\/\\\/www.eldiario.net\\\/portal\\\/#website\"},\"primaryImageOfPage\":{\"@id\":\"https:\\\/\\\/www.eldiario.net\\\/portal\\\/2024\\\/09\\\/09\\\/economistas-plantean-ampliar-base-tributaria-y-reducir-gasto-publico\\\/#primaryimage\"},\"image\":{\"@id\":\"https:\\\/\\\/www.eldiario.net\\\/portal\\\/2024\\\/09\\\/09\\\/economistas-plantean-ampliar-base-tributaria-y-reducir-gasto-publico\\\/#primaryimage\"},\"thumbnailUrl\":\"https:\\\/\\\/www.eldiario.net\\\/portal\\\/wp-content\\\/uploads\\\/2024\\\/09\\\/tributo.jpg\",\"datePublished\":\"2024-09-09T09:56:43+00:00\",\"breadcrumb\":{\"@id\":\"https:\\\/\\\/www.eldiario.net\\\/portal\\\/2024\\\/09\\\/09\\\/economistas-plantean-ampliar-base-tributaria-y-reducir-gasto-publico\\\/#breadcrumb\"},\"inLanguage\":\"es\",\"potentialAction\":[{\"@type\":\"ReadAction\",\"target\":[\"https:\\\/\\\/www.eldiario.net\\\/portal\\\/2024\\\/09\\\/09\\\/economistas-plantean-ampliar-base-tributaria-y-reducir-gasto-publico\\\/\"]}]},{\"@type\":\"ImageObject\",\"inLanguage\":\"es\",\"@id\":\"https:\\\/\\\/www.eldiario.net\\\/portal\\\/2024\\\/09\\\/09\\\/economistas-plantean-ampliar-base-tributaria-y-reducir-gasto-publico\\\/#primaryimage\",\"url\":\"https:\\\/\\\/www.eldiario.net\\\/portal\\\/wp-content\\\/uploads\\\/2024\\\/09\\\/tributo.jpg\",\"contentUrl\":\"https:\\\/\\\/www.eldiario.net\\\/portal\\\/wp-content\\\/uploads\\\/2024\\\/09\\\/tributo.jpg\",\"width\":1200,\"height\":650,\"caption\":\"Cooperativistas reunidos con el gobierno.\"},{\"@type\":\"BreadcrumbList\",\"@id\":\"https:\\\/\\\/www.eldiario.net\\\/portal\\\/2024\\\/09\\\/09\\\/economistas-plantean-ampliar-base-tributaria-y-reducir-gasto-publico\\\/#breadcrumb\",\"itemListElement\":[{\"@type\":\"ListItem\",\"position\":1,\"name\":\"Portada\",\"item\":\"https:\\\/\\\/www.eldiario.net\\\/portal\\\/\"},{\"@type\":\"ListItem\",\"position\":2,\"name\":\"Economistas plantean ampliar base tributaria y reducir gasto p\u00fablico\"}]},{\"@type\":\"WebSite\",\"@id\":\"https:\\\/\\\/www.eldiario.net\\\/portal\\\/#website\",\"url\":\"https:\\\/\\\/www.eldiario.net\\\/portal\\\/\",\"name\":\"El Diario - Decano de la prensa nacional\",\"description\":\"El Diario - Decano de la prensa nacional\",\"publisher\":{\"@id\":\"https:\\\/\\\/www.eldiario.net\\\/portal\\\/#organization\"},\"potentialAction\":[{\"@type\":\"SearchAction\",\"target\":{\"@type\":\"EntryPoint\",\"urlTemplate\":\"https:\\\/\\\/www.eldiario.net\\\/portal\\\/?s={search_term_string}\"},\"query-input\":{\"@type\":\"PropertyValueSpecification\",\"valueRequired\":true,\"valueName\":\"search_term_string\"}}],\"inLanguage\":\"es\"},{\"@type\":\"Organization\",\"@id\":\"https:\\\/\\\/www.eldiario.net\\\/portal\\\/#organization\",\"name\":\"El Diario - Decano de la prensa nacional\",\"url\":\"https:\\\/\\\/www.eldiario.net\\\/portal\\\/\",\"logo\":{\"@type\":\"ImageObject\",\"inLanguage\":\"es\",\"@id\":\"https:\\\/\\\/www.eldiario.net\\\/portal\\\/#\\\/schema\\\/logo\\\/image\\\/\",\"url\":\"https:\\\/\\\/www.eldiario.net\\\/portal\\\/wp-content\\\/uploads\\\/2023\\\/07\\\/logo_ED.jpg\",\"contentUrl\":\"https:\\\/\\\/www.eldiario.net\\\/portal\\\/wp-content\\\/uploads\\\/2023\\\/07\\\/logo_ED.jpg\",\"width\":272,\"height\":52,\"caption\":\"El Diario - Decano de la prensa nacional\"},\"image\":{\"@id\":\"https:\\\/\\\/www.eldiario.net\\\/portal\\\/#\\\/schema\\\/logo\\\/image\\\/\"},\"sameAs\":[\"https:\\\/\\\/www.facebook.com\\\/eldiario.bolivia\\\/\",\"https:\\\/\\\/x.com\\\/eldiario_net\"]},{\"@type\":\"Person\",\"@id\":\"https:\\\/\\\/www.eldiario.net\\\/portal\\\/#\\\/schema\\\/person\\\/f46445640444750d7d753ccd04ae01b7\",\"name\":\"Jeanette\",\"image\":{\"@type\":\"ImageObject\",\"inLanguage\":\"es\",\"@id\":\"https:\\\/\\\/secure.gravatar.com\\\/avatar\\\/3ea2118a5f7dad2b7138b1187a6b7ee55f160b9968b66013c3a3ef39dd7e5798?s=96&d=mm&r=g\",\"url\":\"https:\\\/\\\/secure.gravatar.com\\\/avatar\\\/3ea2118a5f7dad2b7138b1187a6b7ee55f160b9968b66013c3a3ef39dd7e5798?s=96&d=mm&r=g\",\"contentUrl\":\"https:\\\/\\\/secure.gravatar.com\\\/avatar\\\/3ea2118a5f7dad2b7138b1187a6b7ee55f160b9968b66013c3a3ef39dd7e5798?s=96&d=mm&r=g\",\"caption\":\"Jeanette\"},\"sameAs\":[\"https:\\\/\\\/www.eldiario.net\\\/portal\"],\"url\":\"https:\\\/\\\/www.eldiario.net\\\/portal\\\/author\\\/jeanette\\\/\"}]}<\/script>\n<!-- \/ Yoast SEO plugin. -->","yoast_head_json":{"title":"Economistas plantean ampliar base tributaria y reducir gasto p\u00fablico - El Diario - Bolivia","robots":{"index":"index","follow":"follow","max-snippet":"max-snippet:-1","max-image-preview":"max-image-preview:large","max-video-preview":"max-video-preview:-1"},"canonical":"https:\/\/www.eldiario.net\/portal\/2024\/09\/09\/economistas-plantean-ampliar-base-tributaria-y-reducir-gasto-publico\/","og_locale":"es_ES","og_type":"article","og_title":"Economistas plantean ampliar base tributaria y reducir gasto p\u00fablico - El Diario - Bolivia","og_description":"Ante la crisis pol\u00edtica, social, econ\u00f3mica y ahora ambiental, el Gobierno deber\u00e1 mandar se\u00f1ales que va cambiar su modelo para encarar las soluciones de manera integral. El primer paso es ampliar la base tributaria, reducir el gasto p\u00fablico y asumir acciones de corto plazo, como modificar el tipo de cambio y empezar a eliminar la [&hellip;]","og_url":"https:\/\/www.eldiario.net\/portal\/2024\/09\/09\/economistas-plantean-ampliar-base-tributaria-y-reducir-gasto-publico\/","og_site_name":"El Diario - Bolivia","article_publisher":"https:\/\/www.facebook.com\/eldiario.bolivia\/","article_published_time":"2024-09-09T09:56:43+00:00","og_image":[{"width":1200,"height":650,"url":"https:\/\/www.eldiario.net\/portal\/wp-content\/uploads\/2024\/09\/tributo.jpg","type":"image\/jpeg"}],"author":"Jeanette","twitter_card":"summary_large_image","twitter_creator":"@eldiario_net","twitter_site":"@eldiario_net","twitter_misc":{"Escrito por":"Jeanette","Tiempo de lectura":"2 minutos"},"schema":{"@context":"https:\/\/schema.org","@graph":[{"@type":"Article","@id":"https:\/\/www.eldiario.net\/portal\/2024\/09\/09\/economistas-plantean-ampliar-base-tributaria-y-reducir-gasto-publico\/#article","isPartOf":{"@id":"https:\/\/www.eldiario.net\/portal\/2024\/09\/09\/economistas-plantean-ampliar-base-tributaria-y-reducir-gasto-publico\/"},"author":{"name":"Jeanette","@id":"https:\/\/www.eldiario.net\/portal\/#\/schema\/person\/f46445640444750d7d753ccd04ae01b7"},"headline":"Economistas plantean ampliar base tributaria y reducir gasto p\u00fablico","datePublished":"2024-09-09T09:56:43+00:00","mainEntityOfPage":{"@id":"https:\/\/www.eldiario.net\/portal\/2024\/09\/09\/economistas-plantean-ampliar-base-tributaria-y-reducir-gasto-publico\/"},"wordCount":418,"commentCount":0,"publisher":{"@id":"https:\/\/www.eldiario.net\/portal\/#organization"},"image":{"@id":"https:\/\/www.eldiario.net\/portal\/2024\/09\/09\/economistas-plantean-ampliar-base-tributaria-y-reducir-gasto-publico\/#primaryimage"},"thumbnailUrl":"https:\/\/www.eldiario.net\/portal\/wp-content\/uploads\/2024\/09\/tributo.jpg","articleSection":["Econom\u00eda"],"inLanguage":"es","potentialAction":[{"@type":"CommentAction","name":"Comment","target":["https:\/\/www.eldiario.net\/portal\/2024\/09\/09\/economistas-plantean-ampliar-base-tributaria-y-reducir-gasto-publico\/#respond"]}]},{"@type":"WebPage","@id":"https:\/\/www.eldiario.net\/portal\/2024\/09\/09\/economistas-plantean-ampliar-base-tributaria-y-reducir-gasto-publico\/","url":"https:\/\/www.eldiario.net\/portal\/2024\/09\/09\/economistas-plantean-ampliar-base-tributaria-y-reducir-gasto-publico\/","name":"Economistas plantean ampliar base tributaria y reducir gasto p\u00fablico - El Diario - Bolivia","isPartOf":{"@id":"https:\/\/www.eldiario.net\/portal\/#website"},"primaryImageOfPage":{"@id":"https:\/\/www.eldiario.net\/portal\/2024\/09\/09\/economistas-plantean-ampliar-base-tributaria-y-reducir-gasto-publico\/#primaryimage"},"image":{"@id":"https:\/\/www.eldiario.net\/portal\/2024\/09\/09\/economistas-plantean-ampliar-base-tributaria-y-reducir-gasto-publico\/#primaryimage"},"thumbnailUrl":"https:\/\/www.eldiario.net\/portal\/wp-content\/uploads\/2024\/09\/tributo.jpg","datePublished":"2024-09-09T09:56:43+00:00","breadcrumb":{"@id":"https:\/\/www.eldiario.net\/portal\/2024\/09\/09\/economistas-plantean-ampliar-base-tributaria-y-reducir-gasto-publico\/#breadcrumb"},"inLanguage":"es","potentialAction":[{"@type":"ReadAction","target":["https:\/\/www.eldiario.net\/portal\/2024\/09\/09\/economistas-plantean-ampliar-base-tributaria-y-reducir-gasto-publico\/"]}]},{"@type":"ImageObject","inLanguage":"es","@id":"https:\/\/www.eldiario.net\/portal\/2024\/09\/09\/economistas-plantean-ampliar-base-tributaria-y-reducir-gasto-publico\/#primaryimage","url":"https:\/\/www.eldiario.net\/portal\/wp-content\/uploads\/2024\/09\/tributo.jpg","contentUrl":"https:\/\/www.eldiario.net\/portal\/wp-content\/uploads\/2024\/09\/tributo.jpg","width":1200,"height":650,"caption":"Cooperativistas reunidos con el gobierno."},{"@type":"BreadcrumbList","@id":"https:\/\/www.eldiario.net\/portal\/2024\/09\/09\/economistas-plantean-ampliar-base-tributaria-y-reducir-gasto-publico\/#breadcrumb","itemListElement":[{"@type":"ListItem","position":1,"name":"Portada","item":"https:\/\/www.eldiario.net\/portal\/"},{"@type":"ListItem","position":2,"name":"Economistas plantean ampliar base tributaria y reducir gasto p\u00fablico"}]},{"@type":"WebSite","@id":"https:\/\/www.eldiario.net\/portal\/#website","url":"https:\/\/www.eldiario.net\/portal\/","name":"El Diario - Decano de la prensa nacional","description":"El Diario - Decano de la prensa nacional","publisher":{"@id":"https:\/\/www.eldiario.net\/portal\/#organization"},"potentialAction":[{"@type":"SearchAction","target":{"@type":"EntryPoint","urlTemplate":"https:\/\/www.eldiario.net\/portal\/?s={search_term_string}"},"query-input":{"@type":"PropertyValueSpecification","valueRequired":true,"valueName":"search_term_string"}}],"inLanguage":"es"},{"@type":"Organization","@id":"https:\/\/www.eldiario.net\/portal\/#organization","name":"El Diario - Decano de la prensa nacional","url":"https:\/\/www.eldiario.net\/portal\/","logo":{"@type":"ImageObject","inLanguage":"es","@id":"https:\/\/www.eldiario.net\/portal\/#\/schema\/logo\/image\/","url":"https:\/\/www.eldiario.net\/portal\/wp-content\/uploads\/2023\/07\/logo_ED.jpg","contentUrl":"https:\/\/www.eldiario.net\/portal\/wp-content\/uploads\/2023\/07\/logo_ED.jpg","width":272,"height":52,"caption":"El Diario - Decano de la prensa nacional"},"image":{"@id":"https:\/\/www.eldiario.net\/portal\/#\/schema\/logo\/image\/"},"sameAs":["https:\/\/www.facebook.com\/eldiario.bolivia\/","https:\/\/x.com\/eldiario_net"]},{"@type":"Person","@id":"https:\/\/www.eldiario.net\/portal\/#\/schema\/person\/f46445640444750d7d753ccd04ae01b7","name":"Jeanette","image":{"@type":"ImageObject","inLanguage":"es","@id":"https:\/\/secure.gravatar.com\/avatar\/3ea2118a5f7dad2b7138b1187a6b7ee55f160b9968b66013c3a3ef39dd7e5798?s=96&d=mm&r=g","url":"https:\/\/secure.gravatar.com\/avatar\/3ea2118a5f7dad2b7138b1187a6b7ee55f160b9968b66013c3a3ef39dd7e5798?s=96&d=mm&r=g","contentUrl":"https:\/\/secure.gravatar.com\/avatar\/3ea2118a5f7dad2b7138b1187a6b7ee55f160b9968b66013c3a3ef39dd7e5798?s=96&d=mm&r=g","caption":"Jeanette"},"sameAs":["https:\/\/www.eldiario.net\/portal"],"url":"https:\/\/www.eldiario.net\/portal\/author\/jeanette\/"}]}},"_links":{"self":[{"href":"https:\/\/www.eldiario.net\/portal\/wp-json\/wp\/v2\/posts\/246235","targetHints":{"allow":["GET"]}}],"collection":[{"href":"https:\/\/www.eldiario.net\/portal\/wp-json\/wp\/v2\/posts"}],"about":[{"href":"https:\/\/www.eldiario.net\/portal\/wp-json\/wp\/v2\/types\/post"}],"author":[{"embeddable":true,"href":"https:\/\/www.eldiario.net\/portal\/wp-json\/wp\/v2\/users\/1"}],"replies":[{"embeddable":true,"href":"https:\/\/www.eldiario.net\/portal\/wp-json\/wp\/v2\/comments?post=246235"}],"version-history":[{"count":1,"href":"https:\/\/www.eldiario.net\/portal\/wp-json\/wp\/v2\/posts\/246235\/revisions"}],"predecessor-version":[{"id":246237,"href":"https:\/\/www.eldiario.net\/portal\/wp-json\/wp\/v2\/posts\/246235\/revisions\/246237"}],"wp:featuredmedia":[{"embeddable":true,"href":"https:\/\/www.eldiario.net\/portal\/wp-json\/wp\/v2\/media\/246236"}],"wp:attachment":[{"href":"https:\/\/www.eldiario.net\/portal\/wp-json\/wp\/v2\/media?parent=246235"}],"wp:term":[{"taxonomy":"category","embeddable":true,"href":"https:\/\/www.eldiario.net\/portal\/wp-json\/wp\/v2\/categories?post=246235"},{"taxonomy":"post_tag","embeddable":true,"href":"https:\/\/www.eldiario.net\/portal\/wp-json\/wp\/v2\/tags?post=246235"}],"curies":[{"name":"wp","href":"https:\/\/api.w.org\/{rel}","templated":true}]}}