{"id":246233,"date":"2024-09-09T05:56:05","date_gmt":"2024-09-09T09:56:05","guid":{"rendered":"https:\/\/www.eldiario.net\/portal\/?p=246233"},"modified":"2024-09-09T05:56:05","modified_gmt":"2024-09-09T09:56:05","slug":"un-referendum-ridiculo","status":"publish","type":"post","link":"https:\/\/www.eldiario.net\/portal\/2024\/09\/09\/un-referendum-ridiculo\/","title":{"rendered":"Un refer\u00e9ndum rid\u00edculo"},"content":{"rendered":"<p>Cuando pensamos en un presidente \u201ctibio\u201d, \u201cblando\u201d o \u201cindeciso\u201d, nos viene inmediatamente a la cabeza el nombre del socialdem\u00f3crata Carlos Mesa. Se le denomina as\u00ed no solo por su tendencia a renunciar, sino tambi\u00e9n por su propensi\u00f3n a gobernar a base de refer\u00e9ndums, es decir, sin actuar por iniciativa y decisi\u00f3n propia. Un presidente es elegido para tomar decisiones en situaciones cr\u00edticas y se conf\u00eda en su criterio para elegir las mejores opciones, no para organizar refer\u00e9ndums regularmente. Los refer\u00e9ndums solo deben llevarse a cabo en casos extremos, no constantemente y menos a\u00fan para dictar pol\u00edticas econ\u00f3micas. Este es el rol del ejecutivo, que hoy en d\u00eda parece evitar asumir la responsabilidad por el despilfarro y el endeudamiento.<br \/>\n\u201cLuchito\u201d y Mesa son similares en muchos aspectos: ambos pertenecen a corrientes izquierdistas y carecen del coraje para actuar en momentos cruciales, optando por \u201clavarse las manos\u201d. Cuando uno es presidente, debe ser capaz de actuar incluso en circunstancias adversas; salvar a Bolivia debe ser la prioridad. Arce, con su refer\u00e9ndum, parece estar buscando terminar su mandato y quiz\u00e1s tener una oportunidad para \u201ccandidatear\u201d en las pr\u00f3ximas elecciones. Es una medida c\u00ednica y cobarde, aunque pol\u00edticamente astuta.<br \/>\nUn presidente debe tener el coraje para actuar en momentos cr\u00edticos; para eso le ha confiado el pueblo su mandato. Ser pol\u00edtico significa buscar salvar a Bolivia y fomentar el crecimiento de su gente, no hundir la econom\u00eda y luego \u201clavarse las manos\u201d. \u201cLuchito\u201d sabe que, si elimina la subvenci\u00f3n a los combustibles, ser\u00e1 el fin de su gobierno y de sus absurdas aspiraciones de reelecci\u00f3n. Por eso, quiere transferir sus responsabilidades al pueblo. Como mencion\u00e9, es una jugada pol\u00edtica astuta, pero revela su escaso compromiso con el bienestar de los bolivianos. \u00c9l es el gran art\u00edfice de esta crisis, como Presidente y como Ministro de Econom\u00eda; ahora debe asumir su responsabilidad.<br \/>\nAl analizar las preguntas del refer\u00e9ndum, se puede sacar varias conclusiones. Primero, las preguntas 2 y 3, referidas a la subvenci\u00f3n de combustibles, demuestran que esta subvenci\u00f3n es insostenible. Aunque esto ya lo sab\u00edamos, la forma en que son planteadas las preguntas muestra que el gobierno quiere eliminar la subvenci\u00f3n lo m\u00e1s r\u00e1pido posible. Las preguntas no est\u00e1n formuladas de manera imparcial; est\u00e1n claramente politizadas, sugiriendo que la subvenci\u00f3n es sin\u00f3nimo de gran costo y contrabando. Todos sabemos que la subvenci\u00f3n debe terminar, pero con estas preguntas se ve que el gobierno est\u00e1 m\u00e1s desesperado que nunca. Ir\u00f3nicamente, fue Luis Arce quien inici\u00f3 esta pr\u00e1ctica.<br \/>\nLa pregunta 4 busca provocar enfrentamientos entre bolivianos y contradecir los resultados del censo. En una \u00e9poca en la que todos hablan de la disminuci\u00f3n de parlamentarios, Arce propone aumentar el n\u00famero de ellos. Lo \u00fanico que busca es enfrentar a las regiones entre s\u00ed, lo cual es nefasto.<br \/>\nLa primera pregunta es la m\u00e1s vergonzosa y refleja el estado actual de debilidad del arcismo. Ya se hab\u00eda determinado por el TCP (aunque con nula validez) que la reelecci\u00f3n en periodos discontinuos no era constitucional; esta decisi\u00f3n limit\u00f3 parcialmente las ambiciones de Evo Morales. Con esta pregunta, \u201cLuchito\u201d est\u00e1 pidiendo perd\u00f3n a Evo Morales por inhabilitarlo, mostrando una vez m\u00e1s su desesperaci\u00f3n. El presidente ni siquiera puede ganar la \u201cguerra interna\u201d, lo cual es realmente penoso.<br \/>\nEspero que este refer\u00e9ndum no se lleve a cabo. No es necesario y solo demuestra la falta de patriotismo del gobierno. Tengan el valor de comenzar a sanear la crisis, en lugar de hacer ridiculeces. Asuman que su modelo socialista ha quebrado nuestro pa\u00eds y ahora toca terminar con estas pol\u00edticas empobrecedoras. Si el gobierno no quiere actuar contra la crisis, lo mejor es que d\u00e9 un paso al costado. Bolivia est\u00e1 primero.<\/p>\n","protected":false},"excerpt":{"rendered":"<p>Cuando pensamos en un presidente \u201ctibio\u201d, \u201cblando\u201d o \u201cindeciso\u201d, nos viene inmediatamente a la cabeza el nombre del socialdem\u00f3crata Carlos Mesa. Se le denomina as\u00ed no solo por su tendencia a renunciar, sino tambi\u00e9n por su propensi\u00f3n a gobernar a base de refer\u00e9ndums, es decir, sin actuar por iniciativa y decisi\u00f3n propia. Un presidente es [&hellip;]<\/p>\n","protected":false},"author":1,"featured_media":161834,"comment_status":"open","ping_status":"open","sticky":false,"template":"","format":"standard","meta":{"_acf_changed":false,"footnotes":""},"categories":[9],"tags":[],"class_list":["post-246233","post","type-post","status-publish","format-standard","has-post-thumbnail","category-opinion"],"acf":{"antetitulo":""},"yoast_head":"<!-- This site is optimized with the Yoast SEO plugin v28.3 - https:\/\/yoast.com\/product\/yoast-seo-wordpress\/ -->\n<title>Un refer\u00e9ndum rid\u00edculo - El Diario - Bolivia<\/title>\n<meta name=\"robots\" content=\"index, follow, max-snippet:-1, max-image-preview:large, max-video-preview:-1\" \/>\n<link rel=\"canonical\" href=\"https:\/\/www.eldiario.net\/portal\/2024\/09\/09\/un-referendum-ridiculo\/\" \/>\n<meta property=\"og:locale\" content=\"es_ES\" \/>\n<meta property=\"og:type\" content=\"article\" \/>\n<meta property=\"og:title\" content=\"Un refer\u00e9ndum rid\u00edculo - El Diario - Bolivia\" \/>\n<meta property=\"og:description\" content=\"Cuando pensamos en un presidente \u201ctibio\u201d, \u201cblando\u201d o \u201cindeciso\u201d, nos viene inmediatamente a la cabeza el nombre del socialdem\u00f3crata Carlos Mesa. Se le denomina as\u00ed no solo por su tendencia a renunciar, sino tambi\u00e9n por su propensi\u00f3n a gobernar a base de refer\u00e9ndums, es decir, sin actuar por iniciativa y decisi\u00f3n propia. Un presidente es [&hellip;]\" \/>\n<meta property=\"og:url\" content=\"https:\/\/www.eldiario.net\/portal\/2024\/09\/09\/un-referendum-ridiculo\/\" \/>\n<meta property=\"og:site_name\" content=\"El Diario - Bolivia\" \/>\n<meta property=\"article:publisher\" content=\"https:\/\/www.facebook.com\/eldiario.bolivia\/\" \/>\n<meta property=\"article:published_time\" content=\"2024-09-09T09:56:05+00:00\" \/>\n<meta property=\"og:image\" content=\"https:\/\/www.eldiario.net\/portal\/wp-content\/uploads\/2023\/06\/Fabian-Freire.jpg\" \/>\n\t<meta property=\"og:image:width\" content=\"1200\" \/>\n\t<meta property=\"og:image:height\" content=\"628\" \/>\n\t<meta property=\"og:image:type\" content=\"image\/jpeg\" \/>\n<meta name=\"author\" content=\"Jeanette\" \/>\n<meta name=\"twitter:card\" content=\"summary_large_image\" \/>\n<meta name=\"twitter:creator\" content=\"@eldiario_net\" \/>\n<meta name=\"twitter:site\" content=\"@eldiario_net\" \/>\n<meta name=\"twitter:label1\" content=\"Escrito por\" \/>\n\t<meta name=\"twitter:data1\" content=\"Jeanette\" \/>\n\t<meta name=\"twitter:label2\" content=\"Tiempo de lectura\" \/>\n\t<meta name=\"twitter:data2\" content=\"4 minutos\" \/>\n<script type=\"application\/ld+json\" class=\"yoast-schema-graph\">{\"@context\":\"https:\\\/\\\/schema.org\",\"@graph\":[{\"@type\":\"Article\",\"@id\":\"https:\\\/\\\/www.eldiario.net\\\/portal\\\/2024\\\/09\\\/09\\\/un-referendum-ridiculo\\\/#article\",\"isPartOf\":{\"@id\":\"https:\\\/\\\/www.eldiario.net\\\/portal\\\/2024\\\/09\\\/09\\\/un-referendum-ridiculo\\\/\"},\"author\":{\"name\":\"Jeanette\",\"@id\":\"https:\\\/\\\/www.eldiario.net\\\/portal\\\/#\\\/schema\\\/person\\\/f46445640444750d7d753ccd04ae01b7\"},\"headline\":\"Un refer\u00e9ndum rid\u00edculo\",\"datePublished\":\"2024-09-09T09:56:05+00:00\",\"mainEntityOfPage\":{\"@id\":\"https:\\\/\\\/www.eldiario.net\\\/portal\\\/2024\\\/09\\\/09\\\/un-referendum-ridiculo\\\/\"},\"wordCount\":666,\"commentCount\":0,\"publisher\":{\"@id\":\"https:\\\/\\\/www.eldiario.net\\\/portal\\\/#organization\"},\"image\":{\"@id\":\"https:\\\/\\\/www.eldiario.net\\\/portal\\\/2024\\\/09\\\/09\\\/un-referendum-ridiculo\\\/#primaryimage\"},\"thumbnailUrl\":\"https:\\\/\\\/www.eldiario.net\\\/portal\\\/wp-content\\\/uploads\\\/2023\\\/06\\\/Fabian-Freire.jpg\",\"articleSection\":[\"Opini\u00f3n\"],\"inLanguage\":\"es\",\"potentialAction\":[{\"@type\":\"CommentAction\",\"name\":\"Comment\",\"target\":[\"https:\\\/\\\/www.eldiario.net\\\/portal\\\/2024\\\/09\\\/09\\\/un-referendum-ridiculo\\\/#respond\"]}]},{\"@type\":\"WebPage\",\"@id\":\"https:\\\/\\\/www.eldiario.net\\\/portal\\\/2024\\\/09\\\/09\\\/un-referendum-ridiculo\\\/\",\"url\":\"https:\\\/\\\/www.eldiario.net\\\/portal\\\/2024\\\/09\\\/09\\\/un-referendum-ridiculo\\\/\",\"name\":\"Un refer\u00e9ndum rid\u00edculo - El Diario - Bolivia\",\"isPartOf\":{\"@id\":\"https:\\\/\\\/www.eldiario.net\\\/portal\\\/#website\"},\"primaryImageOfPage\":{\"@id\":\"https:\\\/\\\/www.eldiario.net\\\/portal\\\/2024\\\/09\\\/09\\\/un-referendum-ridiculo\\\/#primaryimage\"},\"image\":{\"@id\":\"https:\\\/\\\/www.eldiario.net\\\/portal\\\/2024\\\/09\\\/09\\\/un-referendum-ridiculo\\\/#primaryimage\"},\"thumbnailUrl\":\"https:\\\/\\\/www.eldiario.net\\\/portal\\\/wp-content\\\/uploads\\\/2023\\\/06\\\/Fabian-Freire.jpg\",\"datePublished\":\"2024-09-09T09:56:05+00:00\",\"breadcrumb\":{\"@id\":\"https:\\\/\\\/www.eldiario.net\\\/portal\\\/2024\\\/09\\\/09\\\/un-referendum-ridiculo\\\/#breadcrumb\"},\"inLanguage\":\"es\",\"potentialAction\":[{\"@type\":\"ReadAction\",\"target\":[\"https:\\\/\\\/www.eldiario.net\\\/portal\\\/2024\\\/09\\\/09\\\/un-referendum-ridiculo\\\/\"]}]},{\"@type\":\"ImageObject\",\"inLanguage\":\"es\",\"@id\":\"https:\\\/\\\/www.eldiario.net\\\/portal\\\/2024\\\/09\\\/09\\\/un-referendum-ridiculo\\\/#primaryimage\",\"url\":\"https:\\\/\\\/www.eldiario.net\\\/portal\\\/wp-content\\\/uploads\\\/2023\\\/06\\\/Fabian-Freire.jpg\",\"contentUrl\":\"https:\\\/\\\/www.eldiario.net\\\/portal\\\/wp-content\\\/uploads\\\/2023\\\/06\\\/Fabian-Freire.jpg\",\"width\":1200,\"height\":628,\"caption\":\"Fabian Freire\"},{\"@type\":\"BreadcrumbList\",\"@id\":\"https:\\\/\\\/www.eldiario.net\\\/portal\\\/2024\\\/09\\\/09\\\/un-referendum-ridiculo\\\/#breadcrumb\",\"itemListElement\":[{\"@type\":\"ListItem\",\"position\":1,\"name\":\"Portada\",\"item\":\"https:\\\/\\\/www.eldiario.net\\\/portal\\\/\"},{\"@type\":\"ListItem\",\"position\":2,\"name\":\"Un refer\u00e9ndum rid\u00edculo\"}]},{\"@type\":\"WebSite\",\"@id\":\"https:\\\/\\\/www.eldiario.net\\\/portal\\\/#website\",\"url\":\"https:\\\/\\\/www.eldiario.net\\\/portal\\\/\",\"name\":\"El Diario - Decano de la prensa nacional\",\"description\":\"El Diario - Decano de la prensa nacional\",\"publisher\":{\"@id\":\"https:\\\/\\\/www.eldiario.net\\\/portal\\\/#organization\"},\"potentialAction\":[{\"@type\":\"SearchAction\",\"target\":{\"@type\":\"EntryPoint\",\"urlTemplate\":\"https:\\\/\\\/www.eldiario.net\\\/portal\\\/?s={search_term_string}\"},\"query-input\":{\"@type\":\"PropertyValueSpecification\",\"valueRequired\":true,\"valueName\":\"search_term_string\"}}],\"inLanguage\":\"es\"},{\"@type\":\"Organization\",\"@id\":\"https:\\\/\\\/www.eldiario.net\\\/portal\\\/#organization\",\"name\":\"El Diario - Decano de la prensa nacional\",\"url\":\"https:\\\/\\\/www.eldiario.net\\\/portal\\\/\",\"logo\":{\"@type\":\"ImageObject\",\"inLanguage\":\"es\",\"@id\":\"https:\\\/\\\/www.eldiario.net\\\/portal\\\/#\\\/schema\\\/logo\\\/image\\\/\",\"url\":\"https:\\\/\\\/www.eldiario.net\\\/portal\\\/wp-content\\\/uploads\\\/2023\\\/07\\\/logo_ED.jpg\",\"contentUrl\":\"https:\\\/\\\/www.eldiario.net\\\/portal\\\/wp-content\\\/uploads\\\/2023\\\/07\\\/logo_ED.jpg\",\"width\":272,\"height\":52,\"caption\":\"El Diario - Decano de la prensa nacional\"},\"image\":{\"@id\":\"https:\\\/\\\/www.eldiario.net\\\/portal\\\/#\\\/schema\\\/logo\\\/image\\\/\"},\"sameAs\":[\"https:\\\/\\\/www.facebook.com\\\/eldiario.bolivia\\\/\",\"https:\\\/\\\/x.com\\\/eldiario_net\"]},{\"@type\":\"Person\",\"@id\":\"https:\\\/\\\/www.eldiario.net\\\/portal\\\/#\\\/schema\\\/person\\\/f46445640444750d7d753ccd04ae01b7\",\"name\":\"Jeanette\",\"image\":{\"@type\":\"ImageObject\",\"inLanguage\":\"es\",\"@id\":\"https:\\\/\\\/secure.gravatar.com\\\/avatar\\\/3ea2118a5f7dad2b7138b1187a6b7ee55f160b9968b66013c3a3ef39dd7e5798?s=96&d=mm&r=g\",\"url\":\"https:\\\/\\\/secure.gravatar.com\\\/avatar\\\/3ea2118a5f7dad2b7138b1187a6b7ee55f160b9968b66013c3a3ef39dd7e5798?s=96&d=mm&r=g\",\"contentUrl\":\"https:\\\/\\\/secure.gravatar.com\\\/avatar\\\/3ea2118a5f7dad2b7138b1187a6b7ee55f160b9968b66013c3a3ef39dd7e5798?s=96&d=mm&r=g\",\"caption\":\"Jeanette\"},\"sameAs\":[\"https:\\\/\\\/www.eldiario.net\\\/portal\"],\"url\":\"https:\\\/\\\/www.eldiario.net\\\/portal\\\/author\\\/jeanette\\\/\"}]}<\/script>\n<!-- \/ Yoast SEO plugin. -->","yoast_head_json":{"title":"Un refer\u00e9ndum rid\u00edculo - El Diario - Bolivia","robots":{"index":"index","follow":"follow","max-snippet":"max-snippet:-1","max-image-preview":"max-image-preview:large","max-video-preview":"max-video-preview:-1"},"canonical":"https:\/\/www.eldiario.net\/portal\/2024\/09\/09\/un-referendum-ridiculo\/","og_locale":"es_ES","og_type":"article","og_title":"Un refer\u00e9ndum rid\u00edculo - El Diario - Bolivia","og_description":"Cuando pensamos en un presidente \u201ctibio\u201d, \u201cblando\u201d o \u201cindeciso\u201d, nos viene inmediatamente a la cabeza el nombre del socialdem\u00f3crata Carlos Mesa. Se le denomina as\u00ed no solo por su tendencia a renunciar, sino tambi\u00e9n por su propensi\u00f3n a gobernar a base de refer\u00e9ndums, es decir, sin actuar por iniciativa y decisi\u00f3n propia. Un presidente es [&hellip;]","og_url":"https:\/\/www.eldiario.net\/portal\/2024\/09\/09\/un-referendum-ridiculo\/","og_site_name":"El Diario - Bolivia","article_publisher":"https:\/\/www.facebook.com\/eldiario.bolivia\/","article_published_time":"2024-09-09T09:56:05+00:00","og_image":[{"width":1200,"height":628,"url":"https:\/\/www.eldiario.net\/portal\/wp-content\/uploads\/2023\/06\/Fabian-Freire.jpg","type":"image\/jpeg"}],"author":"Jeanette","twitter_card":"summary_large_image","twitter_creator":"@eldiario_net","twitter_site":"@eldiario_net","twitter_misc":{"Escrito por":"Jeanette","Tiempo de lectura":"4 minutos"},"schema":{"@context":"https:\/\/schema.org","@graph":[{"@type":"Article","@id":"https:\/\/www.eldiario.net\/portal\/2024\/09\/09\/un-referendum-ridiculo\/#article","isPartOf":{"@id":"https:\/\/www.eldiario.net\/portal\/2024\/09\/09\/un-referendum-ridiculo\/"},"author":{"name":"Jeanette","@id":"https:\/\/www.eldiario.net\/portal\/#\/schema\/person\/f46445640444750d7d753ccd04ae01b7"},"headline":"Un refer\u00e9ndum rid\u00edculo","datePublished":"2024-09-09T09:56:05+00:00","mainEntityOfPage":{"@id":"https:\/\/www.eldiario.net\/portal\/2024\/09\/09\/un-referendum-ridiculo\/"},"wordCount":666,"commentCount":0,"publisher":{"@id":"https:\/\/www.eldiario.net\/portal\/#organization"},"image":{"@id":"https:\/\/www.eldiario.net\/portal\/2024\/09\/09\/un-referendum-ridiculo\/#primaryimage"},"thumbnailUrl":"https:\/\/www.eldiario.net\/portal\/wp-content\/uploads\/2023\/06\/Fabian-Freire.jpg","articleSection":["Opini\u00f3n"],"inLanguage":"es","potentialAction":[{"@type":"CommentAction","name":"Comment","target":["https:\/\/www.eldiario.net\/portal\/2024\/09\/09\/un-referendum-ridiculo\/#respond"]}]},{"@type":"WebPage","@id":"https:\/\/www.eldiario.net\/portal\/2024\/09\/09\/un-referendum-ridiculo\/","url":"https:\/\/www.eldiario.net\/portal\/2024\/09\/09\/un-referendum-ridiculo\/","name":"Un refer\u00e9ndum rid\u00edculo - El Diario - Bolivia","isPartOf":{"@id":"https:\/\/www.eldiario.net\/portal\/#website"},"primaryImageOfPage":{"@id":"https:\/\/www.eldiario.net\/portal\/2024\/09\/09\/un-referendum-ridiculo\/#primaryimage"},"image":{"@id":"https:\/\/www.eldiario.net\/portal\/2024\/09\/09\/un-referendum-ridiculo\/#primaryimage"},"thumbnailUrl":"https:\/\/www.eldiario.net\/portal\/wp-content\/uploads\/2023\/06\/Fabian-Freire.jpg","datePublished":"2024-09-09T09:56:05+00:00","breadcrumb":{"@id":"https:\/\/www.eldiario.net\/portal\/2024\/09\/09\/un-referendum-ridiculo\/#breadcrumb"},"inLanguage":"es","potentialAction":[{"@type":"ReadAction","target":["https:\/\/www.eldiario.net\/portal\/2024\/09\/09\/un-referendum-ridiculo\/"]}]},{"@type":"ImageObject","inLanguage":"es","@id":"https:\/\/www.eldiario.net\/portal\/2024\/09\/09\/un-referendum-ridiculo\/#primaryimage","url":"https:\/\/www.eldiario.net\/portal\/wp-content\/uploads\/2023\/06\/Fabian-Freire.jpg","contentUrl":"https:\/\/www.eldiario.net\/portal\/wp-content\/uploads\/2023\/06\/Fabian-Freire.jpg","width":1200,"height":628,"caption":"Fabian Freire"},{"@type":"BreadcrumbList","@id":"https:\/\/www.eldiario.net\/portal\/2024\/09\/09\/un-referendum-ridiculo\/#breadcrumb","itemListElement":[{"@type":"ListItem","position":1,"name":"Portada","item":"https:\/\/www.eldiario.net\/portal\/"},{"@type":"ListItem","position":2,"name":"Un refer\u00e9ndum rid\u00edculo"}]},{"@type":"WebSite","@id":"https:\/\/www.eldiario.net\/portal\/#website","url":"https:\/\/www.eldiario.net\/portal\/","name":"El Diario - Decano de la prensa nacional","description":"El Diario - Decano de la prensa nacional","publisher":{"@id":"https:\/\/www.eldiario.net\/portal\/#organization"},"potentialAction":[{"@type":"SearchAction","target":{"@type":"EntryPoint","urlTemplate":"https:\/\/www.eldiario.net\/portal\/?s={search_term_string}"},"query-input":{"@type":"PropertyValueSpecification","valueRequired":true,"valueName":"search_term_string"}}],"inLanguage":"es"},{"@type":"Organization","@id":"https:\/\/www.eldiario.net\/portal\/#organization","name":"El Diario - Decano de la prensa nacional","url":"https:\/\/www.eldiario.net\/portal\/","logo":{"@type":"ImageObject","inLanguage":"es","@id":"https:\/\/www.eldiario.net\/portal\/#\/schema\/logo\/image\/","url":"https:\/\/www.eldiario.net\/portal\/wp-content\/uploads\/2023\/07\/logo_ED.jpg","contentUrl":"https:\/\/www.eldiario.net\/portal\/wp-content\/uploads\/2023\/07\/logo_ED.jpg","width":272,"height":52,"caption":"El Diario - Decano de la prensa nacional"},"image":{"@id":"https:\/\/www.eldiario.net\/portal\/#\/schema\/logo\/image\/"},"sameAs":["https:\/\/www.facebook.com\/eldiario.bolivia\/","https:\/\/x.com\/eldiario_net"]},{"@type":"Person","@id":"https:\/\/www.eldiario.net\/portal\/#\/schema\/person\/f46445640444750d7d753ccd04ae01b7","name":"Jeanette","image":{"@type":"ImageObject","inLanguage":"es","@id":"https:\/\/secure.gravatar.com\/avatar\/3ea2118a5f7dad2b7138b1187a6b7ee55f160b9968b66013c3a3ef39dd7e5798?s=96&d=mm&r=g","url":"https:\/\/secure.gravatar.com\/avatar\/3ea2118a5f7dad2b7138b1187a6b7ee55f160b9968b66013c3a3ef39dd7e5798?s=96&d=mm&r=g","contentUrl":"https:\/\/secure.gravatar.com\/avatar\/3ea2118a5f7dad2b7138b1187a6b7ee55f160b9968b66013c3a3ef39dd7e5798?s=96&d=mm&r=g","caption":"Jeanette"},"sameAs":["https:\/\/www.eldiario.net\/portal"],"url":"https:\/\/www.eldiario.net\/portal\/author\/jeanette\/"}]}},"_links":{"self":[{"href":"https:\/\/www.eldiario.net\/portal\/wp-json\/wp\/v2\/posts\/246233","targetHints":{"allow":["GET"]}}],"collection":[{"href":"https:\/\/www.eldiario.net\/portal\/wp-json\/wp\/v2\/posts"}],"about":[{"href":"https:\/\/www.eldiario.net\/portal\/wp-json\/wp\/v2\/types\/post"}],"author":[{"embeddable":true,"href":"https:\/\/www.eldiario.net\/portal\/wp-json\/wp\/v2\/users\/1"}],"replies":[{"embeddable":true,"href":"https:\/\/www.eldiario.net\/portal\/wp-json\/wp\/v2\/comments?post=246233"}],"version-history":[{"count":1,"href":"https:\/\/www.eldiario.net\/portal\/wp-json\/wp\/v2\/posts\/246233\/revisions"}],"predecessor-version":[{"id":246234,"href":"https:\/\/www.eldiario.net\/portal\/wp-json\/wp\/v2\/posts\/246233\/revisions\/246234"}],"wp:featuredmedia":[{"embeddable":true,"href":"https:\/\/www.eldiario.net\/portal\/wp-json\/wp\/v2\/media\/161834"}],"wp:attachment":[{"href":"https:\/\/www.eldiario.net\/portal\/wp-json\/wp\/v2\/media?parent=246233"}],"wp:term":[{"taxonomy":"category","embeddable":true,"href":"https:\/\/www.eldiario.net\/portal\/wp-json\/wp\/v2\/categories?post=246233"},{"taxonomy":"post_tag","embeddable":true,"href":"https:\/\/www.eldiario.net\/portal\/wp-json\/wp\/v2\/tags?post=246233"}],"curies":[{"name":"wp","href":"https:\/\/api.w.org\/{rel}","templated":true}]}}