{"id":24581,"date":"2021-08-20T03:18:10","date_gmt":"2021-08-20T07:18:10","guid":{"rendered":"https:\/\/www.eldiario.net\/portal\/?p=24581"},"modified":"2021-08-20T03:18:10","modified_gmt":"2021-08-20T07:18:10","slug":"indigenas-y-gobierno-firman-acuerdo-sobre-autonomia","status":"publish","type":"post","link":"https:\/\/www.eldiario.net\/portal\/2021\/08\/20\/indigenas-y-gobierno-firman-acuerdo-sobre-autonomia\/","title":{"rendered":"Ind\u00edgenas y Gobierno firman  acuerdo sobre autonom\u00eda"},"content":{"rendered":"<p class=\"v1MsoNormal\">Los ind\u00edgenas movilizados en el Beni suscribieron este jueves dos acuerdos con el Gobierno referidos a la autonom\u00eda ind\u00edgena y tierra y territorio; sin embargo, el bloqueo persiste en la ruta entre los municipios de San Ignacio de Mojos y San Borja, seg\u00fan Erbol. Las organizaciones ind\u00edgenas demandan una reuni\u00f3n con el alcalde de San Ignacio de Mojos, Carlos Abularach.<\/p>\n<p class=\"v1MsoNormal\">A pesar de la suscripci\u00f3n del convenio,\u00a0 el bloqueo persiste porque las organizaciones ind\u00edgenas demandan una reuni\u00f3n con el alcalde de San Ignacio de Mojos, Carlos Abularach. Informaron las organizaciones ind\u00edgenas.<\/p>\n<p class=\"v1MsoNormal\">\u201cComo autoridades haremos las gestiones para que puedan bajar al territorio y as\u00ed dialogar con todos los hermanos. Que este acuerdo firmado no se quede en papeles. Al INRA, pedimos que todo lo que hemos firmado se pueda cumplir, entonces ser\u00e1 un logro m\u00e1s para el territorio en las grandes necesidades que se tienen\u201d, asever\u00f3 la presidenta del territorio Ind\u00edgena Moje\u00f1o Ignaciano (TIMI), Juana Bejarano.<\/p>\n<p class=\"v1MsoNormal\">La firma de las dos actas ocurri\u00f3 a 5 kil\u00f3metros de San Ignacio de Mojos, en donde se encuentra el bloqueo. Los acuerdos se refieren a dos de las ocho demandas hechas por las organizaciones ind\u00edgenas a la cabeza de la Central de Pueblos \u00c9tnicos Moje\u00f1os del Beni (CPEM-B).<\/p>\n<p class=\"v1MsoNormal\">A pesar de esto, el bloqueo en la ruta hacia San Borja contin\u00faa, por las demandas que las organizaciones ind\u00edgenas tienen hacia el gobierno municipal de San Ignacio de Mojos, que hasta la fecha no fueron resueltas por el alcalde del municipio.<\/p>\n<p class=\"v1MsoNormal\">La firma de los acuerdos se realiz\u00f3 despu\u00e9s de m\u00e1s de 12 horas de trabajo en el Cabildo indigenal de San Ignacio de Mojos; mientras que para la firma del acta de acuerdo, las comisiones se trasladaron hasta el punto de bloqueo.<\/p>\n<p class=\"v1MsoNormal\">(Con informaci\u00f3n de la Subcentral de Cabildos Indigenales del Territorio Ind\u00edgena Multi\u00e9tnico\u00a0TIM I)<\/p>\n","protected":false},"excerpt":{"rendered":"<p>Los ind\u00edgenas movilizados en el Beni suscribieron este jueves dos acuerdos con el Gobierno referidos a la autonom\u00eda ind\u00edgena y tierra y territorio; sin embargo, el bloqueo persiste en la ruta entre los municipios de San Ignacio de Mojos y San Borja, seg\u00fan Erbol. Las organizaciones ind\u00edgenas demandan una reuni\u00f3n con el alcalde de San [&hellip;]<\/p>\n","protected":false},"author":1,"featured_media":24582,"comment_status":"closed","ping_status":"closed","sticky":false,"template":"","format":"standard","meta":{"_acf_changed":false,"footnotes":""},"categories":[12],"tags":[],"class_list":["post-24581","post","type-post","status-publish","format-standard","has-post-thumbnail","category-nacional"],"acf":{"antetitulo":""},"yoast_head":"<!-- This site is optimized with the Yoast SEO plugin v28.3 - https:\/\/yoast.com\/product\/yoast-seo-wordpress\/ -->\n<title>Ind\u00edgenas y Gobierno firman acuerdo sobre autonom\u00eda - El Diario - Bolivia<\/title>\n<meta name=\"robots\" content=\"index, follow, max-snippet:-1, max-image-preview:large, max-video-preview:-1\" \/>\n<link rel=\"canonical\" href=\"https:\/\/www.eldiario.net\/portal\/2021\/08\/20\/indigenas-y-gobierno-firman-acuerdo-sobre-autonomia\/\" \/>\n<meta property=\"og:locale\" content=\"es_ES\" \/>\n<meta property=\"og:type\" content=\"article\" \/>\n<meta property=\"og:title\" content=\"Ind\u00edgenas y Gobierno firman acuerdo sobre autonom\u00eda - El Diario - Bolivia\" \/>\n<meta property=\"og:description\" content=\"Los ind\u00edgenas movilizados en el Beni suscribieron este jueves dos acuerdos con el Gobierno referidos a la autonom\u00eda ind\u00edgena y tierra y territorio; sin embargo, el bloqueo persiste en la ruta entre los municipios de San Ignacio de Mojos y San Borja, seg\u00fan Erbol. Las organizaciones ind\u00edgenas demandan una reuni\u00f3n con el alcalde de San [&hellip;]\" \/>\n<meta property=\"og:url\" content=\"https:\/\/www.eldiario.net\/portal\/2021\/08\/20\/indigenas-y-gobierno-firman-acuerdo-sobre-autonomia\/\" \/>\n<meta property=\"og:site_name\" content=\"El Diario - Bolivia\" \/>\n<meta property=\"article:publisher\" content=\"https:\/\/www.facebook.com\/eldiario.bolivia\/\" \/>\n<meta property=\"article:published_time\" content=\"2021-08-20T07:18:10+00:00\" \/>\n<meta property=\"og:image\" content=\"https:\/\/www.eldiario.net\/portal\/wp-content\/uploads\/2021\/08\/firma-convenio.jpg\" \/>\n\t<meta property=\"og:image:width\" content=\"1000\" \/>\n\t<meta property=\"og:image:height\" content=\"616\" \/>\n\t<meta property=\"og:image:type\" content=\"image\/jpeg\" \/>\n<meta name=\"author\" content=\"Jeanette\" \/>\n<meta name=\"twitter:card\" content=\"summary_large_image\" \/>\n<meta name=\"twitter:creator\" content=\"@eldiario_net\" \/>\n<meta name=\"twitter:site\" content=\"@eldiario_net\" \/>\n<meta name=\"twitter:label1\" content=\"Escrito por\" \/>\n\t<meta name=\"twitter:data1\" content=\"Jeanette\" \/>\n\t<meta name=\"twitter:label2\" content=\"Tiempo de lectura\" \/>\n\t<meta name=\"twitter:data2\" content=\"2 minutos\" \/>\n<script type=\"application\/ld+json\" class=\"yoast-schema-graph\">{\"@context\":\"https:\\\/\\\/schema.org\",\"@graph\":[{\"@type\":\"Article\",\"@id\":\"https:\\\/\\\/www.eldiario.net\\\/portal\\\/2021\\\/08\\\/20\\\/indigenas-y-gobierno-firman-acuerdo-sobre-autonomia\\\/#article\",\"isPartOf\":{\"@id\":\"https:\\\/\\\/www.eldiario.net\\\/portal\\\/2021\\\/08\\\/20\\\/indigenas-y-gobierno-firman-acuerdo-sobre-autonomia\\\/\"},\"author\":{\"name\":\"Jeanette\",\"@id\":\"https:\\\/\\\/www.eldiario.net\\\/portal\\\/#\\\/schema\\\/person\\\/f46445640444750d7d753ccd04ae01b7\"},\"headline\":\"Ind\u00edgenas y Gobierno firman acuerdo sobre autonom\u00eda\",\"datePublished\":\"2021-08-20T07:18:10+00:00\",\"mainEntityOfPage\":{\"@id\":\"https:\\\/\\\/www.eldiario.net\\\/portal\\\/2021\\\/08\\\/20\\\/indigenas-y-gobierno-firman-acuerdo-sobre-autonomia\\\/\"},\"wordCount\":333,\"publisher\":{\"@id\":\"https:\\\/\\\/www.eldiario.net\\\/portal\\\/#organization\"},\"image\":{\"@id\":\"https:\\\/\\\/www.eldiario.net\\\/portal\\\/2021\\\/08\\\/20\\\/indigenas-y-gobierno-firman-acuerdo-sobre-autonomia\\\/#primaryimage\"},\"thumbnailUrl\":\"https:\\\/\\\/www.eldiario.net\\\/portal\\\/wp-content\\\/uploads\\\/2021\\\/08\\\/firma-convenio.jpg\",\"articleSection\":[\"Nacional\"],\"inLanguage\":\"es\"},{\"@type\":\"WebPage\",\"@id\":\"https:\\\/\\\/www.eldiario.net\\\/portal\\\/2021\\\/08\\\/20\\\/indigenas-y-gobierno-firman-acuerdo-sobre-autonomia\\\/\",\"url\":\"https:\\\/\\\/www.eldiario.net\\\/portal\\\/2021\\\/08\\\/20\\\/indigenas-y-gobierno-firman-acuerdo-sobre-autonomia\\\/\",\"name\":\"Ind\u00edgenas y Gobierno firman acuerdo sobre autonom\u00eda - El Diario - Bolivia\",\"isPartOf\":{\"@id\":\"https:\\\/\\\/www.eldiario.net\\\/portal\\\/#website\"},\"primaryImageOfPage\":{\"@id\":\"https:\\\/\\\/www.eldiario.net\\\/portal\\\/2021\\\/08\\\/20\\\/indigenas-y-gobierno-firman-acuerdo-sobre-autonomia\\\/#primaryimage\"},\"image\":{\"@id\":\"https:\\\/\\\/www.eldiario.net\\\/portal\\\/2021\\\/08\\\/20\\\/indigenas-y-gobierno-firman-acuerdo-sobre-autonomia\\\/#primaryimage\"},\"thumbnailUrl\":\"https:\\\/\\\/www.eldiario.net\\\/portal\\\/wp-content\\\/uploads\\\/2021\\\/08\\\/firma-convenio.jpg\",\"datePublished\":\"2021-08-20T07:18:10+00:00\",\"breadcrumb\":{\"@id\":\"https:\\\/\\\/www.eldiario.net\\\/portal\\\/2021\\\/08\\\/20\\\/indigenas-y-gobierno-firman-acuerdo-sobre-autonomia\\\/#breadcrumb\"},\"inLanguage\":\"es\",\"potentialAction\":[{\"@type\":\"ReadAction\",\"target\":[\"https:\\\/\\\/www.eldiario.net\\\/portal\\\/2021\\\/08\\\/20\\\/indigenas-y-gobierno-firman-acuerdo-sobre-autonomia\\\/\"]}]},{\"@type\":\"ImageObject\",\"inLanguage\":\"es\",\"@id\":\"https:\\\/\\\/www.eldiario.net\\\/portal\\\/2021\\\/08\\\/20\\\/indigenas-y-gobierno-firman-acuerdo-sobre-autonomia\\\/#primaryimage\",\"url\":\"https:\\\/\\\/www.eldiario.net\\\/portal\\\/wp-content\\\/uploads\\\/2021\\\/08\\\/firma-convenio.jpg\",\"contentUrl\":\"https:\\\/\\\/www.eldiario.net\\\/portal\\\/wp-content\\\/uploads\\\/2021\\\/08\\\/firma-convenio.jpg\",\"width\":1000,\"height\":616},{\"@type\":\"BreadcrumbList\",\"@id\":\"https:\\\/\\\/www.eldiario.net\\\/portal\\\/2021\\\/08\\\/20\\\/indigenas-y-gobierno-firman-acuerdo-sobre-autonomia\\\/#breadcrumb\",\"itemListElement\":[{\"@type\":\"ListItem\",\"position\":1,\"name\":\"Portada\",\"item\":\"https:\\\/\\\/www.eldiario.net\\\/portal\\\/\"},{\"@type\":\"ListItem\",\"position\":2,\"name\":\"Ind\u00edgenas y Gobierno firman acuerdo sobre autonom\u00eda\"}]},{\"@type\":\"WebSite\",\"@id\":\"https:\\\/\\\/www.eldiario.net\\\/portal\\\/#website\",\"url\":\"https:\\\/\\\/www.eldiario.net\\\/portal\\\/\",\"name\":\"El Diario - Decano de la prensa nacional\",\"description\":\"El Diario - Decano de la prensa nacional\",\"publisher\":{\"@id\":\"https:\\\/\\\/www.eldiario.net\\\/portal\\\/#organization\"},\"potentialAction\":[{\"@type\":\"SearchAction\",\"target\":{\"@type\":\"EntryPoint\",\"urlTemplate\":\"https:\\\/\\\/www.eldiario.net\\\/portal\\\/?s={search_term_string}\"},\"query-input\":{\"@type\":\"PropertyValueSpecification\",\"valueRequired\":true,\"valueName\":\"search_term_string\"}}],\"inLanguage\":\"es\"},{\"@type\":\"Organization\",\"@id\":\"https:\\\/\\\/www.eldiario.net\\\/portal\\\/#organization\",\"name\":\"El Diario - Decano de la prensa nacional\",\"url\":\"https:\\\/\\\/www.eldiario.net\\\/portal\\\/\",\"logo\":{\"@type\":\"ImageObject\",\"inLanguage\":\"es\",\"@id\":\"https:\\\/\\\/www.eldiario.net\\\/portal\\\/#\\\/schema\\\/logo\\\/image\\\/\",\"url\":\"https:\\\/\\\/www.eldiario.net\\\/portal\\\/wp-content\\\/uploads\\\/2023\\\/07\\\/logo_ED.jpg\",\"contentUrl\":\"https:\\\/\\\/www.eldiario.net\\\/portal\\\/wp-content\\\/uploads\\\/2023\\\/07\\\/logo_ED.jpg\",\"width\":272,\"height\":52,\"caption\":\"El Diario - Decano de la prensa nacional\"},\"image\":{\"@id\":\"https:\\\/\\\/www.eldiario.net\\\/portal\\\/#\\\/schema\\\/logo\\\/image\\\/\"},\"sameAs\":[\"https:\\\/\\\/www.facebook.com\\\/eldiario.bolivia\\\/\",\"https:\\\/\\\/x.com\\\/eldiario_net\"]},{\"@type\":\"Person\",\"@id\":\"https:\\\/\\\/www.eldiario.net\\\/portal\\\/#\\\/schema\\\/person\\\/f46445640444750d7d753ccd04ae01b7\",\"name\":\"Jeanette\",\"image\":{\"@type\":\"ImageObject\",\"inLanguage\":\"es\",\"@id\":\"https:\\\/\\\/secure.gravatar.com\\\/avatar\\\/3ea2118a5f7dad2b7138b1187a6b7ee55f160b9968b66013c3a3ef39dd7e5798?s=96&d=mm&r=g\",\"url\":\"https:\\\/\\\/secure.gravatar.com\\\/avatar\\\/3ea2118a5f7dad2b7138b1187a6b7ee55f160b9968b66013c3a3ef39dd7e5798?s=96&d=mm&r=g\",\"contentUrl\":\"https:\\\/\\\/secure.gravatar.com\\\/avatar\\\/3ea2118a5f7dad2b7138b1187a6b7ee55f160b9968b66013c3a3ef39dd7e5798?s=96&d=mm&r=g\",\"caption\":\"Jeanette\"},\"sameAs\":[\"https:\\\/\\\/www.eldiario.net\\\/portal\"],\"url\":\"https:\\\/\\\/www.eldiario.net\\\/portal\\\/author\\\/jeanette\\\/\"}]}<\/script>\n<!-- \/ Yoast SEO plugin. -->","yoast_head_json":{"title":"Ind\u00edgenas y Gobierno firman acuerdo sobre autonom\u00eda - El Diario - Bolivia","robots":{"index":"index","follow":"follow","max-snippet":"max-snippet:-1","max-image-preview":"max-image-preview:large","max-video-preview":"max-video-preview:-1"},"canonical":"https:\/\/www.eldiario.net\/portal\/2021\/08\/20\/indigenas-y-gobierno-firman-acuerdo-sobre-autonomia\/","og_locale":"es_ES","og_type":"article","og_title":"Ind\u00edgenas y Gobierno firman acuerdo sobre autonom\u00eda - El Diario - Bolivia","og_description":"Los ind\u00edgenas movilizados en el Beni suscribieron este jueves dos acuerdos con el Gobierno referidos a la autonom\u00eda ind\u00edgena y tierra y territorio; sin embargo, el bloqueo persiste en la ruta entre los municipios de San Ignacio de Mojos y San Borja, seg\u00fan Erbol. Las organizaciones ind\u00edgenas demandan una reuni\u00f3n con el alcalde de San [&hellip;]","og_url":"https:\/\/www.eldiario.net\/portal\/2021\/08\/20\/indigenas-y-gobierno-firman-acuerdo-sobre-autonomia\/","og_site_name":"El Diario - Bolivia","article_publisher":"https:\/\/www.facebook.com\/eldiario.bolivia\/","article_published_time":"2021-08-20T07:18:10+00:00","og_image":[{"width":1000,"height":616,"url":"https:\/\/www.eldiario.net\/portal\/wp-content\/uploads\/2021\/08\/firma-convenio.jpg","type":"image\/jpeg"}],"author":"Jeanette","twitter_card":"summary_large_image","twitter_creator":"@eldiario_net","twitter_site":"@eldiario_net","twitter_misc":{"Escrito por":"Jeanette","Tiempo de lectura":"2 minutos"},"schema":{"@context":"https:\/\/schema.org","@graph":[{"@type":"Article","@id":"https:\/\/www.eldiario.net\/portal\/2021\/08\/20\/indigenas-y-gobierno-firman-acuerdo-sobre-autonomia\/#article","isPartOf":{"@id":"https:\/\/www.eldiario.net\/portal\/2021\/08\/20\/indigenas-y-gobierno-firman-acuerdo-sobre-autonomia\/"},"author":{"name":"Jeanette","@id":"https:\/\/www.eldiario.net\/portal\/#\/schema\/person\/f46445640444750d7d753ccd04ae01b7"},"headline":"Ind\u00edgenas y Gobierno firman acuerdo sobre autonom\u00eda","datePublished":"2021-08-20T07:18:10+00:00","mainEntityOfPage":{"@id":"https:\/\/www.eldiario.net\/portal\/2021\/08\/20\/indigenas-y-gobierno-firman-acuerdo-sobre-autonomia\/"},"wordCount":333,"publisher":{"@id":"https:\/\/www.eldiario.net\/portal\/#organization"},"image":{"@id":"https:\/\/www.eldiario.net\/portal\/2021\/08\/20\/indigenas-y-gobierno-firman-acuerdo-sobre-autonomia\/#primaryimage"},"thumbnailUrl":"https:\/\/www.eldiario.net\/portal\/wp-content\/uploads\/2021\/08\/firma-convenio.jpg","articleSection":["Nacional"],"inLanguage":"es"},{"@type":"WebPage","@id":"https:\/\/www.eldiario.net\/portal\/2021\/08\/20\/indigenas-y-gobierno-firman-acuerdo-sobre-autonomia\/","url":"https:\/\/www.eldiario.net\/portal\/2021\/08\/20\/indigenas-y-gobierno-firman-acuerdo-sobre-autonomia\/","name":"Ind\u00edgenas y Gobierno firman acuerdo sobre autonom\u00eda - El Diario - Bolivia","isPartOf":{"@id":"https:\/\/www.eldiario.net\/portal\/#website"},"primaryImageOfPage":{"@id":"https:\/\/www.eldiario.net\/portal\/2021\/08\/20\/indigenas-y-gobierno-firman-acuerdo-sobre-autonomia\/#primaryimage"},"image":{"@id":"https:\/\/www.eldiario.net\/portal\/2021\/08\/20\/indigenas-y-gobierno-firman-acuerdo-sobre-autonomia\/#primaryimage"},"thumbnailUrl":"https:\/\/www.eldiario.net\/portal\/wp-content\/uploads\/2021\/08\/firma-convenio.jpg","datePublished":"2021-08-20T07:18:10+00:00","breadcrumb":{"@id":"https:\/\/www.eldiario.net\/portal\/2021\/08\/20\/indigenas-y-gobierno-firman-acuerdo-sobre-autonomia\/#breadcrumb"},"inLanguage":"es","potentialAction":[{"@type":"ReadAction","target":["https:\/\/www.eldiario.net\/portal\/2021\/08\/20\/indigenas-y-gobierno-firman-acuerdo-sobre-autonomia\/"]}]},{"@type":"ImageObject","inLanguage":"es","@id":"https:\/\/www.eldiario.net\/portal\/2021\/08\/20\/indigenas-y-gobierno-firman-acuerdo-sobre-autonomia\/#primaryimage","url":"https:\/\/www.eldiario.net\/portal\/wp-content\/uploads\/2021\/08\/firma-convenio.jpg","contentUrl":"https:\/\/www.eldiario.net\/portal\/wp-content\/uploads\/2021\/08\/firma-convenio.jpg","width":1000,"height":616},{"@type":"BreadcrumbList","@id":"https:\/\/www.eldiario.net\/portal\/2021\/08\/20\/indigenas-y-gobierno-firman-acuerdo-sobre-autonomia\/#breadcrumb","itemListElement":[{"@type":"ListItem","position":1,"name":"Portada","item":"https:\/\/www.eldiario.net\/portal\/"},{"@type":"ListItem","position":2,"name":"Ind\u00edgenas y Gobierno firman acuerdo sobre autonom\u00eda"}]},{"@type":"WebSite","@id":"https:\/\/www.eldiario.net\/portal\/#website","url":"https:\/\/www.eldiario.net\/portal\/","name":"El Diario - Decano de la prensa nacional","description":"El Diario - Decano de la prensa nacional","publisher":{"@id":"https:\/\/www.eldiario.net\/portal\/#organization"},"potentialAction":[{"@type":"SearchAction","target":{"@type":"EntryPoint","urlTemplate":"https:\/\/www.eldiario.net\/portal\/?s={search_term_string}"},"query-input":{"@type":"PropertyValueSpecification","valueRequired":true,"valueName":"search_term_string"}}],"inLanguage":"es"},{"@type":"Organization","@id":"https:\/\/www.eldiario.net\/portal\/#organization","name":"El Diario - Decano de la prensa nacional","url":"https:\/\/www.eldiario.net\/portal\/","logo":{"@type":"ImageObject","inLanguage":"es","@id":"https:\/\/www.eldiario.net\/portal\/#\/schema\/logo\/image\/","url":"https:\/\/www.eldiario.net\/portal\/wp-content\/uploads\/2023\/07\/logo_ED.jpg","contentUrl":"https:\/\/www.eldiario.net\/portal\/wp-content\/uploads\/2023\/07\/logo_ED.jpg","width":272,"height":52,"caption":"El Diario - Decano de la prensa nacional"},"image":{"@id":"https:\/\/www.eldiario.net\/portal\/#\/schema\/logo\/image\/"},"sameAs":["https:\/\/www.facebook.com\/eldiario.bolivia\/","https:\/\/x.com\/eldiario_net"]},{"@type":"Person","@id":"https:\/\/www.eldiario.net\/portal\/#\/schema\/person\/f46445640444750d7d753ccd04ae01b7","name":"Jeanette","image":{"@type":"ImageObject","inLanguage":"es","@id":"https:\/\/secure.gravatar.com\/avatar\/3ea2118a5f7dad2b7138b1187a6b7ee55f160b9968b66013c3a3ef39dd7e5798?s=96&d=mm&r=g","url":"https:\/\/secure.gravatar.com\/avatar\/3ea2118a5f7dad2b7138b1187a6b7ee55f160b9968b66013c3a3ef39dd7e5798?s=96&d=mm&r=g","contentUrl":"https:\/\/secure.gravatar.com\/avatar\/3ea2118a5f7dad2b7138b1187a6b7ee55f160b9968b66013c3a3ef39dd7e5798?s=96&d=mm&r=g","caption":"Jeanette"},"sameAs":["https:\/\/www.eldiario.net\/portal"],"url":"https:\/\/www.eldiario.net\/portal\/author\/jeanette\/"}]}},"_links":{"self":[{"href":"https:\/\/www.eldiario.net\/portal\/wp-json\/wp\/v2\/posts\/24581","targetHints":{"allow":["GET"]}}],"collection":[{"href":"https:\/\/www.eldiario.net\/portal\/wp-json\/wp\/v2\/posts"}],"about":[{"href":"https:\/\/www.eldiario.net\/portal\/wp-json\/wp\/v2\/types\/post"}],"author":[{"embeddable":true,"href":"https:\/\/www.eldiario.net\/portal\/wp-json\/wp\/v2\/users\/1"}],"replies":[{"embeddable":true,"href":"https:\/\/www.eldiario.net\/portal\/wp-json\/wp\/v2\/comments?post=24581"}],"version-history":[{"count":0,"href":"https:\/\/www.eldiario.net\/portal\/wp-json\/wp\/v2\/posts\/24581\/revisions"}],"wp:featuredmedia":[{"embeddable":true,"href":"https:\/\/www.eldiario.net\/portal\/wp-json\/wp\/v2\/media\/24582"}],"wp:attachment":[{"href":"https:\/\/www.eldiario.net\/portal\/wp-json\/wp\/v2\/media?parent=24581"}],"wp:term":[{"taxonomy":"category","embeddable":true,"href":"https:\/\/www.eldiario.net\/portal\/wp-json\/wp\/v2\/categories?post=24581"},{"taxonomy":"post_tag","embeddable":true,"href":"https:\/\/www.eldiario.net\/portal\/wp-json\/wp\/v2\/tags?post=24581"}],"curies":[{"name":"wp","href":"https:\/\/api.w.org\/{rel}","templated":true}]}}