{"id":24569,"date":"2021-08-20T03:12:55","date_gmt":"2021-08-20T07:12:55","guid":{"rendered":"https:\/\/www.eldiario.net\/portal\/?p=24569"},"modified":"2021-08-20T03:12:55","modified_gmt":"2021-08-20T07:12:55","slug":"denuncian-que-ley-anticorrupcion-sera-un-arma-para-la-persecucion","status":"publish","type":"post","link":"https:\/\/www.eldiario.net\/portal\/2021\/08\/20\/denuncian-que-ley-anticorrupcion-sera-un-arma-para-la-persecucion\/","title":{"rendered":"Denuncian que ley anticorrupci\u00f3n  ser\u00e1 un arma para la persecuci\u00f3n"},"content":{"rendered":"<p>Luego de sancionarse la Ley de Fortalecimiento a la Lucha Contra la Corrupci\u00f3n, la senadora por Comunidad Ciudadana (CC), Andrea Barrientos, denunci\u00f3 que esta norma se convierte en una herramienta m\u00e1s para la persecuci\u00f3n de ciudadanos y amenaza la estabilidad de empresas e instituciones con la anulaci\u00f3n de personer\u00edas jur\u00eddicas.<br \/>\nBarrientos cuestion\u00f3 que la norma recientemente sancionada promueve la persecuci\u00f3n a ciudadanos ante la menor denuncia, adem\u00e1s que amenaza con el cierre de empresas y otras instituciones ante cualquier sospecha de irregularidades con o sin fundamentos.<br \/>\n\u201cHay cosas muy b\u00e1sicas como que si yo cometo un crimen tengo una sentencia condenatoria no ejecutoriada, puedo perder la personer\u00eda jur\u00eddica de mi empresa, organizaci\u00f3n o partido pol\u00edtico. Es una herramienta m\u00e1s de persecuci\u00f3n\u201d, puntualiz\u00f3.<br \/>\nDijo que otro aspecto preocupante es la incorporaci\u00f3n de la figura de denunciantes de delitos que obtienen protecci\u00f3n, a pesar de estar involucrados en los il\u00edcitos que se denuncian, hecho que promover\u00eda la posibilidad de procesos por delitos falsos en contra de cualquier ciudadano.<br \/>\n\u201cOtra cosa altamente preocupante es que se plantea la figura del \u2018colaborador eficiente\u2019 eso quiere decir que alguien que ha cometido un crimen o delito y acusa a sus compa\u00f1eros de delito va ser protegido por el sistema, o alguien que acusa o se inventa un delito va a ser protegido por el sistema\u201d, manifest\u00f3 Barrientos.<br \/>\nAl respecto, el senador Rodrigo Paz Pereira sostuvo que esta nueva ley amenaza la estabilidad de empresas, pues ante cualquier supuesta participaci\u00f3n de alg\u00fan funcionario en actos il\u00edcitos podr\u00eda procederse con la anulaci\u00f3n de la personer\u00eda jur\u00eddica.<br \/>\n\u201cLey 207 Fortalecimiento Lucha Contra La Corrupci\u00f3n. Si tienes una empresa, comercio, instituto, banco, ONG o partido pol\u00edtico, con tener un funcionario responsable con proceso\/condena, pueden quitarte la Personer\u00eda Jur\u00eddica. Deja de existir la instituci\u00f3n\u201d, lament\u00f3 el parlamentario.<br \/>\nAdvirti\u00f3, adem\u00e1s, que con la Ley para el Control de Ganancias Il\u00edcitas y Financiamiento Terrorismo, la nueva Ley de Ascensos en la Polic\u00eda, y La Ley de Lucha Contra La Corrupci\u00f3n, se completa un grupo de normas para el control de todos los bolivianos.<br \/>\nDesde el oficialismo, el senador Luis Adolfo Flores indic\u00f3 que las denuncias de la oposici\u00f3n sobre persecuci\u00f3n, escucha de llamadas y anulaci\u00f3n de personer\u00edas jur\u00eddicas, son exageraciones que buscan desinformar y crear incertidumbre en la poblaci\u00f3n.<br \/>\n\u201cLa oposici\u00f3n est\u00e1 hablando que se autoriza la escucha de llamadas telef\u00f3nicas. No hay una sola palabra aprobada sobre ese tema, pero siempre queriendo cuestionar, siempre queriendo mentir a la poblaci\u00f3n. Aqu\u00ed no va a haber ninguna persecuci\u00f3n\u201d, enfatiz\u00f3.<br \/>\nFlores agreg\u00f3 que este tipo de normativas tambi\u00e9n existen en otros pa\u00edses, por lo que las acusaciones de la oposici\u00f3n son pol\u00edticas y no cuentan con sustento.<\/p>\n","protected":false},"excerpt":{"rendered":"<p>Luego de sancionarse la Ley de Fortalecimiento a la Lucha Contra la Corrupci\u00f3n, la senadora por Comunidad Ciudadana (CC), Andrea Barrientos, denunci\u00f3 que esta norma se convierte en una herramienta m\u00e1s para la persecuci\u00f3n de ciudadanos y amenaza la estabilidad de empresas e instituciones con la anulaci\u00f3n de personer\u00edas jur\u00eddicas. Barrientos cuestion\u00f3 que la norma [&hellip;]<\/p>\n","protected":false},"author":1,"featured_media":24570,"comment_status":"closed","ping_status":"closed","sticky":false,"template":"","format":"standard","meta":{"_acf_changed":false,"footnotes":""},"categories":[14],"tags":[],"class_list":["post-24569","post","type-post","status-publish","format-standard","has-post-thumbnail","category-politica"],"acf":{"antetitulo":""},"yoast_head":"<!-- This site is optimized with the Yoast SEO plugin v28.4 - https:\/\/yoast.com\/product\/yoast-seo-wordpress\/ -->\n<title>Denuncian que ley anticorrupci\u00f3n ser\u00e1 un arma para la persecuci\u00f3n - El Diario - Bolivia<\/title>\n<meta name=\"robots\" content=\"index, follow, max-snippet:-1, max-image-preview:large, max-video-preview:-1\" \/>\n<link rel=\"canonical\" href=\"https:\/\/www.eldiario.net\/portal\/2021\/08\/20\/denuncian-que-ley-anticorrupcion-sera-un-arma-para-la-persecucion\/\" \/>\n<meta property=\"og:locale\" content=\"es_ES\" \/>\n<meta property=\"og:type\" content=\"article\" \/>\n<meta property=\"og:title\" content=\"Denuncian que ley anticorrupci\u00f3n ser\u00e1 un arma para la persecuci\u00f3n - El Diario - Bolivia\" \/>\n<meta property=\"og:description\" content=\"Luego de sancionarse la Ley de Fortalecimiento a la Lucha Contra la Corrupci\u00f3n, la senadora por Comunidad Ciudadana (CC), Andrea Barrientos, denunci\u00f3 que esta norma se convierte en una herramienta m\u00e1s para la persecuci\u00f3n de ciudadanos y amenaza la estabilidad de empresas e instituciones con la anulaci\u00f3n de personer\u00edas jur\u00eddicas. Barrientos cuestion\u00f3 que la norma [&hellip;]\" \/>\n<meta property=\"og:url\" content=\"https:\/\/www.eldiario.net\/portal\/2021\/08\/20\/denuncian-que-ley-anticorrupcion-sera-un-arma-para-la-persecucion\/\" \/>\n<meta property=\"og:site_name\" content=\"El Diario - Bolivia\" \/>\n<meta property=\"article:publisher\" content=\"https:\/\/www.facebook.com\/eldiario.bolivia\/\" \/>\n<meta property=\"article:published_time\" content=\"2021-08-20T07:12:55+00:00\" \/>\n<meta name=\"author\" content=\"Jeanette\" \/>\n<meta name=\"twitter:card\" content=\"summary_large_image\" \/>\n<meta name=\"twitter:creator\" content=\"@eldiario_net\" \/>\n<meta name=\"twitter:site\" content=\"@eldiario_net\" \/>\n<meta name=\"twitter:label1\" content=\"Escrito por\" \/>\n\t<meta name=\"twitter:data1\" content=\"Jeanette\" \/>\n\t<meta name=\"twitter:label2\" content=\"Tiempo de lectura\" \/>\n\t<meta name=\"twitter:data2\" content=\"2 minutos\" \/>\n<script type=\"application\/ld+json\" class=\"yoast-schema-graph\">{\"@context\":\"https:\\\/\\\/schema.org\",\"@graph\":[{\"@type\":\"Article\",\"@id\":\"https:\\\/\\\/www.eldiario.net\\\/portal\\\/2021\\\/08\\\/20\\\/denuncian-que-ley-anticorrupcion-sera-un-arma-para-la-persecucion\\\/#article\",\"isPartOf\":{\"@id\":\"https:\\\/\\\/www.eldiario.net\\\/portal\\\/2021\\\/08\\\/20\\\/denuncian-que-ley-anticorrupcion-sera-un-arma-para-la-persecucion\\\/\"},\"author\":{\"name\":\"Jeanette\",\"@id\":\"https:\\\/\\\/www.eldiario.net\\\/portal\\\/#\\\/schema\\\/person\\\/2c57cf2b7a7ae032e449e4c9b1019eac\"},\"headline\":\"Denuncian que ley anticorrupci\u00f3n ser\u00e1 un arma para la persecuci\u00f3n\",\"datePublished\":\"2021-08-20T07:12:55+00:00\",\"mainEntityOfPage\":{\"@id\":\"https:\\\/\\\/www.eldiario.net\\\/portal\\\/2021\\\/08\\\/20\\\/denuncian-que-ley-anticorrupcion-sera-un-arma-para-la-persecucion\\\/\"},\"wordCount\":505,\"publisher\":{\"@id\":\"https:\\\/\\\/www.eldiario.net\\\/portal\\\/#organization\"},\"image\":{\"@id\":\"https:\\\/\\\/www.eldiario.net\\\/portal\\\/2021\\\/08\\\/20\\\/denuncian-que-ley-anticorrupcion-sera-un-arma-para-la-persecucion\\\/#primaryimage\"},\"thumbnailUrl\":\"\",\"articleSection\":[\"Pol\u00edtica\"],\"inLanguage\":\"es\"},{\"@type\":\"WebPage\",\"@id\":\"https:\\\/\\\/www.eldiario.net\\\/portal\\\/2021\\\/08\\\/20\\\/denuncian-que-ley-anticorrupcion-sera-un-arma-para-la-persecucion\\\/\",\"url\":\"https:\\\/\\\/www.eldiario.net\\\/portal\\\/2021\\\/08\\\/20\\\/denuncian-que-ley-anticorrupcion-sera-un-arma-para-la-persecucion\\\/\",\"name\":\"Denuncian que ley anticorrupci\u00f3n ser\u00e1 un arma para la persecuci\u00f3n - El Diario - Bolivia\",\"isPartOf\":{\"@id\":\"https:\\\/\\\/www.eldiario.net\\\/portal\\\/#website\"},\"primaryImageOfPage\":{\"@id\":\"https:\\\/\\\/www.eldiario.net\\\/portal\\\/2021\\\/08\\\/20\\\/denuncian-que-ley-anticorrupcion-sera-un-arma-para-la-persecucion\\\/#primaryimage\"},\"image\":{\"@id\":\"https:\\\/\\\/www.eldiario.net\\\/portal\\\/2021\\\/08\\\/20\\\/denuncian-que-ley-anticorrupcion-sera-un-arma-para-la-persecucion\\\/#primaryimage\"},\"thumbnailUrl\":\"\",\"datePublished\":\"2021-08-20T07:12:55+00:00\",\"breadcrumb\":{\"@id\":\"https:\\\/\\\/www.eldiario.net\\\/portal\\\/2021\\\/08\\\/20\\\/denuncian-que-ley-anticorrupcion-sera-un-arma-para-la-persecucion\\\/#breadcrumb\"},\"inLanguage\":\"es\",\"potentialAction\":[{\"@type\":\"ReadAction\",\"target\":[\"https:\\\/\\\/www.eldiario.net\\\/portal\\\/2021\\\/08\\\/20\\\/denuncian-que-ley-anticorrupcion-sera-un-arma-para-la-persecucion\\\/\"]}]},{\"@type\":\"ImageObject\",\"inLanguage\":\"es\",\"@id\":\"https:\\\/\\\/www.eldiario.net\\\/portal\\\/2021\\\/08\\\/20\\\/denuncian-que-ley-anticorrupcion-sera-un-arma-para-la-persecucion\\\/#primaryimage\",\"url\":\"\",\"contentUrl\":\"\"},{\"@type\":\"BreadcrumbList\",\"@id\":\"https:\\\/\\\/www.eldiario.net\\\/portal\\\/2021\\\/08\\\/20\\\/denuncian-que-ley-anticorrupcion-sera-un-arma-para-la-persecucion\\\/#breadcrumb\",\"itemListElement\":[{\"@type\":\"ListItem\",\"position\":1,\"name\":\"Portada\",\"item\":\"https:\\\/\\\/www.eldiario.net\\\/portal\\\/\"},{\"@type\":\"ListItem\",\"position\":2,\"name\":\"Denuncian que ley anticorrupci\u00f3n ser\u00e1 un arma para la persecuci\u00f3n\"}]},{\"@type\":\"WebSite\",\"@id\":\"https:\\\/\\\/www.eldiario.net\\\/portal\\\/#website\",\"url\":\"https:\\\/\\\/www.eldiario.net\\\/portal\\\/\",\"name\":\"El Diario - Decano de la prensa nacional\",\"description\":\"El Diario - Decano de la prensa nacional\",\"publisher\":{\"@id\":\"https:\\\/\\\/www.eldiario.net\\\/portal\\\/#organization\"},\"potentialAction\":[{\"@type\":\"SearchAction\",\"target\":{\"@type\":\"EntryPoint\",\"urlTemplate\":\"https:\\\/\\\/www.eldiario.net\\\/portal\\\/?s={search_term_string}\"},\"query-input\":{\"@type\":\"PropertyValueSpecification\",\"valueRequired\":true,\"valueName\":\"search_term_string\"}}],\"inLanguage\":\"es\"},{\"@type\":\"Organization\",\"@id\":\"https:\\\/\\\/www.eldiario.net\\\/portal\\\/#organization\",\"name\":\"El Diario - Decano de la prensa nacional\",\"url\":\"https:\\\/\\\/www.eldiario.net\\\/portal\\\/\",\"logo\":{\"@type\":\"ImageObject\",\"inLanguage\":\"es\",\"@id\":\"https:\\\/\\\/www.eldiario.net\\\/portal\\\/#\\\/schema\\\/logo\\\/image\\\/\",\"url\":\"https:\\\/\\\/www.eldiario.net\\\/portal\\\/wp-content\\\/uploads\\\/2023\\\/07\\\/logo_ED.jpg\",\"contentUrl\":\"https:\\\/\\\/www.eldiario.net\\\/portal\\\/wp-content\\\/uploads\\\/2023\\\/07\\\/logo_ED.jpg\",\"width\":272,\"height\":52,\"caption\":\"El Diario - Decano de la prensa nacional\"},\"image\":{\"@id\":\"https:\\\/\\\/www.eldiario.net\\\/portal\\\/#\\\/schema\\\/logo\\\/image\\\/\"},\"sameAs\":[\"https:\\\/\\\/www.facebook.com\\\/eldiario.bolivia\\\/\",\"https:\\\/\\\/x.com\\\/eldiario_net\"]},{\"@type\":\"Person\",\"@id\":\"https:\\\/\\\/www.eldiario.net\\\/portal\\\/#\\\/schema\\\/person\\\/2c57cf2b7a7ae032e449e4c9b1019eac\",\"name\":\"Jeanette\",\"image\":{\"@type\":\"ImageObject\",\"inLanguage\":\"es\",\"@id\":\"https:\\\/\\\/secure.gravatar.com\\\/avatar\\\/3ea2118a5f7dad2b7138b1187a6b7ee55f160b9968b66013c3a3ef39dd7e5798?s=96&d=mm&r=g\",\"url\":\"https:\\\/\\\/secure.gravatar.com\\\/avatar\\\/3ea2118a5f7dad2b7138b1187a6b7ee55f160b9968b66013c3a3ef39dd7e5798?s=96&d=mm&r=g\",\"contentUrl\":\"https:\\\/\\\/secure.gravatar.com\\\/avatar\\\/3ea2118a5f7dad2b7138b1187a6b7ee55f160b9968b66013c3a3ef39dd7e5798?s=96&d=mm&r=g\",\"caption\":\"Jeanette\"},\"sameAs\":[\"https:\\\/\\\/www.eldiario.net\\\/portal\"],\"url\":\"https:\\\/\\\/www.eldiario.net\\\/portal\\\/author\\\/jeanette\\\/\"}]}<\/script>\n<!-- \/ Yoast SEO plugin. -->","yoast_head_json":{"title":"Denuncian que ley anticorrupci\u00f3n ser\u00e1 un arma para la persecuci\u00f3n - El Diario - Bolivia","robots":{"index":"index","follow":"follow","max-snippet":"max-snippet:-1","max-image-preview":"max-image-preview:large","max-video-preview":"max-video-preview:-1"},"canonical":"https:\/\/www.eldiario.net\/portal\/2021\/08\/20\/denuncian-que-ley-anticorrupcion-sera-un-arma-para-la-persecucion\/","og_locale":"es_ES","og_type":"article","og_title":"Denuncian que ley anticorrupci\u00f3n ser\u00e1 un arma para la persecuci\u00f3n - El Diario - Bolivia","og_description":"Luego de sancionarse la Ley de Fortalecimiento a la Lucha Contra la Corrupci\u00f3n, la senadora por Comunidad Ciudadana (CC), Andrea Barrientos, denunci\u00f3 que esta norma se convierte en una herramienta m\u00e1s para la persecuci\u00f3n de ciudadanos y amenaza la estabilidad de empresas e instituciones con la anulaci\u00f3n de personer\u00edas jur\u00eddicas. Barrientos cuestion\u00f3 que la norma [&hellip;]","og_url":"https:\/\/www.eldiario.net\/portal\/2021\/08\/20\/denuncian-que-ley-anticorrupcion-sera-un-arma-para-la-persecucion\/","og_site_name":"El Diario - Bolivia","article_publisher":"https:\/\/www.facebook.com\/eldiario.bolivia\/","article_published_time":"2021-08-20T07:12:55+00:00","author":"Jeanette","twitter_card":"summary_large_image","twitter_creator":"@eldiario_net","twitter_site":"@eldiario_net","twitter_misc":{"Escrito por":"Jeanette","Tiempo de lectura":"2 minutos"},"schema":{"@context":"https:\/\/schema.org","@graph":[{"@type":"Article","@id":"https:\/\/www.eldiario.net\/portal\/2021\/08\/20\/denuncian-que-ley-anticorrupcion-sera-un-arma-para-la-persecucion\/#article","isPartOf":{"@id":"https:\/\/www.eldiario.net\/portal\/2021\/08\/20\/denuncian-que-ley-anticorrupcion-sera-un-arma-para-la-persecucion\/"},"author":{"name":"Jeanette","@id":"https:\/\/www.eldiario.net\/portal\/#\/schema\/person\/2c57cf2b7a7ae032e449e4c9b1019eac"},"headline":"Denuncian que ley anticorrupci\u00f3n ser\u00e1 un arma para la persecuci\u00f3n","datePublished":"2021-08-20T07:12:55+00:00","mainEntityOfPage":{"@id":"https:\/\/www.eldiario.net\/portal\/2021\/08\/20\/denuncian-que-ley-anticorrupcion-sera-un-arma-para-la-persecucion\/"},"wordCount":505,"publisher":{"@id":"https:\/\/www.eldiario.net\/portal\/#organization"},"image":{"@id":"https:\/\/www.eldiario.net\/portal\/2021\/08\/20\/denuncian-que-ley-anticorrupcion-sera-un-arma-para-la-persecucion\/#primaryimage"},"thumbnailUrl":"","articleSection":["Pol\u00edtica"],"inLanguage":"es"},{"@type":"WebPage","@id":"https:\/\/www.eldiario.net\/portal\/2021\/08\/20\/denuncian-que-ley-anticorrupcion-sera-un-arma-para-la-persecucion\/","url":"https:\/\/www.eldiario.net\/portal\/2021\/08\/20\/denuncian-que-ley-anticorrupcion-sera-un-arma-para-la-persecucion\/","name":"Denuncian que ley anticorrupci\u00f3n ser\u00e1 un arma para la persecuci\u00f3n - El Diario - Bolivia","isPartOf":{"@id":"https:\/\/www.eldiario.net\/portal\/#website"},"primaryImageOfPage":{"@id":"https:\/\/www.eldiario.net\/portal\/2021\/08\/20\/denuncian-que-ley-anticorrupcion-sera-un-arma-para-la-persecucion\/#primaryimage"},"image":{"@id":"https:\/\/www.eldiario.net\/portal\/2021\/08\/20\/denuncian-que-ley-anticorrupcion-sera-un-arma-para-la-persecucion\/#primaryimage"},"thumbnailUrl":"","datePublished":"2021-08-20T07:12:55+00:00","breadcrumb":{"@id":"https:\/\/www.eldiario.net\/portal\/2021\/08\/20\/denuncian-que-ley-anticorrupcion-sera-un-arma-para-la-persecucion\/#breadcrumb"},"inLanguage":"es","potentialAction":[{"@type":"ReadAction","target":["https:\/\/www.eldiario.net\/portal\/2021\/08\/20\/denuncian-que-ley-anticorrupcion-sera-un-arma-para-la-persecucion\/"]}]},{"@type":"ImageObject","inLanguage":"es","@id":"https:\/\/www.eldiario.net\/portal\/2021\/08\/20\/denuncian-que-ley-anticorrupcion-sera-un-arma-para-la-persecucion\/#primaryimage","url":"","contentUrl":""},{"@type":"BreadcrumbList","@id":"https:\/\/www.eldiario.net\/portal\/2021\/08\/20\/denuncian-que-ley-anticorrupcion-sera-un-arma-para-la-persecucion\/#breadcrumb","itemListElement":[{"@type":"ListItem","position":1,"name":"Portada","item":"https:\/\/www.eldiario.net\/portal\/"},{"@type":"ListItem","position":2,"name":"Denuncian que ley anticorrupci\u00f3n ser\u00e1 un arma para la persecuci\u00f3n"}]},{"@type":"WebSite","@id":"https:\/\/www.eldiario.net\/portal\/#website","url":"https:\/\/www.eldiario.net\/portal\/","name":"El Diario - Decano de la prensa nacional","description":"El Diario - Decano de la prensa nacional","publisher":{"@id":"https:\/\/www.eldiario.net\/portal\/#organization"},"potentialAction":[{"@type":"SearchAction","target":{"@type":"EntryPoint","urlTemplate":"https:\/\/www.eldiario.net\/portal\/?s={search_term_string}"},"query-input":{"@type":"PropertyValueSpecification","valueRequired":true,"valueName":"search_term_string"}}],"inLanguage":"es"},{"@type":"Organization","@id":"https:\/\/www.eldiario.net\/portal\/#organization","name":"El Diario - Decano de la prensa nacional","url":"https:\/\/www.eldiario.net\/portal\/","logo":{"@type":"ImageObject","inLanguage":"es","@id":"https:\/\/www.eldiario.net\/portal\/#\/schema\/logo\/image\/","url":"https:\/\/www.eldiario.net\/portal\/wp-content\/uploads\/2023\/07\/logo_ED.jpg","contentUrl":"https:\/\/www.eldiario.net\/portal\/wp-content\/uploads\/2023\/07\/logo_ED.jpg","width":272,"height":52,"caption":"El Diario - Decano de la prensa nacional"},"image":{"@id":"https:\/\/www.eldiario.net\/portal\/#\/schema\/logo\/image\/"},"sameAs":["https:\/\/www.facebook.com\/eldiario.bolivia\/","https:\/\/x.com\/eldiario_net"]},{"@type":"Person","@id":"https:\/\/www.eldiario.net\/portal\/#\/schema\/person\/2c57cf2b7a7ae032e449e4c9b1019eac","name":"Jeanette","image":{"@type":"ImageObject","inLanguage":"es","@id":"https:\/\/secure.gravatar.com\/avatar\/3ea2118a5f7dad2b7138b1187a6b7ee55f160b9968b66013c3a3ef39dd7e5798?s=96&d=mm&r=g","url":"https:\/\/secure.gravatar.com\/avatar\/3ea2118a5f7dad2b7138b1187a6b7ee55f160b9968b66013c3a3ef39dd7e5798?s=96&d=mm&r=g","contentUrl":"https:\/\/secure.gravatar.com\/avatar\/3ea2118a5f7dad2b7138b1187a6b7ee55f160b9968b66013c3a3ef39dd7e5798?s=96&d=mm&r=g","caption":"Jeanette"},"sameAs":["https:\/\/www.eldiario.net\/portal"],"url":"https:\/\/www.eldiario.net\/portal\/author\/jeanette\/"}]}},"_links":{"self":[{"href":"https:\/\/www.eldiario.net\/portal\/wp-json\/wp\/v2\/posts\/24569","targetHints":{"allow":["GET"]}}],"collection":[{"href":"https:\/\/www.eldiario.net\/portal\/wp-json\/wp\/v2\/posts"}],"about":[{"href":"https:\/\/www.eldiario.net\/portal\/wp-json\/wp\/v2\/types\/post"}],"author":[{"embeddable":true,"href":"https:\/\/www.eldiario.net\/portal\/wp-json\/wp\/v2\/users\/1"}],"replies":[{"embeddable":true,"href":"https:\/\/www.eldiario.net\/portal\/wp-json\/wp\/v2\/comments?post=24569"}],"version-history":[{"count":0,"href":"https:\/\/www.eldiario.net\/portal\/wp-json\/wp\/v2\/posts\/24569\/revisions"}],"wp:attachment":[{"href":"https:\/\/www.eldiario.net\/portal\/wp-json\/wp\/v2\/media?parent=24569"}],"wp:term":[{"taxonomy":"category","embeddable":true,"href":"https:\/\/www.eldiario.net\/portal\/wp-json\/wp\/v2\/categories?post=24569"},{"taxonomy":"post_tag","embeddable":true,"href":"https:\/\/www.eldiario.net\/portal\/wp-json\/wp\/v2\/tags?post=24569"}],"curies":[{"name":"wp","href":"https:\/\/api.w.org\/{rel}","templated":true}]}}