{"id":24566,"date":"2021-08-20T03:11:47","date_gmt":"2021-08-20T07:11:47","guid":{"rendered":"https:\/\/www.eldiario.net\/portal\/?p=24566"},"modified":"2021-08-20T03:11:47","modified_gmt":"2021-08-20T07:11:47","slug":"mesa-senala-que-caso-golpe-se-cae-a-pedazos","status":"publish","type":"post","link":"https:\/\/www.eldiario.net\/portal\/2021\/08\/20\/mesa-senala-que-caso-golpe-se-cae-a-pedazos\/","title":{"rendered":"Mesa se\u00f1ala que caso  golpe se cae a pedazos"},"content":{"rendered":"<p>El expresidente y l\u00edder de oposici\u00f3n Carlos Mesa Gisbert se\u00f1al\u00f3 que una de las sugerencias expresadas en el informe del Grupo Interdisciplinario de Expertos Independientes (GIEI) indica que las acusaciones por los delitos de sedici\u00f3n y terrorismo violan principios de legalidad y no se adecuan a est\u00e1ndares internacionales, por lo que el caso del supuesto golpe de Estado, promovido por el Gobierno, se cae a pedazos.<br \/>\nMediante su cuenta de Twitter, el exmandatario sostuvo que entre las sugerencias expresadas en el informe de expertos del GIEI se hace referencia al tipo penal de \u201csedici\u00f3n y terrorismo\u201d con el que desde el Gobierno se intenta sustentar el caso del supuesto golpe de Estado, mismo que es calificado como violatorio a los principios de legalidad.<br \/>\nSe se\u00f1ala, adem\u00e1s, que estos delitos en la legislatura nacional, no est\u00e1n adecuados a los est\u00e1ndares internacionales, por lo que deben ser modificados.<br \/>\nMesa sostuvo que ante estas consideraciones expresadas por el GIEI, el caso del supuesto golpe de Estado inventado para favorecer a Evo Morales y sus movimientos afines se cae a pedazos cada vez m\u00e1s.<br \/>\n\u201cInforme del GIEI determina que los tipos penales de sedici\u00f3n y terrorismo usados por el Gobierno en el caso del falso golpe de Estado, violan principio de legalidad y no se adec\u00faan a los est\u00e1ndares internacionales. Se cae a pedazos el invento de Morales y sus servidores\u201d, manifest\u00f3 mediante redes sociales.<br \/>\nEn el punto n\u00famero 11 de las recomendaciones planteados en el informe del GIEI al Estado boliviano, se hace referencia a la necesidad de adecuar los tipos penales de Sedici\u00f3n y Terrorismo al principio de legalidad y los est\u00e1ndares a nivel internacional, adem\u00e1s de revisar imputaciones que est\u00e9n basadas en acusaciones por estos delitos.<br \/>\n\u201c11. Adecuar los tipos penales de sedici\u00f3n, terrorismo y financiamiento al terrorismo, conforme al principio de legalidad y a los est\u00e1ndares internacionales, y revisar la pr\u00e1ctica de promover y confirmar imputaciones con relaci\u00f3n a estos tipos penales\u201d, se indica.<\/p>\n<p>&nbsp;<\/p>\n","protected":false},"excerpt":{"rendered":"<p>El expresidente y l\u00edder de oposici\u00f3n Carlos Mesa Gisbert se\u00f1al\u00f3 que una de las sugerencias expresadas en el informe del Grupo Interdisciplinario de Expertos Independientes (GIEI) indica que las acusaciones por los delitos de sedici\u00f3n y terrorismo violan principios de legalidad y no se adecuan a est\u00e1ndares internacionales, por lo que el caso del supuesto [&hellip;]<\/p>\n","protected":false},"author":1,"featured_media":24567,"comment_status":"closed","ping_status":"closed","sticky":false,"template":"","format":"standard","meta":{"_acf_changed":false,"footnotes":""},"categories":[14],"tags":[],"class_list":["post-24566","post","type-post","status-publish","format-standard","has-post-thumbnail","category-politica"],"acf":{"antetitulo":""},"yoast_head":"<!-- This site is optimized with the Yoast SEO plugin v28.4 - https:\/\/yoast.com\/product\/yoast-seo-wordpress\/ -->\n<title>Mesa se\u00f1ala que caso golpe se cae a pedazos - El Diario - Bolivia<\/title>\n<meta name=\"robots\" content=\"index, follow, max-snippet:-1, max-image-preview:large, max-video-preview:-1\" \/>\n<link rel=\"canonical\" href=\"https:\/\/www.eldiario.net\/portal\/2021\/08\/20\/mesa-senala-que-caso-golpe-se-cae-a-pedazos\/\" \/>\n<meta property=\"og:locale\" content=\"es_ES\" \/>\n<meta property=\"og:type\" content=\"article\" \/>\n<meta property=\"og:title\" content=\"Mesa se\u00f1ala que caso golpe se cae a pedazos - El Diario - Bolivia\" \/>\n<meta property=\"og:description\" content=\"El expresidente y l\u00edder de oposici\u00f3n Carlos Mesa Gisbert se\u00f1al\u00f3 que una de las sugerencias expresadas en el informe del Grupo Interdisciplinario de Expertos Independientes (GIEI) indica que las acusaciones por los delitos de sedici\u00f3n y terrorismo violan principios de legalidad y no se adecuan a est\u00e1ndares internacionales, por lo que el caso del supuesto [&hellip;]\" \/>\n<meta property=\"og:url\" content=\"https:\/\/www.eldiario.net\/portal\/2021\/08\/20\/mesa-senala-que-caso-golpe-se-cae-a-pedazos\/\" \/>\n<meta property=\"og:site_name\" content=\"El Diario - Bolivia\" \/>\n<meta property=\"article:publisher\" content=\"https:\/\/www.facebook.com\/eldiario.bolivia\/\" \/>\n<meta property=\"article:published_time\" content=\"2021-08-20T07:11:47+00:00\" \/>\n<meta name=\"author\" content=\"Jeanette\" \/>\n<meta name=\"twitter:card\" content=\"summary_large_image\" \/>\n<meta name=\"twitter:creator\" content=\"@eldiario_net\" \/>\n<meta name=\"twitter:site\" content=\"@eldiario_net\" \/>\n<meta name=\"twitter:label1\" content=\"Escrito por\" \/>\n\t<meta name=\"twitter:data1\" content=\"Jeanette\" \/>\n\t<meta name=\"twitter:label2\" content=\"Tiempo de lectura\" \/>\n\t<meta name=\"twitter:data2\" content=\"2 minutos\" \/>\n<script type=\"application\/ld+json\" class=\"yoast-schema-graph\">{\"@context\":\"https:\\\/\\\/schema.org\",\"@graph\":[{\"@type\":\"Article\",\"@id\":\"https:\\\/\\\/www.eldiario.net\\\/portal\\\/2021\\\/08\\\/20\\\/mesa-senala-que-caso-golpe-se-cae-a-pedazos\\\/#article\",\"isPartOf\":{\"@id\":\"https:\\\/\\\/www.eldiario.net\\\/portal\\\/2021\\\/08\\\/20\\\/mesa-senala-que-caso-golpe-se-cae-a-pedazos\\\/\"},\"author\":{\"name\":\"Jeanette\",\"@id\":\"https:\\\/\\\/www.eldiario.net\\\/portal\\\/#\\\/schema\\\/person\\\/f46445640444750d7d753ccd04ae01b7\"},\"headline\":\"Mesa se\u00f1ala que caso golpe se cae a pedazos\",\"datePublished\":\"2021-08-20T07:11:47+00:00\",\"mainEntityOfPage\":{\"@id\":\"https:\\\/\\\/www.eldiario.net\\\/portal\\\/2021\\\/08\\\/20\\\/mesa-senala-que-caso-golpe-se-cae-a-pedazos\\\/\"},\"wordCount\":356,\"publisher\":{\"@id\":\"https:\\\/\\\/www.eldiario.net\\\/portal\\\/#organization\"},\"image\":{\"@id\":\"https:\\\/\\\/www.eldiario.net\\\/portal\\\/2021\\\/08\\\/20\\\/mesa-senala-que-caso-golpe-se-cae-a-pedazos\\\/#primaryimage\"},\"thumbnailUrl\":\"\",\"articleSection\":[\"Pol\u00edtica\"],\"inLanguage\":\"es\"},{\"@type\":\"WebPage\",\"@id\":\"https:\\\/\\\/www.eldiario.net\\\/portal\\\/2021\\\/08\\\/20\\\/mesa-senala-que-caso-golpe-se-cae-a-pedazos\\\/\",\"url\":\"https:\\\/\\\/www.eldiario.net\\\/portal\\\/2021\\\/08\\\/20\\\/mesa-senala-que-caso-golpe-se-cae-a-pedazos\\\/\",\"name\":\"Mesa se\u00f1ala que caso golpe se cae a pedazos - El Diario - Bolivia\",\"isPartOf\":{\"@id\":\"https:\\\/\\\/www.eldiario.net\\\/portal\\\/#website\"},\"primaryImageOfPage\":{\"@id\":\"https:\\\/\\\/www.eldiario.net\\\/portal\\\/2021\\\/08\\\/20\\\/mesa-senala-que-caso-golpe-se-cae-a-pedazos\\\/#primaryimage\"},\"image\":{\"@id\":\"https:\\\/\\\/www.eldiario.net\\\/portal\\\/2021\\\/08\\\/20\\\/mesa-senala-que-caso-golpe-se-cae-a-pedazos\\\/#primaryimage\"},\"thumbnailUrl\":\"\",\"datePublished\":\"2021-08-20T07:11:47+00:00\",\"breadcrumb\":{\"@id\":\"https:\\\/\\\/www.eldiario.net\\\/portal\\\/2021\\\/08\\\/20\\\/mesa-senala-que-caso-golpe-se-cae-a-pedazos\\\/#breadcrumb\"},\"inLanguage\":\"es\",\"potentialAction\":[{\"@type\":\"ReadAction\",\"target\":[\"https:\\\/\\\/www.eldiario.net\\\/portal\\\/2021\\\/08\\\/20\\\/mesa-senala-que-caso-golpe-se-cae-a-pedazos\\\/\"]}]},{\"@type\":\"ImageObject\",\"inLanguage\":\"es\",\"@id\":\"https:\\\/\\\/www.eldiario.net\\\/portal\\\/2021\\\/08\\\/20\\\/mesa-senala-que-caso-golpe-se-cae-a-pedazos\\\/#primaryimage\",\"url\":\"\",\"contentUrl\":\"\"},{\"@type\":\"BreadcrumbList\",\"@id\":\"https:\\\/\\\/www.eldiario.net\\\/portal\\\/2021\\\/08\\\/20\\\/mesa-senala-que-caso-golpe-se-cae-a-pedazos\\\/#breadcrumb\",\"itemListElement\":[{\"@type\":\"ListItem\",\"position\":1,\"name\":\"Portada\",\"item\":\"https:\\\/\\\/www.eldiario.net\\\/portal\\\/\"},{\"@type\":\"ListItem\",\"position\":2,\"name\":\"Mesa se\u00f1ala que caso golpe se cae a pedazos\"}]},{\"@type\":\"WebSite\",\"@id\":\"https:\\\/\\\/www.eldiario.net\\\/portal\\\/#website\",\"url\":\"https:\\\/\\\/www.eldiario.net\\\/portal\\\/\",\"name\":\"El Diario - Decano de la prensa nacional\",\"description\":\"El Diario - Decano de la prensa nacional\",\"publisher\":{\"@id\":\"https:\\\/\\\/www.eldiario.net\\\/portal\\\/#organization\"},\"potentialAction\":[{\"@type\":\"SearchAction\",\"target\":{\"@type\":\"EntryPoint\",\"urlTemplate\":\"https:\\\/\\\/www.eldiario.net\\\/portal\\\/?s={search_term_string}\"},\"query-input\":{\"@type\":\"PropertyValueSpecification\",\"valueRequired\":true,\"valueName\":\"search_term_string\"}}],\"inLanguage\":\"es\"},{\"@type\":\"Organization\",\"@id\":\"https:\\\/\\\/www.eldiario.net\\\/portal\\\/#organization\",\"name\":\"El Diario - Decano de la prensa nacional\",\"url\":\"https:\\\/\\\/www.eldiario.net\\\/portal\\\/\",\"logo\":{\"@type\":\"ImageObject\",\"inLanguage\":\"es\",\"@id\":\"https:\\\/\\\/www.eldiario.net\\\/portal\\\/#\\\/schema\\\/logo\\\/image\\\/\",\"url\":\"https:\\\/\\\/www.eldiario.net\\\/portal\\\/wp-content\\\/uploads\\\/2023\\\/07\\\/logo_ED.jpg\",\"contentUrl\":\"https:\\\/\\\/www.eldiario.net\\\/portal\\\/wp-content\\\/uploads\\\/2023\\\/07\\\/logo_ED.jpg\",\"width\":272,\"height\":52,\"caption\":\"El Diario - Decano de la prensa nacional\"},\"image\":{\"@id\":\"https:\\\/\\\/www.eldiario.net\\\/portal\\\/#\\\/schema\\\/logo\\\/image\\\/\"},\"sameAs\":[\"https:\\\/\\\/www.facebook.com\\\/eldiario.bolivia\\\/\",\"https:\\\/\\\/x.com\\\/eldiario_net\"]},{\"@type\":\"Person\",\"@id\":\"https:\\\/\\\/www.eldiario.net\\\/portal\\\/#\\\/schema\\\/person\\\/f46445640444750d7d753ccd04ae01b7\",\"name\":\"Jeanette\",\"image\":{\"@type\":\"ImageObject\",\"inLanguage\":\"es\",\"@id\":\"https:\\\/\\\/secure.gravatar.com\\\/avatar\\\/3ea2118a5f7dad2b7138b1187a6b7ee55f160b9968b66013c3a3ef39dd7e5798?s=96&d=mm&r=g\",\"url\":\"https:\\\/\\\/secure.gravatar.com\\\/avatar\\\/3ea2118a5f7dad2b7138b1187a6b7ee55f160b9968b66013c3a3ef39dd7e5798?s=96&d=mm&r=g\",\"contentUrl\":\"https:\\\/\\\/secure.gravatar.com\\\/avatar\\\/3ea2118a5f7dad2b7138b1187a6b7ee55f160b9968b66013c3a3ef39dd7e5798?s=96&d=mm&r=g\",\"caption\":\"Jeanette\"},\"sameAs\":[\"https:\\\/\\\/www.eldiario.net\\\/portal\"],\"url\":\"https:\\\/\\\/www.eldiario.net\\\/portal\\\/author\\\/jeanette\\\/\"}]}<\/script>\n<!-- \/ Yoast SEO plugin. -->","yoast_head_json":{"title":"Mesa se\u00f1ala que caso golpe se cae a pedazos - El Diario - Bolivia","robots":{"index":"index","follow":"follow","max-snippet":"max-snippet:-1","max-image-preview":"max-image-preview:large","max-video-preview":"max-video-preview:-1"},"canonical":"https:\/\/www.eldiario.net\/portal\/2021\/08\/20\/mesa-senala-que-caso-golpe-se-cae-a-pedazos\/","og_locale":"es_ES","og_type":"article","og_title":"Mesa se\u00f1ala que caso golpe se cae a pedazos - El Diario - Bolivia","og_description":"El expresidente y l\u00edder de oposici\u00f3n Carlos Mesa Gisbert se\u00f1al\u00f3 que una de las sugerencias expresadas en el informe del Grupo Interdisciplinario de Expertos Independientes (GIEI) indica que las acusaciones por los delitos de sedici\u00f3n y terrorismo violan principios de legalidad y no se adecuan a est\u00e1ndares internacionales, por lo que el caso del supuesto [&hellip;]","og_url":"https:\/\/www.eldiario.net\/portal\/2021\/08\/20\/mesa-senala-que-caso-golpe-se-cae-a-pedazos\/","og_site_name":"El Diario - Bolivia","article_publisher":"https:\/\/www.facebook.com\/eldiario.bolivia\/","article_published_time":"2021-08-20T07:11:47+00:00","author":"Jeanette","twitter_card":"summary_large_image","twitter_creator":"@eldiario_net","twitter_site":"@eldiario_net","twitter_misc":{"Escrito por":"Jeanette","Tiempo de lectura":"2 minutos"},"schema":{"@context":"https:\/\/schema.org","@graph":[{"@type":"Article","@id":"https:\/\/www.eldiario.net\/portal\/2021\/08\/20\/mesa-senala-que-caso-golpe-se-cae-a-pedazos\/#article","isPartOf":{"@id":"https:\/\/www.eldiario.net\/portal\/2021\/08\/20\/mesa-senala-que-caso-golpe-se-cae-a-pedazos\/"},"author":{"name":"Jeanette","@id":"https:\/\/www.eldiario.net\/portal\/#\/schema\/person\/f46445640444750d7d753ccd04ae01b7"},"headline":"Mesa se\u00f1ala que caso golpe se cae a pedazos","datePublished":"2021-08-20T07:11:47+00:00","mainEntityOfPage":{"@id":"https:\/\/www.eldiario.net\/portal\/2021\/08\/20\/mesa-senala-que-caso-golpe-se-cae-a-pedazos\/"},"wordCount":356,"publisher":{"@id":"https:\/\/www.eldiario.net\/portal\/#organization"},"image":{"@id":"https:\/\/www.eldiario.net\/portal\/2021\/08\/20\/mesa-senala-que-caso-golpe-se-cae-a-pedazos\/#primaryimage"},"thumbnailUrl":"","articleSection":["Pol\u00edtica"],"inLanguage":"es"},{"@type":"WebPage","@id":"https:\/\/www.eldiario.net\/portal\/2021\/08\/20\/mesa-senala-que-caso-golpe-se-cae-a-pedazos\/","url":"https:\/\/www.eldiario.net\/portal\/2021\/08\/20\/mesa-senala-que-caso-golpe-se-cae-a-pedazos\/","name":"Mesa se\u00f1ala que caso golpe se cae a pedazos - El Diario - Bolivia","isPartOf":{"@id":"https:\/\/www.eldiario.net\/portal\/#website"},"primaryImageOfPage":{"@id":"https:\/\/www.eldiario.net\/portal\/2021\/08\/20\/mesa-senala-que-caso-golpe-se-cae-a-pedazos\/#primaryimage"},"image":{"@id":"https:\/\/www.eldiario.net\/portal\/2021\/08\/20\/mesa-senala-que-caso-golpe-se-cae-a-pedazos\/#primaryimage"},"thumbnailUrl":"","datePublished":"2021-08-20T07:11:47+00:00","breadcrumb":{"@id":"https:\/\/www.eldiario.net\/portal\/2021\/08\/20\/mesa-senala-que-caso-golpe-se-cae-a-pedazos\/#breadcrumb"},"inLanguage":"es","potentialAction":[{"@type":"ReadAction","target":["https:\/\/www.eldiario.net\/portal\/2021\/08\/20\/mesa-senala-que-caso-golpe-se-cae-a-pedazos\/"]}]},{"@type":"ImageObject","inLanguage":"es","@id":"https:\/\/www.eldiario.net\/portal\/2021\/08\/20\/mesa-senala-que-caso-golpe-se-cae-a-pedazos\/#primaryimage","url":"","contentUrl":""},{"@type":"BreadcrumbList","@id":"https:\/\/www.eldiario.net\/portal\/2021\/08\/20\/mesa-senala-que-caso-golpe-se-cae-a-pedazos\/#breadcrumb","itemListElement":[{"@type":"ListItem","position":1,"name":"Portada","item":"https:\/\/www.eldiario.net\/portal\/"},{"@type":"ListItem","position":2,"name":"Mesa se\u00f1ala que caso golpe se cae a pedazos"}]},{"@type":"WebSite","@id":"https:\/\/www.eldiario.net\/portal\/#website","url":"https:\/\/www.eldiario.net\/portal\/","name":"El Diario - Decano de la prensa nacional","description":"El Diario - Decano de la prensa nacional","publisher":{"@id":"https:\/\/www.eldiario.net\/portal\/#organization"},"potentialAction":[{"@type":"SearchAction","target":{"@type":"EntryPoint","urlTemplate":"https:\/\/www.eldiario.net\/portal\/?s={search_term_string}"},"query-input":{"@type":"PropertyValueSpecification","valueRequired":true,"valueName":"search_term_string"}}],"inLanguage":"es"},{"@type":"Organization","@id":"https:\/\/www.eldiario.net\/portal\/#organization","name":"El Diario - Decano de la prensa nacional","url":"https:\/\/www.eldiario.net\/portal\/","logo":{"@type":"ImageObject","inLanguage":"es","@id":"https:\/\/www.eldiario.net\/portal\/#\/schema\/logo\/image\/","url":"https:\/\/www.eldiario.net\/portal\/wp-content\/uploads\/2023\/07\/logo_ED.jpg","contentUrl":"https:\/\/www.eldiario.net\/portal\/wp-content\/uploads\/2023\/07\/logo_ED.jpg","width":272,"height":52,"caption":"El Diario - Decano de la prensa nacional"},"image":{"@id":"https:\/\/www.eldiario.net\/portal\/#\/schema\/logo\/image\/"},"sameAs":["https:\/\/www.facebook.com\/eldiario.bolivia\/","https:\/\/x.com\/eldiario_net"]},{"@type":"Person","@id":"https:\/\/www.eldiario.net\/portal\/#\/schema\/person\/f46445640444750d7d753ccd04ae01b7","name":"Jeanette","image":{"@type":"ImageObject","inLanguage":"es","@id":"https:\/\/secure.gravatar.com\/avatar\/3ea2118a5f7dad2b7138b1187a6b7ee55f160b9968b66013c3a3ef39dd7e5798?s=96&d=mm&r=g","url":"https:\/\/secure.gravatar.com\/avatar\/3ea2118a5f7dad2b7138b1187a6b7ee55f160b9968b66013c3a3ef39dd7e5798?s=96&d=mm&r=g","contentUrl":"https:\/\/secure.gravatar.com\/avatar\/3ea2118a5f7dad2b7138b1187a6b7ee55f160b9968b66013c3a3ef39dd7e5798?s=96&d=mm&r=g","caption":"Jeanette"},"sameAs":["https:\/\/www.eldiario.net\/portal"],"url":"https:\/\/www.eldiario.net\/portal\/author\/jeanette\/"}]}},"_links":{"self":[{"href":"https:\/\/www.eldiario.net\/portal\/wp-json\/wp\/v2\/posts\/24566","targetHints":{"allow":["GET"]}}],"collection":[{"href":"https:\/\/www.eldiario.net\/portal\/wp-json\/wp\/v2\/posts"}],"about":[{"href":"https:\/\/www.eldiario.net\/portal\/wp-json\/wp\/v2\/types\/post"}],"author":[{"embeddable":true,"href":"https:\/\/www.eldiario.net\/portal\/wp-json\/wp\/v2\/users\/1"}],"replies":[{"embeddable":true,"href":"https:\/\/www.eldiario.net\/portal\/wp-json\/wp\/v2\/comments?post=24566"}],"version-history":[{"count":0,"href":"https:\/\/www.eldiario.net\/portal\/wp-json\/wp\/v2\/posts\/24566\/revisions"}],"wp:attachment":[{"href":"https:\/\/www.eldiario.net\/portal\/wp-json\/wp\/v2\/media?parent=24566"}],"wp:term":[{"taxonomy":"category","embeddable":true,"href":"https:\/\/www.eldiario.net\/portal\/wp-json\/wp\/v2\/categories?post=24566"},{"taxonomy":"post_tag","embeddable":true,"href":"https:\/\/www.eldiario.net\/portal\/wp-json\/wp\/v2\/tags?post=24566"}],"curies":[{"name":"wp","href":"https:\/\/api.w.org\/{rel}","templated":true}]}}