{"id":24563,"date":"2021-08-20T03:10:30","date_gmt":"2021-08-20T07:10:30","guid":{"rendered":"https:\/\/www.eldiario.net\/portal\/?p=24563"},"modified":"2021-08-20T03:10:30","modified_gmt":"2021-08-20T07:10:30","slug":"periodista-aclara-a-la-giei-que-no-es-critica-al-mas-ni-a-otro-partido","status":"publish","type":"post","link":"https:\/\/www.eldiario.net\/portal\/2021\/08\/20\/periodista-aclara-a-la-giei-que-no-es-critica-al-mas-ni-a-otro-partido\/","title":{"rendered":"Periodista aclara a la GIEI que no  es cr\u00edtica al MAS ni a otro partido"},"content":{"rendered":"<p>Despu\u00e9s de conocerse el informe del Grupo Interdisciplinario de Expertos Independientes (GIEI-Bolivia) sobre los hechos violentos en 2019, donde se\u00f1ala que \u201cCasimira Lema es una personalidad p\u00fablica, periodista, con programas en la televisi\u00f3n, considerada cr\u00edtica del MAS\u201d, la profesional aclar\u00f3 que siempre trabaj\u00f3 de manera imparcial.<br \/>\n\u201cDicen que yo soy una cr\u00edtica al Movimiento al Socialismo (MAS), y a m\u00ed me gustar\u00eda explicarles que yo siempre he trabajado de manera imparcial, cr\u00edticas de un lado y del otro, nunca hacia un solo partido pol\u00edtico. Yo solamente cumplo con mi papel de informar, ese es un solo detalle que a m\u00ed me hubiese gustado entender el por qu\u00e9 hacen referencia\u201d, dijo Lema en su programa Entre L\u00edneas de radio Compa\u00f1era.<br \/>\nEl informe refiere que el 10 de noviembre de 2019 Casimira Lema se encontraba fuera de su casa cuando se enter\u00f3 de que los autobuses Pumakatari estaban siendo quemados y decidi\u00f3 volver a su residencia ubicada en las cercan\u00edas.<br \/>\nSe reuni\u00f3 con sus hijos en el camino, pero no pudieron llegar a la vivienda porque hab\u00eda bloqueos en el trayecto. Entonces tom\u00f3 la decisi\u00f3n de quedarse en un hotel con su familia y poco despu\u00e9s recibi\u00f3 una llamada en la que le informaban que iban a quemar su casa.<br \/>\nEn su testimonio, relat\u00f3: A las 22:00 horas aproximadamente, cuando se encontraba mi empleada sola en la casa, de pronto vino una cantidad de 30 personas aproximadamente. Con palabras soeces le indicaron que abra la puerta [\u2026] Al ver que no se les atend\u00eda, estas personas ingresaron a mi domicilio y empezaron a quemar la movilidad de mi esposo, para posterior continuar con los atropellos quemando las cosas que se encontraban en mi propiedad.<br \/>\nLa Fiscal\u00eda Departamental de La Paz inici\u00f3 una investigaci\u00f3n, en la que fueron escuchados vecinos de la v\u00edctima, quienes confirmaron el ataque, la destrucci\u00f3n de vidrios y otros bienes, as\u00ed como la quema de un veh\u00edculo y de muebles.<br \/>\nLos testigos resaltaron que los perpetradores huyeron porque son\u00f3 una alarma y se preocuparon por la eventual llegada de la polic\u00eda. Durante la investigaci\u00f3n, la Fiscal\u00eda empez\u00f3 a desarrollar una hip\u00f3tesis de investigaci\u00f3n a partir de una factura de servicio p\u00fablico encontrada en el inmueble que no pertenec\u00eda a nadie conocido de la familia. Sin embargo, la persona referida en el documento no fue citada ni localizada. Tampoco se hicieron esfuerzos para buscar im\u00e1genes de circuitos de c\u00e1maras en la cercan\u00eda u otras fuentes de informaci\u00f3n que pudieran servir para identificar a los responsables de los hechos.<br \/>\nEl 5 de noviembre de 2020, la Fiscal\u00eda emiti\u00f3 una resoluci\u00f3n de rechazo del caso, bajo el argumento de que:\u2026 pese al esfuerzo por parte del Ministerio P\u00fablico como el asignado al caso no aport\u00f3 suficientes elementos de convicci\u00f3n, no obstante, al haberse cumplido los plazos procesales, esta autoridad se ve impedida de dar continuidad a la investigaci\u00f3n mas all\u00e1 de lo determinado por ley, caso contrario implicarla arbitrariedad e ilegalidad (sic).<br \/>\nEl GIEI nota que, en los casos de acci\u00f3n penal p\u00fablica, las autoridades deben impulsar la investigaci\u00f3n de oficio, como deber jur\u00eddico propio, sin hacer recaer la iniciativa o carga probatoria en las v\u00edctimas o en sus familiares. As\u00ed, el cierre del caso no puede ser atribuido a la falta de aporte de informaci\u00f3n por Casimira Lema.<br \/>\nSe observa que, aunque hab\u00eda una l\u00ednea de investigaci\u00f3n abierta, la Fiscal\u00eda no la explor\u00f3 debidamente. Tampoco realiz\u00f3 esfuerzos para recabar otras evidencias pertinentes con una investigaci\u00f3n de esa naturaleza.<br \/>\nSe registra que la investigaci\u00f3n permaneci\u00f3 abierta por cerca de diez meses con pocos avances y, el 10 de julio de 2020, el tribunal a cargo del caso fij\u00f3 un plazo de cinco d\u00edas para la conclusi\u00f3n de la etapa preliminar de investigaci\u00f3n.<br \/>\nEl GIEI reitera que la exigencia de cumplimento de plazos formales no puede justificar el cierre anticipado de una investigaci\u00f3n, especialmente cuando hay medidas pendientes para esclarecer los hechos y definir responsabilidades.<br \/>\nEl presente caso tiene similitudes con el de la quema de la casa de Waldo Albarrac\u00edn. Ambos viven en la zona sur y sufrieron esta violencia la misma noche.<br \/>\nEl ataque contra la casa de Casimira Lema tiene se\u00f1ales de haber sido dirigido contra ella por sus labores profesionales, lo que ofende no solamente a su persona, sino que constituye una violaci\u00f3n del derecho a la libertad de expresi\u00f3n.<br \/>\nTiene adem\u00e1s un efecto amedrentador para otros periodistas, que busca silenciar voces disidentes. El GIEI recuerda que el Estado tiene una obligaci\u00f3n positiva de proteger a quienes est\u00e1n expuestos a un riesgo especial en raz\u00f3n del ejercicio de su profesi\u00f3n.<\/p>\n<p>DATOS<br \/>\nEl 25 de noviembre de 2020, la periodista Casimira Lema fue objeto de gritos y hostigamiento cuando intentaba dar su testimonio al GIEI.<br \/>\nEn la oportunidad la periodista dijo que no forma parte de ning\u00fan partido y que nadie tiene por qu\u00e9 haber perdido a seres queridos, resultado herido o haber quedado sin sus pertenencias. \u201cNadie tiene por qu\u00e9 sufrir la quema de parte de su hogar\u201d, afirm\u00f3.<br \/>\n\u201cEs un trabajo de toda la vida que se ha visto en minutos destrozado, Nosotros, como familia, tambi\u00e9n tenemos una herida muy grande. Mis hijos son j\u00f3venes y hasta el d\u00eda de hoy tienen temor de saber de que en alg\u00fan momento podr\u00edan volver a su casa\u201d, manifest\u00f3.<br \/>\nDijo que \u201cGracias a Dios\u201d no hab\u00eda nadie en su casa, porque dec\u00edan que quer\u00edan quemarla viva.<br \/>\n\u201cYo vengo a pedir justicia tambi\u00e9n porque lo \u00fanico que he hecho es cumplir con un trabajo e informar, no he hecho absolutamente nada m\u00e1s\u201d, dijo en la oportunidad.<br \/>\nA gritos, varias personas acusaron a Lema de mentir y de ser una \u201cgolpista\u201d, mientras ella trataba de defenderse en medio del bullicio.<br \/>\nLament\u00f3 que la hayan invitado como v\u00edctima y, en esta situaci\u00f3n, estaba volviendo a ser v\u00edctima.<\/p>\n","protected":false},"excerpt":{"rendered":"<p>Despu\u00e9s de conocerse el informe del Grupo Interdisciplinario de Expertos Independientes (GIEI-Bolivia) sobre los hechos violentos en 2019, donde se\u00f1ala que \u201cCasimira Lema es una personalidad p\u00fablica, periodista, con programas en la televisi\u00f3n, considerada cr\u00edtica del MAS\u201d, la profesional aclar\u00f3 que siempre trabaj\u00f3 de manera imparcial. \u201cDicen que yo soy una cr\u00edtica al Movimiento al [&hellip;]<\/p>\n","protected":false},"author":1,"featured_media":24564,"comment_status":"closed","ping_status":"closed","sticky":false,"template":"","format":"standard","meta":{"_acf_changed":false,"footnotes":""},"categories":[39],"tags":[],"class_list":["post-24563","post","type-post","status-publish","format-standard","has-post-thumbnail","category-sociedad"],"acf":{"antetitulo":""},"yoast_head":"<!-- This site is optimized with the Yoast SEO plugin v28.4 - https:\/\/yoast.com\/product\/yoast-seo-wordpress\/ -->\n<title>Periodista aclara a la GIEI que no es cr\u00edtica al MAS ni a otro partido - El Diario - Bolivia<\/title>\n<meta name=\"robots\" content=\"index, follow, max-snippet:-1, max-image-preview:large, max-video-preview:-1\" \/>\n<link rel=\"canonical\" href=\"https:\/\/www.eldiario.net\/portal\/2021\/08\/20\/periodista-aclara-a-la-giei-que-no-es-critica-al-mas-ni-a-otro-partido\/\" \/>\n<meta property=\"og:locale\" content=\"es_ES\" \/>\n<meta property=\"og:type\" content=\"article\" \/>\n<meta property=\"og:title\" content=\"Periodista aclara a la GIEI que no es cr\u00edtica al MAS ni a otro partido - El Diario - Bolivia\" \/>\n<meta property=\"og:description\" content=\"Despu\u00e9s de conocerse el informe del Grupo Interdisciplinario de Expertos Independientes (GIEI-Bolivia) sobre los hechos violentos en 2019, donde se\u00f1ala que \u201cCasimira Lema es una personalidad p\u00fablica, periodista, con programas en la televisi\u00f3n, considerada cr\u00edtica del MAS\u201d, la profesional aclar\u00f3 que siempre trabaj\u00f3 de manera imparcial. \u201cDicen que yo soy una cr\u00edtica al Movimiento al [&hellip;]\" \/>\n<meta property=\"og:url\" content=\"https:\/\/www.eldiario.net\/portal\/2021\/08\/20\/periodista-aclara-a-la-giei-que-no-es-critica-al-mas-ni-a-otro-partido\/\" \/>\n<meta property=\"og:site_name\" content=\"El Diario - Bolivia\" \/>\n<meta property=\"article:publisher\" content=\"https:\/\/www.facebook.com\/eldiario.bolivia\/\" \/>\n<meta property=\"article:published_time\" content=\"2021-08-20T07:10:30+00:00\" \/>\n<meta property=\"og:image\" content=\"https:\/\/www.eldiario.net\/portal\/wp-content\/uploads\/2021\/08\/2-1.jpg\" \/>\n\t<meta property=\"og:image:width\" content=\"1\" \/>\n\t<meta property=\"og:image:height\" content=\"1\" \/>\n\t<meta property=\"og:image:type\" content=\"image\/jpeg\" \/>\n<meta name=\"author\" content=\"Jeanette\" \/>\n<meta name=\"twitter:card\" content=\"summary_large_image\" \/>\n<meta name=\"twitter:creator\" content=\"@eldiario_net\" \/>\n<meta name=\"twitter:site\" content=\"@eldiario_net\" \/>\n<meta name=\"twitter:label1\" content=\"Escrito por\" \/>\n\t<meta name=\"twitter:data1\" content=\"Jeanette\" \/>\n\t<meta name=\"twitter:label2\" content=\"Tiempo de lectura\" \/>\n\t<meta name=\"twitter:data2\" content=\"5 minutos\" \/>\n<script type=\"application\/ld+json\" class=\"yoast-schema-graph\">{\"@context\":\"https:\\\/\\\/schema.org\",\"@graph\":[{\"@type\":\"Article\",\"@id\":\"https:\\\/\\\/www.eldiario.net\\\/portal\\\/2021\\\/08\\\/20\\\/periodista-aclara-a-la-giei-que-no-es-critica-al-mas-ni-a-otro-partido\\\/#article\",\"isPartOf\":{\"@id\":\"https:\\\/\\\/www.eldiario.net\\\/portal\\\/2021\\\/08\\\/20\\\/periodista-aclara-a-la-giei-que-no-es-critica-al-mas-ni-a-otro-partido\\\/\"},\"author\":{\"name\":\"Jeanette\",\"@id\":\"https:\\\/\\\/www.eldiario.net\\\/portal\\\/#\\\/schema\\\/person\\\/f46445640444750d7d753ccd04ae01b7\"},\"headline\":\"Periodista aclara a la GIEI que no es cr\u00edtica al MAS ni a otro partido\",\"datePublished\":\"2021-08-20T07:10:30+00:00\",\"mainEntityOfPage\":{\"@id\":\"https:\\\/\\\/www.eldiario.net\\\/portal\\\/2021\\\/08\\\/20\\\/periodista-aclara-a-la-giei-que-no-es-critica-al-mas-ni-a-otro-partido\\\/\"},\"wordCount\":1043,\"publisher\":{\"@id\":\"https:\\\/\\\/www.eldiario.net\\\/portal\\\/#organization\"},\"image\":{\"@id\":\"https:\\\/\\\/www.eldiario.net\\\/portal\\\/2021\\\/08\\\/20\\\/periodista-aclara-a-la-giei-que-no-es-critica-al-mas-ni-a-otro-partido\\\/#primaryimage\"},\"thumbnailUrl\":\"https:\\\/\\\/www.eldiario.net\\\/portal\\\/wp-content\\\/uploads\\\/2021\\\/08\\\/2-1.jpg\",\"articleSection\":[\"Sociedad - Seguridad\"],\"inLanguage\":\"es\"},{\"@type\":\"WebPage\",\"@id\":\"https:\\\/\\\/www.eldiario.net\\\/portal\\\/2021\\\/08\\\/20\\\/periodista-aclara-a-la-giei-que-no-es-critica-al-mas-ni-a-otro-partido\\\/\",\"url\":\"https:\\\/\\\/www.eldiario.net\\\/portal\\\/2021\\\/08\\\/20\\\/periodista-aclara-a-la-giei-que-no-es-critica-al-mas-ni-a-otro-partido\\\/\",\"name\":\"Periodista aclara a la GIEI que no es cr\u00edtica al MAS ni a otro partido - El Diario - Bolivia\",\"isPartOf\":{\"@id\":\"https:\\\/\\\/www.eldiario.net\\\/portal\\\/#website\"},\"primaryImageOfPage\":{\"@id\":\"https:\\\/\\\/www.eldiario.net\\\/portal\\\/2021\\\/08\\\/20\\\/periodista-aclara-a-la-giei-que-no-es-critica-al-mas-ni-a-otro-partido\\\/#primaryimage\"},\"image\":{\"@id\":\"https:\\\/\\\/www.eldiario.net\\\/portal\\\/2021\\\/08\\\/20\\\/periodista-aclara-a-la-giei-que-no-es-critica-al-mas-ni-a-otro-partido\\\/#primaryimage\"},\"thumbnailUrl\":\"https:\\\/\\\/www.eldiario.net\\\/portal\\\/wp-content\\\/uploads\\\/2021\\\/08\\\/2-1.jpg\",\"datePublished\":\"2021-08-20T07:10:30+00:00\",\"breadcrumb\":{\"@id\":\"https:\\\/\\\/www.eldiario.net\\\/portal\\\/2021\\\/08\\\/20\\\/periodista-aclara-a-la-giei-que-no-es-critica-al-mas-ni-a-otro-partido\\\/#breadcrumb\"},\"inLanguage\":\"es\",\"potentialAction\":[{\"@type\":\"ReadAction\",\"target\":[\"https:\\\/\\\/www.eldiario.net\\\/portal\\\/2021\\\/08\\\/20\\\/periodista-aclara-a-la-giei-que-no-es-critica-al-mas-ni-a-otro-partido\\\/\"]}]},{\"@type\":\"ImageObject\",\"inLanguage\":\"es\",\"@id\":\"https:\\\/\\\/www.eldiario.net\\\/portal\\\/2021\\\/08\\\/20\\\/periodista-aclara-a-la-giei-que-no-es-critica-al-mas-ni-a-otro-partido\\\/#primaryimage\",\"url\":\"https:\\\/\\\/www.eldiario.net\\\/portal\\\/wp-content\\\/uploads\\\/2021\\\/08\\\/2-1.jpg\",\"contentUrl\":\"https:\\\/\\\/www.eldiario.net\\\/portal\\\/wp-content\\\/uploads\\\/2021\\\/08\\\/2-1.jpg\",\"caption\":\"IM\u00c1GENES DE LO QUE FUE LA QUEMA DE LA CASA DE LA PERIODISTA CASIMIRA LEMA.\"},{\"@type\":\"BreadcrumbList\",\"@id\":\"https:\\\/\\\/www.eldiario.net\\\/portal\\\/2021\\\/08\\\/20\\\/periodista-aclara-a-la-giei-que-no-es-critica-al-mas-ni-a-otro-partido\\\/#breadcrumb\",\"itemListElement\":[{\"@type\":\"ListItem\",\"position\":1,\"name\":\"Portada\",\"item\":\"https:\\\/\\\/www.eldiario.net\\\/portal\\\/\"},{\"@type\":\"ListItem\",\"position\":2,\"name\":\"Periodista aclara a la GIEI que no es cr\u00edtica al MAS ni a otro partido\"}]},{\"@type\":\"WebSite\",\"@id\":\"https:\\\/\\\/www.eldiario.net\\\/portal\\\/#website\",\"url\":\"https:\\\/\\\/www.eldiario.net\\\/portal\\\/\",\"name\":\"El Diario - Decano de la prensa nacional\",\"description\":\"El Diario - Decano de la prensa nacional\",\"publisher\":{\"@id\":\"https:\\\/\\\/www.eldiario.net\\\/portal\\\/#organization\"},\"potentialAction\":[{\"@type\":\"SearchAction\",\"target\":{\"@type\":\"EntryPoint\",\"urlTemplate\":\"https:\\\/\\\/www.eldiario.net\\\/portal\\\/?s={search_term_string}\"},\"query-input\":{\"@type\":\"PropertyValueSpecification\",\"valueRequired\":true,\"valueName\":\"search_term_string\"}}],\"inLanguage\":\"es\"},{\"@type\":\"Organization\",\"@id\":\"https:\\\/\\\/www.eldiario.net\\\/portal\\\/#organization\",\"name\":\"El Diario - Decano de la prensa nacional\",\"url\":\"https:\\\/\\\/www.eldiario.net\\\/portal\\\/\",\"logo\":{\"@type\":\"ImageObject\",\"inLanguage\":\"es\",\"@id\":\"https:\\\/\\\/www.eldiario.net\\\/portal\\\/#\\\/schema\\\/logo\\\/image\\\/\",\"url\":\"https:\\\/\\\/www.eldiario.net\\\/portal\\\/wp-content\\\/uploads\\\/2023\\\/07\\\/logo_ED.jpg\",\"contentUrl\":\"https:\\\/\\\/www.eldiario.net\\\/portal\\\/wp-content\\\/uploads\\\/2023\\\/07\\\/logo_ED.jpg\",\"width\":272,\"height\":52,\"caption\":\"El Diario - Decano de la prensa nacional\"},\"image\":{\"@id\":\"https:\\\/\\\/www.eldiario.net\\\/portal\\\/#\\\/schema\\\/logo\\\/image\\\/\"},\"sameAs\":[\"https:\\\/\\\/www.facebook.com\\\/eldiario.bolivia\\\/\",\"https:\\\/\\\/x.com\\\/eldiario_net\"]},{\"@type\":\"Person\",\"@id\":\"https:\\\/\\\/www.eldiario.net\\\/portal\\\/#\\\/schema\\\/person\\\/f46445640444750d7d753ccd04ae01b7\",\"name\":\"Jeanette\",\"image\":{\"@type\":\"ImageObject\",\"inLanguage\":\"es\",\"@id\":\"https:\\\/\\\/secure.gravatar.com\\\/avatar\\\/3ea2118a5f7dad2b7138b1187a6b7ee55f160b9968b66013c3a3ef39dd7e5798?s=96&d=mm&r=g\",\"url\":\"https:\\\/\\\/secure.gravatar.com\\\/avatar\\\/3ea2118a5f7dad2b7138b1187a6b7ee55f160b9968b66013c3a3ef39dd7e5798?s=96&d=mm&r=g\",\"contentUrl\":\"https:\\\/\\\/secure.gravatar.com\\\/avatar\\\/3ea2118a5f7dad2b7138b1187a6b7ee55f160b9968b66013c3a3ef39dd7e5798?s=96&d=mm&r=g\",\"caption\":\"Jeanette\"},\"sameAs\":[\"https:\\\/\\\/www.eldiario.net\\\/portal\"],\"url\":\"https:\\\/\\\/www.eldiario.net\\\/portal\\\/author\\\/jeanette\\\/\"}]}<\/script>\n<!-- \/ Yoast SEO plugin. -->","yoast_head_json":{"title":"Periodista aclara a la GIEI que no es cr\u00edtica al MAS ni a otro partido - El Diario - Bolivia","robots":{"index":"index","follow":"follow","max-snippet":"max-snippet:-1","max-image-preview":"max-image-preview:large","max-video-preview":"max-video-preview:-1"},"canonical":"https:\/\/www.eldiario.net\/portal\/2021\/08\/20\/periodista-aclara-a-la-giei-que-no-es-critica-al-mas-ni-a-otro-partido\/","og_locale":"es_ES","og_type":"article","og_title":"Periodista aclara a la GIEI que no es cr\u00edtica al MAS ni a otro partido - El Diario - Bolivia","og_description":"Despu\u00e9s de conocerse el informe del Grupo Interdisciplinario de Expertos Independientes (GIEI-Bolivia) sobre los hechos violentos en 2019, donde se\u00f1ala que \u201cCasimira Lema es una personalidad p\u00fablica, periodista, con programas en la televisi\u00f3n, considerada cr\u00edtica del MAS\u201d, la profesional aclar\u00f3 que siempre trabaj\u00f3 de manera imparcial. \u201cDicen que yo soy una cr\u00edtica al Movimiento al [&hellip;]","og_url":"https:\/\/www.eldiario.net\/portal\/2021\/08\/20\/periodista-aclara-a-la-giei-que-no-es-critica-al-mas-ni-a-otro-partido\/","og_site_name":"El Diario - Bolivia","article_publisher":"https:\/\/www.facebook.com\/eldiario.bolivia\/","article_published_time":"2021-08-20T07:10:30+00:00","og_image":[{"url":"https:\/\/www.eldiario.net\/portal\/wp-content\/uploads\/2021\/08\/2-1.jpg","width":1,"height":1,"type":"image\/jpeg"}],"author":"Jeanette","twitter_card":"summary_large_image","twitter_creator":"@eldiario_net","twitter_site":"@eldiario_net","twitter_misc":{"Escrito por":"Jeanette","Tiempo de lectura":"5 minutos"},"schema":{"@context":"https:\/\/schema.org","@graph":[{"@type":"Article","@id":"https:\/\/www.eldiario.net\/portal\/2021\/08\/20\/periodista-aclara-a-la-giei-que-no-es-critica-al-mas-ni-a-otro-partido\/#article","isPartOf":{"@id":"https:\/\/www.eldiario.net\/portal\/2021\/08\/20\/periodista-aclara-a-la-giei-que-no-es-critica-al-mas-ni-a-otro-partido\/"},"author":{"name":"Jeanette","@id":"https:\/\/www.eldiario.net\/portal\/#\/schema\/person\/f46445640444750d7d753ccd04ae01b7"},"headline":"Periodista aclara a la GIEI que no es cr\u00edtica al MAS ni a otro partido","datePublished":"2021-08-20T07:10:30+00:00","mainEntityOfPage":{"@id":"https:\/\/www.eldiario.net\/portal\/2021\/08\/20\/periodista-aclara-a-la-giei-que-no-es-critica-al-mas-ni-a-otro-partido\/"},"wordCount":1043,"publisher":{"@id":"https:\/\/www.eldiario.net\/portal\/#organization"},"image":{"@id":"https:\/\/www.eldiario.net\/portal\/2021\/08\/20\/periodista-aclara-a-la-giei-que-no-es-critica-al-mas-ni-a-otro-partido\/#primaryimage"},"thumbnailUrl":"https:\/\/www.eldiario.net\/portal\/wp-content\/uploads\/2021\/08\/2-1.jpg","articleSection":["Sociedad - Seguridad"],"inLanguage":"es"},{"@type":"WebPage","@id":"https:\/\/www.eldiario.net\/portal\/2021\/08\/20\/periodista-aclara-a-la-giei-que-no-es-critica-al-mas-ni-a-otro-partido\/","url":"https:\/\/www.eldiario.net\/portal\/2021\/08\/20\/periodista-aclara-a-la-giei-que-no-es-critica-al-mas-ni-a-otro-partido\/","name":"Periodista aclara a la GIEI que no es cr\u00edtica al MAS ni a otro partido - El Diario - Bolivia","isPartOf":{"@id":"https:\/\/www.eldiario.net\/portal\/#website"},"primaryImageOfPage":{"@id":"https:\/\/www.eldiario.net\/portal\/2021\/08\/20\/periodista-aclara-a-la-giei-que-no-es-critica-al-mas-ni-a-otro-partido\/#primaryimage"},"image":{"@id":"https:\/\/www.eldiario.net\/portal\/2021\/08\/20\/periodista-aclara-a-la-giei-que-no-es-critica-al-mas-ni-a-otro-partido\/#primaryimage"},"thumbnailUrl":"https:\/\/www.eldiario.net\/portal\/wp-content\/uploads\/2021\/08\/2-1.jpg","datePublished":"2021-08-20T07:10:30+00:00","breadcrumb":{"@id":"https:\/\/www.eldiario.net\/portal\/2021\/08\/20\/periodista-aclara-a-la-giei-que-no-es-critica-al-mas-ni-a-otro-partido\/#breadcrumb"},"inLanguage":"es","potentialAction":[{"@type":"ReadAction","target":["https:\/\/www.eldiario.net\/portal\/2021\/08\/20\/periodista-aclara-a-la-giei-que-no-es-critica-al-mas-ni-a-otro-partido\/"]}]},{"@type":"ImageObject","inLanguage":"es","@id":"https:\/\/www.eldiario.net\/portal\/2021\/08\/20\/periodista-aclara-a-la-giei-que-no-es-critica-al-mas-ni-a-otro-partido\/#primaryimage","url":"https:\/\/www.eldiario.net\/portal\/wp-content\/uploads\/2021\/08\/2-1.jpg","contentUrl":"https:\/\/www.eldiario.net\/portal\/wp-content\/uploads\/2021\/08\/2-1.jpg","caption":"IM\u00c1GENES DE LO QUE FUE LA QUEMA DE LA CASA DE LA PERIODISTA CASIMIRA LEMA."},{"@type":"BreadcrumbList","@id":"https:\/\/www.eldiario.net\/portal\/2021\/08\/20\/periodista-aclara-a-la-giei-que-no-es-critica-al-mas-ni-a-otro-partido\/#breadcrumb","itemListElement":[{"@type":"ListItem","position":1,"name":"Portada","item":"https:\/\/www.eldiario.net\/portal\/"},{"@type":"ListItem","position":2,"name":"Periodista aclara a la GIEI que no es cr\u00edtica al MAS ni a otro partido"}]},{"@type":"WebSite","@id":"https:\/\/www.eldiario.net\/portal\/#website","url":"https:\/\/www.eldiario.net\/portal\/","name":"El Diario - Decano de la prensa nacional","description":"El Diario - Decano de la prensa nacional","publisher":{"@id":"https:\/\/www.eldiario.net\/portal\/#organization"},"potentialAction":[{"@type":"SearchAction","target":{"@type":"EntryPoint","urlTemplate":"https:\/\/www.eldiario.net\/portal\/?s={search_term_string}"},"query-input":{"@type":"PropertyValueSpecification","valueRequired":true,"valueName":"search_term_string"}}],"inLanguage":"es"},{"@type":"Organization","@id":"https:\/\/www.eldiario.net\/portal\/#organization","name":"El Diario - Decano de la prensa nacional","url":"https:\/\/www.eldiario.net\/portal\/","logo":{"@type":"ImageObject","inLanguage":"es","@id":"https:\/\/www.eldiario.net\/portal\/#\/schema\/logo\/image\/","url":"https:\/\/www.eldiario.net\/portal\/wp-content\/uploads\/2023\/07\/logo_ED.jpg","contentUrl":"https:\/\/www.eldiario.net\/portal\/wp-content\/uploads\/2023\/07\/logo_ED.jpg","width":272,"height":52,"caption":"El Diario - Decano de la prensa nacional"},"image":{"@id":"https:\/\/www.eldiario.net\/portal\/#\/schema\/logo\/image\/"},"sameAs":["https:\/\/www.facebook.com\/eldiario.bolivia\/","https:\/\/x.com\/eldiario_net"]},{"@type":"Person","@id":"https:\/\/www.eldiario.net\/portal\/#\/schema\/person\/f46445640444750d7d753ccd04ae01b7","name":"Jeanette","image":{"@type":"ImageObject","inLanguage":"es","@id":"https:\/\/secure.gravatar.com\/avatar\/3ea2118a5f7dad2b7138b1187a6b7ee55f160b9968b66013c3a3ef39dd7e5798?s=96&d=mm&r=g","url":"https:\/\/secure.gravatar.com\/avatar\/3ea2118a5f7dad2b7138b1187a6b7ee55f160b9968b66013c3a3ef39dd7e5798?s=96&d=mm&r=g","contentUrl":"https:\/\/secure.gravatar.com\/avatar\/3ea2118a5f7dad2b7138b1187a6b7ee55f160b9968b66013c3a3ef39dd7e5798?s=96&d=mm&r=g","caption":"Jeanette"},"sameAs":["https:\/\/www.eldiario.net\/portal"],"url":"https:\/\/www.eldiario.net\/portal\/author\/jeanette\/"}]}},"_links":{"self":[{"href":"https:\/\/www.eldiario.net\/portal\/wp-json\/wp\/v2\/posts\/24563","targetHints":{"allow":["GET"]}}],"collection":[{"href":"https:\/\/www.eldiario.net\/portal\/wp-json\/wp\/v2\/posts"}],"about":[{"href":"https:\/\/www.eldiario.net\/portal\/wp-json\/wp\/v2\/types\/post"}],"author":[{"embeddable":true,"href":"https:\/\/www.eldiario.net\/portal\/wp-json\/wp\/v2\/users\/1"}],"replies":[{"embeddable":true,"href":"https:\/\/www.eldiario.net\/portal\/wp-json\/wp\/v2\/comments?post=24563"}],"version-history":[{"count":0,"href":"https:\/\/www.eldiario.net\/portal\/wp-json\/wp\/v2\/posts\/24563\/revisions"}],"wp:featuredmedia":[{"embeddable":true,"href":"https:\/\/www.eldiario.net\/portal\/wp-json\/wp\/v2\/media\/24564"}],"wp:attachment":[{"href":"https:\/\/www.eldiario.net\/portal\/wp-json\/wp\/v2\/media?parent=24563"}],"wp:term":[{"taxonomy":"category","embeddable":true,"href":"https:\/\/www.eldiario.net\/portal\/wp-json\/wp\/v2\/categories?post=24563"},{"taxonomy":"post_tag","embeddable":true,"href":"https:\/\/www.eldiario.net\/portal\/wp-json\/wp\/v2\/tags?post=24563"}],"curies":[{"name":"wp","href":"https:\/\/api.w.org\/{rel}","templated":true}]}}