{"id":24560,"date":"2021-08-20T03:09:18","date_gmt":"2021-08-20T07:09:18","guid":{"rendered":"https:\/\/www.eldiario.net\/portal\/?p=24560"},"modified":"2021-08-20T03:09:18","modified_gmt":"2021-08-20T07:09:18","slug":"califican-de-amedrentamiento-investigacion-contra-hija-de-anez","status":"publish","type":"post","link":"https:\/\/www.eldiario.net\/portal\/2021\/08\/20\/califican-de-amedrentamiento-investigacion-contra-hija-de-anez\/","title":{"rendered":"Califican de \u201camedrentamiento\u201d  investigaci\u00f3n contra hija de A\u00f1ez"},"content":{"rendered":"<p>Despu\u00e9s que el diputado del Movimiento al Socialismo (MAS), Omar Yujra, anunciara que se investigar\u00e1 a la hija de la expresidenta Jeanine A\u00f1ez, Carolina Ribera, por falta de registro de donaciones cuando ocup\u00f3 el cargo de la Unidad de Gesti\u00f3n Social, del Ministerio de la Presidencia, el exdiputado Amilcar Barral calific\u00f3 el extremo como un \u201camedrentamiento\u201d, por denunciar los maltratos que sufre su madre.<br \/>\n\u201cDe manera preliminar, lo que hemos visto es que muchas de las entidades a las cuales ha llegado donaciones no han registrado, incluido el Ministerio de la Presidencia manejado por la se\u00f1ora A\u00f1ez y su hija en su momento, en una en una unidad que precisamente estaba encargada de ese tema\u201d, detall\u00f3 Yujra, seg\u00fan report\u00f3 Erbol.<br \/>\nBarral manifest\u00f3 que lo que busca el oficialismo es amedrentar a Ribera porque est\u00e1 sacando a la luz todo lo que est\u00e1 sucediendo con su madre.<br \/>\n\u201cSon cobardes porque se est\u00e1n ensa\u00f1ando con dos mujeres. \u00bfPor qu\u00e9 no controlan lo que la Agencia Nacional de Hidrocarburos ha regalado para la campa\u00f1a del MAS? Entiendo que todas las donaciones han tenido sus respaldos, s\u00ed ha hecho donaciones en especie, han entregado yogur, mortadelas y otras cosas, y no creo que la hija de la expresidenta haya hecho nada malo con ello\u201d, apunt\u00f3.<br \/>\nDesde que inici\u00f3 el proceso contra su madre, Ribera denunci\u00f3 una serie de vulneraciones, en ese marco, con el apoyo de su hermano Jos\u00e9, pidieron a la secretaria ejecutiva de la Comisi\u00f3n Interamericana de Derechos Humanos (CIDH), Tania Reneaum, que los reciba para informarle sobre la situaci\u00f3n de la expresidenta.<br \/>\nLos hijos de A\u00f1ez solicitan, adem\u00e1s, que Reneaum pueda visitar a la exautoridad. \u201cMucho agradecer\u00e9 que su autoridad pueda visitarla en el penal de m\u00e1xima seguridad Centro Penitenciario Femenino de Miraflores (\u2026) para que mi madre en persona le pueda comentar los pormenores del atropello y la violencia f\u00edsica y psicol\u00f3gica de la que est\u00e1 siendo v\u00edctima\u201d, dice la carta de escrita por Carolina Ribera A\u00f1ez.<br \/>\nEn otra nota, los hermanos Ribera A\u00f1ez le suplicaron a la representante de la CIDH una audiencia para brindarle su testimonio sobre su madre.<br \/>\nPor otro lado, a un mes del pedido de Jeanine A\u00f1ez, la Alta Comisionada de las Naciones Unidas para los Derechos Humanos (Acnudh) deriv\u00f3 el caso a su misi\u00f3n t\u00e9cnica en Bolivia para llevar adelante los escenarios que convengan para conocer a detalle la situaci\u00f3n de la exmandataria.<br \/>\n\u201cLa Misi\u00f3n T\u00e9cnica tiene la disposici\u00f3n de continuar dando seguimiento a los eventos mencionados\u201d, reza el documento.<br \/>\nEn este sentido, sugieren a la hija de Jeanine A\u00f1ez transmitir la informaci\u00f3n que se considere pertinente y la Acnudh se compromete a brindar la informaci\u00f3n general sobre los diversos mecanismos de derechos humanos de las Naciones Unidas.<br \/>\nEn julio pasado, la expresidenta pidi\u00f3 una audiencia a la Alta Comisionada de la ONU para los Derechos Humanos, Michelle Bachelet, para exponer su caso, reiterando que no cometi\u00f3 ning\u00fan delito y atribuy\u00f3 su encarcelamiento a una \u201cdecisi\u00f3n pol\u00edtica\u201d.<br \/>\n\u201cSolicito respetuosamente y encarecidamente una audiencia para que mi hija, Carolina Ribera A\u00f1ez, participe en representaci\u00f3n m\u00eda, toda vez que a la fecha me encuentro privada de libertad en la ciudad de La Paz por una decisi\u00f3n pol\u00edtica del actual presidente, Luis Arce\u201d, escribi\u00f3 A\u00f1ez en una carta.<\/p>\n<p><a href=\"https:\/\/www.eldiario.net\/portal\/wp-content\/uploads\/2021\/08\/ANEZ-2.jpg\"><img loading=\"lazy\" decoding=\"async\" class=\"alignleft size-full wp-image-24561\" src=\"https:\/\/www.eldiario.net\/portal\/wp-content\/uploads\/2021\/08\/ANEZ-2.jpg\" alt=\"\" width=\"1280\" height=\"1269\" \/><\/a><\/p>\n","protected":false},"excerpt":{"rendered":"<p>Despu\u00e9s que el diputado del Movimiento al Socialismo (MAS), Omar Yujra, anunciara que se investigar\u00e1 a la hija de la expresidenta Jeanine A\u00f1ez, Carolina Ribera, por falta de registro de donaciones cuando ocup\u00f3 el cargo de la Unidad de Gesti\u00f3n Social, del Ministerio de la Presidencia, el exdiputado Amilcar Barral calific\u00f3 el extremo como un [&hellip;]<\/p>\n","protected":false},"author":1,"featured_media":24561,"comment_status":"closed","ping_status":"closed","sticky":false,"template":"","format":"standard","meta":{"_acf_changed":false,"footnotes":""},"categories":[39],"tags":[],"class_list":["post-24560","post","type-post","status-publish","format-standard","has-post-thumbnail","category-sociedad"],"acf":{"antetitulo":""},"yoast_head":"<!-- This site is optimized with the Yoast SEO plugin v28.4 - https:\/\/yoast.com\/product\/yoast-seo-wordpress\/ -->\n<title>Califican de \u201camedrentamiento\u201d investigaci\u00f3n contra hija de A\u00f1ez - El Diario - Bolivia<\/title>\n<meta name=\"robots\" content=\"index, follow, max-snippet:-1, max-image-preview:large, max-video-preview:-1\" \/>\n<link rel=\"canonical\" href=\"https:\/\/www.eldiario.net\/portal\/2021\/08\/20\/califican-de-amedrentamiento-investigacion-contra-hija-de-anez\/\" \/>\n<meta property=\"og:locale\" content=\"es_ES\" \/>\n<meta property=\"og:type\" content=\"article\" \/>\n<meta property=\"og:title\" content=\"Califican de \u201camedrentamiento\u201d investigaci\u00f3n contra hija de A\u00f1ez - El Diario - Bolivia\" \/>\n<meta property=\"og:description\" content=\"Despu\u00e9s que el diputado del Movimiento al Socialismo (MAS), Omar Yujra, anunciara que se investigar\u00e1 a la hija de la expresidenta Jeanine A\u00f1ez, Carolina Ribera, por falta de registro de donaciones cuando ocup\u00f3 el cargo de la Unidad de Gesti\u00f3n Social, del Ministerio de la Presidencia, el exdiputado Amilcar Barral calific\u00f3 el extremo como un [&hellip;]\" \/>\n<meta property=\"og:url\" content=\"https:\/\/www.eldiario.net\/portal\/2021\/08\/20\/califican-de-amedrentamiento-investigacion-contra-hija-de-anez\/\" \/>\n<meta property=\"og:site_name\" content=\"El Diario - Bolivia\" \/>\n<meta property=\"article:publisher\" content=\"https:\/\/www.facebook.com\/eldiario.bolivia\/\" \/>\n<meta property=\"article:published_time\" content=\"2021-08-20T07:09:18+00:00\" \/>\n<meta name=\"author\" content=\"Jeanette\" \/>\n<meta name=\"twitter:card\" content=\"summary_large_image\" \/>\n<meta name=\"twitter:creator\" content=\"@eldiario_net\" \/>\n<meta name=\"twitter:site\" content=\"@eldiario_net\" \/>\n<meta name=\"twitter:label1\" content=\"Escrito por\" \/>\n\t<meta name=\"twitter:data1\" content=\"Jeanette\" \/>\n\t<meta name=\"twitter:label2\" content=\"Tiempo de lectura\" \/>\n\t<meta name=\"twitter:data2\" content=\"3 minutos\" \/>\n<script type=\"application\/ld+json\" class=\"yoast-schema-graph\">{\"@context\":\"https:\\\/\\\/schema.org\",\"@graph\":[{\"@type\":\"Article\",\"@id\":\"https:\\\/\\\/www.eldiario.net\\\/portal\\\/2021\\\/08\\\/20\\\/califican-de-amedrentamiento-investigacion-contra-hija-de-anez\\\/#article\",\"isPartOf\":{\"@id\":\"https:\\\/\\\/www.eldiario.net\\\/portal\\\/2021\\\/08\\\/20\\\/califican-de-amedrentamiento-investigacion-contra-hija-de-anez\\\/\"},\"author\":{\"name\":\"Jeanette\",\"@id\":\"https:\\\/\\\/www.eldiario.net\\\/portal\\\/#\\\/schema\\\/person\\\/f46445640444750d7d753ccd04ae01b7\"},\"headline\":\"Califican de \u201camedrentamiento\u201d investigaci\u00f3n contra hija de A\u00f1ez\",\"datePublished\":\"2021-08-20T07:09:18+00:00\",\"mainEntityOfPage\":{\"@id\":\"https:\\\/\\\/www.eldiario.net\\\/portal\\\/2021\\\/08\\\/20\\\/califican-de-amedrentamiento-investigacion-contra-hija-de-anez\\\/\"},\"wordCount\":588,\"publisher\":{\"@id\":\"https:\\\/\\\/www.eldiario.net\\\/portal\\\/#organization\"},\"image\":{\"@id\":\"https:\\\/\\\/www.eldiario.net\\\/portal\\\/2021\\\/08\\\/20\\\/califican-de-amedrentamiento-investigacion-contra-hija-de-anez\\\/#primaryimage\"},\"thumbnailUrl\":\"\",\"articleSection\":[\"Sociedad - Seguridad\"],\"inLanguage\":\"es\"},{\"@type\":\"WebPage\",\"@id\":\"https:\\\/\\\/www.eldiario.net\\\/portal\\\/2021\\\/08\\\/20\\\/califican-de-amedrentamiento-investigacion-contra-hija-de-anez\\\/\",\"url\":\"https:\\\/\\\/www.eldiario.net\\\/portal\\\/2021\\\/08\\\/20\\\/califican-de-amedrentamiento-investigacion-contra-hija-de-anez\\\/\",\"name\":\"Califican de \u201camedrentamiento\u201d investigaci\u00f3n contra hija de A\u00f1ez - El Diario - Bolivia\",\"isPartOf\":{\"@id\":\"https:\\\/\\\/www.eldiario.net\\\/portal\\\/#website\"},\"primaryImageOfPage\":{\"@id\":\"https:\\\/\\\/www.eldiario.net\\\/portal\\\/2021\\\/08\\\/20\\\/califican-de-amedrentamiento-investigacion-contra-hija-de-anez\\\/#primaryimage\"},\"image\":{\"@id\":\"https:\\\/\\\/www.eldiario.net\\\/portal\\\/2021\\\/08\\\/20\\\/califican-de-amedrentamiento-investigacion-contra-hija-de-anez\\\/#primaryimage\"},\"thumbnailUrl\":\"\",\"datePublished\":\"2021-08-20T07:09:18+00:00\",\"breadcrumb\":{\"@id\":\"https:\\\/\\\/www.eldiario.net\\\/portal\\\/2021\\\/08\\\/20\\\/califican-de-amedrentamiento-investigacion-contra-hija-de-anez\\\/#breadcrumb\"},\"inLanguage\":\"es\",\"potentialAction\":[{\"@type\":\"ReadAction\",\"target\":[\"https:\\\/\\\/www.eldiario.net\\\/portal\\\/2021\\\/08\\\/20\\\/califican-de-amedrentamiento-investigacion-contra-hija-de-anez\\\/\"]}]},{\"@type\":\"ImageObject\",\"inLanguage\":\"es\",\"@id\":\"https:\\\/\\\/www.eldiario.net\\\/portal\\\/2021\\\/08\\\/20\\\/califican-de-amedrentamiento-investigacion-contra-hija-de-anez\\\/#primaryimage\",\"url\":\"\",\"contentUrl\":\"\"},{\"@type\":\"BreadcrumbList\",\"@id\":\"https:\\\/\\\/www.eldiario.net\\\/portal\\\/2021\\\/08\\\/20\\\/califican-de-amedrentamiento-investigacion-contra-hija-de-anez\\\/#breadcrumb\",\"itemListElement\":[{\"@type\":\"ListItem\",\"position\":1,\"name\":\"Portada\",\"item\":\"https:\\\/\\\/www.eldiario.net\\\/portal\\\/\"},{\"@type\":\"ListItem\",\"position\":2,\"name\":\"Califican de \u201camedrentamiento\u201d investigaci\u00f3n contra hija de A\u00f1ez\"}]},{\"@type\":\"WebSite\",\"@id\":\"https:\\\/\\\/www.eldiario.net\\\/portal\\\/#website\",\"url\":\"https:\\\/\\\/www.eldiario.net\\\/portal\\\/\",\"name\":\"El Diario - Decano de la prensa nacional\",\"description\":\"El Diario - Decano de la prensa nacional\",\"publisher\":{\"@id\":\"https:\\\/\\\/www.eldiario.net\\\/portal\\\/#organization\"},\"potentialAction\":[{\"@type\":\"SearchAction\",\"target\":{\"@type\":\"EntryPoint\",\"urlTemplate\":\"https:\\\/\\\/www.eldiario.net\\\/portal\\\/?s={search_term_string}\"},\"query-input\":{\"@type\":\"PropertyValueSpecification\",\"valueRequired\":true,\"valueName\":\"search_term_string\"}}],\"inLanguage\":\"es\"},{\"@type\":\"Organization\",\"@id\":\"https:\\\/\\\/www.eldiario.net\\\/portal\\\/#organization\",\"name\":\"El Diario - Decano de la prensa nacional\",\"url\":\"https:\\\/\\\/www.eldiario.net\\\/portal\\\/\",\"logo\":{\"@type\":\"ImageObject\",\"inLanguage\":\"es\",\"@id\":\"https:\\\/\\\/www.eldiario.net\\\/portal\\\/#\\\/schema\\\/logo\\\/image\\\/\",\"url\":\"https:\\\/\\\/www.eldiario.net\\\/portal\\\/wp-content\\\/uploads\\\/2023\\\/07\\\/logo_ED.jpg\",\"contentUrl\":\"https:\\\/\\\/www.eldiario.net\\\/portal\\\/wp-content\\\/uploads\\\/2023\\\/07\\\/logo_ED.jpg\",\"width\":272,\"height\":52,\"caption\":\"El Diario - Decano de la prensa nacional\"},\"image\":{\"@id\":\"https:\\\/\\\/www.eldiario.net\\\/portal\\\/#\\\/schema\\\/logo\\\/image\\\/\"},\"sameAs\":[\"https:\\\/\\\/www.facebook.com\\\/eldiario.bolivia\\\/\",\"https:\\\/\\\/x.com\\\/eldiario_net\"]},{\"@type\":\"Person\",\"@id\":\"https:\\\/\\\/www.eldiario.net\\\/portal\\\/#\\\/schema\\\/person\\\/f46445640444750d7d753ccd04ae01b7\",\"name\":\"Jeanette\",\"image\":{\"@type\":\"ImageObject\",\"inLanguage\":\"es\",\"@id\":\"https:\\\/\\\/secure.gravatar.com\\\/avatar\\\/3ea2118a5f7dad2b7138b1187a6b7ee55f160b9968b66013c3a3ef39dd7e5798?s=96&d=mm&r=g\",\"url\":\"https:\\\/\\\/secure.gravatar.com\\\/avatar\\\/3ea2118a5f7dad2b7138b1187a6b7ee55f160b9968b66013c3a3ef39dd7e5798?s=96&d=mm&r=g\",\"contentUrl\":\"https:\\\/\\\/secure.gravatar.com\\\/avatar\\\/3ea2118a5f7dad2b7138b1187a6b7ee55f160b9968b66013c3a3ef39dd7e5798?s=96&d=mm&r=g\",\"caption\":\"Jeanette\"},\"sameAs\":[\"https:\\\/\\\/www.eldiario.net\\\/portal\"],\"url\":\"https:\\\/\\\/www.eldiario.net\\\/portal\\\/author\\\/jeanette\\\/\"}]}<\/script>\n<!-- \/ Yoast SEO plugin. -->","yoast_head_json":{"title":"Califican de \u201camedrentamiento\u201d investigaci\u00f3n contra hija de A\u00f1ez - El Diario - Bolivia","robots":{"index":"index","follow":"follow","max-snippet":"max-snippet:-1","max-image-preview":"max-image-preview:large","max-video-preview":"max-video-preview:-1"},"canonical":"https:\/\/www.eldiario.net\/portal\/2021\/08\/20\/califican-de-amedrentamiento-investigacion-contra-hija-de-anez\/","og_locale":"es_ES","og_type":"article","og_title":"Califican de \u201camedrentamiento\u201d investigaci\u00f3n contra hija de A\u00f1ez - El Diario - Bolivia","og_description":"Despu\u00e9s que el diputado del Movimiento al Socialismo (MAS), Omar Yujra, anunciara que se investigar\u00e1 a la hija de la expresidenta Jeanine A\u00f1ez, Carolina Ribera, por falta de registro de donaciones cuando ocup\u00f3 el cargo de la Unidad de Gesti\u00f3n Social, del Ministerio de la Presidencia, el exdiputado Amilcar Barral calific\u00f3 el extremo como un [&hellip;]","og_url":"https:\/\/www.eldiario.net\/portal\/2021\/08\/20\/califican-de-amedrentamiento-investigacion-contra-hija-de-anez\/","og_site_name":"El Diario - Bolivia","article_publisher":"https:\/\/www.facebook.com\/eldiario.bolivia\/","article_published_time":"2021-08-20T07:09:18+00:00","author":"Jeanette","twitter_card":"summary_large_image","twitter_creator":"@eldiario_net","twitter_site":"@eldiario_net","twitter_misc":{"Escrito por":"Jeanette","Tiempo de lectura":"3 minutos"},"schema":{"@context":"https:\/\/schema.org","@graph":[{"@type":"Article","@id":"https:\/\/www.eldiario.net\/portal\/2021\/08\/20\/califican-de-amedrentamiento-investigacion-contra-hija-de-anez\/#article","isPartOf":{"@id":"https:\/\/www.eldiario.net\/portal\/2021\/08\/20\/califican-de-amedrentamiento-investigacion-contra-hija-de-anez\/"},"author":{"name":"Jeanette","@id":"https:\/\/www.eldiario.net\/portal\/#\/schema\/person\/f46445640444750d7d753ccd04ae01b7"},"headline":"Califican de \u201camedrentamiento\u201d investigaci\u00f3n contra hija de A\u00f1ez","datePublished":"2021-08-20T07:09:18+00:00","mainEntityOfPage":{"@id":"https:\/\/www.eldiario.net\/portal\/2021\/08\/20\/califican-de-amedrentamiento-investigacion-contra-hija-de-anez\/"},"wordCount":588,"publisher":{"@id":"https:\/\/www.eldiario.net\/portal\/#organization"},"image":{"@id":"https:\/\/www.eldiario.net\/portal\/2021\/08\/20\/califican-de-amedrentamiento-investigacion-contra-hija-de-anez\/#primaryimage"},"thumbnailUrl":"","articleSection":["Sociedad - Seguridad"],"inLanguage":"es"},{"@type":"WebPage","@id":"https:\/\/www.eldiario.net\/portal\/2021\/08\/20\/califican-de-amedrentamiento-investigacion-contra-hija-de-anez\/","url":"https:\/\/www.eldiario.net\/portal\/2021\/08\/20\/califican-de-amedrentamiento-investigacion-contra-hija-de-anez\/","name":"Califican de \u201camedrentamiento\u201d investigaci\u00f3n contra hija de A\u00f1ez - El Diario - Bolivia","isPartOf":{"@id":"https:\/\/www.eldiario.net\/portal\/#website"},"primaryImageOfPage":{"@id":"https:\/\/www.eldiario.net\/portal\/2021\/08\/20\/califican-de-amedrentamiento-investigacion-contra-hija-de-anez\/#primaryimage"},"image":{"@id":"https:\/\/www.eldiario.net\/portal\/2021\/08\/20\/califican-de-amedrentamiento-investigacion-contra-hija-de-anez\/#primaryimage"},"thumbnailUrl":"","datePublished":"2021-08-20T07:09:18+00:00","breadcrumb":{"@id":"https:\/\/www.eldiario.net\/portal\/2021\/08\/20\/califican-de-amedrentamiento-investigacion-contra-hija-de-anez\/#breadcrumb"},"inLanguage":"es","potentialAction":[{"@type":"ReadAction","target":["https:\/\/www.eldiario.net\/portal\/2021\/08\/20\/califican-de-amedrentamiento-investigacion-contra-hija-de-anez\/"]}]},{"@type":"ImageObject","inLanguage":"es","@id":"https:\/\/www.eldiario.net\/portal\/2021\/08\/20\/califican-de-amedrentamiento-investigacion-contra-hija-de-anez\/#primaryimage","url":"","contentUrl":""},{"@type":"BreadcrumbList","@id":"https:\/\/www.eldiario.net\/portal\/2021\/08\/20\/califican-de-amedrentamiento-investigacion-contra-hija-de-anez\/#breadcrumb","itemListElement":[{"@type":"ListItem","position":1,"name":"Portada","item":"https:\/\/www.eldiario.net\/portal\/"},{"@type":"ListItem","position":2,"name":"Califican de \u201camedrentamiento\u201d investigaci\u00f3n contra hija de A\u00f1ez"}]},{"@type":"WebSite","@id":"https:\/\/www.eldiario.net\/portal\/#website","url":"https:\/\/www.eldiario.net\/portal\/","name":"El Diario - Decano de la prensa nacional","description":"El Diario - Decano de la prensa nacional","publisher":{"@id":"https:\/\/www.eldiario.net\/portal\/#organization"},"potentialAction":[{"@type":"SearchAction","target":{"@type":"EntryPoint","urlTemplate":"https:\/\/www.eldiario.net\/portal\/?s={search_term_string}"},"query-input":{"@type":"PropertyValueSpecification","valueRequired":true,"valueName":"search_term_string"}}],"inLanguage":"es"},{"@type":"Organization","@id":"https:\/\/www.eldiario.net\/portal\/#organization","name":"El Diario - Decano de la prensa nacional","url":"https:\/\/www.eldiario.net\/portal\/","logo":{"@type":"ImageObject","inLanguage":"es","@id":"https:\/\/www.eldiario.net\/portal\/#\/schema\/logo\/image\/","url":"https:\/\/www.eldiario.net\/portal\/wp-content\/uploads\/2023\/07\/logo_ED.jpg","contentUrl":"https:\/\/www.eldiario.net\/portal\/wp-content\/uploads\/2023\/07\/logo_ED.jpg","width":272,"height":52,"caption":"El Diario - Decano de la prensa nacional"},"image":{"@id":"https:\/\/www.eldiario.net\/portal\/#\/schema\/logo\/image\/"},"sameAs":["https:\/\/www.facebook.com\/eldiario.bolivia\/","https:\/\/x.com\/eldiario_net"]},{"@type":"Person","@id":"https:\/\/www.eldiario.net\/portal\/#\/schema\/person\/f46445640444750d7d753ccd04ae01b7","name":"Jeanette","image":{"@type":"ImageObject","inLanguage":"es","@id":"https:\/\/secure.gravatar.com\/avatar\/3ea2118a5f7dad2b7138b1187a6b7ee55f160b9968b66013c3a3ef39dd7e5798?s=96&d=mm&r=g","url":"https:\/\/secure.gravatar.com\/avatar\/3ea2118a5f7dad2b7138b1187a6b7ee55f160b9968b66013c3a3ef39dd7e5798?s=96&d=mm&r=g","contentUrl":"https:\/\/secure.gravatar.com\/avatar\/3ea2118a5f7dad2b7138b1187a6b7ee55f160b9968b66013c3a3ef39dd7e5798?s=96&d=mm&r=g","caption":"Jeanette"},"sameAs":["https:\/\/www.eldiario.net\/portal"],"url":"https:\/\/www.eldiario.net\/portal\/author\/jeanette\/"}]}},"_links":{"self":[{"href":"https:\/\/www.eldiario.net\/portal\/wp-json\/wp\/v2\/posts\/24560","targetHints":{"allow":["GET"]}}],"collection":[{"href":"https:\/\/www.eldiario.net\/portal\/wp-json\/wp\/v2\/posts"}],"about":[{"href":"https:\/\/www.eldiario.net\/portal\/wp-json\/wp\/v2\/types\/post"}],"author":[{"embeddable":true,"href":"https:\/\/www.eldiario.net\/portal\/wp-json\/wp\/v2\/users\/1"}],"replies":[{"embeddable":true,"href":"https:\/\/www.eldiario.net\/portal\/wp-json\/wp\/v2\/comments?post=24560"}],"version-history":[{"count":0,"href":"https:\/\/www.eldiario.net\/portal\/wp-json\/wp\/v2\/posts\/24560\/revisions"}],"wp:attachment":[{"href":"https:\/\/www.eldiario.net\/portal\/wp-json\/wp\/v2\/media?parent=24560"}],"wp:term":[{"taxonomy":"category","embeddable":true,"href":"https:\/\/www.eldiario.net\/portal\/wp-json\/wp\/v2\/categories?post=24560"},{"taxonomy":"post_tag","embeddable":true,"href":"https:\/\/www.eldiario.net\/portal\/wp-json\/wp\/v2\/tags?post=24560"}],"curies":[{"name":"wp","href":"https:\/\/api.w.org\/{rel}","templated":true}]}}