{"id":24557,"date":"2021-08-20T03:08:20","date_gmt":"2021-08-20T07:08:20","guid":{"rendered":"https:\/\/www.eldiario.net\/portal\/?p=24557"},"modified":"2021-08-20T03:08:20","modified_gmt":"2021-08-20T07:08:20","slug":"denuncian-a-sujeto-que-agredio-y-amenazo-a-guardia-municipal","status":"publish","type":"post","link":"https:\/\/www.eldiario.net\/portal\/2021\/08\/20\/denuncian-a-sujeto-que-agredio-y-amenazo-a-guardia-municipal\/","title":{"rendered":"Denuncian a sujeto que agredi\u00f3 y amenaz\u00f3 a Guardia Municipal"},"content":{"rendered":"<p>El sujeto que agredi\u00f3 y amenaz\u00f3 a una uniformada de la Guardia Municipal de Transporte, el mi\u00e9rcoles, fue denunciado por intento de feminicidio, aunque no se descarta ampliar los tipos penales, inform\u00f3 a EL DIARIO el director de Asuntos Jur\u00eddicos del Gobierno Aut\u00f3nomo Municipal de La Paz (Gamlp), Jos\u00e9 Antonio Gonzales.<br \/>\n\u201cSe ha podido colectar algunos indicios gracias al n\u00famero de la placa y por las redes sociales de manera extraoficial nos dieron alguna informaci\u00f3n y el nombre del propietario del veh\u00edculo con los cuales se ha presentado una denuncia contra este se\u00f1or por la tentativa de feminicidio\u201d, dijo Gonzales.<br \/>\nEl pasado mi\u00e9rcoles, un hombre, vestido de negro y sin barbijo, que dej\u00f3 su veh\u00edculo con gui\u00f1adores prendidos frente a Multicine en la parte izquierda de la avenida Arce, entre Pinilla y Gosalvez, agredi\u00f3 con palabras irreproducibles a una guardia municipal de transporte y la amenaz\u00f3 cuando la uniformada estaba a punto de inmovilizar su motorizado por haber estacionado de manera irregular.<br \/>\n\u201cTe estoy hablando claro, me engrampas no respondo\u201d, grit\u00f3 este conductor, adem\u00e1s de otros insultos irreproducibles hacia la funcionaria municipal. En todo momento, esta persona mostr\u00f3 una actitud agresiva hacia ella e incluso luego de subir a su autom\u00f3vil y comenzar a alejarse sigui\u00f3 insult\u00e1ndola, como se observa y se escucha en el video que fue difundido en redes sociales.<\/p>\n","protected":false},"excerpt":{"rendered":"<p>El sujeto que agredi\u00f3 y amenaz\u00f3 a una uniformada de la Guardia Municipal de Transporte, el mi\u00e9rcoles, fue denunciado por intento de feminicidio, aunque no se descarta ampliar los tipos penales, inform\u00f3 a EL DIARIO el director de Asuntos Jur\u00eddicos del Gobierno Aut\u00f3nomo Municipal de La Paz (Gamlp), Jos\u00e9 Antonio Gonzales. \u201cSe ha podido colectar [&hellip;]<\/p>\n","protected":false},"author":1,"featured_media":24558,"comment_status":"closed","ping_status":"closed","sticky":false,"template":"","format":"standard","meta":{"_acf_changed":false,"footnotes":""},"categories":[39],"tags":[],"class_list":["post-24557","post","type-post","status-publish","format-standard","has-post-thumbnail","category-sociedad"],"acf":{"antetitulo":""},"yoast_head":"<!-- This site is optimized with the Yoast SEO plugin v28.4 - https:\/\/yoast.com\/product\/yoast-seo-wordpress\/ -->\n<title>Denuncian a sujeto que agredi\u00f3 y amenaz\u00f3 a Guardia Municipal - El Diario - Bolivia<\/title>\n<meta name=\"robots\" content=\"index, follow, max-snippet:-1, max-image-preview:large, max-video-preview:-1\" \/>\n<link rel=\"canonical\" href=\"https:\/\/www.eldiario.net\/portal\/2021\/08\/20\/denuncian-a-sujeto-que-agredio-y-amenazo-a-guardia-municipal\/\" \/>\n<meta property=\"og:locale\" content=\"es_ES\" \/>\n<meta property=\"og:type\" content=\"article\" \/>\n<meta property=\"og:title\" content=\"Denuncian a sujeto que agredi\u00f3 y amenaz\u00f3 a Guardia Municipal - El Diario - Bolivia\" \/>\n<meta property=\"og:description\" content=\"El sujeto que agredi\u00f3 y amenaz\u00f3 a una uniformada de la Guardia Municipal de Transporte, el mi\u00e9rcoles, fue denunciado por intento de feminicidio, aunque no se descarta ampliar los tipos penales, inform\u00f3 a EL DIARIO el director de Asuntos Jur\u00eddicos del Gobierno Aut\u00f3nomo Municipal de La Paz (Gamlp), Jos\u00e9 Antonio Gonzales. \u201cSe ha podido colectar [&hellip;]\" \/>\n<meta property=\"og:url\" content=\"https:\/\/www.eldiario.net\/portal\/2021\/08\/20\/denuncian-a-sujeto-que-agredio-y-amenazo-a-guardia-municipal\/\" \/>\n<meta property=\"og:site_name\" content=\"El Diario - Bolivia\" \/>\n<meta property=\"article:publisher\" content=\"https:\/\/www.facebook.com\/eldiario.bolivia\/\" \/>\n<meta property=\"article:published_time\" content=\"2021-08-20T07:08:20+00:00\" \/>\n<meta name=\"author\" content=\"Jeanette\" \/>\n<meta name=\"twitter:card\" content=\"summary_large_image\" \/>\n<meta name=\"twitter:creator\" content=\"@eldiario_net\" \/>\n<meta name=\"twitter:site\" content=\"@eldiario_net\" \/>\n<meta name=\"twitter:label1\" content=\"Escrito por\" \/>\n\t<meta name=\"twitter:data1\" content=\"Jeanette\" \/>\n\t<meta name=\"twitter:label2\" content=\"Tiempo de lectura\" \/>\n\t<meta name=\"twitter:data2\" content=\"1 minuto\" \/>\n<script type=\"application\/ld+json\" class=\"yoast-schema-graph\">{\"@context\":\"https:\\\/\\\/schema.org\",\"@graph\":[{\"@type\":\"Article\",\"@id\":\"https:\\\/\\\/www.eldiario.net\\\/portal\\\/2021\\\/08\\\/20\\\/denuncian-a-sujeto-que-agredio-y-amenazo-a-guardia-municipal\\\/#article\",\"isPartOf\":{\"@id\":\"https:\\\/\\\/www.eldiario.net\\\/portal\\\/2021\\\/08\\\/20\\\/denuncian-a-sujeto-que-agredio-y-amenazo-a-guardia-municipal\\\/\"},\"author\":{\"name\":\"Jeanette\",\"@id\":\"https:\\\/\\\/www.eldiario.net\\\/portal\\\/#\\\/schema\\\/person\\\/f46445640444750d7d753ccd04ae01b7\"},\"headline\":\"Denuncian a sujeto que agredi\u00f3 y amenaz\u00f3 a Guardia Municipal\",\"datePublished\":\"2021-08-20T07:08:20+00:00\",\"mainEntityOfPage\":{\"@id\":\"https:\\\/\\\/www.eldiario.net\\\/portal\\\/2021\\\/08\\\/20\\\/denuncian-a-sujeto-que-agredio-y-amenazo-a-guardia-municipal\\\/\"},\"wordCount\":245,\"publisher\":{\"@id\":\"https:\\\/\\\/www.eldiario.net\\\/portal\\\/#organization\"},\"image\":{\"@id\":\"https:\\\/\\\/www.eldiario.net\\\/portal\\\/2021\\\/08\\\/20\\\/denuncian-a-sujeto-que-agredio-y-amenazo-a-guardia-municipal\\\/#primaryimage\"},\"thumbnailUrl\":\"\",\"articleSection\":[\"Sociedad - Seguridad\"],\"inLanguage\":\"es\"},{\"@type\":\"WebPage\",\"@id\":\"https:\\\/\\\/www.eldiario.net\\\/portal\\\/2021\\\/08\\\/20\\\/denuncian-a-sujeto-que-agredio-y-amenazo-a-guardia-municipal\\\/\",\"url\":\"https:\\\/\\\/www.eldiario.net\\\/portal\\\/2021\\\/08\\\/20\\\/denuncian-a-sujeto-que-agredio-y-amenazo-a-guardia-municipal\\\/\",\"name\":\"Denuncian a sujeto que agredi\u00f3 y amenaz\u00f3 a Guardia Municipal - El Diario - Bolivia\",\"isPartOf\":{\"@id\":\"https:\\\/\\\/www.eldiario.net\\\/portal\\\/#website\"},\"primaryImageOfPage\":{\"@id\":\"https:\\\/\\\/www.eldiario.net\\\/portal\\\/2021\\\/08\\\/20\\\/denuncian-a-sujeto-que-agredio-y-amenazo-a-guardia-municipal\\\/#primaryimage\"},\"image\":{\"@id\":\"https:\\\/\\\/www.eldiario.net\\\/portal\\\/2021\\\/08\\\/20\\\/denuncian-a-sujeto-que-agredio-y-amenazo-a-guardia-municipal\\\/#primaryimage\"},\"thumbnailUrl\":\"\",\"datePublished\":\"2021-08-20T07:08:20+00:00\",\"breadcrumb\":{\"@id\":\"https:\\\/\\\/www.eldiario.net\\\/portal\\\/2021\\\/08\\\/20\\\/denuncian-a-sujeto-que-agredio-y-amenazo-a-guardia-municipal\\\/#breadcrumb\"},\"inLanguage\":\"es\",\"potentialAction\":[{\"@type\":\"ReadAction\",\"target\":[\"https:\\\/\\\/www.eldiario.net\\\/portal\\\/2021\\\/08\\\/20\\\/denuncian-a-sujeto-que-agredio-y-amenazo-a-guardia-municipal\\\/\"]}]},{\"@type\":\"ImageObject\",\"inLanguage\":\"es\",\"@id\":\"https:\\\/\\\/www.eldiario.net\\\/portal\\\/2021\\\/08\\\/20\\\/denuncian-a-sujeto-que-agredio-y-amenazo-a-guardia-municipal\\\/#primaryimage\",\"url\":\"\",\"contentUrl\":\"\"},{\"@type\":\"BreadcrumbList\",\"@id\":\"https:\\\/\\\/www.eldiario.net\\\/portal\\\/2021\\\/08\\\/20\\\/denuncian-a-sujeto-que-agredio-y-amenazo-a-guardia-municipal\\\/#breadcrumb\",\"itemListElement\":[{\"@type\":\"ListItem\",\"position\":1,\"name\":\"Portada\",\"item\":\"https:\\\/\\\/www.eldiario.net\\\/portal\\\/\"},{\"@type\":\"ListItem\",\"position\":2,\"name\":\"Denuncian a sujeto que agredi\u00f3 y amenaz\u00f3 a Guardia Municipal\"}]},{\"@type\":\"WebSite\",\"@id\":\"https:\\\/\\\/www.eldiario.net\\\/portal\\\/#website\",\"url\":\"https:\\\/\\\/www.eldiario.net\\\/portal\\\/\",\"name\":\"El Diario - Decano de la prensa nacional\",\"description\":\"El Diario - Decano de la prensa nacional\",\"publisher\":{\"@id\":\"https:\\\/\\\/www.eldiario.net\\\/portal\\\/#organization\"},\"potentialAction\":[{\"@type\":\"SearchAction\",\"target\":{\"@type\":\"EntryPoint\",\"urlTemplate\":\"https:\\\/\\\/www.eldiario.net\\\/portal\\\/?s={search_term_string}\"},\"query-input\":{\"@type\":\"PropertyValueSpecification\",\"valueRequired\":true,\"valueName\":\"search_term_string\"}}],\"inLanguage\":\"es\"},{\"@type\":\"Organization\",\"@id\":\"https:\\\/\\\/www.eldiario.net\\\/portal\\\/#organization\",\"name\":\"El Diario - Decano de la prensa nacional\",\"url\":\"https:\\\/\\\/www.eldiario.net\\\/portal\\\/\",\"logo\":{\"@type\":\"ImageObject\",\"inLanguage\":\"es\",\"@id\":\"https:\\\/\\\/www.eldiario.net\\\/portal\\\/#\\\/schema\\\/logo\\\/image\\\/\",\"url\":\"https:\\\/\\\/www.eldiario.net\\\/portal\\\/wp-content\\\/uploads\\\/2023\\\/07\\\/logo_ED.jpg\",\"contentUrl\":\"https:\\\/\\\/www.eldiario.net\\\/portal\\\/wp-content\\\/uploads\\\/2023\\\/07\\\/logo_ED.jpg\",\"width\":272,\"height\":52,\"caption\":\"El Diario - Decano de la prensa nacional\"},\"image\":{\"@id\":\"https:\\\/\\\/www.eldiario.net\\\/portal\\\/#\\\/schema\\\/logo\\\/image\\\/\"},\"sameAs\":[\"https:\\\/\\\/www.facebook.com\\\/eldiario.bolivia\\\/\",\"https:\\\/\\\/x.com\\\/eldiario_net\"]},{\"@type\":\"Person\",\"@id\":\"https:\\\/\\\/www.eldiario.net\\\/portal\\\/#\\\/schema\\\/person\\\/f46445640444750d7d753ccd04ae01b7\",\"name\":\"Jeanette\",\"image\":{\"@type\":\"ImageObject\",\"inLanguage\":\"es\",\"@id\":\"https:\\\/\\\/secure.gravatar.com\\\/avatar\\\/3ea2118a5f7dad2b7138b1187a6b7ee55f160b9968b66013c3a3ef39dd7e5798?s=96&d=mm&r=g\",\"url\":\"https:\\\/\\\/secure.gravatar.com\\\/avatar\\\/3ea2118a5f7dad2b7138b1187a6b7ee55f160b9968b66013c3a3ef39dd7e5798?s=96&d=mm&r=g\",\"contentUrl\":\"https:\\\/\\\/secure.gravatar.com\\\/avatar\\\/3ea2118a5f7dad2b7138b1187a6b7ee55f160b9968b66013c3a3ef39dd7e5798?s=96&d=mm&r=g\",\"caption\":\"Jeanette\"},\"sameAs\":[\"https:\\\/\\\/www.eldiario.net\\\/portal\"],\"url\":\"https:\\\/\\\/www.eldiario.net\\\/portal\\\/author\\\/jeanette\\\/\"}]}<\/script>\n<!-- \/ Yoast SEO plugin. -->","yoast_head_json":{"title":"Denuncian a sujeto que agredi\u00f3 y amenaz\u00f3 a Guardia Municipal - El Diario - Bolivia","robots":{"index":"index","follow":"follow","max-snippet":"max-snippet:-1","max-image-preview":"max-image-preview:large","max-video-preview":"max-video-preview:-1"},"canonical":"https:\/\/www.eldiario.net\/portal\/2021\/08\/20\/denuncian-a-sujeto-que-agredio-y-amenazo-a-guardia-municipal\/","og_locale":"es_ES","og_type":"article","og_title":"Denuncian a sujeto que agredi\u00f3 y amenaz\u00f3 a Guardia Municipal - El Diario - Bolivia","og_description":"El sujeto que agredi\u00f3 y amenaz\u00f3 a una uniformada de la Guardia Municipal de Transporte, el mi\u00e9rcoles, fue denunciado por intento de feminicidio, aunque no se descarta ampliar los tipos penales, inform\u00f3 a EL DIARIO el director de Asuntos Jur\u00eddicos del Gobierno Aut\u00f3nomo Municipal de La Paz (Gamlp), Jos\u00e9 Antonio Gonzales. \u201cSe ha podido colectar [&hellip;]","og_url":"https:\/\/www.eldiario.net\/portal\/2021\/08\/20\/denuncian-a-sujeto-que-agredio-y-amenazo-a-guardia-municipal\/","og_site_name":"El Diario - Bolivia","article_publisher":"https:\/\/www.facebook.com\/eldiario.bolivia\/","article_published_time":"2021-08-20T07:08:20+00:00","author":"Jeanette","twitter_card":"summary_large_image","twitter_creator":"@eldiario_net","twitter_site":"@eldiario_net","twitter_misc":{"Escrito por":"Jeanette","Tiempo de lectura":"1 minuto"},"schema":{"@context":"https:\/\/schema.org","@graph":[{"@type":"Article","@id":"https:\/\/www.eldiario.net\/portal\/2021\/08\/20\/denuncian-a-sujeto-que-agredio-y-amenazo-a-guardia-municipal\/#article","isPartOf":{"@id":"https:\/\/www.eldiario.net\/portal\/2021\/08\/20\/denuncian-a-sujeto-que-agredio-y-amenazo-a-guardia-municipal\/"},"author":{"name":"Jeanette","@id":"https:\/\/www.eldiario.net\/portal\/#\/schema\/person\/f46445640444750d7d753ccd04ae01b7"},"headline":"Denuncian a sujeto que agredi\u00f3 y amenaz\u00f3 a Guardia Municipal","datePublished":"2021-08-20T07:08:20+00:00","mainEntityOfPage":{"@id":"https:\/\/www.eldiario.net\/portal\/2021\/08\/20\/denuncian-a-sujeto-que-agredio-y-amenazo-a-guardia-municipal\/"},"wordCount":245,"publisher":{"@id":"https:\/\/www.eldiario.net\/portal\/#organization"},"image":{"@id":"https:\/\/www.eldiario.net\/portal\/2021\/08\/20\/denuncian-a-sujeto-que-agredio-y-amenazo-a-guardia-municipal\/#primaryimage"},"thumbnailUrl":"","articleSection":["Sociedad - Seguridad"],"inLanguage":"es"},{"@type":"WebPage","@id":"https:\/\/www.eldiario.net\/portal\/2021\/08\/20\/denuncian-a-sujeto-que-agredio-y-amenazo-a-guardia-municipal\/","url":"https:\/\/www.eldiario.net\/portal\/2021\/08\/20\/denuncian-a-sujeto-que-agredio-y-amenazo-a-guardia-municipal\/","name":"Denuncian a sujeto que agredi\u00f3 y amenaz\u00f3 a Guardia Municipal - El Diario - Bolivia","isPartOf":{"@id":"https:\/\/www.eldiario.net\/portal\/#website"},"primaryImageOfPage":{"@id":"https:\/\/www.eldiario.net\/portal\/2021\/08\/20\/denuncian-a-sujeto-que-agredio-y-amenazo-a-guardia-municipal\/#primaryimage"},"image":{"@id":"https:\/\/www.eldiario.net\/portal\/2021\/08\/20\/denuncian-a-sujeto-que-agredio-y-amenazo-a-guardia-municipal\/#primaryimage"},"thumbnailUrl":"","datePublished":"2021-08-20T07:08:20+00:00","breadcrumb":{"@id":"https:\/\/www.eldiario.net\/portal\/2021\/08\/20\/denuncian-a-sujeto-que-agredio-y-amenazo-a-guardia-municipal\/#breadcrumb"},"inLanguage":"es","potentialAction":[{"@type":"ReadAction","target":["https:\/\/www.eldiario.net\/portal\/2021\/08\/20\/denuncian-a-sujeto-que-agredio-y-amenazo-a-guardia-municipal\/"]}]},{"@type":"ImageObject","inLanguage":"es","@id":"https:\/\/www.eldiario.net\/portal\/2021\/08\/20\/denuncian-a-sujeto-que-agredio-y-amenazo-a-guardia-municipal\/#primaryimage","url":"","contentUrl":""},{"@type":"BreadcrumbList","@id":"https:\/\/www.eldiario.net\/portal\/2021\/08\/20\/denuncian-a-sujeto-que-agredio-y-amenazo-a-guardia-municipal\/#breadcrumb","itemListElement":[{"@type":"ListItem","position":1,"name":"Portada","item":"https:\/\/www.eldiario.net\/portal\/"},{"@type":"ListItem","position":2,"name":"Denuncian a sujeto que agredi\u00f3 y amenaz\u00f3 a Guardia Municipal"}]},{"@type":"WebSite","@id":"https:\/\/www.eldiario.net\/portal\/#website","url":"https:\/\/www.eldiario.net\/portal\/","name":"El Diario - Decano de la prensa nacional","description":"El Diario - Decano de la prensa nacional","publisher":{"@id":"https:\/\/www.eldiario.net\/portal\/#organization"},"potentialAction":[{"@type":"SearchAction","target":{"@type":"EntryPoint","urlTemplate":"https:\/\/www.eldiario.net\/portal\/?s={search_term_string}"},"query-input":{"@type":"PropertyValueSpecification","valueRequired":true,"valueName":"search_term_string"}}],"inLanguage":"es"},{"@type":"Organization","@id":"https:\/\/www.eldiario.net\/portal\/#organization","name":"El Diario - Decano de la prensa nacional","url":"https:\/\/www.eldiario.net\/portal\/","logo":{"@type":"ImageObject","inLanguage":"es","@id":"https:\/\/www.eldiario.net\/portal\/#\/schema\/logo\/image\/","url":"https:\/\/www.eldiario.net\/portal\/wp-content\/uploads\/2023\/07\/logo_ED.jpg","contentUrl":"https:\/\/www.eldiario.net\/portal\/wp-content\/uploads\/2023\/07\/logo_ED.jpg","width":272,"height":52,"caption":"El Diario - Decano de la prensa nacional"},"image":{"@id":"https:\/\/www.eldiario.net\/portal\/#\/schema\/logo\/image\/"},"sameAs":["https:\/\/www.facebook.com\/eldiario.bolivia\/","https:\/\/x.com\/eldiario_net"]},{"@type":"Person","@id":"https:\/\/www.eldiario.net\/portal\/#\/schema\/person\/f46445640444750d7d753ccd04ae01b7","name":"Jeanette","image":{"@type":"ImageObject","inLanguage":"es","@id":"https:\/\/secure.gravatar.com\/avatar\/3ea2118a5f7dad2b7138b1187a6b7ee55f160b9968b66013c3a3ef39dd7e5798?s=96&d=mm&r=g","url":"https:\/\/secure.gravatar.com\/avatar\/3ea2118a5f7dad2b7138b1187a6b7ee55f160b9968b66013c3a3ef39dd7e5798?s=96&d=mm&r=g","contentUrl":"https:\/\/secure.gravatar.com\/avatar\/3ea2118a5f7dad2b7138b1187a6b7ee55f160b9968b66013c3a3ef39dd7e5798?s=96&d=mm&r=g","caption":"Jeanette"},"sameAs":["https:\/\/www.eldiario.net\/portal"],"url":"https:\/\/www.eldiario.net\/portal\/author\/jeanette\/"}]}},"_links":{"self":[{"href":"https:\/\/www.eldiario.net\/portal\/wp-json\/wp\/v2\/posts\/24557","targetHints":{"allow":["GET"]}}],"collection":[{"href":"https:\/\/www.eldiario.net\/portal\/wp-json\/wp\/v2\/posts"}],"about":[{"href":"https:\/\/www.eldiario.net\/portal\/wp-json\/wp\/v2\/types\/post"}],"author":[{"embeddable":true,"href":"https:\/\/www.eldiario.net\/portal\/wp-json\/wp\/v2\/users\/1"}],"replies":[{"embeddable":true,"href":"https:\/\/www.eldiario.net\/portal\/wp-json\/wp\/v2\/comments?post=24557"}],"version-history":[{"count":0,"href":"https:\/\/www.eldiario.net\/portal\/wp-json\/wp\/v2\/posts\/24557\/revisions"}],"wp:attachment":[{"href":"https:\/\/www.eldiario.net\/portal\/wp-json\/wp\/v2\/media?parent=24557"}],"wp:term":[{"taxonomy":"category","embeddable":true,"href":"https:\/\/www.eldiario.net\/portal\/wp-json\/wp\/v2\/categories?post=24557"},{"taxonomy":"post_tag","embeddable":true,"href":"https:\/\/www.eldiario.net\/portal\/wp-json\/wp\/v2\/tags?post=24557"}],"curies":[{"name":"wp","href":"https:\/\/api.w.org\/{rel}","templated":true}]}}