{"id":24548,"date":"2021-08-20T03:04:54","date_gmt":"2021-08-20T07:04:54","guid":{"rendered":"https:\/\/www.eldiario.net\/portal\/?p=24548"},"modified":"2021-08-20T03:04:54","modified_gmt":"2021-08-20T07:04:54","slug":"llegada-de-500-000-vacunas-sufre-breve-retraso-en-ciudad-china","status":"publish","type":"post","link":"https:\/\/www.eldiario.net\/portal\/2021\/08\/20\/llegada-de-500-000-vacunas-sufre-breve-retraso-en-ciudad-china\/","title":{"rendered":"Llegada de 500.000 vacunas sufre  \u201cbreve retraso\u201d en ciudad china"},"content":{"rendered":"<p>Durante estos d\u00edas se ten\u00eda prevista la llegada de cerca de 500.000 dosis de la vacuna contra el covid-19 Sinopharm al pa\u00eds, sin embargo, debido a inconvenientes log\u00edsticos en el aeropuerto de Beijing, China, sufrir\u00e1n un \u201cbreve retraso\u201d y se espera que se regularice hasta la pr\u00f3xima semana.<br \/>\nEl viceministro de Comercio Exterior e Integraci\u00f3n, Benjam\u00edn Blanco, inform\u00f3 que la terminal a\u00e9rea del pa\u00eds asi\u00e1tico se encuentra \u201ccerrada\u201d y, debido a esta situaci\u00f3n, no se encuentran disponibles los almacenes de las vacunas.<br \/>\n\u201cEs un breve retraso que vamos a tener con las vacunas Sinopharm, sin embargo, debemos destacar de que tenemos una cantidad importante ya de vacunas que han llegado a nuestro pa\u00eds, nos falta todav\u00eda recoger 3,3 millones\u201d, afirm\u00f3.<br \/>\nBlanco dijo que se eval\u00faa que en los siguientes vuelos se pueda transportar una mayor cantidad de inyectables para compensar el retraso de este lote que busca continuar con el plan de vacunaci\u00f3n en el pa\u00eds.<br \/>\nAguarda que en los pr\u00f3ximos d\u00edas ya pueda solucionar los inconvenientes en la terminal a\u00e9rea y asegur\u00f3 que no es un problema del Gobierno boliviano ni de la empresa farmac\u00e9utica china Sinopharm, report\u00f3 Erbol.<br \/>\nPor otro lado, la vacunaci\u00f3n contra el coronavirus en el municipio de La Paz avanza favorablemente. El Servicio Departamental de Salud (Sedes) inform\u00f3 que en la sede de Gobierno el 80 % de los ciudadanos ya est\u00e1 vacunado con la primera dosis.<br \/>\nMayber Aparicio, director del Sedes, explic\u00f3 que debido al alcance de la vacunaci\u00f3n con primera dosis es evidente que baje la cantidad de ciudadanos que acuden a los centros habilitados para la inmunizaci\u00f3n.<br \/>\n\u201cInicialmente ha bajado (la vacuna con primeras dosis) porque hemos alcanzado el 80 % de vacunaci\u00f3n, obviamente tiene que bajar en la ciudad de La Paz porque ya solo queda una poblaci\u00f3n muy peque\u00f1a que no se est\u00e1 vacunando y obviamente esta poblaci\u00f3n no se vacuna por varias situaciones, primero porque seguramente no se quiere vacunar debido a que la vacunaci\u00f3n es un acto personal, individual y aceptado por las personas\u201d, explic\u00f3.<br \/>\nSobre la situaci\u00f3n en la ciudad de El Alto, el doctor indic\u00f3 que se est\u00e1 llegando al 40 %.<br \/>\nConsultado sobre la vacunaci\u00f3n en otros municipios, principalmente en el \u00e1rea rural, el doctor indic\u00f3 que debido a que la poblaci\u00f3n es dispersa en esos sectores rurales la vacunaci\u00f3n anticovid ser\u00e1 relativamente lenta. Dijo que la vacunaci\u00f3n en el \u00e1rea rural lleg\u00f3 al 30 %, reflej\u00f3 Urgente.bo.<br \/>\n\u201cEn las ciudades principales o intermedias s\u00ed se est\u00e1n haciendo actividades en campa\u00f1a de vacunaci\u00f3n, se ha hecho en Viacha, Achacachi, Achocalla, etc.\u201d, acot\u00f3.<br \/>\nAparicio aclar\u00f3 que las vacunas son distribuidas a todos los establecimientos de salud del departamento de La Paz para que sean aplicadas a la poblaci\u00f3n pace\u00f1a en general.<\/p>\n","protected":false},"excerpt":{"rendered":"<p>Durante estos d\u00edas se ten\u00eda prevista la llegada de cerca de 500.000 dosis de la vacuna contra el covid-19 Sinopharm al pa\u00eds, sin embargo, debido a inconvenientes log\u00edsticos en el aeropuerto de Beijing, China, sufrir\u00e1n un \u201cbreve retraso\u201d y se espera que se regularice hasta la pr\u00f3xima semana. El viceministro de Comercio Exterior e Integraci\u00f3n, [&hellip;]<\/p>\n","protected":false},"author":1,"featured_media":24549,"comment_status":"closed","ping_status":"closed","sticky":false,"template":"","format":"standard","meta":{"_acf_changed":false,"footnotes":""},"categories":[12],"tags":[],"class_list":["post-24548","post","type-post","status-publish","format-standard","has-post-thumbnail","category-nacional"],"acf":{"antetitulo":""},"yoast_head":"<!-- This site is optimized with the Yoast SEO plugin v28.4 - https:\/\/yoast.com\/product\/yoast-seo-wordpress\/ -->\n<title>Llegada de 500.000 vacunas sufre \u201cbreve retraso\u201d en ciudad china - El Diario - Bolivia<\/title>\n<meta name=\"robots\" content=\"index, follow, max-snippet:-1, max-image-preview:large, max-video-preview:-1\" \/>\n<link rel=\"canonical\" href=\"https:\/\/www.eldiario.net\/portal\/2021\/08\/20\/llegada-de-500-000-vacunas-sufre-breve-retraso-en-ciudad-china\/\" \/>\n<meta property=\"og:locale\" content=\"es_ES\" \/>\n<meta property=\"og:type\" content=\"article\" \/>\n<meta property=\"og:title\" content=\"Llegada de 500.000 vacunas sufre \u201cbreve retraso\u201d en ciudad china - El Diario - Bolivia\" \/>\n<meta property=\"og:description\" content=\"Durante estos d\u00edas se ten\u00eda prevista la llegada de cerca de 500.000 dosis de la vacuna contra el covid-19 Sinopharm al pa\u00eds, sin embargo, debido a inconvenientes log\u00edsticos en el aeropuerto de Beijing, China, sufrir\u00e1n un \u201cbreve retraso\u201d y se espera que se regularice hasta la pr\u00f3xima semana. El viceministro de Comercio Exterior e Integraci\u00f3n, [&hellip;]\" \/>\n<meta property=\"og:url\" content=\"https:\/\/www.eldiario.net\/portal\/2021\/08\/20\/llegada-de-500-000-vacunas-sufre-breve-retraso-en-ciudad-china\/\" \/>\n<meta property=\"og:site_name\" content=\"El Diario - Bolivia\" \/>\n<meta property=\"article:publisher\" content=\"https:\/\/www.facebook.com\/eldiario.bolivia\/\" \/>\n<meta property=\"article:published_time\" content=\"2021-08-20T07:04:54+00:00\" \/>\n<meta name=\"author\" content=\"Jeanette\" \/>\n<meta name=\"twitter:card\" content=\"summary_large_image\" \/>\n<meta name=\"twitter:creator\" content=\"@eldiario_net\" \/>\n<meta name=\"twitter:site\" content=\"@eldiario_net\" \/>\n<meta name=\"twitter:label1\" content=\"Escrito por\" \/>\n\t<meta name=\"twitter:data1\" content=\"Jeanette\" \/>\n\t<meta name=\"twitter:label2\" content=\"Tiempo de lectura\" \/>\n\t<meta name=\"twitter:data2\" content=\"2 minutos\" \/>\n<script type=\"application\/ld+json\" class=\"yoast-schema-graph\">{\"@context\":\"https:\\\/\\\/schema.org\",\"@graph\":[{\"@type\":\"Article\",\"@id\":\"https:\\\/\\\/www.eldiario.net\\\/portal\\\/2021\\\/08\\\/20\\\/llegada-de-500-000-vacunas-sufre-breve-retraso-en-ciudad-china\\\/#article\",\"isPartOf\":{\"@id\":\"https:\\\/\\\/www.eldiario.net\\\/portal\\\/2021\\\/08\\\/20\\\/llegada-de-500-000-vacunas-sufre-breve-retraso-en-ciudad-china\\\/\"},\"author\":{\"name\":\"Jeanette\",\"@id\":\"https:\\\/\\\/www.eldiario.net\\\/portal\\\/#\\\/schema\\\/person\\\/f46445640444750d7d753ccd04ae01b7\"},\"headline\":\"Llegada de 500.000 vacunas sufre \u201cbreve retraso\u201d en ciudad china\",\"datePublished\":\"2021-08-20T07:04:54+00:00\",\"mainEntityOfPage\":{\"@id\":\"https:\\\/\\\/www.eldiario.net\\\/portal\\\/2021\\\/08\\\/20\\\/llegada-de-500-000-vacunas-sufre-breve-retraso-en-ciudad-china\\\/\"},\"wordCount\":494,\"publisher\":{\"@id\":\"https:\\\/\\\/www.eldiario.net\\\/portal\\\/#organization\"},\"image\":{\"@id\":\"https:\\\/\\\/www.eldiario.net\\\/portal\\\/2021\\\/08\\\/20\\\/llegada-de-500-000-vacunas-sufre-breve-retraso-en-ciudad-china\\\/#primaryimage\"},\"thumbnailUrl\":\"\",\"articleSection\":[\"Nacional\"],\"inLanguage\":\"es\"},{\"@type\":\"WebPage\",\"@id\":\"https:\\\/\\\/www.eldiario.net\\\/portal\\\/2021\\\/08\\\/20\\\/llegada-de-500-000-vacunas-sufre-breve-retraso-en-ciudad-china\\\/\",\"url\":\"https:\\\/\\\/www.eldiario.net\\\/portal\\\/2021\\\/08\\\/20\\\/llegada-de-500-000-vacunas-sufre-breve-retraso-en-ciudad-china\\\/\",\"name\":\"Llegada de 500.000 vacunas sufre \u201cbreve retraso\u201d en ciudad china - El Diario - Bolivia\",\"isPartOf\":{\"@id\":\"https:\\\/\\\/www.eldiario.net\\\/portal\\\/#website\"},\"primaryImageOfPage\":{\"@id\":\"https:\\\/\\\/www.eldiario.net\\\/portal\\\/2021\\\/08\\\/20\\\/llegada-de-500-000-vacunas-sufre-breve-retraso-en-ciudad-china\\\/#primaryimage\"},\"image\":{\"@id\":\"https:\\\/\\\/www.eldiario.net\\\/portal\\\/2021\\\/08\\\/20\\\/llegada-de-500-000-vacunas-sufre-breve-retraso-en-ciudad-china\\\/#primaryimage\"},\"thumbnailUrl\":\"\",\"datePublished\":\"2021-08-20T07:04:54+00:00\",\"breadcrumb\":{\"@id\":\"https:\\\/\\\/www.eldiario.net\\\/portal\\\/2021\\\/08\\\/20\\\/llegada-de-500-000-vacunas-sufre-breve-retraso-en-ciudad-china\\\/#breadcrumb\"},\"inLanguage\":\"es\",\"potentialAction\":[{\"@type\":\"ReadAction\",\"target\":[\"https:\\\/\\\/www.eldiario.net\\\/portal\\\/2021\\\/08\\\/20\\\/llegada-de-500-000-vacunas-sufre-breve-retraso-en-ciudad-china\\\/\"]}]},{\"@type\":\"ImageObject\",\"inLanguage\":\"es\",\"@id\":\"https:\\\/\\\/www.eldiario.net\\\/portal\\\/2021\\\/08\\\/20\\\/llegada-de-500-000-vacunas-sufre-breve-retraso-en-ciudad-china\\\/#primaryimage\",\"url\":\"\",\"contentUrl\":\"\"},{\"@type\":\"BreadcrumbList\",\"@id\":\"https:\\\/\\\/www.eldiario.net\\\/portal\\\/2021\\\/08\\\/20\\\/llegada-de-500-000-vacunas-sufre-breve-retraso-en-ciudad-china\\\/#breadcrumb\",\"itemListElement\":[{\"@type\":\"ListItem\",\"position\":1,\"name\":\"Portada\",\"item\":\"https:\\\/\\\/www.eldiario.net\\\/portal\\\/\"},{\"@type\":\"ListItem\",\"position\":2,\"name\":\"Llegada de 500.000 vacunas sufre \u201cbreve retraso\u201d en ciudad china\"}]},{\"@type\":\"WebSite\",\"@id\":\"https:\\\/\\\/www.eldiario.net\\\/portal\\\/#website\",\"url\":\"https:\\\/\\\/www.eldiario.net\\\/portal\\\/\",\"name\":\"El Diario - Decano de la prensa nacional\",\"description\":\"El Diario - Decano de la prensa nacional\",\"publisher\":{\"@id\":\"https:\\\/\\\/www.eldiario.net\\\/portal\\\/#organization\"},\"potentialAction\":[{\"@type\":\"SearchAction\",\"target\":{\"@type\":\"EntryPoint\",\"urlTemplate\":\"https:\\\/\\\/www.eldiario.net\\\/portal\\\/?s={search_term_string}\"},\"query-input\":{\"@type\":\"PropertyValueSpecification\",\"valueRequired\":true,\"valueName\":\"search_term_string\"}}],\"inLanguage\":\"es\"},{\"@type\":\"Organization\",\"@id\":\"https:\\\/\\\/www.eldiario.net\\\/portal\\\/#organization\",\"name\":\"El Diario - Decano de la prensa nacional\",\"url\":\"https:\\\/\\\/www.eldiario.net\\\/portal\\\/\",\"logo\":{\"@type\":\"ImageObject\",\"inLanguage\":\"es\",\"@id\":\"https:\\\/\\\/www.eldiario.net\\\/portal\\\/#\\\/schema\\\/logo\\\/image\\\/\",\"url\":\"https:\\\/\\\/www.eldiario.net\\\/portal\\\/wp-content\\\/uploads\\\/2023\\\/07\\\/logo_ED.jpg\",\"contentUrl\":\"https:\\\/\\\/www.eldiario.net\\\/portal\\\/wp-content\\\/uploads\\\/2023\\\/07\\\/logo_ED.jpg\",\"width\":272,\"height\":52,\"caption\":\"El Diario - Decano de la prensa nacional\"},\"image\":{\"@id\":\"https:\\\/\\\/www.eldiario.net\\\/portal\\\/#\\\/schema\\\/logo\\\/image\\\/\"},\"sameAs\":[\"https:\\\/\\\/www.facebook.com\\\/eldiario.bolivia\\\/\",\"https:\\\/\\\/x.com\\\/eldiario_net\"]},{\"@type\":\"Person\",\"@id\":\"https:\\\/\\\/www.eldiario.net\\\/portal\\\/#\\\/schema\\\/person\\\/f46445640444750d7d753ccd04ae01b7\",\"name\":\"Jeanette\",\"image\":{\"@type\":\"ImageObject\",\"inLanguage\":\"es\",\"@id\":\"https:\\\/\\\/secure.gravatar.com\\\/avatar\\\/3ea2118a5f7dad2b7138b1187a6b7ee55f160b9968b66013c3a3ef39dd7e5798?s=96&d=mm&r=g\",\"url\":\"https:\\\/\\\/secure.gravatar.com\\\/avatar\\\/3ea2118a5f7dad2b7138b1187a6b7ee55f160b9968b66013c3a3ef39dd7e5798?s=96&d=mm&r=g\",\"contentUrl\":\"https:\\\/\\\/secure.gravatar.com\\\/avatar\\\/3ea2118a5f7dad2b7138b1187a6b7ee55f160b9968b66013c3a3ef39dd7e5798?s=96&d=mm&r=g\",\"caption\":\"Jeanette\"},\"sameAs\":[\"https:\\\/\\\/www.eldiario.net\\\/portal\"],\"url\":\"https:\\\/\\\/www.eldiario.net\\\/portal\\\/author\\\/jeanette\\\/\"}]}<\/script>\n<!-- \/ Yoast SEO plugin. -->","yoast_head_json":{"title":"Llegada de 500.000 vacunas sufre \u201cbreve retraso\u201d en ciudad china - El Diario - Bolivia","robots":{"index":"index","follow":"follow","max-snippet":"max-snippet:-1","max-image-preview":"max-image-preview:large","max-video-preview":"max-video-preview:-1"},"canonical":"https:\/\/www.eldiario.net\/portal\/2021\/08\/20\/llegada-de-500-000-vacunas-sufre-breve-retraso-en-ciudad-china\/","og_locale":"es_ES","og_type":"article","og_title":"Llegada de 500.000 vacunas sufre \u201cbreve retraso\u201d en ciudad china - El Diario - Bolivia","og_description":"Durante estos d\u00edas se ten\u00eda prevista la llegada de cerca de 500.000 dosis de la vacuna contra el covid-19 Sinopharm al pa\u00eds, sin embargo, debido a inconvenientes log\u00edsticos en el aeropuerto de Beijing, China, sufrir\u00e1n un \u201cbreve retraso\u201d y se espera que se regularice hasta la pr\u00f3xima semana. El viceministro de Comercio Exterior e Integraci\u00f3n, [&hellip;]","og_url":"https:\/\/www.eldiario.net\/portal\/2021\/08\/20\/llegada-de-500-000-vacunas-sufre-breve-retraso-en-ciudad-china\/","og_site_name":"El Diario - Bolivia","article_publisher":"https:\/\/www.facebook.com\/eldiario.bolivia\/","article_published_time":"2021-08-20T07:04:54+00:00","author":"Jeanette","twitter_card":"summary_large_image","twitter_creator":"@eldiario_net","twitter_site":"@eldiario_net","twitter_misc":{"Escrito por":"Jeanette","Tiempo de lectura":"2 minutos"},"schema":{"@context":"https:\/\/schema.org","@graph":[{"@type":"Article","@id":"https:\/\/www.eldiario.net\/portal\/2021\/08\/20\/llegada-de-500-000-vacunas-sufre-breve-retraso-en-ciudad-china\/#article","isPartOf":{"@id":"https:\/\/www.eldiario.net\/portal\/2021\/08\/20\/llegada-de-500-000-vacunas-sufre-breve-retraso-en-ciudad-china\/"},"author":{"name":"Jeanette","@id":"https:\/\/www.eldiario.net\/portal\/#\/schema\/person\/f46445640444750d7d753ccd04ae01b7"},"headline":"Llegada de 500.000 vacunas sufre \u201cbreve retraso\u201d en ciudad china","datePublished":"2021-08-20T07:04:54+00:00","mainEntityOfPage":{"@id":"https:\/\/www.eldiario.net\/portal\/2021\/08\/20\/llegada-de-500-000-vacunas-sufre-breve-retraso-en-ciudad-china\/"},"wordCount":494,"publisher":{"@id":"https:\/\/www.eldiario.net\/portal\/#organization"},"image":{"@id":"https:\/\/www.eldiario.net\/portal\/2021\/08\/20\/llegada-de-500-000-vacunas-sufre-breve-retraso-en-ciudad-china\/#primaryimage"},"thumbnailUrl":"","articleSection":["Nacional"],"inLanguage":"es"},{"@type":"WebPage","@id":"https:\/\/www.eldiario.net\/portal\/2021\/08\/20\/llegada-de-500-000-vacunas-sufre-breve-retraso-en-ciudad-china\/","url":"https:\/\/www.eldiario.net\/portal\/2021\/08\/20\/llegada-de-500-000-vacunas-sufre-breve-retraso-en-ciudad-china\/","name":"Llegada de 500.000 vacunas sufre \u201cbreve retraso\u201d en ciudad china - El Diario - Bolivia","isPartOf":{"@id":"https:\/\/www.eldiario.net\/portal\/#website"},"primaryImageOfPage":{"@id":"https:\/\/www.eldiario.net\/portal\/2021\/08\/20\/llegada-de-500-000-vacunas-sufre-breve-retraso-en-ciudad-china\/#primaryimage"},"image":{"@id":"https:\/\/www.eldiario.net\/portal\/2021\/08\/20\/llegada-de-500-000-vacunas-sufre-breve-retraso-en-ciudad-china\/#primaryimage"},"thumbnailUrl":"","datePublished":"2021-08-20T07:04:54+00:00","breadcrumb":{"@id":"https:\/\/www.eldiario.net\/portal\/2021\/08\/20\/llegada-de-500-000-vacunas-sufre-breve-retraso-en-ciudad-china\/#breadcrumb"},"inLanguage":"es","potentialAction":[{"@type":"ReadAction","target":["https:\/\/www.eldiario.net\/portal\/2021\/08\/20\/llegada-de-500-000-vacunas-sufre-breve-retraso-en-ciudad-china\/"]}]},{"@type":"ImageObject","inLanguage":"es","@id":"https:\/\/www.eldiario.net\/portal\/2021\/08\/20\/llegada-de-500-000-vacunas-sufre-breve-retraso-en-ciudad-china\/#primaryimage","url":"","contentUrl":""},{"@type":"BreadcrumbList","@id":"https:\/\/www.eldiario.net\/portal\/2021\/08\/20\/llegada-de-500-000-vacunas-sufre-breve-retraso-en-ciudad-china\/#breadcrumb","itemListElement":[{"@type":"ListItem","position":1,"name":"Portada","item":"https:\/\/www.eldiario.net\/portal\/"},{"@type":"ListItem","position":2,"name":"Llegada de 500.000 vacunas sufre \u201cbreve retraso\u201d en ciudad china"}]},{"@type":"WebSite","@id":"https:\/\/www.eldiario.net\/portal\/#website","url":"https:\/\/www.eldiario.net\/portal\/","name":"El Diario - Decano de la prensa nacional","description":"El Diario - Decano de la prensa nacional","publisher":{"@id":"https:\/\/www.eldiario.net\/portal\/#organization"},"potentialAction":[{"@type":"SearchAction","target":{"@type":"EntryPoint","urlTemplate":"https:\/\/www.eldiario.net\/portal\/?s={search_term_string}"},"query-input":{"@type":"PropertyValueSpecification","valueRequired":true,"valueName":"search_term_string"}}],"inLanguage":"es"},{"@type":"Organization","@id":"https:\/\/www.eldiario.net\/portal\/#organization","name":"El Diario - Decano de la prensa nacional","url":"https:\/\/www.eldiario.net\/portal\/","logo":{"@type":"ImageObject","inLanguage":"es","@id":"https:\/\/www.eldiario.net\/portal\/#\/schema\/logo\/image\/","url":"https:\/\/www.eldiario.net\/portal\/wp-content\/uploads\/2023\/07\/logo_ED.jpg","contentUrl":"https:\/\/www.eldiario.net\/portal\/wp-content\/uploads\/2023\/07\/logo_ED.jpg","width":272,"height":52,"caption":"El Diario - Decano de la prensa nacional"},"image":{"@id":"https:\/\/www.eldiario.net\/portal\/#\/schema\/logo\/image\/"},"sameAs":["https:\/\/www.facebook.com\/eldiario.bolivia\/","https:\/\/x.com\/eldiario_net"]},{"@type":"Person","@id":"https:\/\/www.eldiario.net\/portal\/#\/schema\/person\/f46445640444750d7d753ccd04ae01b7","name":"Jeanette","image":{"@type":"ImageObject","inLanguage":"es","@id":"https:\/\/secure.gravatar.com\/avatar\/3ea2118a5f7dad2b7138b1187a6b7ee55f160b9968b66013c3a3ef39dd7e5798?s=96&d=mm&r=g","url":"https:\/\/secure.gravatar.com\/avatar\/3ea2118a5f7dad2b7138b1187a6b7ee55f160b9968b66013c3a3ef39dd7e5798?s=96&d=mm&r=g","contentUrl":"https:\/\/secure.gravatar.com\/avatar\/3ea2118a5f7dad2b7138b1187a6b7ee55f160b9968b66013c3a3ef39dd7e5798?s=96&d=mm&r=g","caption":"Jeanette"},"sameAs":["https:\/\/www.eldiario.net\/portal"],"url":"https:\/\/www.eldiario.net\/portal\/author\/jeanette\/"}]}},"_links":{"self":[{"href":"https:\/\/www.eldiario.net\/portal\/wp-json\/wp\/v2\/posts\/24548","targetHints":{"allow":["GET"]}}],"collection":[{"href":"https:\/\/www.eldiario.net\/portal\/wp-json\/wp\/v2\/posts"}],"about":[{"href":"https:\/\/www.eldiario.net\/portal\/wp-json\/wp\/v2\/types\/post"}],"author":[{"embeddable":true,"href":"https:\/\/www.eldiario.net\/portal\/wp-json\/wp\/v2\/users\/1"}],"replies":[{"embeddable":true,"href":"https:\/\/www.eldiario.net\/portal\/wp-json\/wp\/v2\/comments?post=24548"}],"version-history":[{"count":0,"href":"https:\/\/www.eldiario.net\/portal\/wp-json\/wp\/v2\/posts\/24548\/revisions"}],"wp:attachment":[{"href":"https:\/\/www.eldiario.net\/portal\/wp-json\/wp\/v2\/media?parent=24548"}],"wp:term":[{"taxonomy":"category","embeddable":true,"href":"https:\/\/www.eldiario.net\/portal\/wp-json\/wp\/v2\/categories?post=24548"},{"taxonomy":"post_tag","embeddable":true,"href":"https:\/\/www.eldiario.net\/portal\/wp-json\/wp\/v2\/tags?post=24548"}],"curies":[{"name":"wp","href":"https:\/\/api.w.org\/{rel}","templated":true}]}}