{"id":24545,"date":"2021-08-20T03:03:43","date_gmt":"2021-08-20T07:03:43","guid":{"rendered":"https:\/\/www.eldiario.net\/portal\/?p=24545"},"modified":"2021-08-20T03:03:43","modified_gmt":"2021-08-20T07:03:43","slug":"hospital-de-clinicas-paraliza-en-rechazo-al-nuevo-director","status":"publish","type":"post","link":"https:\/\/www.eldiario.net\/portal\/2021\/08\/20\/hospital-de-clinicas-paraliza-en-rechazo-al-nuevo-director\/","title":{"rendered":"Hospital de Cl\u00ednicas paraliza en rechazo al nuevo Director"},"content":{"rendered":"<p>El personal del Hospital de Cl\u00ednicas y el sindicato de trabajadores en salud anunciaron que hoy, viernes 20 de agosto, se realizar\u00e1 un paro de 24 horas, en rechazo al Director posesionado por el gobernador Santos Quispe.<br \/>\n\u201cA toda la poblaci\u00f3n que acude al Hospital de Cl\u00ednicas y a todos los hospitales que se apoyan en el Hospital de Cl\u00ednicas, les pedimos mucho apoyo puesto que desde el d\u00eda de ma\u00f1ana (hoy) estamos entrando en un paro de 24 horas\u201d, indic\u00f3 Alejandro Enr\u00edquez, jefe de Terapia Intensiva a nombre del personal.<br \/>\nQuispe posesion\u00f3 a Jhony Ayll\u00f3n como Director del Hospital, pero el personal rechaza esa designaci\u00f3n bajo el argumento de que la nueva autoridad no cumple el requisito de haber trabajado 10 a\u00f1os en la instituci\u00f3n.<br \/>\nEnr\u00edquez afirm\u00f3 que se adopt\u00f3 la medida de presi\u00f3n al no haber tenido respuesta del gobernador Quispe al pedido de los trabajadores.<br \/>\n\u201cMa\u00f1ana (hoy viernes) no hay atenci\u00f3n en el Hospital de Cl\u00ednicas, solamente en las \u00e1reas de emergencia, terapia intensiva se va a respetar la atenci\u00f3n, y a la poblaci\u00f3n que circula por la avenida Saavedra se les informa que ma\u00f1ana va haber un bloqueo durante toda la ma\u00f1ana\u201d, agreg\u00f3.<br \/>\nEl dirigente del Sindicato de Ramas M\u00e9dicas, Fernando Romero, consider\u00f3 que por decisiones pol\u00edticas se est\u00e1 destruyendo la instituci\u00f3n del Hospital de Cl\u00ednicas y se lo est\u00e1 dejando sin capacidad de gesti\u00f3n, report\u00f3 Erbol.<br \/>\n\u201cNo podemos dejar que lo destruyan, estamos por esa raz\u00f3n en un paro de brazos ca\u00eddos. Los convocamos a ustedes que nos apoyen, que defiendan su hospital y que hagamos retroceder esta decisi\u00f3n tan err\u00f3nea, tan equivocada del Gobernador\u201d, agreg\u00f3 Romero.<\/p>\n<p>2LP: Erbol<\/p>\n","protected":false},"excerpt":{"rendered":"<p>El personal del Hospital de Cl\u00ednicas y el sindicato de trabajadores en salud anunciaron que hoy, viernes 20 de agosto, se realizar\u00e1 un paro de 24 horas, en rechazo al Director posesionado por el gobernador Santos Quispe. \u201cA toda la poblaci\u00f3n que acude al Hospital de Cl\u00ednicas y a todos los hospitales que se apoyan [&hellip;]<\/p>\n","protected":false},"author":1,"featured_media":24546,"comment_status":"closed","ping_status":"closed","sticky":false,"template":"","format":"standard","meta":{"_acf_changed":false,"footnotes":""},"categories":[12],"tags":[],"class_list":["post-24545","post","type-post","status-publish","format-standard","has-post-thumbnail","category-nacional"],"acf":{"antetitulo":""},"yoast_head":"<!-- This site is optimized with the Yoast SEO plugin v28.4 - https:\/\/yoast.com\/product\/yoast-seo-wordpress\/ -->\n<title>Hospital de Cl\u00ednicas paraliza en rechazo al nuevo Director - El Diario - Bolivia<\/title>\n<meta name=\"robots\" content=\"index, follow, max-snippet:-1, max-image-preview:large, max-video-preview:-1\" \/>\n<link rel=\"canonical\" href=\"https:\/\/www.eldiario.net\/portal\/2021\/08\/20\/hospital-de-clinicas-paraliza-en-rechazo-al-nuevo-director\/\" \/>\n<meta property=\"og:locale\" content=\"es_ES\" \/>\n<meta property=\"og:type\" content=\"article\" \/>\n<meta property=\"og:title\" content=\"Hospital de Cl\u00ednicas paraliza en rechazo al nuevo Director - El Diario - Bolivia\" \/>\n<meta property=\"og:description\" content=\"El personal del Hospital de Cl\u00ednicas y el sindicato de trabajadores en salud anunciaron que hoy, viernes 20 de agosto, se realizar\u00e1 un paro de 24 horas, en rechazo al Director posesionado por el gobernador Santos Quispe. \u201cA toda la poblaci\u00f3n que acude al Hospital de Cl\u00ednicas y a todos los hospitales que se apoyan [&hellip;]\" \/>\n<meta property=\"og:url\" content=\"https:\/\/www.eldiario.net\/portal\/2021\/08\/20\/hospital-de-clinicas-paraliza-en-rechazo-al-nuevo-director\/\" \/>\n<meta property=\"og:site_name\" content=\"El Diario - Bolivia\" \/>\n<meta property=\"article:publisher\" content=\"https:\/\/www.facebook.com\/eldiario.bolivia\/\" \/>\n<meta property=\"article:published_time\" content=\"2021-08-20T07:03:43+00:00\" \/>\n<meta name=\"author\" content=\"Jeanette\" \/>\n<meta name=\"twitter:card\" content=\"summary_large_image\" \/>\n<meta name=\"twitter:creator\" content=\"@eldiario_net\" \/>\n<meta name=\"twitter:site\" content=\"@eldiario_net\" \/>\n<meta name=\"twitter:label1\" content=\"Escrito por\" \/>\n\t<meta name=\"twitter:data1\" content=\"Jeanette\" \/>\n\t<meta name=\"twitter:label2\" content=\"Tiempo de lectura\" \/>\n\t<meta name=\"twitter:data2\" content=\"2 minutos\" \/>\n<script type=\"application\/ld+json\" class=\"yoast-schema-graph\">{\"@context\":\"https:\\\/\\\/schema.org\",\"@graph\":[{\"@type\":\"Article\",\"@id\":\"https:\\\/\\\/www.eldiario.net\\\/portal\\\/2021\\\/08\\\/20\\\/hospital-de-clinicas-paraliza-en-rechazo-al-nuevo-director\\\/#article\",\"isPartOf\":{\"@id\":\"https:\\\/\\\/www.eldiario.net\\\/portal\\\/2021\\\/08\\\/20\\\/hospital-de-clinicas-paraliza-en-rechazo-al-nuevo-director\\\/\"},\"author\":{\"name\":\"Jeanette\",\"@id\":\"https:\\\/\\\/www.eldiario.net\\\/portal\\\/#\\\/schema\\\/person\\\/f46445640444750d7d753ccd04ae01b7\"},\"headline\":\"Hospital de Cl\u00ednicas paraliza en rechazo al nuevo Director\",\"datePublished\":\"2021-08-20T07:03:43+00:00\",\"mainEntityOfPage\":{\"@id\":\"https:\\\/\\\/www.eldiario.net\\\/portal\\\/2021\\\/08\\\/20\\\/hospital-de-clinicas-paraliza-en-rechazo-al-nuevo-director\\\/\"},\"wordCount\":309,\"publisher\":{\"@id\":\"https:\\\/\\\/www.eldiario.net\\\/portal\\\/#organization\"},\"image\":{\"@id\":\"https:\\\/\\\/www.eldiario.net\\\/portal\\\/2021\\\/08\\\/20\\\/hospital-de-clinicas-paraliza-en-rechazo-al-nuevo-director\\\/#primaryimage\"},\"thumbnailUrl\":\"\",\"articleSection\":[\"Nacional\"],\"inLanguage\":\"es\"},{\"@type\":\"WebPage\",\"@id\":\"https:\\\/\\\/www.eldiario.net\\\/portal\\\/2021\\\/08\\\/20\\\/hospital-de-clinicas-paraliza-en-rechazo-al-nuevo-director\\\/\",\"url\":\"https:\\\/\\\/www.eldiario.net\\\/portal\\\/2021\\\/08\\\/20\\\/hospital-de-clinicas-paraliza-en-rechazo-al-nuevo-director\\\/\",\"name\":\"Hospital de Cl\u00ednicas paraliza en rechazo al nuevo Director - El Diario - Bolivia\",\"isPartOf\":{\"@id\":\"https:\\\/\\\/www.eldiario.net\\\/portal\\\/#website\"},\"primaryImageOfPage\":{\"@id\":\"https:\\\/\\\/www.eldiario.net\\\/portal\\\/2021\\\/08\\\/20\\\/hospital-de-clinicas-paraliza-en-rechazo-al-nuevo-director\\\/#primaryimage\"},\"image\":{\"@id\":\"https:\\\/\\\/www.eldiario.net\\\/portal\\\/2021\\\/08\\\/20\\\/hospital-de-clinicas-paraliza-en-rechazo-al-nuevo-director\\\/#primaryimage\"},\"thumbnailUrl\":\"\",\"datePublished\":\"2021-08-20T07:03:43+00:00\",\"breadcrumb\":{\"@id\":\"https:\\\/\\\/www.eldiario.net\\\/portal\\\/2021\\\/08\\\/20\\\/hospital-de-clinicas-paraliza-en-rechazo-al-nuevo-director\\\/#breadcrumb\"},\"inLanguage\":\"es\",\"potentialAction\":[{\"@type\":\"ReadAction\",\"target\":[\"https:\\\/\\\/www.eldiario.net\\\/portal\\\/2021\\\/08\\\/20\\\/hospital-de-clinicas-paraliza-en-rechazo-al-nuevo-director\\\/\"]}]},{\"@type\":\"ImageObject\",\"inLanguage\":\"es\",\"@id\":\"https:\\\/\\\/www.eldiario.net\\\/portal\\\/2021\\\/08\\\/20\\\/hospital-de-clinicas-paraliza-en-rechazo-al-nuevo-director\\\/#primaryimage\",\"url\":\"\",\"contentUrl\":\"\"},{\"@type\":\"BreadcrumbList\",\"@id\":\"https:\\\/\\\/www.eldiario.net\\\/portal\\\/2021\\\/08\\\/20\\\/hospital-de-clinicas-paraliza-en-rechazo-al-nuevo-director\\\/#breadcrumb\",\"itemListElement\":[{\"@type\":\"ListItem\",\"position\":1,\"name\":\"Portada\",\"item\":\"https:\\\/\\\/www.eldiario.net\\\/portal\\\/\"},{\"@type\":\"ListItem\",\"position\":2,\"name\":\"Hospital de Cl\u00ednicas paraliza en rechazo al nuevo Director\"}]},{\"@type\":\"WebSite\",\"@id\":\"https:\\\/\\\/www.eldiario.net\\\/portal\\\/#website\",\"url\":\"https:\\\/\\\/www.eldiario.net\\\/portal\\\/\",\"name\":\"El Diario - Decano de la prensa nacional\",\"description\":\"El Diario - Decano de la prensa nacional\",\"publisher\":{\"@id\":\"https:\\\/\\\/www.eldiario.net\\\/portal\\\/#organization\"},\"potentialAction\":[{\"@type\":\"SearchAction\",\"target\":{\"@type\":\"EntryPoint\",\"urlTemplate\":\"https:\\\/\\\/www.eldiario.net\\\/portal\\\/?s={search_term_string}\"},\"query-input\":{\"@type\":\"PropertyValueSpecification\",\"valueRequired\":true,\"valueName\":\"search_term_string\"}}],\"inLanguage\":\"es\"},{\"@type\":\"Organization\",\"@id\":\"https:\\\/\\\/www.eldiario.net\\\/portal\\\/#organization\",\"name\":\"El Diario - Decano de la prensa nacional\",\"url\":\"https:\\\/\\\/www.eldiario.net\\\/portal\\\/\",\"logo\":{\"@type\":\"ImageObject\",\"inLanguage\":\"es\",\"@id\":\"https:\\\/\\\/www.eldiario.net\\\/portal\\\/#\\\/schema\\\/logo\\\/image\\\/\",\"url\":\"https:\\\/\\\/www.eldiario.net\\\/portal\\\/wp-content\\\/uploads\\\/2023\\\/07\\\/logo_ED.jpg\",\"contentUrl\":\"https:\\\/\\\/www.eldiario.net\\\/portal\\\/wp-content\\\/uploads\\\/2023\\\/07\\\/logo_ED.jpg\",\"width\":272,\"height\":52,\"caption\":\"El Diario - Decano de la prensa nacional\"},\"image\":{\"@id\":\"https:\\\/\\\/www.eldiario.net\\\/portal\\\/#\\\/schema\\\/logo\\\/image\\\/\"},\"sameAs\":[\"https:\\\/\\\/www.facebook.com\\\/eldiario.bolivia\\\/\",\"https:\\\/\\\/x.com\\\/eldiario_net\"]},{\"@type\":\"Person\",\"@id\":\"https:\\\/\\\/www.eldiario.net\\\/portal\\\/#\\\/schema\\\/person\\\/f46445640444750d7d753ccd04ae01b7\",\"name\":\"Jeanette\",\"image\":{\"@type\":\"ImageObject\",\"inLanguage\":\"es\",\"@id\":\"https:\\\/\\\/secure.gravatar.com\\\/avatar\\\/3ea2118a5f7dad2b7138b1187a6b7ee55f160b9968b66013c3a3ef39dd7e5798?s=96&d=mm&r=g\",\"url\":\"https:\\\/\\\/secure.gravatar.com\\\/avatar\\\/3ea2118a5f7dad2b7138b1187a6b7ee55f160b9968b66013c3a3ef39dd7e5798?s=96&d=mm&r=g\",\"contentUrl\":\"https:\\\/\\\/secure.gravatar.com\\\/avatar\\\/3ea2118a5f7dad2b7138b1187a6b7ee55f160b9968b66013c3a3ef39dd7e5798?s=96&d=mm&r=g\",\"caption\":\"Jeanette\"},\"sameAs\":[\"https:\\\/\\\/www.eldiario.net\\\/portal\"],\"url\":\"https:\\\/\\\/www.eldiario.net\\\/portal\\\/author\\\/jeanette\\\/\"}]}<\/script>\n<!-- \/ Yoast SEO plugin. -->","yoast_head_json":{"title":"Hospital de Cl\u00ednicas paraliza en rechazo al nuevo Director - El Diario - Bolivia","robots":{"index":"index","follow":"follow","max-snippet":"max-snippet:-1","max-image-preview":"max-image-preview:large","max-video-preview":"max-video-preview:-1"},"canonical":"https:\/\/www.eldiario.net\/portal\/2021\/08\/20\/hospital-de-clinicas-paraliza-en-rechazo-al-nuevo-director\/","og_locale":"es_ES","og_type":"article","og_title":"Hospital de Cl\u00ednicas paraliza en rechazo al nuevo Director - El Diario - Bolivia","og_description":"El personal del Hospital de Cl\u00ednicas y el sindicato de trabajadores en salud anunciaron que hoy, viernes 20 de agosto, se realizar\u00e1 un paro de 24 horas, en rechazo al Director posesionado por el gobernador Santos Quispe. \u201cA toda la poblaci\u00f3n que acude al Hospital de Cl\u00ednicas y a todos los hospitales que se apoyan [&hellip;]","og_url":"https:\/\/www.eldiario.net\/portal\/2021\/08\/20\/hospital-de-clinicas-paraliza-en-rechazo-al-nuevo-director\/","og_site_name":"El Diario - Bolivia","article_publisher":"https:\/\/www.facebook.com\/eldiario.bolivia\/","article_published_time":"2021-08-20T07:03:43+00:00","author":"Jeanette","twitter_card":"summary_large_image","twitter_creator":"@eldiario_net","twitter_site":"@eldiario_net","twitter_misc":{"Escrito por":"Jeanette","Tiempo de lectura":"2 minutos"},"schema":{"@context":"https:\/\/schema.org","@graph":[{"@type":"Article","@id":"https:\/\/www.eldiario.net\/portal\/2021\/08\/20\/hospital-de-clinicas-paraliza-en-rechazo-al-nuevo-director\/#article","isPartOf":{"@id":"https:\/\/www.eldiario.net\/portal\/2021\/08\/20\/hospital-de-clinicas-paraliza-en-rechazo-al-nuevo-director\/"},"author":{"name":"Jeanette","@id":"https:\/\/www.eldiario.net\/portal\/#\/schema\/person\/f46445640444750d7d753ccd04ae01b7"},"headline":"Hospital de Cl\u00ednicas paraliza en rechazo al nuevo Director","datePublished":"2021-08-20T07:03:43+00:00","mainEntityOfPage":{"@id":"https:\/\/www.eldiario.net\/portal\/2021\/08\/20\/hospital-de-clinicas-paraliza-en-rechazo-al-nuevo-director\/"},"wordCount":309,"publisher":{"@id":"https:\/\/www.eldiario.net\/portal\/#organization"},"image":{"@id":"https:\/\/www.eldiario.net\/portal\/2021\/08\/20\/hospital-de-clinicas-paraliza-en-rechazo-al-nuevo-director\/#primaryimage"},"thumbnailUrl":"","articleSection":["Nacional"],"inLanguage":"es"},{"@type":"WebPage","@id":"https:\/\/www.eldiario.net\/portal\/2021\/08\/20\/hospital-de-clinicas-paraliza-en-rechazo-al-nuevo-director\/","url":"https:\/\/www.eldiario.net\/portal\/2021\/08\/20\/hospital-de-clinicas-paraliza-en-rechazo-al-nuevo-director\/","name":"Hospital de Cl\u00ednicas paraliza en rechazo al nuevo Director - El Diario - Bolivia","isPartOf":{"@id":"https:\/\/www.eldiario.net\/portal\/#website"},"primaryImageOfPage":{"@id":"https:\/\/www.eldiario.net\/portal\/2021\/08\/20\/hospital-de-clinicas-paraliza-en-rechazo-al-nuevo-director\/#primaryimage"},"image":{"@id":"https:\/\/www.eldiario.net\/portal\/2021\/08\/20\/hospital-de-clinicas-paraliza-en-rechazo-al-nuevo-director\/#primaryimage"},"thumbnailUrl":"","datePublished":"2021-08-20T07:03:43+00:00","breadcrumb":{"@id":"https:\/\/www.eldiario.net\/portal\/2021\/08\/20\/hospital-de-clinicas-paraliza-en-rechazo-al-nuevo-director\/#breadcrumb"},"inLanguage":"es","potentialAction":[{"@type":"ReadAction","target":["https:\/\/www.eldiario.net\/portal\/2021\/08\/20\/hospital-de-clinicas-paraliza-en-rechazo-al-nuevo-director\/"]}]},{"@type":"ImageObject","inLanguage":"es","@id":"https:\/\/www.eldiario.net\/portal\/2021\/08\/20\/hospital-de-clinicas-paraliza-en-rechazo-al-nuevo-director\/#primaryimage","url":"","contentUrl":""},{"@type":"BreadcrumbList","@id":"https:\/\/www.eldiario.net\/portal\/2021\/08\/20\/hospital-de-clinicas-paraliza-en-rechazo-al-nuevo-director\/#breadcrumb","itemListElement":[{"@type":"ListItem","position":1,"name":"Portada","item":"https:\/\/www.eldiario.net\/portal\/"},{"@type":"ListItem","position":2,"name":"Hospital de Cl\u00ednicas paraliza en rechazo al nuevo Director"}]},{"@type":"WebSite","@id":"https:\/\/www.eldiario.net\/portal\/#website","url":"https:\/\/www.eldiario.net\/portal\/","name":"El Diario - Decano de la prensa nacional","description":"El Diario - Decano de la prensa nacional","publisher":{"@id":"https:\/\/www.eldiario.net\/portal\/#organization"},"potentialAction":[{"@type":"SearchAction","target":{"@type":"EntryPoint","urlTemplate":"https:\/\/www.eldiario.net\/portal\/?s={search_term_string}"},"query-input":{"@type":"PropertyValueSpecification","valueRequired":true,"valueName":"search_term_string"}}],"inLanguage":"es"},{"@type":"Organization","@id":"https:\/\/www.eldiario.net\/portal\/#organization","name":"El Diario - Decano de la prensa nacional","url":"https:\/\/www.eldiario.net\/portal\/","logo":{"@type":"ImageObject","inLanguage":"es","@id":"https:\/\/www.eldiario.net\/portal\/#\/schema\/logo\/image\/","url":"https:\/\/www.eldiario.net\/portal\/wp-content\/uploads\/2023\/07\/logo_ED.jpg","contentUrl":"https:\/\/www.eldiario.net\/portal\/wp-content\/uploads\/2023\/07\/logo_ED.jpg","width":272,"height":52,"caption":"El Diario - Decano de la prensa nacional"},"image":{"@id":"https:\/\/www.eldiario.net\/portal\/#\/schema\/logo\/image\/"},"sameAs":["https:\/\/www.facebook.com\/eldiario.bolivia\/","https:\/\/x.com\/eldiario_net"]},{"@type":"Person","@id":"https:\/\/www.eldiario.net\/portal\/#\/schema\/person\/f46445640444750d7d753ccd04ae01b7","name":"Jeanette","image":{"@type":"ImageObject","inLanguage":"es","@id":"https:\/\/secure.gravatar.com\/avatar\/3ea2118a5f7dad2b7138b1187a6b7ee55f160b9968b66013c3a3ef39dd7e5798?s=96&d=mm&r=g","url":"https:\/\/secure.gravatar.com\/avatar\/3ea2118a5f7dad2b7138b1187a6b7ee55f160b9968b66013c3a3ef39dd7e5798?s=96&d=mm&r=g","contentUrl":"https:\/\/secure.gravatar.com\/avatar\/3ea2118a5f7dad2b7138b1187a6b7ee55f160b9968b66013c3a3ef39dd7e5798?s=96&d=mm&r=g","caption":"Jeanette"},"sameAs":["https:\/\/www.eldiario.net\/portal"],"url":"https:\/\/www.eldiario.net\/portal\/author\/jeanette\/"}]}},"_links":{"self":[{"href":"https:\/\/www.eldiario.net\/portal\/wp-json\/wp\/v2\/posts\/24545","targetHints":{"allow":["GET"]}}],"collection":[{"href":"https:\/\/www.eldiario.net\/portal\/wp-json\/wp\/v2\/posts"}],"about":[{"href":"https:\/\/www.eldiario.net\/portal\/wp-json\/wp\/v2\/types\/post"}],"author":[{"embeddable":true,"href":"https:\/\/www.eldiario.net\/portal\/wp-json\/wp\/v2\/users\/1"}],"replies":[{"embeddable":true,"href":"https:\/\/www.eldiario.net\/portal\/wp-json\/wp\/v2\/comments?post=24545"}],"version-history":[{"count":0,"href":"https:\/\/www.eldiario.net\/portal\/wp-json\/wp\/v2\/posts\/24545\/revisions"}],"wp:attachment":[{"href":"https:\/\/www.eldiario.net\/portal\/wp-json\/wp\/v2\/media?parent=24545"}],"wp:term":[{"taxonomy":"category","embeddable":true,"href":"https:\/\/www.eldiario.net\/portal\/wp-json\/wp\/v2\/categories?post=24545"},{"taxonomy":"post_tag","embeddable":true,"href":"https:\/\/www.eldiario.net\/portal\/wp-json\/wp\/v2\/tags?post=24545"}],"curies":[{"name":"wp","href":"https:\/\/api.w.org\/{rel}","templated":true}]}}