{"id":24543,"date":"2021-08-20T03:02:58","date_gmt":"2021-08-20T07:02:58","guid":{"rendered":"https:\/\/www.eldiario.net\/portal\/?p=24543"},"modified":"2021-08-20T03:02:58","modified_gmt":"2021-08-20T07:02:58","slug":"ministro-critica-a-epidemiologos-por-proyecciones-de-cuarta-ola","status":"publish","type":"post","link":"https:\/\/www.eldiario.net\/portal\/2021\/08\/20\/ministro-critica-a-epidemiologos-por-proyecciones-de-cuarta-ola\/","title":{"rendered":"Ministro critica a epidemi\u00f3logos por proyecciones de cuarta ola"},"content":{"rendered":"<p>Algunos epidemi\u00f3logos fueron calificados ayer como \u201cagoreros\u201d por el ministro de Salud y Deportes, Jeyson Auza, ante las proyecciones que alertan sobre la llegada de la cuarta ola al pa\u00eds y asegur\u00f3 que el Gobierno asume acciones concretas y se rige a datos oficiales para afrontar al coronavirus.<br \/>\n\u201cVarios agoreros, supuestos epidemi\u00f3logos, expertos han anunciado que en la segunda semana de agosto \u00edbamos a tener los picos m\u00e1s altos de la cuarta ola. Estamos tomando las acciones necesarias y correspondientes para que este proceso de mitigaci\u00f3n de la pandemia, no nos vamos a centrar en proyecciones que caen hasta en adivinaci\u00f3n\u201d, afirm\u00f3.<br \/>\nLa autoridad record\u00f3 que hace semanas atr\u00e1s, su despacho se encuentra implementando una serie de estrategias para enfrentar una eventual cuarta ola de contagios con equipamiento de hospitales, distribuci\u00f3n de pruebas r\u00e1pidas y la aceleraci\u00f3n de la vacunaci\u00f3n en todo el pa\u00eds.<br \/>\n\u201cNosotros tenemos nuestras proyecciones, pero no podemos basarnos en eso m\u00e1s que en acciones y datos concretos, estamos tomando las acciones necesarias y estamos tomando todos los recaudos para prepararnos para una posible cuarta ola y la evaluaci\u00f3n que realizamos departamento por departamento permite tomar acciones, cada dato que nosotros reportamos, nos ayuda a tomar las acciones\u201d, sostuvo Auza, reflej\u00f3 Erbol.<br \/>\nLament\u00f3 que algunas autoridades subnacionales, adem\u00e1s de dirigentes m\u00e9dicos, realicen proyecciones y proporcionen datos que no son reales lo que causa desinformaci\u00f3n en la poblaci\u00f3n.<\/p>\n","protected":false},"excerpt":{"rendered":"<p>Algunos epidemi\u00f3logos fueron calificados ayer como \u201cagoreros\u201d por el ministro de Salud y Deportes, Jeyson Auza, ante las proyecciones que alertan sobre la llegada de la cuarta ola al pa\u00eds y asegur\u00f3 que el Gobierno asume acciones concretas y se rige a datos oficiales para afrontar al coronavirus. \u201cVarios agoreros, supuestos epidemi\u00f3logos, expertos han anunciado [&hellip;]<\/p>\n","protected":false},"author":1,"featured_media":0,"comment_status":"closed","ping_status":"closed","sticky":false,"template":"","format":"standard","meta":{"_acf_changed":false,"footnotes":""},"categories":[12],"tags":[],"class_list":["post-24543","post","type-post","status-publish","format-standard","category-nacional"],"acf":{"antetitulo":""},"yoast_head":"<!-- This site is optimized with the Yoast SEO plugin v28.4 - https:\/\/yoast.com\/product\/yoast-seo-wordpress\/ -->\n<title>Ministro critica a epidemi\u00f3logos por proyecciones de cuarta ola - El Diario - Bolivia<\/title>\n<meta name=\"robots\" content=\"index, follow, max-snippet:-1, max-image-preview:large, max-video-preview:-1\" \/>\n<link rel=\"canonical\" href=\"https:\/\/www.eldiario.net\/portal\/2021\/08\/20\/ministro-critica-a-epidemiologos-por-proyecciones-de-cuarta-ola\/\" \/>\n<meta property=\"og:locale\" content=\"es_ES\" \/>\n<meta property=\"og:type\" content=\"article\" \/>\n<meta property=\"og:title\" content=\"Ministro critica a epidemi\u00f3logos por proyecciones de cuarta ola - El Diario - Bolivia\" \/>\n<meta property=\"og:description\" content=\"Algunos epidemi\u00f3logos fueron calificados ayer como \u201cagoreros\u201d por el ministro de Salud y Deportes, Jeyson Auza, ante las proyecciones que alertan sobre la llegada de la cuarta ola al pa\u00eds y asegur\u00f3 que el Gobierno asume acciones concretas y se rige a datos oficiales para afrontar al coronavirus. \u201cVarios agoreros, supuestos epidemi\u00f3logos, expertos han anunciado [&hellip;]\" \/>\n<meta property=\"og:url\" content=\"https:\/\/www.eldiario.net\/portal\/2021\/08\/20\/ministro-critica-a-epidemiologos-por-proyecciones-de-cuarta-ola\/\" \/>\n<meta property=\"og:site_name\" content=\"El Diario - Bolivia\" \/>\n<meta property=\"article:publisher\" content=\"https:\/\/www.facebook.com\/eldiario.bolivia\/\" \/>\n<meta property=\"article:published_time\" content=\"2021-08-20T07:02:58+00:00\" \/>\n<meta name=\"author\" content=\"Jeanette\" \/>\n<meta name=\"twitter:card\" content=\"summary_large_image\" \/>\n<meta name=\"twitter:creator\" content=\"@eldiario_net\" \/>\n<meta name=\"twitter:site\" content=\"@eldiario_net\" \/>\n<meta name=\"twitter:label1\" content=\"Escrito por\" \/>\n\t<meta name=\"twitter:data1\" content=\"Jeanette\" \/>\n\t<meta name=\"twitter:label2\" content=\"Tiempo de lectura\" \/>\n\t<meta name=\"twitter:data2\" content=\"2 minutos\" \/>\n<script type=\"application\/ld+json\" class=\"yoast-schema-graph\">{\"@context\":\"https:\\\/\\\/schema.org\",\"@graph\":[{\"@type\":\"Article\",\"@id\":\"https:\\\/\\\/www.eldiario.net\\\/portal\\\/2021\\\/08\\\/20\\\/ministro-critica-a-epidemiologos-por-proyecciones-de-cuarta-ola\\\/#article\",\"isPartOf\":{\"@id\":\"https:\\\/\\\/www.eldiario.net\\\/portal\\\/2021\\\/08\\\/20\\\/ministro-critica-a-epidemiologos-por-proyecciones-de-cuarta-ola\\\/\"},\"author\":{\"name\":\"Jeanette\",\"@id\":\"https:\\\/\\\/www.eldiario.net\\\/portal\\\/#\\\/schema\\\/person\\\/f46445640444750d7d753ccd04ae01b7\"},\"headline\":\"Ministro critica a epidemi\u00f3logos por proyecciones de cuarta ola\",\"datePublished\":\"2021-08-20T07:02:58+00:00\",\"mainEntityOfPage\":{\"@id\":\"https:\\\/\\\/www.eldiario.net\\\/portal\\\/2021\\\/08\\\/20\\\/ministro-critica-a-epidemiologos-por-proyecciones-de-cuarta-ola\\\/\"},\"wordCount\":258,\"publisher\":{\"@id\":\"https:\\\/\\\/www.eldiario.net\\\/portal\\\/#organization\"},\"articleSection\":[\"Nacional\"],\"inLanguage\":\"es\"},{\"@type\":\"WebPage\",\"@id\":\"https:\\\/\\\/www.eldiario.net\\\/portal\\\/2021\\\/08\\\/20\\\/ministro-critica-a-epidemiologos-por-proyecciones-de-cuarta-ola\\\/\",\"url\":\"https:\\\/\\\/www.eldiario.net\\\/portal\\\/2021\\\/08\\\/20\\\/ministro-critica-a-epidemiologos-por-proyecciones-de-cuarta-ola\\\/\",\"name\":\"Ministro critica a epidemi\u00f3logos por proyecciones de cuarta ola - El Diario - Bolivia\",\"isPartOf\":{\"@id\":\"https:\\\/\\\/www.eldiario.net\\\/portal\\\/#website\"},\"datePublished\":\"2021-08-20T07:02:58+00:00\",\"breadcrumb\":{\"@id\":\"https:\\\/\\\/www.eldiario.net\\\/portal\\\/2021\\\/08\\\/20\\\/ministro-critica-a-epidemiologos-por-proyecciones-de-cuarta-ola\\\/#breadcrumb\"},\"inLanguage\":\"es\",\"potentialAction\":[{\"@type\":\"ReadAction\",\"target\":[\"https:\\\/\\\/www.eldiario.net\\\/portal\\\/2021\\\/08\\\/20\\\/ministro-critica-a-epidemiologos-por-proyecciones-de-cuarta-ola\\\/\"]}]},{\"@type\":\"BreadcrumbList\",\"@id\":\"https:\\\/\\\/www.eldiario.net\\\/portal\\\/2021\\\/08\\\/20\\\/ministro-critica-a-epidemiologos-por-proyecciones-de-cuarta-ola\\\/#breadcrumb\",\"itemListElement\":[{\"@type\":\"ListItem\",\"position\":1,\"name\":\"Portada\",\"item\":\"https:\\\/\\\/www.eldiario.net\\\/portal\\\/\"},{\"@type\":\"ListItem\",\"position\":2,\"name\":\"Ministro critica a epidemi\u00f3logos por proyecciones de cuarta ola\"}]},{\"@type\":\"WebSite\",\"@id\":\"https:\\\/\\\/www.eldiario.net\\\/portal\\\/#website\",\"url\":\"https:\\\/\\\/www.eldiario.net\\\/portal\\\/\",\"name\":\"El Diario - Decano de la prensa nacional\",\"description\":\"El Diario - Decano de la prensa nacional\",\"publisher\":{\"@id\":\"https:\\\/\\\/www.eldiario.net\\\/portal\\\/#organization\"},\"potentialAction\":[{\"@type\":\"SearchAction\",\"target\":{\"@type\":\"EntryPoint\",\"urlTemplate\":\"https:\\\/\\\/www.eldiario.net\\\/portal\\\/?s={search_term_string}\"},\"query-input\":{\"@type\":\"PropertyValueSpecification\",\"valueRequired\":true,\"valueName\":\"search_term_string\"}}],\"inLanguage\":\"es\"},{\"@type\":\"Organization\",\"@id\":\"https:\\\/\\\/www.eldiario.net\\\/portal\\\/#organization\",\"name\":\"El Diario - Decano de la prensa nacional\",\"url\":\"https:\\\/\\\/www.eldiario.net\\\/portal\\\/\",\"logo\":{\"@type\":\"ImageObject\",\"inLanguage\":\"es\",\"@id\":\"https:\\\/\\\/www.eldiario.net\\\/portal\\\/#\\\/schema\\\/logo\\\/image\\\/\",\"url\":\"https:\\\/\\\/www.eldiario.net\\\/portal\\\/wp-content\\\/uploads\\\/2023\\\/07\\\/logo_ED.jpg\",\"contentUrl\":\"https:\\\/\\\/www.eldiario.net\\\/portal\\\/wp-content\\\/uploads\\\/2023\\\/07\\\/logo_ED.jpg\",\"width\":272,\"height\":52,\"caption\":\"El Diario - Decano de la prensa nacional\"},\"image\":{\"@id\":\"https:\\\/\\\/www.eldiario.net\\\/portal\\\/#\\\/schema\\\/logo\\\/image\\\/\"},\"sameAs\":[\"https:\\\/\\\/www.facebook.com\\\/eldiario.bolivia\\\/\",\"https:\\\/\\\/x.com\\\/eldiario_net\"]},{\"@type\":\"Person\",\"@id\":\"https:\\\/\\\/www.eldiario.net\\\/portal\\\/#\\\/schema\\\/person\\\/f46445640444750d7d753ccd04ae01b7\",\"name\":\"Jeanette\",\"image\":{\"@type\":\"ImageObject\",\"inLanguage\":\"es\",\"@id\":\"https:\\\/\\\/secure.gravatar.com\\\/avatar\\\/3ea2118a5f7dad2b7138b1187a6b7ee55f160b9968b66013c3a3ef39dd7e5798?s=96&d=mm&r=g\",\"url\":\"https:\\\/\\\/secure.gravatar.com\\\/avatar\\\/3ea2118a5f7dad2b7138b1187a6b7ee55f160b9968b66013c3a3ef39dd7e5798?s=96&d=mm&r=g\",\"contentUrl\":\"https:\\\/\\\/secure.gravatar.com\\\/avatar\\\/3ea2118a5f7dad2b7138b1187a6b7ee55f160b9968b66013c3a3ef39dd7e5798?s=96&d=mm&r=g\",\"caption\":\"Jeanette\"},\"sameAs\":[\"https:\\\/\\\/www.eldiario.net\\\/portal\"],\"url\":\"https:\\\/\\\/www.eldiario.net\\\/portal\\\/author\\\/jeanette\\\/\"}]}<\/script>\n<!-- \/ Yoast SEO plugin. -->","yoast_head_json":{"title":"Ministro critica a epidemi\u00f3logos por proyecciones de cuarta ola - El Diario - Bolivia","robots":{"index":"index","follow":"follow","max-snippet":"max-snippet:-1","max-image-preview":"max-image-preview:large","max-video-preview":"max-video-preview:-1"},"canonical":"https:\/\/www.eldiario.net\/portal\/2021\/08\/20\/ministro-critica-a-epidemiologos-por-proyecciones-de-cuarta-ola\/","og_locale":"es_ES","og_type":"article","og_title":"Ministro critica a epidemi\u00f3logos por proyecciones de cuarta ola - El Diario - Bolivia","og_description":"Algunos epidemi\u00f3logos fueron calificados ayer como \u201cagoreros\u201d por el ministro de Salud y Deportes, Jeyson Auza, ante las proyecciones que alertan sobre la llegada de la cuarta ola al pa\u00eds y asegur\u00f3 que el Gobierno asume acciones concretas y se rige a datos oficiales para afrontar al coronavirus. \u201cVarios agoreros, supuestos epidemi\u00f3logos, expertos han anunciado [&hellip;]","og_url":"https:\/\/www.eldiario.net\/portal\/2021\/08\/20\/ministro-critica-a-epidemiologos-por-proyecciones-de-cuarta-ola\/","og_site_name":"El Diario - Bolivia","article_publisher":"https:\/\/www.facebook.com\/eldiario.bolivia\/","article_published_time":"2021-08-20T07:02:58+00:00","author":"Jeanette","twitter_card":"summary_large_image","twitter_creator":"@eldiario_net","twitter_site":"@eldiario_net","twitter_misc":{"Escrito por":"Jeanette","Tiempo de lectura":"2 minutos"},"schema":{"@context":"https:\/\/schema.org","@graph":[{"@type":"Article","@id":"https:\/\/www.eldiario.net\/portal\/2021\/08\/20\/ministro-critica-a-epidemiologos-por-proyecciones-de-cuarta-ola\/#article","isPartOf":{"@id":"https:\/\/www.eldiario.net\/portal\/2021\/08\/20\/ministro-critica-a-epidemiologos-por-proyecciones-de-cuarta-ola\/"},"author":{"name":"Jeanette","@id":"https:\/\/www.eldiario.net\/portal\/#\/schema\/person\/f46445640444750d7d753ccd04ae01b7"},"headline":"Ministro critica a epidemi\u00f3logos por proyecciones de cuarta ola","datePublished":"2021-08-20T07:02:58+00:00","mainEntityOfPage":{"@id":"https:\/\/www.eldiario.net\/portal\/2021\/08\/20\/ministro-critica-a-epidemiologos-por-proyecciones-de-cuarta-ola\/"},"wordCount":258,"publisher":{"@id":"https:\/\/www.eldiario.net\/portal\/#organization"},"articleSection":["Nacional"],"inLanguage":"es"},{"@type":"WebPage","@id":"https:\/\/www.eldiario.net\/portal\/2021\/08\/20\/ministro-critica-a-epidemiologos-por-proyecciones-de-cuarta-ola\/","url":"https:\/\/www.eldiario.net\/portal\/2021\/08\/20\/ministro-critica-a-epidemiologos-por-proyecciones-de-cuarta-ola\/","name":"Ministro critica a epidemi\u00f3logos por proyecciones de cuarta ola - El Diario - Bolivia","isPartOf":{"@id":"https:\/\/www.eldiario.net\/portal\/#website"},"datePublished":"2021-08-20T07:02:58+00:00","breadcrumb":{"@id":"https:\/\/www.eldiario.net\/portal\/2021\/08\/20\/ministro-critica-a-epidemiologos-por-proyecciones-de-cuarta-ola\/#breadcrumb"},"inLanguage":"es","potentialAction":[{"@type":"ReadAction","target":["https:\/\/www.eldiario.net\/portal\/2021\/08\/20\/ministro-critica-a-epidemiologos-por-proyecciones-de-cuarta-ola\/"]}]},{"@type":"BreadcrumbList","@id":"https:\/\/www.eldiario.net\/portal\/2021\/08\/20\/ministro-critica-a-epidemiologos-por-proyecciones-de-cuarta-ola\/#breadcrumb","itemListElement":[{"@type":"ListItem","position":1,"name":"Portada","item":"https:\/\/www.eldiario.net\/portal\/"},{"@type":"ListItem","position":2,"name":"Ministro critica a epidemi\u00f3logos por proyecciones de cuarta ola"}]},{"@type":"WebSite","@id":"https:\/\/www.eldiario.net\/portal\/#website","url":"https:\/\/www.eldiario.net\/portal\/","name":"El Diario - Decano de la prensa nacional","description":"El Diario - Decano de la prensa nacional","publisher":{"@id":"https:\/\/www.eldiario.net\/portal\/#organization"},"potentialAction":[{"@type":"SearchAction","target":{"@type":"EntryPoint","urlTemplate":"https:\/\/www.eldiario.net\/portal\/?s={search_term_string}"},"query-input":{"@type":"PropertyValueSpecification","valueRequired":true,"valueName":"search_term_string"}}],"inLanguage":"es"},{"@type":"Organization","@id":"https:\/\/www.eldiario.net\/portal\/#organization","name":"El Diario - Decano de la prensa nacional","url":"https:\/\/www.eldiario.net\/portal\/","logo":{"@type":"ImageObject","inLanguage":"es","@id":"https:\/\/www.eldiario.net\/portal\/#\/schema\/logo\/image\/","url":"https:\/\/www.eldiario.net\/portal\/wp-content\/uploads\/2023\/07\/logo_ED.jpg","contentUrl":"https:\/\/www.eldiario.net\/portal\/wp-content\/uploads\/2023\/07\/logo_ED.jpg","width":272,"height":52,"caption":"El Diario - Decano de la prensa nacional"},"image":{"@id":"https:\/\/www.eldiario.net\/portal\/#\/schema\/logo\/image\/"},"sameAs":["https:\/\/www.facebook.com\/eldiario.bolivia\/","https:\/\/x.com\/eldiario_net"]},{"@type":"Person","@id":"https:\/\/www.eldiario.net\/portal\/#\/schema\/person\/f46445640444750d7d753ccd04ae01b7","name":"Jeanette","image":{"@type":"ImageObject","inLanguage":"es","@id":"https:\/\/secure.gravatar.com\/avatar\/3ea2118a5f7dad2b7138b1187a6b7ee55f160b9968b66013c3a3ef39dd7e5798?s=96&d=mm&r=g","url":"https:\/\/secure.gravatar.com\/avatar\/3ea2118a5f7dad2b7138b1187a6b7ee55f160b9968b66013c3a3ef39dd7e5798?s=96&d=mm&r=g","contentUrl":"https:\/\/secure.gravatar.com\/avatar\/3ea2118a5f7dad2b7138b1187a6b7ee55f160b9968b66013c3a3ef39dd7e5798?s=96&d=mm&r=g","caption":"Jeanette"},"sameAs":["https:\/\/www.eldiario.net\/portal"],"url":"https:\/\/www.eldiario.net\/portal\/author\/jeanette\/"}]}},"_links":{"self":[{"href":"https:\/\/www.eldiario.net\/portal\/wp-json\/wp\/v2\/posts\/24543","targetHints":{"allow":["GET"]}}],"collection":[{"href":"https:\/\/www.eldiario.net\/portal\/wp-json\/wp\/v2\/posts"}],"about":[{"href":"https:\/\/www.eldiario.net\/portal\/wp-json\/wp\/v2\/types\/post"}],"author":[{"embeddable":true,"href":"https:\/\/www.eldiario.net\/portal\/wp-json\/wp\/v2\/users\/1"}],"replies":[{"embeddable":true,"href":"https:\/\/www.eldiario.net\/portal\/wp-json\/wp\/v2\/comments?post=24543"}],"version-history":[{"count":0,"href":"https:\/\/www.eldiario.net\/portal\/wp-json\/wp\/v2\/posts\/24543\/revisions"}],"wp:attachment":[{"href":"https:\/\/www.eldiario.net\/portal\/wp-json\/wp\/v2\/media?parent=24543"}],"wp:term":[{"taxonomy":"category","embeddable":true,"href":"https:\/\/www.eldiario.net\/portal\/wp-json\/wp\/v2\/categories?post=24543"},{"taxonomy":"post_tag","embeddable":true,"href":"https:\/\/www.eldiario.net\/portal\/wp-json\/wp\/v2\/tags?post=24543"}],"curies":[{"name":"wp","href":"https:\/\/api.w.org\/{rel}","templated":true}]}}