{"id":245427,"date":"2024-09-05T05:59:54","date_gmt":"2024-09-05T09:59:54","guid":{"rendered":"https:\/\/www.eldiario.net\/portal\/?p=245427"},"modified":"2024-09-05T05:59:54","modified_gmt":"2024-09-05T09:59:54","slug":"venezuela-ya-esta-en-suelo-boliviano","status":"publish","type":"post","link":"https:\/\/www.eldiario.net\/portal\/2024\/09\/05\/venezuela-ya-esta-en-suelo-boliviano\/","title":{"rendered":"Venezuela ya est\u00e1 en suelo boliviano"},"content":{"rendered":"<p>La noche de este mi\u00e9rcoles 4 de septiembre, la selecci\u00f3n de Venezuela lleg\u00f3 a Santa Cruz, Bolivia, para disputar ma\u00f1ana desde las 16:00, en El Alto (La Paz) el partido frente a nuestro seleccionado en Villa Ingenio de El Alto, por la Eliminatoria al Mundial Norte Am\u00e9rica 2026.<\/p>\n<p>Seg\u00fan planificaci\u00f3n del DT Fernando Batista, el elenco Vinotinto se trasladar\u00e1 a la Sede de Gobierno, horas antes del compromiso.<\/p>\n<p>Venezuela efectu\u00f3 su trabajo previo en Buenos Aires (Argentina), debido a los problemas pol\u00edticos que acontecen en Caracas, despu\u00e9s de las elecciones presidenciales.<\/p>\n<p>En suelo cruce\u00f1o, la delegaci\u00f3n venezolana fue recibida por varios de sus hinchas en el aeropuerto internacional de Viru Viru y algunos jugadores atendieron a los fan\u00e1ticos firmando aut\u00f3grafos y sac\u00e1ndose fotograf\u00edas.<\/p>\n<p>Venezuela convoc\u00f3 a 41 jugadores para la doble fecha de Eliminatorias, ya que el martes recibir\u00e1 a Uruguay en Matur\u00edn, pero tiene las bajas de Yangel Herrera, volante que milita en el Girona de Espa\u00f1a, y los defensores Wilker \u00c1ngel y John Chancellor. La falta m\u00e1s sensible ser\u00e1 Herrera, uno de los seguros en titulares.<\/p>\n<p>Batista declar\u00f3 que el hecho de jugar a 4.090 \u00a0no era desconocido por el grupo, por lo tanto, se prepararon para esta circunstancia.<\/p>\n<p>\u201cSi me lo est\u00e1n preguntando (de la altura) \u00a0por algo ser\u00e1, pero nosotros tenemos que prepararnos para ir a jugar un partido porque sab\u00edamos que cuando se sorte\u00f3, iban a jugar en La Paz o en El Alto\u201d, dijo.<\/p>\n<p>Venezuela sigue siendo el equipo revelaci\u00f3n de las Eliminatorias Sudamericanas y est\u00e1 en la cuarta posici\u00f3n de la tabla. Viene de una gran actuaci\u00f3n en Copa Am\u00e9rica: gan\u00f3 el grupo con puntaje perfecto tras ganarle a Ecuador, M\u00e9xico y Jamaica; y qued\u00f3 eliminado en cuartos tras perder por penales, luego de igualar 1-1, con Canad\u00e1. Por Eliminatorias viene de igualar 1-1 con Per\u00fa en Lima. El equipo de Batista perdi\u00f3 un partido en seis disputados en su camino a la pr\u00f3xima Copa del Mundo.<\/p>\n<p>La posible alineaci\u00f3n del visitante para ma\u00f1ana, cuyo cuerpo t\u00e9cnico guarda con celosa restricci\u00f3n la informaci\u00f3n, es la siguiente: Rafael Romo; Jon Aramburu, Nahuel Ferraresi, Yordan Osorio, Miguel Navarro; Cristi\u00e1n C\u00e1seres, Eduard Bello, Jos\u00e9 Mart\u00ednez, Daniel Pereira; Yeferson Soteldo, Salom\u00f3n Rond\u00f3n. DT: Fernando Batista.<\/p>\n<p>(AGENCIAS)<\/p>\n","protected":false},"excerpt":{"rendered":"<p>La noche de este mi\u00e9rcoles 4 de septiembre, la selecci\u00f3n de Venezuela lleg\u00f3 a Santa Cruz, Bolivia, para disputar ma\u00f1ana desde las 16:00, en El Alto (La Paz) el partido frente a nuestro seleccionado en Villa Ingenio de El Alto, por la Eliminatoria al Mundial Norte Am\u00e9rica 2026. Seg\u00fan planificaci\u00f3n del DT Fernando Batista, el [&hellip;]<\/p>\n","protected":false},"author":1,"featured_media":245428,"comment_status":"open","ping_status":"open","sticky":false,"template":"","format":"standard","meta":{"_acf_changed":false,"footnotes":""},"categories":[6],"tags":[],"class_list":["post-245427","post","type-post","status-publish","format-standard","has-post-thumbnail","category-deportes"],"acf":{"antetitulo":""},"yoast_head":"<!-- This site is optimized with the Yoast SEO plugin v28.3 - https:\/\/yoast.com\/product\/yoast-seo-wordpress\/ -->\n<title>Venezuela ya est\u00e1 en suelo boliviano - El Diario - Bolivia<\/title>\n<meta name=\"robots\" content=\"index, follow, max-snippet:-1, max-image-preview:large, max-video-preview:-1\" \/>\n<link rel=\"canonical\" href=\"https:\/\/www.eldiario.net\/portal\/2024\/09\/05\/venezuela-ya-esta-en-suelo-boliviano\/\" \/>\n<meta property=\"og:locale\" content=\"es_ES\" \/>\n<meta property=\"og:type\" content=\"article\" \/>\n<meta property=\"og:title\" content=\"Venezuela ya est\u00e1 en suelo boliviano - El Diario - Bolivia\" \/>\n<meta property=\"og:description\" content=\"La noche de este mi\u00e9rcoles 4 de septiembre, la selecci\u00f3n de Venezuela lleg\u00f3 a Santa Cruz, Bolivia, para disputar ma\u00f1ana desde las 16:00, en El Alto (La Paz) el partido frente a nuestro seleccionado en Villa Ingenio de El Alto, por la Eliminatoria al Mundial Norte Am\u00e9rica 2026. Seg\u00fan planificaci\u00f3n del DT Fernando Batista, el [&hellip;]\" \/>\n<meta property=\"og:url\" content=\"https:\/\/www.eldiario.net\/portal\/2024\/09\/05\/venezuela-ya-esta-en-suelo-boliviano\/\" \/>\n<meta property=\"og:site_name\" content=\"El Diario - Bolivia\" \/>\n<meta property=\"article:publisher\" content=\"https:\/\/www.facebook.com\/eldiario.bolivia\/\" \/>\n<meta property=\"article:published_time\" content=\"2024-09-05T09:59:54+00:00\" \/>\n<meta property=\"og:image\" content=\"https:\/\/www.eldiario.net\/portal\/wp-content\/uploads\/2024\/09\/Venezuela-04.jpg\" \/>\n\t<meta property=\"og:image:width\" content=\"720\" \/>\n\t<meta property=\"og:image:height\" content=\"533\" \/>\n\t<meta property=\"og:image:type\" content=\"image\/jpeg\" \/>\n<meta name=\"author\" content=\"Jeanette\" \/>\n<meta name=\"twitter:card\" content=\"summary_large_image\" \/>\n<meta name=\"twitter:creator\" content=\"@eldiario_net\" \/>\n<meta name=\"twitter:site\" content=\"@eldiario_net\" \/>\n<meta name=\"twitter:label1\" content=\"Escrito por\" \/>\n\t<meta name=\"twitter:data1\" content=\"Jeanette\" \/>\n\t<meta name=\"twitter:label2\" content=\"Tiempo de lectura\" \/>\n\t<meta name=\"twitter:data2\" content=\"2 minutos\" \/>\n<script type=\"application\/ld+json\" class=\"yoast-schema-graph\">{\"@context\":\"https:\\\/\\\/schema.org\",\"@graph\":[{\"@type\":\"Article\",\"@id\":\"https:\\\/\\\/www.eldiario.net\\\/portal\\\/2024\\\/09\\\/05\\\/venezuela-ya-esta-en-suelo-boliviano\\\/#article\",\"isPartOf\":{\"@id\":\"https:\\\/\\\/www.eldiario.net\\\/portal\\\/2024\\\/09\\\/05\\\/venezuela-ya-esta-en-suelo-boliviano\\\/\"},\"author\":{\"name\":\"Jeanette\",\"@id\":\"https:\\\/\\\/www.eldiario.net\\\/portal\\\/#\\\/schema\\\/person\\\/f46445640444750d7d753ccd04ae01b7\"},\"headline\":\"Venezuela ya est\u00e1 en suelo boliviano\",\"datePublished\":\"2024-09-05T09:59:54+00:00\",\"mainEntityOfPage\":{\"@id\":\"https:\\\/\\\/www.eldiario.net\\\/portal\\\/2024\\\/09\\\/05\\\/venezuela-ya-esta-en-suelo-boliviano\\\/\"},\"wordCount\":405,\"commentCount\":0,\"publisher\":{\"@id\":\"https:\\\/\\\/www.eldiario.net\\\/portal\\\/#organization\"},\"image\":{\"@id\":\"https:\\\/\\\/www.eldiario.net\\\/portal\\\/2024\\\/09\\\/05\\\/venezuela-ya-esta-en-suelo-boliviano\\\/#primaryimage\"},\"thumbnailUrl\":\"https:\\\/\\\/www.eldiario.net\\\/portal\\\/wp-content\\\/uploads\\\/2024\\\/09\\\/Venezuela-04.jpg\",\"articleSection\":[\"Deportes\"],\"inLanguage\":\"es\",\"potentialAction\":[{\"@type\":\"CommentAction\",\"name\":\"Comment\",\"target\":[\"https:\\\/\\\/www.eldiario.net\\\/portal\\\/2024\\\/09\\\/05\\\/venezuela-ya-esta-en-suelo-boliviano\\\/#respond\"]}]},{\"@type\":\"WebPage\",\"@id\":\"https:\\\/\\\/www.eldiario.net\\\/portal\\\/2024\\\/09\\\/05\\\/venezuela-ya-esta-en-suelo-boliviano\\\/\",\"url\":\"https:\\\/\\\/www.eldiario.net\\\/portal\\\/2024\\\/09\\\/05\\\/venezuela-ya-esta-en-suelo-boliviano\\\/\",\"name\":\"Venezuela ya est\u00e1 en suelo boliviano - El Diario - Bolivia\",\"isPartOf\":{\"@id\":\"https:\\\/\\\/www.eldiario.net\\\/portal\\\/#website\"},\"primaryImageOfPage\":{\"@id\":\"https:\\\/\\\/www.eldiario.net\\\/portal\\\/2024\\\/09\\\/05\\\/venezuela-ya-esta-en-suelo-boliviano\\\/#primaryimage\"},\"image\":{\"@id\":\"https:\\\/\\\/www.eldiario.net\\\/portal\\\/2024\\\/09\\\/05\\\/venezuela-ya-esta-en-suelo-boliviano\\\/#primaryimage\"},\"thumbnailUrl\":\"https:\\\/\\\/www.eldiario.net\\\/portal\\\/wp-content\\\/uploads\\\/2024\\\/09\\\/Venezuela-04.jpg\",\"datePublished\":\"2024-09-05T09:59:54+00:00\",\"breadcrumb\":{\"@id\":\"https:\\\/\\\/www.eldiario.net\\\/portal\\\/2024\\\/09\\\/05\\\/venezuela-ya-esta-en-suelo-boliviano\\\/#breadcrumb\"},\"inLanguage\":\"es\",\"potentialAction\":[{\"@type\":\"ReadAction\",\"target\":[\"https:\\\/\\\/www.eldiario.net\\\/portal\\\/2024\\\/09\\\/05\\\/venezuela-ya-esta-en-suelo-boliviano\\\/\"]}]},{\"@type\":\"ImageObject\",\"inLanguage\":\"es\",\"@id\":\"https:\\\/\\\/www.eldiario.net\\\/portal\\\/2024\\\/09\\\/05\\\/venezuela-ya-esta-en-suelo-boliviano\\\/#primaryimage\",\"url\":\"https:\\\/\\\/www.eldiario.net\\\/portal\\\/wp-content\\\/uploads\\\/2024\\\/09\\\/Venezuela-04.jpg\",\"contentUrl\":\"https:\\\/\\\/www.eldiario.net\\\/portal\\\/wp-content\\\/uploads\\\/2024\\\/09\\\/Venezuela-04.jpg\",\"width\":720,\"height\":533},{\"@type\":\"BreadcrumbList\",\"@id\":\"https:\\\/\\\/www.eldiario.net\\\/portal\\\/2024\\\/09\\\/05\\\/venezuela-ya-esta-en-suelo-boliviano\\\/#breadcrumb\",\"itemListElement\":[{\"@type\":\"ListItem\",\"position\":1,\"name\":\"Portada\",\"item\":\"https:\\\/\\\/www.eldiario.net\\\/portal\\\/\"},{\"@type\":\"ListItem\",\"position\":2,\"name\":\"Venezuela ya est\u00e1 en suelo boliviano\"}]},{\"@type\":\"WebSite\",\"@id\":\"https:\\\/\\\/www.eldiario.net\\\/portal\\\/#website\",\"url\":\"https:\\\/\\\/www.eldiario.net\\\/portal\\\/\",\"name\":\"El Diario - Decano de la prensa nacional\",\"description\":\"El Diario - Decano de la prensa nacional\",\"publisher\":{\"@id\":\"https:\\\/\\\/www.eldiario.net\\\/portal\\\/#organization\"},\"potentialAction\":[{\"@type\":\"SearchAction\",\"target\":{\"@type\":\"EntryPoint\",\"urlTemplate\":\"https:\\\/\\\/www.eldiario.net\\\/portal\\\/?s={search_term_string}\"},\"query-input\":{\"@type\":\"PropertyValueSpecification\",\"valueRequired\":true,\"valueName\":\"search_term_string\"}}],\"inLanguage\":\"es\"},{\"@type\":\"Organization\",\"@id\":\"https:\\\/\\\/www.eldiario.net\\\/portal\\\/#organization\",\"name\":\"El Diario - Decano de la prensa nacional\",\"url\":\"https:\\\/\\\/www.eldiario.net\\\/portal\\\/\",\"logo\":{\"@type\":\"ImageObject\",\"inLanguage\":\"es\",\"@id\":\"https:\\\/\\\/www.eldiario.net\\\/portal\\\/#\\\/schema\\\/logo\\\/image\\\/\",\"url\":\"https:\\\/\\\/www.eldiario.net\\\/portal\\\/wp-content\\\/uploads\\\/2023\\\/07\\\/logo_ED.jpg\",\"contentUrl\":\"https:\\\/\\\/www.eldiario.net\\\/portal\\\/wp-content\\\/uploads\\\/2023\\\/07\\\/logo_ED.jpg\",\"width\":272,\"height\":52,\"caption\":\"El Diario - Decano de la prensa nacional\"},\"image\":{\"@id\":\"https:\\\/\\\/www.eldiario.net\\\/portal\\\/#\\\/schema\\\/logo\\\/image\\\/\"},\"sameAs\":[\"https:\\\/\\\/www.facebook.com\\\/eldiario.bolivia\\\/\",\"https:\\\/\\\/x.com\\\/eldiario_net\"]},{\"@type\":\"Person\",\"@id\":\"https:\\\/\\\/www.eldiario.net\\\/portal\\\/#\\\/schema\\\/person\\\/f46445640444750d7d753ccd04ae01b7\",\"name\":\"Jeanette\",\"image\":{\"@type\":\"ImageObject\",\"inLanguage\":\"es\",\"@id\":\"https:\\\/\\\/secure.gravatar.com\\\/avatar\\\/3ea2118a5f7dad2b7138b1187a6b7ee55f160b9968b66013c3a3ef39dd7e5798?s=96&d=mm&r=g\",\"url\":\"https:\\\/\\\/secure.gravatar.com\\\/avatar\\\/3ea2118a5f7dad2b7138b1187a6b7ee55f160b9968b66013c3a3ef39dd7e5798?s=96&d=mm&r=g\",\"contentUrl\":\"https:\\\/\\\/secure.gravatar.com\\\/avatar\\\/3ea2118a5f7dad2b7138b1187a6b7ee55f160b9968b66013c3a3ef39dd7e5798?s=96&d=mm&r=g\",\"caption\":\"Jeanette\"},\"sameAs\":[\"https:\\\/\\\/www.eldiario.net\\\/portal\"],\"url\":\"https:\\\/\\\/www.eldiario.net\\\/portal\\\/author\\\/jeanette\\\/\"}]}<\/script>\n<!-- \/ Yoast SEO plugin. -->","yoast_head_json":{"title":"Venezuela ya est\u00e1 en suelo boliviano - El Diario - Bolivia","robots":{"index":"index","follow":"follow","max-snippet":"max-snippet:-1","max-image-preview":"max-image-preview:large","max-video-preview":"max-video-preview:-1"},"canonical":"https:\/\/www.eldiario.net\/portal\/2024\/09\/05\/venezuela-ya-esta-en-suelo-boliviano\/","og_locale":"es_ES","og_type":"article","og_title":"Venezuela ya est\u00e1 en suelo boliviano - El Diario - Bolivia","og_description":"La noche de este mi\u00e9rcoles 4 de septiembre, la selecci\u00f3n de Venezuela lleg\u00f3 a Santa Cruz, Bolivia, para disputar ma\u00f1ana desde las 16:00, en El Alto (La Paz) el partido frente a nuestro seleccionado en Villa Ingenio de El Alto, por la Eliminatoria al Mundial Norte Am\u00e9rica 2026. Seg\u00fan planificaci\u00f3n del DT Fernando Batista, el [&hellip;]","og_url":"https:\/\/www.eldiario.net\/portal\/2024\/09\/05\/venezuela-ya-esta-en-suelo-boliviano\/","og_site_name":"El Diario - Bolivia","article_publisher":"https:\/\/www.facebook.com\/eldiario.bolivia\/","article_published_time":"2024-09-05T09:59:54+00:00","og_image":[{"width":720,"height":533,"url":"https:\/\/www.eldiario.net\/portal\/wp-content\/uploads\/2024\/09\/Venezuela-04.jpg","type":"image\/jpeg"}],"author":"Jeanette","twitter_card":"summary_large_image","twitter_creator":"@eldiario_net","twitter_site":"@eldiario_net","twitter_misc":{"Escrito por":"Jeanette","Tiempo de lectura":"2 minutos"},"schema":{"@context":"https:\/\/schema.org","@graph":[{"@type":"Article","@id":"https:\/\/www.eldiario.net\/portal\/2024\/09\/05\/venezuela-ya-esta-en-suelo-boliviano\/#article","isPartOf":{"@id":"https:\/\/www.eldiario.net\/portal\/2024\/09\/05\/venezuela-ya-esta-en-suelo-boliviano\/"},"author":{"name":"Jeanette","@id":"https:\/\/www.eldiario.net\/portal\/#\/schema\/person\/f46445640444750d7d753ccd04ae01b7"},"headline":"Venezuela ya est\u00e1 en suelo boliviano","datePublished":"2024-09-05T09:59:54+00:00","mainEntityOfPage":{"@id":"https:\/\/www.eldiario.net\/portal\/2024\/09\/05\/venezuela-ya-esta-en-suelo-boliviano\/"},"wordCount":405,"commentCount":0,"publisher":{"@id":"https:\/\/www.eldiario.net\/portal\/#organization"},"image":{"@id":"https:\/\/www.eldiario.net\/portal\/2024\/09\/05\/venezuela-ya-esta-en-suelo-boliviano\/#primaryimage"},"thumbnailUrl":"https:\/\/www.eldiario.net\/portal\/wp-content\/uploads\/2024\/09\/Venezuela-04.jpg","articleSection":["Deportes"],"inLanguage":"es","potentialAction":[{"@type":"CommentAction","name":"Comment","target":["https:\/\/www.eldiario.net\/portal\/2024\/09\/05\/venezuela-ya-esta-en-suelo-boliviano\/#respond"]}]},{"@type":"WebPage","@id":"https:\/\/www.eldiario.net\/portal\/2024\/09\/05\/venezuela-ya-esta-en-suelo-boliviano\/","url":"https:\/\/www.eldiario.net\/portal\/2024\/09\/05\/venezuela-ya-esta-en-suelo-boliviano\/","name":"Venezuela ya est\u00e1 en suelo boliviano - El Diario - Bolivia","isPartOf":{"@id":"https:\/\/www.eldiario.net\/portal\/#website"},"primaryImageOfPage":{"@id":"https:\/\/www.eldiario.net\/portal\/2024\/09\/05\/venezuela-ya-esta-en-suelo-boliviano\/#primaryimage"},"image":{"@id":"https:\/\/www.eldiario.net\/portal\/2024\/09\/05\/venezuela-ya-esta-en-suelo-boliviano\/#primaryimage"},"thumbnailUrl":"https:\/\/www.eldiario.net\/portal\/wp-content\/uploads\/2024\/09\/Venezuela-04.jpg","datePublished":"2024-09-05T09:59:54+00:00","breadcrumb":{"@id":"https:\/\/www.eldiario.net\/portal\/2024\/09\/05\/venezuela-ya-esta-en-suelo-boliviano\/#breadcrumb"},"inLanguage":"es","potentialAction":[{"@type":"ReadAction","target":["https:\/\/www.eldiario.net\/portal\/2024\/09\/05\/venezuela-ya-esta-en-suelo-boliviano\/"]}]},{"@type":"ImageObject","inLanguage":"es","@id":"https:\/\/www.eldiario.net\/portal\/2024\/09\/05\/venezuela-ya-esta-en-suelo-boliviano\/#primaryimage","url":"https:\/\/www.eldiario.net\/portal\/wp-content\/uploads\/2024\/09\/Venezuela-04.jpg","contentUrl":"https:\/\/www.eldiario.net\/portal\/wp-content\/uploads\/2024\/09\/Venezuela-04.jpg","width":720,"height":533},{"@type":"BreadcrumbList","@id":"https:\/\/www.eldiario.net\/portal\/2024\/09\/05\/venezuela-ya-esta-en-suelo-boliviano\/#breadcrumb","itemListElement":[{"@type":"ListItem","position":1,"name":"Portada","item":"https:\/\/www.eldiario.net\/portal\/"},{"@type":"ListItem","position":2,"name":"Venezuela ya est\u00e1 en suelo boliviano"}]},{"@type":"WebSite","@id":"https:\/\/www.eldiario.net\/portal\/#website","url":"https:\/\/www.eldiario.net\/portal\/","name":"El Diario - Decano de la prensa nacional","description":"El Diario - Decano de la prensa nacional","publisher":{"@id":"https:\/\/www.eldiario.net\/portal\/#organization"},"potentialAction":[{"@type":"SearchAction","target":{"@type":"EntryPoint","urlTemplate":"https:\/\/www.eldiario.net\/portal\/?s={search_term_string}"},"query-input":{"@type":"PropertyValueSpecification","valueRequired":true,"valueName":"search_term_string"}}],"inLanguage":"es"},{"@type":"Organization","@id":"https:\/\/www.eldiario.net\/portal\/#organization","name":"El Diario - Decano de la prensa nacional","url":"https:\/\/www.eldiario.net\/portal\/","logo":{"@type":"ImageObject","inLanguage":"es","@id":"https:\/\/www.eldiario.net\/portal\/#\/schema\/logo\/image\/","url":"https:\/\/www.eldiario.net\/portal\/wp-content\/uploads\/2023\/07\/logo_ED.jpg","contentUrl":"https:\/\/www.eldiario.net\/portal\/wp-content\/uploads\/2023\/07\/logo_ED.jpg","width":272,"height":52,"caption":"El Diario - Decano de la prensa nacional"},"image":{"@id":"https:\/\/www.eldiario.net\/portal\/#\/schema\/logo\/image\/"},"sameAs":["https:\/\/www.facebook.com\/eldiario.bolivia\/","https:\/\/x.com\/eldiario_net"]},{"@type":"Person","@id":"https:\/\/www.eldiario.net\/portal\/#\/schema\/person\/f46445640444750d7d753ccd04ae01b7","name":"Jeanette","image":{"@type":"ImageObject","inLanguage":"es","@id":"https:\/\/secure.gravatar.com\/avatar\/3ea2118a5f7dad2b7138b1187a6b7ee55f160b9968b66013c3a3ef39dd7e5798?s=96&d=mm&r=g","url":"https:\/\/secure.gravatar.com\/avatar\/3ea2118a5f7dad2b7138b1187a6b7ee55f160b9968b66013c3a3ef39dd7e5798?s=96&d=mm&r=g","contentUrl":"https:\/\/secure.gravatar.com\/avatar\/3ea2118a5f7dad2b7138b1187a6b7ee55f160b9968b66013c3a3ef39dd7e5798?s=96&d=mm&r=g","caption":"Jeanette"},"sameAs":["https:\/\/www.eldiario.net\/portal"],"url":"https:\/\/www.eldiario.net\/portal\/author\/jeanette\/"}]}},"_links":{"self":[{"href":"https:\/\/www.eldiario.net\/portal\/wp-json\/wp\/v2\/posts\/245427","targetHints":{"allow":["GET"]}}],"collection":[{"href":"https:\/\/www.eldiario.net\/portal\/wp-json\/wp\/v2\/posts"}],"about":[{"href":"https:\/\/www.eldiario.net\/portal\/wp-json\/wp\/v2\/types\/post"}],"author":[{"embeddable":true,"href":"https:\/\/www.eldiario.net\/portal\/wp-json\/wp\/v2\/users\/1"}],"replies":[{"embeddable":true,"href":"https:\/\/www.eldiario.net\/portal\/wp-json\/wp\/v2\/comments?post=245427"}],"version-history":[{"count":1,"href":"https:\/\/www.eldiario.net\/portal\/wp-json\/wp\/v2\/posts\/245427\/revisions"}],"predecessor-version":[{"id":245429,"href":"https:\/\/www.eldiario.net\/portal\/wp-json\/wp\/v2\/posts\/245427\/revisions\/245429"}],"wp:featuredmedia":[{"embeddable":true,"href":"https:\/\/www.eldiario.net\/portal\/wp-json\/wp\/v2\/media\/245428"}],"wp:attachment":[{"href":"https:\/\/www.eldiario.net\/portal\/wp-json\/wp\/v2\/media?parent=245427"}],"wp:term":[{"taxonomy":"category","embeddable":true,"href":"https:\/\/www.eldiario.net\/portal\/wp-json\/wp\/v2\/categories?post=245427"},{"taxonomy":"post_tag","embeddable":true,"href":"https:\/\/www.eldiario.net\/portal\/wp-json\/wp\/v2\/tags?post=245427"}],"curies":[{"name":"wp","href":"https:\/\/api.w.org\/{rel}","templated":true}]}}