{"id":24538,"date":"2021-08-20T03:01:59","date_gmt":"2021-08-20T07:01:59","guid":{"rendered":"https:\/\/www.eldiario.net\/portal\/?p=24538"},"modified":"2021-08-20T03:01:59","modified_gmt":"2021-08-20T07:01:59","slug":"alertan-que-cuarta-ola-estara-dominada-por-variante-delta","status":"publish","type":"post","link":"https:\/\/www.eldiario.net\/portal\/2021\/08\/20\/alertan-que-cuarta-ola-estara-dominada-por-variante-delta\/","title":{"rendered":"Alertan que cuarta ola estar\u00e1 dominada por variante delta"},"content":{"rendered":"<p>El aumento de contagios que report\u00f3 el Ministerio de Salud es el inicio de la cuarta ola, alert\u00f3 el doctor Guillermo Cuentas, experto en epidemiolog\u00eda. Explic\u00f3 que a inicios de septiembre ser\u00e1 m\u00e1s notorio, indic\u00f3 que la variante delta se expande por el mundo y con seguridad Bolivia registrar\u00e1 contagios con esa variante.<br \/>\n\u201cEn estos \u00faltimos d\u00edas est\u00e1 empezando a subir dando la impresi\u00f3n que pareciera que es la cuarta ola que vamos a tener, ya va a empezar a visibilizarse a partir de la primera semana de septiembre. (\u2026). A nivel internacional, esta cuarta ola para algunos pa\u00edses, para otros una prolongaci\u00f3n de la tercera ola, est\u00e1 dominada por la variante delta\u201d, alert\u00f3.<br \/>\nDe acuerdo con el especialista, la variante delta se caracteriza por tres aspectos importantes: epidemiol\u00f3gicamente es una variante m\u00e1s contagiosa; cl\u00ednicamente es m\u00e1s agresiva, tiene s\u00edntomas agresivos; y demogr\u00e1ficamente ataca a todos los grupos etarios.<br \/>\nEl doctor explic\u00f3 que si en la primera ola una persona infectada con coronavirus llegaba a contagiar en promedio a tres personas, con la variante delta contagiar\u00e1 a seis.<br \/>\n\u201cUna persona con covid-19 puede contagiar en promedio a tres personas, cuando digo que es m\u00e1s contagiosa, una persona que contrae la variante delta contagia a seis\u201d, precis\u00f3.<br \/>\nSeg\u00fan Cuentas, la variante delta es m\u00e1s agresiva en sus s\u00edntomas porque durante la primera ola un paciente llegaba a tener insuficiencia respiratoria despu\u00e9s de una semana de haber contra\u00eddo el virus.<br \/>\nLa variante delta hace que en dos o tres d\u00edas un paciente tenga sus pulmones muy da\u00f1ados, lo que ocasionar\u00e1 insuficiencia respiratoria.<br \/>\n\u201cCon esta variante la insuficiencia respiratoria se produce en pocos d\u00edas, en dos o tres d\u00edas ya tiene un gran da\u00f1o pulmonar y precisa de emergencia ox\u00edgeno medicinal\u201d, sostuvo.<br \/>\nEl galeno explic\u00f3 que la variante delta ataca incluso a los menores de 12 a\u00f1os. En el pasado ese grupo etario no presentaba s\u00edntomas graves de coronavirus.<br \/>\nEl doctor record\u00f3 la importancia las vacunas contra el coronavirus. Dijo que es un bloqueo importante para evitar picos altos de contagios y por ende muertes.<br \/>\nCuentas precis\u00f3 que los vacunados pueden contraer la enfermedad, pero tendr\u00e1n dos caracter\u00edsticas importantes: sus s\u00edntomas ser\u00e1n leves y moderados; lo segundo es que no ser\u00e1n \u201ccontagiadores\u201d, public\u00f3 Urgente.bo.<br \/>\n\u201cO sea que ellos (los vacunados) pueden adquirir la patolog\u00eda, pero no van a contagiar como lo har\u00eda una persona no vacunada, por lo tanto eso ser\u00eda una barrera, los vacunados pueden contener la patolog\u00eda, pero tener s\u00edntomas leves y no ser\u00e1n contagiadores, es una ventaja\u201d, resalt\u00f3.<\/p>\n","protected":false},"excerpt":{"rendered":"<p>El aumento de contagios que report\u00f3 el Ministerio de Salud es el inicio de la cuarta ola, alert\u00f3 el doctor Guillermo Cuentas, experto en epidemiolog\u00eda. Explic\u00f3 que a inicios de septiembre ser\u00e1 m\u00e1s notorio, indic\u00f3 que la variante delta se expande por el mundo y con seguridad Bolivia registrar\u00e1 contagios con esa variante. \u201cEn estos [&hellip;]<\/p>\n","protected":false},"author":1,"featured_media":24539,"comment_status":"closed","ping_status":"closed","sticky":false,"template":"","format":"standard","meta":{"_acf_changed":false,"footnotes":""},"categories":[12],"tags":[],"class_list":["post-24538","post","type-post","status-publish","format-standard","has-post-thumbnail","category-nacional"],"acf":{"antetitulo":""},"yoast_head":"<!-- This site is optimized with the Yoast SEO plugin v28.4 - https:\/\/yoast.com\/product\/yoast-seo-wordpress\/ -->\n<title>Alertan que cuarta ola estar\u00e1 dominada por variante delta - El Diario - Bolivia<\/title>\n<meta name=\"robots\" content=\"index, follow, max-snippet:-1, max-image-preview:large, max-video-preview:-1\" \/>\n<link rel=\"canonical\" href=\"https:\/\/www.eldiario.net\/portal\/2021\/08\/20\/alertan-que-cuarta-ola-estara-dominada-por-variante-delta\/\" \/>\n<meta property=\"og:locale\" content=\"es_ES\" \/>\n<meta property=\"og:type\" content=\"article\" \/>\n<meta property=\"og:title\" content=\"Alertan que cuarta ola estar\u00e1 dominada por variante delta - El Diario - Bolivia\" \/>\n<meta property=\"og:description\" content=\"El aumento de contagios que report\u00f3 el Ministerio de Salud es el inicio de la cuarta ola, alert\u00f3 el doctor Guillermo Cuentas, experto en epidemiolog\u00eda. Explic\u00f3 que a inicios de septiembre ser\u00e1 m\u00e1s notorio, indic\u00f3 que la variante delta se expande por el mundo y con seguridad Bolivia registrar\u00e1 contagios con esa variante. \u201cEn estos [&hellip;]\" \/>\n<meta property=\"og:url\" content=\"https:\/\/www.eldiario.net\/portal\/2021\/08\/20\/alertan-que-cuarta-ola-estara-dominada-por-variante-delta\/\" \/>\n<meta property=\"og:site_name\" content=\"El Diario - Bolivia\" \/>\n<meta property=\"article:publisher\" content=\"https:\/\/www.facebook.com\/eldiario.bolivia\/\" \/>\n<meta property=\"article:published_time\" content=\"2021-08-20T07:01:59+00:00\" \/>\n<meta name=\"author\" content=\"Jeanette\" \/>\n<meta name=\"twitter:card\" content=\"summary_large_image\" \/>\n<meta name=\"twitter:creator\" content=\"@eldiario_net\" \/>\n<meta name=\"twitter:site\" content=\"@eldiario_net\" \/>\n<meta name=\"twitter:label1\" content=\"Escrito por\" \/>\n\t<meta name=\"twitter:data1\" content=\"Jeanette\" \/>\n\t<meta name=\"twitter:label2\" content=\"Tiempo de lectura\" \/>\n\t<meta name=\"twitter:data2\" content=\"2 minutos\" \/>\n<script type=\"application\/ld+json\" class=\"yoast-schema-graph\">{\"@context\":\"https:\\\/\\\/schema.org\",\"@graph\":[{\"@type\":\"Article\",\"@id\":\"https:\\\/\\\/www.eldiario.net\\\/portal\\\/2021\\\/08\\\/20\\\/alertan-que-cuarta-ola-estara-dominada-por-variante-delta\\\/#article\",\"isPartOf\":{\"@id\":\"https:\\\/\\\/www.eldiario.net\\\/portal\\\/2021\\\/08\\\/20\\\/alertan-que-cuarta-ola-estara-dominada-por-variante-delta\\\/\"},\"author\":{\"name\":\"Jeanette\",\"@id\":\"https:\\\/\\\/www.eldiario.net\\\/portal\\\/#\\\/schema\\\/person\\\/2c57cf2b7a7ae032e449e4c9b1019eac\"},\"headline\":\"Alertan que cuarta ola estar\u00e1 dominada por variante delta\",\"datePublished\":\"2021-08-20T07:01:59+00:00\",\"mainEntityOfPage\":{\"@id\":\"https:\\\/\\\/www.eldiario.net\\\/portal\\\/2021\\\/08\\\/20\\\/alertan-que-cuarta-ola-estara-dominada-por-variante-delta\\\/\"},\"wordCount\":463,\"publisher\":{\"@id\":\"https:\\\/\\\/www.eldiario.net\\\/portal\\\/#organization\"},\"image\":{\"@id\":\"https:\\\/\\\/www.eldiario.net\\\/portal\\\/2021\\\/08\\\/20\\\/alertan-que-cuarta-ola-estara-dominada-por-variante-delta\\\/#primaryimage\"},\"thumbnailUrl\":\"\",\"articleSection\":[\"Nacional\"],\"inLanguage\":\"es\"},{\"@type\":\"WebPage\",\"@id\":\"https:\\\/\\\/www.eldiario.net\\\/portal\\\/2021\\\/08\\\/20\\\/alertan-que-cuarta-ola-estara-dominada-por-variante-delta\\\/\",\"url\":\"https:\\\/\\\/www.eldiario.net\\\/portal\\\/2021\\\/08\\\/20\\\/alertan-que-cuarta-ola-estara-dominada-por-variante-delta\\\/\",\"name\":\"Alertan que cuarta ola estar\u00e1 dominada por variante delta - El Diario - Bolivia\",\"isPartOf\":{\"@id\":\"https:\\\/\\\/www.eldiario.net\\\/portal\\\/#website\"},\"primaryImageOfPage\":{\"@id\":\"https:\\\/\\\/www.eldiario.net\\\/portal\\\/2021\\\/08\\\/20\\\/alertan-que-cuarta-ola-estara-dominada-por-variante-delta\\\/#primaryimage\"},\"image\":{\"@id\":\"https:\\\/\\\/www.eldiario.net\\\/portal\\\/2021\\\/08\\\/20\\\/alertan-que-cuarta-ola-estara-dominada-por-variante-delta\\\/#primaryimage\"},\"thumbnailUrl\":\"\",\"datePublished\":\"2021-08-20T07:01:59+00:00\",\"breadcrumb\":{\"@id\":\"https:\\\/\\\/www.eldiario.net\\\/portal\\\/2021\\\/08\\\/20\\\/alertan-que-cuarta-ola-estara-dominada-por-variante-delta\\\/#breadcrumb\"},\"inLanguage\":\"es\",\"potentialAction\":[{\"@type\":\"ReadAction\",\"target\":[\"https:\\\/\\\/www.eldiario.net\\\/portal\\\/2021\\\/08\\\/20\\\/alertan-que-cuarta-ola-estara-dominada-por-variante-delta\\\/\"]}]},{\"@type\":\"ImageObject\",\"inLanguage\":\"es\",\"@id\":\"https:\\\/\\\/www.eldiario.net\\\/portal\\\/2021\\\/08\\\/20\\\/alertan-que-cuarta-ola-estara-dominada-por-variante-delta\\\/#primaryimage\",\"url\":\"\",\"contentUrl\":\"\"},{\"@type\":\"BreadcrumbList\",\"@id\":\"https:\\\/\\\/www.eldiario.net\\\/portal\\\/2021\\\/08\\\/20\\\/alertan-que-cuarta-ola-estara-dominada-por-variante-delta\\\/#breadcrumb\",\"itemListElement\":[{\"@type\":\"ListItem\",\"position\":1,\"name\":\"Portada\",\"item\":\"https:\\\/\\\/www.eldiario.net\\\/portal\\\/\"},{\"@type\":\"ListItem\",\"position\":2,\"name\":\"Alertan que cuarta ola estar\u00e1 dominada por variante delta\"}]},{\"@type\":\"WebSite\",\"@id\":\"https:\\\/\\\/www.eldiario.net\\\/portal\\\/#website\",\"url\":\"https:\\\/\\\/www.eldiario.net\\\/portal\\\/\",\"name\":\"El Diario - Decano de la prensa nacional\",\"description\":\"El Diario - Decano de la prensa nacional\",\"publisher\":{\"@id\":\"https:\\\/\\\/www.eldiario.net\\\/portal\\\/#organization\"},\"potentialAction\":[{\"@type\":\"SearchAction\",\"target\":{\"@type\":\"EntryPoint\",\"urlTemplate\":\"https:\\\/\\\/www.eldiario.net\\\/portal\\\/?s={search_term_string}\"},\"query-input\":{\"@type\":\"PropertyValueSpecification\",\"valueRequired\":true,\"valueName\":\"search_term_string\"}}],\"inLanguage\":\"es\"},{\"@type\":\"Organization\",\"@id\":\"https:\\\/\\\/www.eldiario.net\\\/portal\\\/#organization\",\"name\":\"El Diario - Decano de la prensa nacional\",\"url\":\"https:\\\/\\\/www.eldiario.net\\\/portal\\\/\",\"logo\":{\"@type\":\"ImageObject\",\"inLanguage\":\"es\",\"@id\":\"https:\\\/\\\/www.eldiario.net\\\/portal\\\/#\\\/schema\\\/logo\\\/image\\\/\",\"url\":\"https:\\\/\\\/www.eldiario.net\\\/portal\\\/wp-content\\\/uploads\\\/2023\\\/07\\\/logo_ED.jpg\",\"contentUrl\":\"https:\\\/\\\/www.eldiario.net\\\/portal\\\/wp-content\\\/uploads\\\/2023\\\/07\\\/logo_ED.jpg\",\"width\":272,\"height\":52,\"caption\":\"El Diario - Decano de la prensa nacional\"},\"image\":{\"@id\":\"https:\\\/\\\/www.eldiario.net\\\/portal\\\/#\\\/schema\\\/logo\\\/image\\\/\"},\"sameAs\":[\"https:\\\/\\\/www.facebook.com\\\/eldiario.bolivia\\\/\",\"https:\\\/\\\/x.com\\\/eldiario_net\"]},{\"@type\":\"Person\",\"@id\":\"https:\\\/\\\/www.eldiario.net\\\/portal\\\/#\\\/schema\\\/person\\\/2c57cf2b7a7ae032e449e4c9b1019eac\",\"name\":\"Jeanette\",\"image\":{\"@type\":\"ImageObject\",\"inLanguage\":\"es\",\"@id\":\"https:\\\/\\\/secure.gravatar.com\\\/avatar\\\/3ea2118a5f7dad2b7138b1187a6b7ee55f160b9968b66013c3a3ef39dd7e5798?s=96&d=mm&r=g\",\"url\":\"https:\\\/\\\/secure.gravatar.com\\\/avatar\\\/3ea2118a5f7dad2b7138b1187a6b7ee55f160b9968b66013c3a3ef39dd7e5798?s=96&d=mm&r=g\",\"contentUrl\":\"https:\\\/\\\/secure.gravatar.com\\\/avatar\\\/3ea2118a5f7dad2b7138b1187a6b7ee55f160b9968b66013c3a3ef39dd7e5798?s=96&d=mm&r=g\",\"caption\":\"Jeanette\"},\"sameAs\":[\"https:\\\/\\\/www.eldiario.net\\\/portal\"],\"url\":\"https:\\\/\\\/www.eldiario.net\\\/portal\\\/author\\\/jeanette\\\/\"}]}<\/script>\n<!-- \/ Yoast SEO plugin. -->","yoast_head_json":{"title":"Alertan que cuarta ola estar\u00e1 dominada por variante delta - El Diario - Bolivia","robots":{"index":"index","follow":"follow","max-snippet":"max-snippet:-1","max-image-preview":"max-image-preview:large","max-video-preview":"max-video-preview:-1"},"canonical":"https:\/\/www.eldiario.net\/portal\/2021\/08\/20\/alertan-que-cuarta-ola-estara-dominada-por-variante-delta\/","og_locale":"es_ES","og_type":"article","og_title":"Alertan que cuarta ola estar\u00e1 dominada por variante delta - El Diario - Bolivia","og_description":"El aumento de contagios que report\u00f3 el Ministerio de Salud es el inicio de la cuarta ola, alert\u00f3 el doctor Guillermo Cuentas, experto en epidemiolog\u00eda. Explic\u00f3 que a inicios de septiembre ser\u00e1 m\u00e1s notorio, indic\u00f3 que la variante delta se expande por el mundo y con seguridad Bolivia registrar\u00e1 contagios con esa variante. \u201cEn estos [&hellip;]","og_url":"https:\/\/www.eldiario.net\/portal\/2021\/08\/20\/alertan-que-cuarta-ola-estara-dominada-por-variante-delta\/","og_site_name":"El Diario - Bolivia","article_publisher":"https:\/\/www.facebook.com\/eldiario.bolivia\/","article_published_time":"2021-08-20T07:01:59+00:00","author":"Jeanette","twitter_card":"summary_large_image","twitter_creator":"@eldiario_net","twitter_site":"@eldiario_net","twitter_misc":{"Escrito por":"Jeanette","Tiempo de lectura":"2 minutos"},"schema":{"@context":"https:\/\/schema.org","@graph":[{"@type":"Article","@id":"https:\/\/www.eldiario.net\/portal\/2021\/08\/20\/alertan-que-cuarta-ola-estara-dominada-por-variante-delta\/#article","isPartOf":{"@id":"https:\/\/www.eldiario.net\/portal\/2021\/08\/20\/alertan-que-cuarta-ola-estara-dominada-por-variante-delta\/"},"author":{"name":"Jeanette","@id":"https:\/\/www.eldiario.net\/portal\/#\/schema\/person\/2c57cf2b7a7ae032e449e4c9b1019eac"},"headline":"Alertan que cuarta ola estar\u00e1 dominada por variante delta","datePublished":"2021-08-20T07:01:59+00:00","mainEntityOfPage":{"@id":"https:\/\/www.eldiario.net\/portal\/2021\/08\/20\/alertan-que-cuarta-ola-estara-dominada-por-variante-delta\/"},"wordCount":463,"publisher":{"@id":"https:\/\/www.eldiario.net\/portal\/#organization"},"image":{"@id":"https:\/\/www.eldiario.net\/portal\/2021\/08\/20\/alertan-que-cuarta-ola-estara-dominada-por-variante-delta\/#primaryimage"},"thumbnailUrl":"","articleSection":["Nacional"],"inLanguage":"es"},{"@type":"WebPage","@id":"https:\/\/www.eldiario.net\/portal\/2021\/08\/20\/alertan-que-cuarta-ola-estara-dominada-por-variante-delta\/","url":"https:\/\/www.eldiario.net\/portal\/2021\/08\/20\/alertan-que-cuarta-ola-estara-dominada-por-variante-delta\/","name":"Alertan que cuarta ola estar\u00e1 dominada por variante delta - El Diario - Bolivia","isPartOf":{"@id":"https:\/\/www.eldiario.net\/portal\/#website"},"primaryImageOfPage":{"@id":"https:\/\/www.eldiario.net\/portal\/2021\/08\/20\/alertan-que-cuarta-ola-estara-dominada-por-variante-delta\/#primaryimage"},"image":{"@id":"https:\/\/www.eldiario.net\/portal\/2021\/08\/20\/alertan-que-cuarta-ola-estara-dominada-por-variante-delta\/#primaryimage"},"thumbnailUrl":"","datePublished":"2021-08-20T07:01:59+00:00","breadcrumb":{"@id":"https:\/\/www.eldiario.net\/portal\/2021\/08\/20\/alertan-que-cuarta-ola-estara-dominada-por-variante-delta\/#breadcrumb"},"inLanguage":"es","potentialAction":[{"@type":"ReadAction","target":["https:\/\/www.eldiario.net\/portal\/2021\/08\/20\/alertan-que-cuarta-ola-estara-dominada-por-variante-delta\/"]}]},{"@type":"ImageObject","inLanguage":"es","@id":"https:\/\/www.eldiario.net\/portal\/2021\/08\/20\/alertan-que-cuarta-ola-estara-dominada-por-variante-delta\/#primaryimage","url":"","contentUrl":""},{"@type":"BreadcrumbList","@id":"https:\/\/www.eldiario.net\/portal\/2021\/08\/20\/alertan-que-cuarta-ola-estara-dominada-por-variante-delta\/#breadcrumb","itemListElement":[{"@type":"ListItem","position":1,"name":"Portada","item":"https:\/\/www.eldiario.net\/portal\/"},{"@type":"ListItem","position":2,"name":"Alertan que cuarta ola estar\u00e1 dominada por variante delta"}]},{"@type":"WebSite","@id":"https:\/\/www.eldiario.net\/portal\/#website","url":"https:\/\/www.eldiario.net\/portal\/","name":"El Diario - Decano de la prensa nacional","description":"El Diario - Decano de la prensa nacional","publisher":{"@id":"https:\/\/www.eldiario.net\/portal\/#organization"},"potentialAction":[{"@type":"SearchAction","target":{"@type":"EntryPoint","urlTemplate":"https:\/\/www.eldiario.net\/portal\/?s={search_term_string}"},"query-input":{"@type":"PropertyValueSpecification","valueRequired":true,"valueName":"search_term_string"}}],"inLanguage":"es"},{"@type":"Organization","@id":"https:\/\/www.eldiario.net\/portal\/#organization","name":"El Diario - Decano de la prensa nacional","url":"https:\/\/www.eldiario.net\/portal\/","logo":{"@type":"ImageObject","inLanguage":"es","@id":"https:\/\/www.eldiario.net\/portal\/#\/schema\/logo\/image\/","url":"https:\/\/www.eldiario.net\/portal\/wp-content\/uploads\/2023\/07\/logo_ED.jpg","contentUrl":"https:\/\/www.eldiario.net\/portal\/wp-content\/uploads\/2023\/07\/logo_ED.jpg","width":272,"height":52,"caption":"El Diario - Decano de la prensa nacional"},"image":{"@id":"https:\/\/www.eldiario.net\/portal\/#\/schema\/logo\/image\/"},"sameAs":["https:\/\/www.facebook.com\/eldiario.bolivia\/","https:\/\/x.com\/eldiario_net"]},{"@type":"Person","@id":"https:\/\/www.eldiario.net\/portal\/#\/schema\/person\/2c57cf2b7a7ae032e449e4c9b1019eac","name":"Jeanette","image":{"@type":"ImageObject","inLanguage":"es","@id":"https:\/\/secure.gravatar.com\/avatar\/3ea2118a5f7dad2b7138b1187a6b7ee55f160b9968b66013c3a3ef39dd7e5798?s=96&d=mm&r=g","url":"https:\/\/secure.gravatar.com\/avatar\/3ea2118a5f7dad2b7138b1187a6b7ee55f160b9968b66013c3a3ef39dd7e5798?s=96&d=mm&r=g","contentUrl":"https:\/\/secure.gravatar.com\/avatar\/3ea2118a5f7dad2b7138b1187a6b7ee55f160b9968b66013c3a3ef39dd7e5798?s=96&d=mm&r=g","caption":"Jeanette"},"sameAs":["https:\/\/www.eldiario.net\/portal"],"url":"https:\/\/www.eldiario.net\/portal\/author\/jeanette\/"}]}},"_links":{"self":[{"href":"https:\/\/www.eldiario.net\/portal\/wp-json\/wp\/v2\/posts\/24538","targetHints":{"allow":["GET"]}}],"collection":[{"href":"https:\/\/www.eldiario.net\/portal\/wp-json\/wp\/v2\/posts"}],"about":[{"href":"https:\/\/www.eldiario.net\/portal\/wp-json\/wp\/v2\/types\/post"}],"author":[{"embeddable":true,"href":"https:\/\/www.eldiario.net\/portal\/wp-json\/wp\/v2\/users\/1"}],"replies":[{"embeddable":true,"href":"https:\/\/www.eldiario.net\/portal\/wp-json\/wp\/v2\/comments?post=24538"}],"version-history":[{"count":0,"href":"https:\/\/www.eldiario.net\/portal\/wp-json\/wp\/v2\/posts\/24538\/revisions"}],"wp:attachment":[{"href":"https:\/\/www.eldiario.net\/portal\/wp-json\/wp\/v2\/media?parent=24538"}],"wp:term":[{"taxonomy":"category","embeddable":true,"href":"https:\/\/www.eldiario.net\/portal\/wp-json\/wp\/v2\/categories?post=24538"},{"taxonomy":"post_tag","embeddable":true,"href":"https:\/\/www.eldiario.net\/portal\/wp-json\/wp\/v2\/tags?post=24538"}],"curies":[{"name":"wp","href":"https:\/\/api.w.org\/{rel}","templated":true}]}}