{"id":24536,"date":"2021-08-20T03:00:58","date_gmt":"2021-08-20T07:00:58","guid":{"rendered":"https:\/\/www.eldiario.net\/portal\/?p=24536"},"modified":"2021-08-20T03:00:58","modified_gmt":"2021-08-20T07:00:58","slug":"trabajadores-de-aasana-deciden-cuarto-intermedio","status":"publish","type":"post","link":"https:\/\/www.eldiario.net\/portal\/2021\/08\/20\/trabajadores-de-aasana-deciden-cuarto-intermedio\/","title":{"rendered":"Trabajadores de Aasana  deciden cuarto intermedio"},"content":{"rendered":"<p>Luego de la reuni\u00f3n con el Gobierno, los trabajadores de la Administradora de Aeropuertos y Servicios Auxiliares a la Navegaci\u00f3n A\u00e9rea (Aasana) decidieron dar un cuarto intermedio al paro, con lo cual se restablecieron las operaciones a\u00e9reas en el aeropuerto internacional de Viru Viru en Santa Cruz.<br \/>\nEl ministro de Obras P\u00fablicas, Servicios y Vivienda, \u00c9dgar Monta\u00f1o, indic\u00f3 que con esta determinaci\u00f3n se logr\u00f3 restablecer los vuelos nacionales e internacionales de los aeropuertos del eje trocal del pa\u00eds.<br \/>\n\u201cNos hemos reunido con los hermanos de Aasana y me he comprometido a escuchar sus propuestas y ellos analizar\u00e1n las nuestras. Ma\u00f1ana (hoy) nuestra reuni\u00f3n se reanudar\u00e1 a la espera de llegar a concretar los acuerdos\u201d, indic\u00f3 Monta\u00f1o.<br \/>\nLos trabajadores iniciaron un paro exigiendo la renuncia de la directora nacional de Aasana y rechazan un plan de reestructuraci\u00f3n que contempla el retiro de 183 personas.<br \/>\nMonta\u00f1o indic\u00f3 que las demandas del sector fueron atendidas y asegur\u00f3 que los funcionarios participar\u00e1n en la reestructuraci\u00f3n de la administradora, pero tambi\u00e9n manifest\u00f3 que no puede pedir la renuncia de la directora nacional de esta instituci\u00f3n, seg\u00fan publicaci\u00f3n de El Deber.<br \/>\nEl ministro asegur\u00f3 que en todos los aeropuertos del pa\u00eds se levantaron las medidas de presi\u00f3n, a excepci\u00f3n de Guayaramer\u00edn y Riberalta, donde a\u00fan los funcionarios se niegan a escuchar las propuestas de Gobierno. Sin embargo, asegur\u00f3 que desde Santa Cruz est\u00e1 monitoreando la situaci\u00f3n en estos dos municipios benianos y adelant\u00f3 que \u201csi es necesario viajar\u00e9 al lugar para dialogar con los funcionarios\u201d.<br \/>\nAsimismo, la autoridad de Gobierno indic\u00f3 que cinco mil pasajeros se vieron afectados por la suspensi\u00f3n de vuelos nacionales e internacionales y que el da\u00f1o econ\u00f3mico fue de Bs 1.5 millones.<\/p>\n","protected":false},"excerpt":{"rendered":"<p>Luego de la reuni\u00f3n con el Gobierno, los trabajadores de la Administradora de Aeropuertos y Servicios Auxiliares a la Navegaci\u00f3n A\u00e9rea (Aasana) decidieron dar un cuarto intermedio al paro, con lo cual se restablecieron las operaciones a\u00e9reas en el aeropuerto internacional de Viru Viru en Santa Cruz. El ministro de Obras P\u00fablicas, Servicios y Vivienda, [&hellip;]<\/p>\n","protected":false},"author":1,"featured_media":0,"comment_status":"closed","ping_status":"closed","sticky":false,"template":"","format":"standard","meta":{"_acf_changed":false,"footnotes":""},"categories":[12],"tags":[],"class_list":["post-24536","post","type-post","status-publish","format-standard","category-nacional"],"acf":{"antetitulo":""},"yoast_head":"<!-- This site is optimized with the Yoast SEO plugin v28.4 - https:\/\/yoast.com\/product\/yoast-seo-wordpress\/ -->\n<title>Trabajadores de Aasana deciden cuarto intermedio - El Diario - Bolivia<\/title>\n<meta name=\"robots\" content=\"index, follow, max-snippet:-1, max-image-preview:large, max-video-preview:-1\" \/>\n<link rel=\"canonical\" href=\"https:\/\/www.eldiario.net\/portal\/2021\/08\/20\/trabajadores-de-aasana-deciden-cuarto-intermedio\/\" \/>\n<meta property=\"og:locale\" content=\"es_ES\" \/>\n<meta property=\"og:type\" content=\"article\" \/>\n<meta property=\"og:title\" content=\"Trabajadores de Aasana deciden cuarto intermedio - El Diario - Bolivia\" \/>\n<meta property=\"og:description\" content=\"Luego de la reuni\u00f3n con el Gobierno, los trabajadores de la Administradora de Aeropuertos y Servicios Auxiliares a la Navegaci\u00f3n A\u00e9rea (Aasana) decidieron dar un cuarto intermedio al paro, con lo cual se restablecieron las operaciones a\u00e9reas en el aeropuerto internacional de Viru Viru en Santa Cruz. El ministro de Obras P\u00fablicas, Servicios y Vivienda, [&hellip;]\" \/>\n<meta property=\"og:url\" content=\"https:\/\/www.eldiario.net\/portal\/2021\/08\/20\/trabajadores-de-aasana-deciden-cuarto-intermedio\/\" \/>\n<meta property=\"og:site_name\" content=\"El Diario - Bolivia\" \/>\n<meta property=\"article:publisher\" content=\"https:\/\/www.facebook.com\/eldiario.bolivia\/\" \/>\n<meta property=\"article:published_time\" content=\"2021-08-20T07:00:58+00:00\" \/>\n<meta name=\"author\" content=\"Jeanette\" \/>\n<meta name=\"twitter:card\" content=\"summary_large_image\" \/>\n<meta name=\"twitter:creator\" content=\"@eldiario_net\" \/>\n<meta name=\"twitter:site\" content=\"@eldiario_net\" \/>\n<meta name=\"twitter:label1\" content=\"Escrito por\" \/>\n\t<meta name=\"twitter:data1\" content=\"Jeanette\" \/>\n\t<meta name=\"twitter:label2\" content=\"Tiempo de lectura\" \/>\n\t<meta name=\"twitter:data2\" content=\"2 minutos\" \/>\n<script type=\"application\/ld+json\" class=\"yoast-schema-graph\">{\"@context\":\"https:\\\/\\\/schema.org\",\"@graph\":[{\"@type\":\"Article\",\"@id\":\"https:\\\/\\\/www.eldiario.net\\\/portal\\\/2021\\\/08\\\/20\\\/trabajadores-de-aasana-deciden-cuarto-intermedio\\\/#article\",\"isPartOf\":{\"@id\":\"https:\\\/\\\/www.eldiario.net\\\/portal\\\/2021\\\/08\\\/20\\\/trabajadores-de-aasana-deciden-cuarto-intermedio\\\/\"},\"author\":{\"name\":\"Jeanette\",\"@id\":\"https:\\\/\\\/www.eldiario.net\\\/portal\\\/#\\\/schema\\\/person\\\/f46445640444750d7d753ccd04ae01b7\"},\"headline\":\"Trabajadores de Aasana deciden cuarto intermedio\",\"datePublished\":\"2021-08-20T07:00:58+00:00\",\"mainEntityOfPage\":{\"@id\":\"https:\\\/\\\/www.eldiario.net\\\/portal\\\/2021\\\/08\\\/20\\\/trabajadores-de-aasana-deciden-cuarto-intermedio\\\/\"},\"wordCount\":313,\"publisher\":{\"@id\":\"https:\\\/\\\/www.eldiario.net\\\/portal\\\/#organization\"},\"articleSection\":[\"Nacional\"],\"inLanguage\":\"es\"},{\"@type\":\"WebPage\",\"@id\":\"https:\\\/\\\/www.eldiario.net\\\/portal\\\/2021\\\/08\\\/20\\\/trabajadores-de-aasana-deciden-cuarto-intermedio\\\/\",\"url\":\"https:\\\/\\\/www.eldiario.net\\\/portal\\\/2021\\\/08\\\/20\\\/trabajadores-de-aasana-deciden-cuarto-intermedio\\\/\",\"name\":\"Trabajadores de Aasana deciden cuarto intermedio - El Diario - Bolivia\",\"isPartOf\":{\"@id\":\"https:\\\/\\\/www.eldiario.net\\\/portal\\\/#website\"},\"datePublished\":\"2021-08-20T07:00:58+00:00\",\"breadcrumb\":{\"@id\":\"https:\\\/\\\/www.eldiario.net\\\/portal\\\/2021\\\/08\\\/20\\\/trabajadores-de-aasana-deciden-cuarto-intermedio\\\/#breadcrumb\"},\"inLanguage\":\"es\",\"potentialAction\":[{\"@type\":\"ReadAction\",\"target\":[\"https:\\\/\\\/www.eldiario.net\\\/portal\\\/2021\\\/08\\\/20\\\/trabajadores-de-aasana-deciden-cuarto-intermedio\\\/\"]}]},{\"@type\":\"BreadcrumbList\",\"@id\":\"https:\\\/\\\/www.eldiario.net\\\/portal\\\/2021\\\/08\\\/20\\\/trabajadores-de-aasana-deciden-cuarto-intermedio\\\/#breadcrumb\",\"itemListElement\":[{\"@type\":\"ListItem\",\"position\":1,\"name\":\"Portada\",\"item\":\"https:\\\/\\\/www.eldiario.net\\\/portal\\\/\"},{\"@type\":\"ListItem\",\"position\":2,\"name\":\"Trabajadores de Aasana deciden cuarto intermedio\"}]},{\"@type\":\"WebSite\",\"@id\":\"https:\\\/\\\/www.eldiario.net\\\/portal\\\/#website\",\"url\":\"https:\\\/\\\/www.eldiario.net\\\/portal\\\/\",\"name\":\"El Diario - Decano de la prensa nacional\",\"description\":\"El Diario - Decano de la prensa nacional\",\"publisher\":{\"@id\":\"https:\\\/\\\/www.eldiario.net\\\/portal\\\/#organization\"},\"potentialAction\":[{\"@type\":\"SearchAction\",\"target\":{\"@type\":\"EntryPoint\",\"urlTemplate\":\"https:\\\/\\\/www.eldiario.net\\\/portal\\\/?s={search_term_string}\"},\"query-input\":{\"@type\":\"PropertyValueSpecification\",\"valueRequired\":true,\"valueName\":\"search_term_string\"}}],\"inLanguage\":\"es\"},{\"@type\":\"Organization\",\"@id\":\"https:\\\/\\\/www.eldiario.net\\\/portal\\\/#organization\",\"name\":\"El Diario - Decano de la prensa nacional\",\"url\":\"https:\\\/\\\/www.eldiario.net\\\/portal\\\/\",\"logo\":{\"@type\":\"ImageObject\",\"inLanguage\":\"es\",\"@id\":\"https:\\\/\\\/www.eldiario.net\\\/portal\\\/#\\\/schema\\\/logo\\\/image\\\/\",\"url\":\"https:\\\/\\\/www.eldiario.net\\\/portal\\\/wp-content\\\/uploads\\\/2023\\\/07\\\/logo_ED.jpg\",\"contentUrl\":\"https:\\\/\\\/www.eldiario.net\\\/portal\\\/wp-content\\\/uploads\\\/2023\\\/07\\\/logo_ED.jpg\",\"width\":272,\"height\":52,\"caption\":\"El Diario - Decano de la prensa nacional\"},\"image\":{\"@id\":\"https:\\\/\\\/www.eldiario.net\\\/portal\\\/#\\\/schema\\\/logo\\\/image\\\/\"},\"sameAs\":[\"https:\\\/\\\/www.facebook.com\\\/eldiario.bolivia\\\/\",\"https:\\\/\\\/x.com\\\/eldiario_net\"]},{\"@type\":\"Person\",\"@id\":\"https:\\\/\\\/www.eldiario.net\\\/portal\\\/#\\\/schema\\\/person\\\/f46445640444750d7d753ccd04ae01b7\",\"name\":\"Jeanette\",\"image\":{\"@type\":\"ImageObject\",\"inLanguage\":\"es\",\"@id\":\"https:\\\/\\\/secure.gravatar.com\\\/avatar\\\/3ea2118a5f7dad2b7138b1187a6b7ee55f160b9968b66013c3a3ef39dd7e5798?s=96&d=mm&r=g\",\"url\":\"https:\\\/\\\/secure.gravatar.com\\\/avatar\\\/3ea2118a5f7dad2b7138b1187a6b7ee55f160b9968b66013c3a3ef39dd7e5798?s=96&d=mm&r=g\",\"contentUrl\":\"https:\\\/\\\/secure.gravatar.com\\\/avatar\\\/3ea2118a5f7dad2b7138b1187a6b7ee55f160b9968b66013c3a3ef39dd7e5798?s=96&d=mm&r=g\",\"caption\":\"Jeanette\"},\"sameAs\":[\"https:\\\/\\\/www.eldiario.net\\\/portal\"],\"url\":\"https:\\\/\\\/www.eldiario.net\\\/portal\\\/author\\\/jeanette\\\/\"}]}<\/script>\n<!-- \/ Yoast SEO plugin. -->","yoast_head_json":{"title":"Trabajadores de Aasana deciden cuarto intermedio - El Diario - Bolivia","robots":{"index":"index","follow":"follow","max-snippet":"max-snippet:-1","max-image-preview":"max-image-preview:large","max-video-preview":"max-video-preview:-1"},"canonical":"https:\/\/www.eldiario.net\/portal\/2021\/08\/20\/trabajadores-de-aasana-deciden-cuarto-intermedio\/","og_locale":"es_ES","og_type":"article","og_title":"Trabajadores de Aasana deciden cuarto intermedio - El Diario - Bolivia","og_description":"Luego de la reuni\u00f3n con el Gobierno, los trabajadores de la Administradora de Aeropuertos y Servicios Auxiliares a la Navegaci\u00f3n A\u00e9rea (Aasana) decidieron dar un cuarto intermedio al paro, con lo cual se restablecieron las operaciones a\u00e9reas en el aeropuerto internacional de Viru Viru en Santa Cruz. El ministro de Obras P\u00fablicas, Servicios y Vivienda, [&hellip;]","og_url":"https:\/\/www.eldiario.net\/portal\/2021\/08\/20\/trabajadores-de-aasana-deciden-cuarto-intermedio\/","og_site_name":"El Diario - Bolivia","article_publisher":"https:\/\/www.facebook.com\/eldiario.bolivia\/","article_published_time":"2021-08-20T07:00:58+00:00","author":"Jeanette","twitter_card":"summary_large_image","twitter_creator":"@eldiario_net","twitter_site":"@eldiario_net","twitter_misc":{"Escrito por":"Jeanette","Tiempo de lectura":"2 minutos"},"schema":{"@context":"https:\/\/schema.org","@graph":[{"@type":"Article","@id":"https:\/\/www.eldiario.net\/portal\/2021\/08\/20\/trabajadores-de-aasana-deciden-cuarto-intermedio\/#article","isPartOf":{"@id":"https:\/\/www.eldiario.net\/portal\/2021\/08\/20\/trabajadores-de-aasana-deciden-cuarto-intermedio\/"},"author":{"name":"Jeanette","@id":"https:\/\/www.eldiario.net\/portal\/#\/schema\/person\/f46445640444750d7d753ccd04ae01b7"},"headline":"Trabajadores de Aasana deciden cuarto intermedio","datePublished":"2021-08-20T07:00:58+00:00","mainEntityOfPage":{"@id":"https:\/\/www.eldiario.net\/portal\/2021\/08\/20\/trabajadores-de-aasana-deciden-cuarto-intermedio\/"},"wordCount":313,"publisher":{"@id":"https:\/\/www.eldiario.net\/portal\/#organization"},"articleSection":["Nacional"],"inLanguage":"es"},{"@type":"WebPage","@id":"https:\/\/www.eldiario.net\/portal\/2021\/08\/20\/trabajadores-de-aasana-deciden-cuarto-intermedio\/","url":"https:\/\/www.eldiario.net\/portal\/2021\/08\/20\/trabajadores-de-aasana-deciden-cuarto-intermedio\/","name":"Trabajadores de Aasana deciden cuarto intermedio - El Diario - Bolivia","isPartOf":{"@id":"https:\/\/www.eldiario.net\/portal\/#website"},"datePublished":"2021-08-20T07:00:58+00:00","breadcrumb":{"@id":"https:\/\/www.eldiario.net\/portal\/2021\/08\/20\/trabajadores-de-aasana-deciden-cuarto-intermedio\/#breadcrumb"},"inLanguage":"es","potentialAction":[{"@type":"ReadAction","target":["https:\/\/www.eldiario.net\/portal\/2021\/08\/20\/trabajadores-de-aasana-deciden-cuarto-intermedio\/"]}]},{"@type":"BreadcrumbList","@id":"https:\/\/www.eldiario.net\/portal\/2021\/08\/20\/trabajadores-de-aasana-deciden-cuarto-intermedio\/#breadcrumb","itemListElement":[{"@type":"ListItem","position":1,"name":"Portada","item":"https:\/\/www.eldiario.net\/portal\/"},{"@type":"ListItem","position":2,"name":"Trabajadores de Aasana deciden cuarto intermedio"}]},{"@type":"WebSite","@id":"https:\/\/www.eldiario.net\/portal\/#website","url":"https:\/\/www.eldiario.net\/portal\/","name":"El Diario - Decano de la prensa nacional","description":"El Diario - Decano de la prensa nacional","publisher":{"@id":"https:\/\/www.eldiario.net\/portal\/#organization"},"potentialAction":[{"@type":"SearchAction","target":{"@type":"EntryPoint","urlTemplate":"https:\/\/www.eldiario.net\/portal\/?s={search_term_string}"},"query-input":{"@type":"PropertyValueSpecification","valueRequired":true,"valueName":"search_term_string"}}],"inLanguage":"es"},{"@type":"Organization","@id":"https:\/\/www.eldiario.net\/portal\/#organization","name":"El Diario - Decano de la prensa nacional","url":"https:\/\/www.eldiario.net\/portal\/","logo":{"@type":"ImageObject","inLanguage":"es","@id":"https:\/\/www.eldiario.net\/portal\/#\/schema\/logo\/image\/","url":"https:\/\/www.eldiario.net\/portal\/wp-content\/uploads\/2023\/07\/logo_ED.jpg","contentUrl":"https:\/\/www.eldiario.net\/portal\/wp-content\/uploads\/2023\/07\/logo_ED.jpg","width":272,"height":52,"caption":"El Diario - Decano de la prensa nacional"},"image":{"@id":"https:\/\/www.eldiario.net\/portal\/#\/schema\/logo\/image\/"},"sameAs":["https:\/\/www.facebook.com\/eldiario.bolivia\/","https:\/\/x.com\/eldiario_net"]},{"@type":"Person","@id":"https:\/\/www.eldiario.net\/portal\/#\/schema\/person\/f46445640444750d7d753ccd04ae01b7","name":"Jeanette","image":{"@type":"ImageObject","inLanguage":"es","@id":"https:\/\/secure.gravatar.com\/avatar\/3ea2118a5f7dad2b7138b1187a6b7ee55f160b9968b66013c3a3ef39dd7e5798?s=96&d=mm&r=g","url":"https:\/\/secure.gravatar.com\/avatar\/3ea2118a5f7dad2b7138b1187a6b7ee55f160b9968b66013c3a3ef39dd7e5798?s=96&d=mm&r=g","contentUrl":"https:\/\/secure.gravatar.com\/avatar\/3ea2118a5f7dad2b7138b1187a6b7ee55f160b9968b66013c3a3ef39dd7e5798?s=96&d=mm&r=g","caption":"Jeanette"},"sameAs":["https:\/\/www.eldiario.net\/portal"],"url":"https:\/\/www.eldiario.net\/portal\/author\/jeanette\/"}]}},"_links":{"self":[{"href":"https:\/\/www.eldiario.net\/portal\/wp-json\/wp\/v2\/posts\/24536","targetHints":{"allow":["GET"]}}],"collection":[{"href":"https:\/\/www.eldiario.net\/portal\/wp-json\/wp\/v2\/posts"}],"about":[{"href":"https:\/\/www.eldiario.net\/portal\/wp-json\/wp\/v2\/types\/post"}],"author":[{"embeddable":true,"href":"https:\/\/www.eldiario.net\/portal\/wp-json\/wp\/v2\/users\/1"}],"replies":[{"embeddable":true,"href":"https:\/\/www.eldiario.net\/portal\/wp-json\/wp\/v2\/comments?post=24536"}],"version-history":[{"count":0,"href":"https:\/\/www.eldiario.net\/portal\/wp-json\/wp\/v2\/posts\/24536\/revisions"}],"wp:attachment":[{"href":"https:\/\/www.eldiario.net\/portal\/wp-json\/wp\/v2\/media?parent=24536"}],"wp:term":[{"taxonomy":"category","embeddable":true,"href":"https:\/\/www.eldiario.net\/portal\/wp-json\/wp\/v2\/categories?post=24536"},{"taxonomy":"post_tag","embeddable":true,"href":"https:\/\/www.eldiario.net\/portal\/wp-json\/wp\/v2\/tags?post=24536"}],"curies":[{"name":"wp","href":"https:\/\/api.w.org\/{rel}","templated":true}]}}