{"id":24533,"date":"2021-08-20T03:00:12","date_gmt":"2021-08-20T07:00:12","guid":{"rendered":"https:\/\/www.eldiario.net\/portal\/?p=24533"},"modified":"2021-08-20T03:00:12","modified_gmt":"2021-08-20T07:00:12","slug":"alcaldesa-copa-respalda-proyecto-de-ley-del-desayuno-escolar","status":"publish","type":"post","link":"https:\/\/www.eldiario.net\/portal\/2021\/08\/20\/alcaldesa-copa-respalda-proyecto-de-ley-del-desayuno-escolar\/","title":{"rendered":"Alcaldesa Copa respalda proyecto  de ley del Desayuno Escolar"},"content":{"rendered":"<p>La alcaldesa de la ciudad de El Alto, Eva Copa, en la reuni\u00f3n de la Federaci\u00f3n de Asociaciones Municipales (FAM) de Bolivia, que se desarrolla en Sucre, respalda la propuesta del proyecto de ley del Desayuno Escolar para apoyar la producci\u00f3n nacional, generar mayores ingresos econ\u00f3micos para las familias y respaldar el consumo de productos bolivianos.<br \/>\n\u201cEso es importante para nosotros, esperamos que el equipo t\u00e9cnico pueda darnos ya un borrador hasta el d\u00eda mi\u00e9rcoles para que este pueda ser presentado a la Asamblea Legislativa. La naturaleza de esta ley es poder potencializar la producci\u00f3n local, as\u00ed que el objetivo es tambi\u00e9n ayudar en el tema econ\u00f3mico y que consuman lo nuestro\u201d, subray\u00f3 la primera autoridad de El Alto.<br \/>\nEste jueves comenz\u00f3 el encuentro de alcaldes en la capital de Bolivia, donde participa la alcaldesa Eva Copa. En dicho encuentro se coadyuva y planifica temas de presupuesto, salud (vacunas contra el covid-19), educaci\u00f3n, entre otros.<br \/>\nPor su parte, el presidente de la FAM, Enrique Lea\u00f1o, explic\u00f3 que en este primer d\u00eda del encuentro de alcaldes se concluy\u00f3 en presentar un nuevo proyecto de ley del Desayuno Escolar, que en los pr\u00f3ximos d\u00edas ser\u00e1 remitido a la Asamblea Legislativa para su tratamiento.<br \/>\n\u201cHemos llegado a las conclusiones sobre el desayuno escolar de que la parte legal nos est\u00e1 afectando y deteniendo much\u00edsimo, pero se ha consensuado, ahora nos corresponde hacer los tr\u00e1mites ante el Ejecutivo y Legislativo\u201d, indic\u00f3 Lea\u00f1o.<br \/>\nEntre los temas importantes a tratarse en esta reuni\u00f3n, y de manera consensuada, est\u00e1 tambi\u00e9n el tema de las vacunas contra el covid-19 para el beneficio de la poblaci\u00f3n, a partir de ello la directiva tomar\u00e1 las acciones con el respaldo del Concejo Directivo de la FAM.<br \/>\nFinalmente, Lea\u00f1o mostr\u00f3 su satisfacci\u00f3n de que la ciudad de El Alto vuelva a participar de las reuniones de la FAM; \u201cla alcaldesa de El Alto, Eva Copa, nos ha indicado que desde el siguiente mes ya sale su ley, su resoluci\u00f3n donde ella vuelve a la FAM, y a partir de eso nosotros muy contentos de que esto se siga sumando y tener a El Alto como parte de lo que es la FAM\u201d, resalt\u00f3.<\/p>\n","protected":false},"excerpt":{"rendered":"<p>La alcaldesa de la ciudad de El Alto, Eva Copa, en la reuni\u00f3n de la Federaci\u00f3n de Asociaciones Municipales (FAM) de Bolivia, que se desarrolla en Sucre, respalda la propuesta del proyecto de ley del Desayuno Escolar para apoyar la producci\u00f3n nacional, generar mayores ingresos econ\u00f3micos para las familias y respaldar el consumo de productos [&hellip;]<\/p>\n","protected":false},"author":1,"featured_media":24534,"comment_status":"closed","ping_status":"closed","sticky":false,"template":"","format":"standard","meta":{"_acf_changed":false,"footnotes":""},"categories":[12],"tags":[],"class_list":["post-24533","post","type-post","status-publish","format-standard","has-post-thumbnail","category-nacional"],"acf":{"antetitulo":""},"yoast_head":"<!-- This site is optimized with the Yoast SEO plugin v28.4 - https:\/\/yoast.com\/product\/yoast-seo-wordpress\/ -->\n<title>Alcaldesa Copa respalda proyecto de ley del Desayuno Escolar - El Diario - Bolivia<\/title>\n<meta name=\"robots\" content=\"index, follow, max-snippet:-1, max-image-preview:large, max-video-preview:-1\" \/>\n<link rel=\"canonical\" href=\"https:\/\/www.eldiario.net\/portal\/2021\/08\/20\/alcaldesa-copa-respalda-proyecto-de-ley-del-desayuno-escolar\/\" \/>\n<meta property=\"og:locale\" content=\"es_ES\" \/>\n<meta property=\"og:type\" content=\"article\" \/>\n<meta property=\"og:title\" content=\"Alcaldesa Copa respalda proyecto de ley del Desayuno Escolar - El Diario - Bolivia\" \/>\n<meta property=\"og:description\" content=\"La alcaldesa de la ciudad de El Alto, Eva Copa, en la reuni\u00f3n de la Federaci\u00f3n de Asociaciones Municipales (FAM) de Bolivia, que se desarrolla en Sucre, respalda la propuesta del proyecto de ley del Desayuno Escolar para apoyar la producci\u00f3n nacional, generar mayores ingresos econ\u00f3micos para las familias y respaldar el consumo de productos [&hellip;]\" \/>\n<meta property=\"og:url\" content=\"https:\/\/www.eldiario.net\/portal\/2021\/08\/20\/alcaldesa-copa-respalda-proyecto-de-ley-del-desayuno-escolar\/\" \/>\n<meta property=\"og:site_name\" content=\"El Diario - Bolivia\" \/>\n<meta property=\"article:publisher\" content=\"https:\/\/www.facebook.com\/eldiario.bolivia\/\" \/>\n<meta property=\"article:published_time\" content=\"2021-08-20T07:00:12+00:00\" \/>\n<meta name=\"author\" content=\"Jeanette\" \/>\n<meta name=\"twitter:card\" content=\"summary_large_image\" \/>\n<meta name=\"twitter:creator\" content=\"@eldiario_net\" \/>\n<meta name=\"twitter:site\" content=\"@eldiario_net\" \/>\n<meta name=\"twitter:label1\" content=\"Escrito por\" \/>\n\t<meta name=\"twitter:data1\" content=\"Jeanette\" \/>\n\t<meta name=\"twitter:label2\" content=\"Tiempo de lectura\" \/>\n\t<meta name=\"twitter:data2\" content=\"2 minutos\" \/>\n<script type=\"application\/ld+json\" class=\"yoast-schema-graph\">{\"@context\":\"https:\\\/\\\/schema.org\",\"@graph\":[{\"@type\":\"Article\",\"@id\":\"https:\\\/\\\/www.eldiario.net\\\/portal\\\/2021\\\/08\\\/20\\\/alcaldesa-copa-respalda-proyecto-de-ley-del-desayuno-escolar\\\/#article\",\"isPartOf\":{\"@id\":\"https:\\\/\\\/www.eldiario.net\\\/portal\\\/2021\\\/08\\\/20\\\/alcaldesa-copa-respalda-proyecto-de-ley-del-desayuno-escolar\\\/\"},\"author\":{\"name\":\"Jeanette\",\"@id\":\"https:\\\/\\\/www.eldiario.net\\\/portal\\\/#\\\/schema\\\/person\\\/f46445640444750d7d753ccd04ae01b7\"},\"headline\":\"Alcaldesa Copa respalda proyecto de ley del Desayuno Escolar\",\"datePublished\":\"2021-08-20T07:00:12+00:00\",\"mainEntityOfPage\":{\"@id\":\"https:\\\/\\\/www.eldiario.net\\\/portal\\\/2021\\\/08\\\/20\\\/alcaldesa-copa-respalda-proyecto-de-ley-del-desayuno-escolar\\\/\"},\"wordCount\":394,\"publisher\":{\"@id\":\"https:\\\/\\\/www.eldiario.net\\\/portal\\\/#organization\"},\"image\":{\"@id\":\"https:\\\/\\\/www.eldiario.net\\\/portal\\\/2021\\\/08\\\/20\\\/alcaldesa-copa-respalda-proyecto-de-ley-del-desayuno-escolar\\\/#primaryimage\"},\"thumbnailUrl\":\"\",\"articleSection\":[\"Nacional\"],\"inLanguage\":\"es\"},{\"@type\":\"WebPage\",\"@id\":\"https:\\\/\\\/www.eldiario.net\\\/portal\\\/2021\\\/08\\\/20\\\/alcaldesa-copa-respalda-proyecto-de-ley-del-desayuno-escolar\\\/\",\"url\":\"https:\\\/\\\/www.eldiario.net\\\/portal\\\/2021\\\/08\\\/20\\\/alcaldesa-copa-respalda-proyecto-de-ley-del-desayuno-escolar\\\/\",\"name\":\"Alcaldesa Copa respalda proyecto de ley del Desayuno Escolar - El Diario - Bolivia\",\"isPartOf\":{\"@id\":\"https:\\\/\\\/www.eldiario.net\\\/portal\\\/#website\"},\"primaryImageOfPage\":{\"@id\":\"https:\\\/\\\/www.eldiario.net\\\/portal\\\/2021\\\/08\\\/20\\\/alcaldesa-copa-respalda-proyecto-de-ley-del-desayuno-escolar\\\/#primaryimage\"},\"image\":{\"@id\":\"https:\\\/\\\/www.eldiario.net\\\/portal\\\/2021\\\/08\\\/20\\\/alcaldesa-copa-respalda-proyecto-de-ley-del-desayuno-escolar\\\/#primaryimage\"},\"thumbnailUrl\":\"\",\"datePublished\":\"2021-08-20T07:00:12+00:00\",\"breadcrumb\":{\"@id\":\"https:\\\/\\\/www.eldiario.net\\\/portal\\\/2021\\\/08\\\/20\\\/alcaldesa-copa-respalda-proyecto-de-ley-del-desayuno-escolar\\\/#breadcrumb\"},\"inLanguage\":\"es\",\"potentialAction\":[{\"@type\":\"ReadAction\",\"target\":[\"https:\\\/\\\/www.eldiario.net\\\/portal\\\/2021\\\/08\\\/20\\\/alcaldesa-copa-respalda-proyecto-de-ley-del-desayuno-escolar\\\/\"]}]},{\"@type\":\"ImageObject\",\"inLanguage\":\"es\",\"@id\":\"https:\\\/\\\/www.eldiario.net\\\/portal\\\/2021\\\/08\\\/20\\\/alcaldesa-copa-respalda-proyecto-de-ley-del-desayuno-escolar\\\/#primaryimage\",\"url\":\"\",\"contentUrl\":\"\"},{\"@type\":\"BreadcrumbList\",\"@id\":\"https:\\\/\\\/www.eldiario.net\\\/portal\\\/2021\\\/08\\\/20\\\/alcaldesa-copa-respalda-proyecto-de-ley-del-desayuno-escolar\\\/#breadcrumb\",\"itemListElement\":[{\"@type\":\"ListItem\",\"position\":1,\"name\":\"Portada\",\"item\":\"https:\\\/\\\/www.eldiario.net\\\/portal\\\/\"},{\"@type\":\"ListItem\",\"position\":2,\"name\":\"Alcaldesa Copa respalda proyecto de ley del Desayuno Escolar\"}]},{\"@type\":\"WebSite\",\"@id\":\"https:\\\/\\\/www.eldiario.net\\\/portal\\\/#website\",\"url\":\"https:\\\/\\\/www.eldiario.net\\\/portal\\\/\",\"name\":\"El Diario - Decano de la prensa nacional\",\"description\":\"El Diario - Decano de la prensa nacional\",\"publisher\":{\"@id\":\"https:\\\/\\\/www.eldiario.net\\\/portal\\\/#organization\"},\"potentialAction\":[{\"@type\":\"SearchAction\",\"target\":{\"@type\":\"EntryPoint\",\"urlTemplate\":\"https:\\\/\\\/www.eldiario.net\\\/portal\\\/?s={search_term_string}\"},\"query-input\":{\"@type\":\"PropertyValueSpecification\",\"valueRequired\":true,\"valueName\":\"search_term_string\"}}],\"inLanguage\":\"es\"},{\"@type\":\"Organization\",\"@id\":\"https:\\\/\\\/www.eldiario.net\\\/portal\\\/#organization\",\"name\":\"El Diario - Decano de la prensa nacional\",\"url\":\"https:\\\/\\\/www.eldiario.net\\\/portal\\\/\",\"logo\":{\"@type\":\"ImageObject\",\"inLanguage\":\"es\",\"@id\":\"https:\\\/\\\/www.eldiario.net\\\/portal\\\/#\\\/schema\\\/logo\\\/image\\\/\",\"url\":\"https:\\\/\\\/www.eldiario.net\\\/portal\\\/wp-content\\\/uploads\\\/2023\\\/07\\\/logo_ED.jpg\",\"contentUrl\":\"https:\\\/\\\/www.eldiario.net\\\/portal\\\/wp-content\\\/uploads\\\/2023\\\/07\\\/logo_ED.jpg\",\"width\":272,\"height\":52,\"caption\":\"El Diario - Decano de la prensa nacional\"},\"image\":{\"@id\":\"https:\\\/\\\/www.eldiario.net\\\/portal\\\/#\\\/schema\\\/logo\\\/image\\\/\"},\"sameAs\":[\"https:\\\/\\\/www.facebook.com\\\/eldiario.bolivia\\\/\",\"https:\\\/\\\/x.com\\\/eldiario_net\"]},{\"@type\":\"Person\",\"@id\":\"https:\\\/\\\/www.eldiario.net\\\/portal\\\/#\\\/schema\\\/person\\\/f46445640444750d7d753ccd04ae01b7\",\"name\":\"Jeanette\",\"image\":{\"@type\":\"ImageObject\",\"inLanguage\":\"es\",\"@id\":\"https:\\\/\\\/secure.gravatar.com\\\/avatar\\\/3ea2118a5f7dad2b7138b1187a6b7ee55f160b9968b66013c3a3ef39dd7e5798?s=96&d=mm&r=g\",\"url\":\"https:\\\/\\\/secure.gravatar.com\\\/avatar\\\/3ea2118a5f7dad2b7138b1187a6b7ee55f160b9968b66013c3a3ef39dd7e5798?s=96&d=mm&r=g\",\"contentUrl\":\"https:\\\/\\\/secure.gravatar.com\\\/avatar\\\/3ea2118a5f7dad2b7138b1187a6b7ee55f160b9968b66013c3a3ef39dd7e5798?s=96&d=mm&r=g\",\"caption\":\"Jeanette\"},\"sameAs\":[\"https:\\\/\\\/www.eldiario.net\\\/portal\"],\"url\":\"https:\\\/\\\/www.eldiario.net\\\/portal\\\/author\\\/jeanette\\\/\"}]}<\/script>\n<!-- \/ Yoast SEO plugin. -->","yoast_head_json":{"title":"Alcaldesa Copa respalda proyecto de ley del Desayuno Escolar - El Diario - Bolivia","robots":{"index":"index","follow":"follow","max-snippet":"max-snippet:-1","max-image-preview":"max-image-preview:large","max-video-preview":"max-video-preview:-1"},"canonical":"https:\/\/www.eldiario.net\/portal\/2021\/08\/20\/alcaldesa-copa-respalda-proyecto-de-ley-del-desayuno-escolar\/","og_locale":"es_ES","og_type":"article","og_title":"Alcaldesa Copa respalda proyecto de ley del Desayuno Escolar - El Diario - Bolivia","og_description":"La alcaldesa de la ciudad de El Alto, Eva Copa, en la reuni\u00f3n de la Federaci\u00f3n de Asociaciones Municipales (FAM) de Bolivia, que se desarrolla en Sucre, respalda la propuesta del proyecto de ley del Desayuno Escolar para apoyar la producci\u00f3n nacional, generar mayores ingresos econ\u00f3micos para las familias y respaldar el consumo de productos [&hellip;]","og_url":"https:\/\/www.eldiario.net\/portal\/2021\/08\/20\/alcaldesa-copa-respalda-proyecto-de-ley-del-desayuno-escolar\/","og_site_name":"El Diario - Bolivia","article_publisher":"https:\/\/www.facebook.com\/eldiario.bolivia\/","article_published_time":"2021-08-20T07:00:12+00:00","author":"Jeanette","twitter_card":"summary_large_image","twitter_creator":"@eldiario_net","twitter_site":"@eldiario_net","twitter_misc":{"Escrito por":"Jeanette","Tiempo de lectura":"2 minutos"},"schema":{"@context":"https:\/\/schema.org","@graph":[{"@type":"Article","@id":"https:\/\/www.eldiario.net\/portal\/2021\/08\/20\/alcaldesa-copa-respalda-proyecto-de-ley-del-desayuno-escolar\/#article","isPartOf":{"@id":"https:\/\/www.eldiario.net\/portal\/2021\/08\/20\/alcaldesa-copa-respalda-proyecto-de-ley-del-desayuno-escolar\/"},"author":{"name":"Jeanette","@id":"https:\/\/www.eldiario.net\/portal\/#\/schema\/person\/f46445640444750d7d753ccd04ae01b7"},"headline":"Alcaldesa Copa respalda proyecto de ley del Desayuno Escolar","datePublished":"2021-08-20T07:00:12+00:00","mainEntityOfPage":{"@id":"https:\/\/www.eldiario.net\/portal\/2021\/08\/20\/alcaldesa-copa-respalda-proyecto-de-ley-del-desayuno-escolar\/"},"wordCount":394,"publisher":{"@id":"https:\/\/www.eldiario.net\/portal\/#organization"},"image":{"@id":"https:\/\/www.eldiario.net\/portal\/2021\/08\/20\/alcaldesa-copa-respalda-proyecto-de-ley-del-desayuno-escolar\/#primaryimage"},"thumbnailUrl":"","articleSection":["Nacional"],"inLanguage":"es"},{"@type":"WebPage","@id":"https:\/\/www.eldiario.net\/portal\/2021\/08\/20\/alcaldesa-copa-respalda-proyecto-de-ley-del-desayuno-escolar\/","url":"https:\/\/www.eldiario.net\/portal\/2021\/08\/20\/alcaldesa-copa-respalda-proyecto-de-ley-del-desayuno-escolar\/","name":"Alcaldesa Copa respalda proyecto de ley del Desayuno Escolar - El Diario - Bolivia","isPartOf":{"@id":"https:\/\/www.eldiario.net\/portal\/#website"},"primaryImageOfPage":{"@id":"https:\/\/www.eldiario.net\/portal\/2021\/08\/20\/alcaldesa-copa-respalda-proyecto-de-ley-del-desayuno-escolar\/#primaryimage"},"image":{"@id":"https:\/\/www.eldiario.net\/portal\/2021\/08\/20\/alcaldesa-copa-respalda-proyecto-de-ley-del-desayuno-escolar\/#primaryimage"},"thumbnailUrl":"","datePublished":"2021-08-20T07:00:12+00:00","breadcrumb":{"@id":"https:\/\/www.eldiario.net\/portal\/2021\/08\/20\/alcaldesa-copa-respalda-proyecto-de-ley-del-desayuno-escolar\/#breadcrumb"},"inLanguage":"es","potentialAction":[{"@type":"ReadAction","target":["https:\/\/www.eldiario.net\/portal\/2021\/08\/20\/alcaldesa-copa-respalda-proyecto-de-ley-del-desayuno-escolar\/"]}]},{"@type":"ImageObject","inLanguage":"es","@id":"https:\/\/www.eldiario.net\/portal\/2021\/08\/20\/alcaldesa-copa-respalda-proyecto-de-ley-del-desayuno-escolar\/#primaryimage","url":"","contentUrl":""},{"@type":"BreadcrumbList","@id":"https:\/\/www.eldiario.net\/portal\/2021\/08\/20\/alcaldesa-copa-respalda-proyecto-de-ley-del-desayuno-escolar\/#breadcrumb","itemListElement":[{"@type":"ListItem","position":1,"name":"Portada","item":"https:\/\/www.eldiario.net\/portal\/"},{"@type":"ListItem","position":2,"name":"Alcaldesa Copa respalda proyecto de ley del Desayuno Escolar"}]},{"@type":"WebSite","@id":"https:\/\/www.eldiario.net\/portal\/#website","url":"https:\/\/www.eldiario.net\/portal\/","name":"El Diario - Decano de la prensa nacional","description":"El Diario - Decano de la prensa nacional","publisher":{"@id":"https:\/\/www.eldiario.net\/portal\/#organization"},"potentialAction":[{"@type":"SearchAction","target":{"@type":"EntryPoint","urlTemplate":"https:\/\/www.eldiario.net\/portal\/?s={search_term_string}"},"query-input":{"@type":"PropertyValueSpecification","valueRequired":true,"valueName":"search_term_string"}}],"inLanguage":"es"},{"@type":"Organization","@id":"https:\/\/www.eldiario.net\/portal\/#organization","name":"El Diario - Decano de la prensa nacional","url":"https:\/\/www.eldiario.net\/portal\/","logo":{"@type":"ImageObject","inLanguage":"es","@id":"https:\/\/www.eldiario.net\/portal\/#\/schema\/logo\/image\/","url":"https:\/\/www.eldiario.net\/portal\/wp-content\/uploads\/2023\/07\/logo_ED.jpg","contentUrl":"https:\/\/www.eldiario.net\/portal\/wp-content\/uploads\/2023\/07\/logo_ED.jpg","width":272,"height":52,"caption":"El Diario - Decano de la prensa nacional"},"image":{"@id":"https:\/\/www.eldiario.net\/portal\/#\/schema\/logo\/image\/"},"sameAs":["https:\/\/www.facebook.com\/eldiario.bolivia\/","https:\/\/x.com\/eldiario_net"]},{"@type":"Person","@id":"https:\/\/www.eldiario.net\/portal\/#\/schema\/person\/f46445640444750d7d753ccd04ae01b7","name":"Jeanette","image":{"@type":"ImageObject","inLanguage":"es","@id":"https:\/\/secure.gravatar.com\/avatar\/3ea2118a5f7dad2b7138b1187a6b7ee55f160b9968b66013c3a3ef39dd7e5798?s=96&d=mm&r=g","url":"https:\/\/secure.gravatar.com\/avatar\/3ea2118a5f7dad2b7138b1187a6b7ee55f160b9968b66013c3a3ef39dd7e5798?s=96&d=mm&r=g","contentUrl":"https:\/\/secure.gravatar.com\/avatar\/3ea2118a5f7dad2b7138b1187a6b7ee55f160b9968b66013c3a3ef39dd7e5798?s=96&d=mm&r=g","caption":"Jeanette"},"sameAs":["https:\/\/www.eldiario.net\/portal"],"url":"https:\/\/www.eldiario.net\/portal\/author\/jeanette\/"}]}},"_links":{"self":[{"href":"https:\/\/www.eldiario.net\/portal\/wp-json\/wp\/v2\/posts\/24533","targetHints":{"allow":["GET"]}}],"collection":[{"href":"https:\/\/www.eldiario.net\/portal\/wp-json\/wp\/v2\/posts"}],"about":[{"href":"https:\/\/www.eldiario.net\/portal\/wp-json\/wp\/v2\/types\/post"}],"author":[{"embeddable":true,"href":"https:\/\/www.eldiario.net\/portal\/wp-json\/wp\/v2\/users\/1"}],"replies":[{"embeddable":true,"href":"https:\/\/www.eldiario.net\/portal\/wp-json\/wp\/v2\/comments?post=24533"}],"version-history":[{"count":0,"href":"https:\/\/www.eldiario.net\/portal\/wp-json\/wp\/v2\/posts\/24533\/revisions"}],"wp:attachment":[{"href":"https:\/\/www.eldiario.net\/portal\/wp-json\/wp\/v2\/media?parent=24533"}],"wp:term":[{"taxonomy":"category","embeddable":true,"href":"https:\/\/www.eldiario.net\/portal\/wp-json\/wp\/v2\/categories?post=24533"},{"taxonomy":"post_tag","embeddable":true,"href":"https:\/\/www.eldiario.net\/portal\/wp-json\/wp\/v2\/tags?post=24533"}],"curies":[{"name":"wp","href":"https:\/\/api.w.org\/{rel}","templated":true}]}}