{"id":24531,"date":"2021-08-20T02:59:08","date_gmt":"2021-08-20T06:59:08","guid":{"rendered":"https:\/\/www.eldiario.net\/portal\/?p=24531"},"modified":"2021-08-20T02:59:08","modified_gmt":"2021-08-20T06:59:08","slug":"reactivar-la-economia-con-responsabilidad-compartida","status":"publish","type":"post","link":"https:\/\/www.eldiario.net\/portal\/2021\/08\/20\/reactivar-la-economia-con-responsabilidad-compartida\/","title":{"rendered":"Reactivar la econom\u00eda con responsabilidad compartida"},"content":{"rendered":"<p>Pese a las previsiones optimistas del gobierno, no se puede desconocer que vivimos un tiempo de crisis que es preciso superar o, por lo menos, disminuir; para conseguir ese objetivo no queda otro camino que haya conciencia, al margen del porcentaje mayor que debe tener el gobierno, que la actividad privada y la misma poblaci\u00f3n sopesen la situaci\u00f3n y entiendan que la responsabilidad de encontrar remedios es misi\u00f3n de todos.<br \/>\nEs evidente que la reactivaci\u00f3n que se logre no conseguir\u00e1 milagros y ser\u00e1 un \u00e9xito o un fracaso conforme a la conciencia que se tome de todo ello. Conviene tener en cuenta que la grave crisis de salud que se enfrenta debido al coronavirus que nos sume en casi permanente pandemia, insume no solamente dinero sino preocupa a todos y tiende a postergar cualquier plan que se conciba. Para muchas personas esgrimir la creencia de que \u201cel gobierno debe resolver los problemas\u201d no es evidente porque si bien la mayor responsabilidad est\u00e1 en lo que planifique y haga, el sector privado debe cumplir un importante papel que, si lo cumple, ser\u00e1 apoyado casi autom\u00e1ticamente por la poblaci\u00f3n.<br \/>\nLas empresas p\u00fablicas deber\u00edan cumplir a cabalidad los papeles que tienen asignados: mejorar y aumentar la producci\u00f3n, disminuir gastos, evitar la contrataci\u00f3n de m\u00e1s burocracia que la que ya tiene es excesiva; se deben reducir al m\u00ednimo las \u201cmisiones\u201d especiales al exterior y hacer que el gobierno encomiende a las embajadas que se tiene en cada pa\u00eds para que los embajadores o c\u00f3nsules en su caso cumplan lo que haya que hacer. Las c\u00e1maras legislativas tendr\u00e1n que cumplir con la parte que les corresponde para restituir la institucionalidad al pa\u00eds y olvidar sus miembros las luchas intestinas que los tiene embarcados en discusiones que no tienen ninguna trascendencia y menos importancia para el pa\u00eds y menos para superar las dificultades que haya que enfrentar tanto para superar a la enfermedad que causa tantas v\u00edctimas como para vencer cualquier tipo de problemas que vayan a presentarse; finalmente, las organizaciones sociales deber\u00e1n postergar cualquier reclamaci\u00f3n o problemas que tengan porque la atenci\u00f3n de la crisis requerir\u00e1 de tiempo y atenci\u00f3n de gobierno y empresa privada y no est\u00e1n para sobrellevar nuevos problemas de los que ya se enfrentan.<br \/>\nTodo muestra hasta el momento que no hay muchas se\u00f1ales de que el gobierno tenga planificadas las medidas inmediatas que debe adoptar, c\u00f3mo encararlas y c\u00f3mo debe actuarse en conjunci\u00f3n con todas las instituciones del Estado y el empresariado privado. Es urgente, pues, que cada responsable de lo que haya que hacer cumpla la parte que le corresponda y no dejar para las \u201ccalendas griegas\u201d soluciones que, de esperar indefinidamente, pueden perder todo efecto. Bien se debe repetir que parte de las medidas a adoptarse depender\u00e1 del papel constructivo que tenga el sector privado, de la puesta en pr\u00e1ctica de iniciativas que superen viejos estados de frustraci\u00f3n y postraci\u00f3n a que, por mucho tiempo, nos hemos acostumbrado tanto los gobiernos como el pueblo.<br \/>\nHay grave responsabilidad en todos los pasos que se den, adoptando posiciones m\u00e1s acordes con la urgencia de vencer el tiempo cr\u00edtico en que vivimos y dando a todas las actividades una din\u00e1mica que contribuya a mejorar la producci\u00f3n y la productividad no solamente con el fin de crear riqueza, sino fundamentalmente para mejorar los ingresos de la poblaci\u00f3n y aliviar los altos \u00edndices de desocupaci\u00f3n que se sufre.<br \/>\nA todo lo dicho, es necesario reiterar que la mayor parte de los pasos positivos que se den depende del gobierno que, pese a las reticencias partidarias, debe observar conductas de gran austeridad, honradez y honestidad responsables; no reincidir en yerros que han sido caracter\u00edsticas pasadas y tomar conciencia de que es gobierno para todos y que la pol\u00edtica partidista deber\u00eda circunscribirse a servir y olvidar la pretensi\u00f3n de servirse del pa\u00eds. Los \u00e9xitos o fracasos del gobierno ser\u00e1n del pa\u00eds y as\u00ed debe quedar entendido; lo dem\u00e1s ser\u00e1 demagogia y populismo irresponsables.<\/p>\n","protected":false},"excerpt":{"rendered":"<p>Pese a las previsiones optimistas del gobierno, no se puede desconocer que vivimos un tiempo de crisis que es preciso superar o, por lo menos, disminuir; para conseguir ese objetivo no queda otro camino que haya conciencia, al margen del porcentaje mayor que debe tener el gobierno, que la actividad privada y la misma poblaci\u00f3n [&hellip;]<\/p>\n","protected":false},"author":1,"featured_media":3785,"comment_status":"closed","ping_status":"closed","sticky":false,"template":"","format":"standard","meta":{"_acf_changed":false,"footnotes":""},"categories":[9],"tags":[],"class_list":["post-24531","post","type-post","status-publish","format-standard","has-post-thumbnail","category-opinion"],"acf":{"antetitulo":""},"yoast_head":"<!-- This site is optimized with the Yoast SEO plugin v28.4 - https:\/\/yoast.com\/product\/yoast-seo-wordpress\/ -->\n<title>Reactivar la econom\u00eda con responsabilidad compartida - El Diario - Bolivia<\/title>\n<meta name=\"robots\" content=\"index, follow, max-snippet:-1, max-image-preview:large, max-video-preview:-1\" \/>\n<link rel=\"canonical\" href=\"https:\/\/www.eldiario.net\/portal\/2021\/08\/20\/reactivar-la-economia-con-responsabilidad-compartida\/\" \/>\n<meta property=\"og:locale\" content=\"es_ES\" \/>\n<meta property=\"og:type\" content=\"article\" \/>\n<meta property=\"og:title\" content=\"Reactivar la econom\u00eda con responsabilidad compartida - El Diario - Bolivia\" \/>\n<meta property=\"og:description\" content=\"Pese a las previsiones optimistas del gobierno, no se puede desconocer que vivimos un tiempo de crisis que es preciso superar o, por lo menos, disminuir; para conseguir ese objetivo no queda otro camino que haya conciencia, al margen del porcentaje mayor que debe tener el gobierno, que la actividad privada y la misma poblaci\u00f3n [&hellip;]\" \/>\n<meta property=\"og:url\" content=\"https:\/\/www.eldiario.net\/portal\/2021\/08\/20\/reactivar-la-economia-con-responsabilidad-compartida\/\" \/>\n<meta property=\"og:site_name\" content=\"El Diario - Bolivia\" \/>\n<meta property=\"article:publisher\" content=\"https:\/\/www.facebook.com\/eldiario.bolivia\/\" \/>\n<meta property=\"article:published_time\" content=\"2021-08-20T06:59:08+00:00\" \/>\n<meta name=\"author\" content=\"Jeanette\" \/>\n<meta name=\"twitter:card\" content=\"summary_large_image\" \/>\n<meta name=\"twitter:creator\" content=\"@eldiario_net\" \/>\n<meta name=\"twitter:site\" content=\"@eldiario_net\" \/>\n<meta name=\"twitter:label1\" content=\"Escrito por\" \/>\n\t<meta name=\"twitter:data1\" content=\"Jeanette\" \/>\n\t<meta name=\"twitter:label2\" content=\"Tiempo de lectura\" \/>\n\t<meta name=\"twitter:data2\" content=\"3 minutos\" \/>\n<script type=\"application\/ld+json\" class=\"yoast-schema-graph\">{\"@context\":\"https:\\\/\\\/schema.org\",\"@graph\":[{\"@type\":\"Article\",\"@id\":\"https:\\\/\\\/www.eldiario.net\\\/portal\\\/2021\\\/08\\\/20\\\/reactivar-la-economia-con-responsabilidad-compartida\\\/#article\",\"isPartOf\":{\"@id\":\"https:\\\/\\\/www.eldiario.net\\\/portal\\\/2021\\\/08\\\/20\\\/reactivar-la-economia-con-responsabilidad-compartida\\\/\"},\"author\":{\"name\":\"Jeanette\",\"@id\":\"https:\\\/\\\/www.eldiario.net\\\/portal\\\/#\\\/schema\\\/person\\\/f46445640444750d7d753ccd04ae01b7\"},\"headline\":\"Reactivar la econom\u00eda con responsabilidad compartida\",\"datePublished\":\"2021-08-20T06:59:08+00:00\",\"mainEntityOfPage\":{\"@id\":\"https:\\\/\\\/www.eldiario.net\\\/portal\\\/2021\\\/08\\\/20\\\/reactivar-la-economia-con-responsabilidad-compartida\\\/\"},\"wordCount\":710,\"publisher\":{\"@id\":\"https:\\\/\\\/www.eldiario.net\\\/portal\\\/#organization\"},\"image\":{\"@id\":\"https:\\\/\\\/www.eldiario.net\\\/portal\\\/2021\\\/08\\\/20\\\/reactivar-la-economia-con-responsabilidad-compartida\\\/#primaryimage\"},\"thumbnailUrl\":\"\",\"articleSection\":[\"Opini\u00f3n\"],\"inLanguage\":\"es\"},{\"@type\":\"WebPage\",\"@id\":\"https:\\\/\\\/www.eldiario.net\\\/portal\\\/2021\\\/08\\\/20\\\/reactivar-la-economia-con-responsabilidad-compartida\\\/\",\"url\":\"https:\\\/\\\/www.eldiario.net\\\/portal\\\/2021\\\/08\\\/20\\\/reactivar-la-economia-con-responsabilidad-compartida\\\/\",\"name\":\"Reactivar la econom\u00eda con responsabilidad compartida - El Diario - Bolivia\",\"isPartOf\":{\"@id\":\"https:\\\/\\\/www.eldiario.net\\\/portal\\\/#website\"},\"primaryImageOfPage\":{\"@id\":\"https:\\\/\\\/www.eldiario.net\\\/portal\\\/2021\\\/08\\\/20\\\/reactivar-la-economia-con-responsabilidad-compartida\\\/#primaryimage\"},\"image\":{\"@id\":\"https:\\\/\\\/www.eldiario.net\\\/portal\\\/2021\\\/08\\\/20\\\/reactivar-la-economia-con-responsabilidad-compartida\\\/#primaryimage\"},\"thumbnailUrl\":\"\",\"datePublished\":\"2021-08-20T06:59:08+00:00\",\"breadcrumb\":{\"@id\":\"https:\\\/\\\/www.eldiario.net\\\/portal\\\/2021\\\/08\\\/20\\\/reactivar-la-economia-con-responsabilidad-compartida\\\/#breadcrumb\"},\"inLanguage\":\"es\",\"potentialAction\":[{\"@type\":\"ReadAction\",\"target\":[\"https:\\\/\\\/www.eldiario.net\\\/portal\\\/2021\\\/08\\\/20\\\/reactivar-la-economia-con-responsabilidad-compartida\\\/\"]}]},{\"@type\":\"ImageObject\",\"inLanguage\":\"es\",\"@id\":\"https:\\\/\\\/www.eldiario.net\\\/portal\\\/2021\\\/08\\\/20\\\/reactivar-la-economia-con-responsabilidad-compartida\\\/#primaryimage\",\"url\":\"\",\"contentUrl\":\"\"},{\"@type\":\"BreadcrumbList\",\"@id\":\"https:\\\/\\\/www.eldiario.net\\\/portal\\\/2021\\\/08\\\/20\\\/reactivar-la-economia-con-responsabilidad-compartida\\\/#breadcrumb\",\"itemListElement\":[{\"@type\":\"ListItem\",\"position\":1,\"name\":\"Portada\",\"item\":\"https:\\\/\\\/www.eldiario.net\\\/portal\\\/\"},{\"@type\":\"ListItem\",\"position\":2,\"name\":\"Reactivar la econom\u00eda con responsabilidad compartida\"}]},{\"@type\":\"WebSite\",\"@id\":\"https:\\\/\\\/www.eldiario.net\\\/portal\\\/#website\",\"url\":\"https:\\\/\\\/www.eldiario.net\\\/portal\\\/\",\"name\":\"El Diario - Decano de la prensa nacional\",\"description\":\"El Diario - Decano de la prensa nacional\",\"publisher\":{\"@id\":\"https:\\\/\\\/www.eldiario.net\\\/portal\\\/#organization\"},\"potentialAction\":[{\"@type\":\"SearchAction\",\"target\":{\"@type\":\"EntryPoint\",\"urlTemplate\":\"https:\\\/\\\/www.eldiario.net\\\/portal\\\/?s={search_term_string}\"},\"query-input\":{\"@type\":\"PropertyValueSpecification\",\"valueRequired\":true,\"valueName\":\"search_term_string\"}}],\"inLanguage\":\"es\"},{\"@type\":\"Organization\",\"@id\":\"https:\\\/\\\/www.eldiario.net\\\/portal\\\/#organization\",\"name\":\"El Diario - Decano de la prensa nacional\",\"url\":\"https:\\\/\\\/www.eldiario.net\\\/portal\\\/\",\"logo\":{\"@type\":\"ImageObject\",\"inLanguage\":\"es\",\"@id\":\"https:\\\/\\\/www.eldiario.net\\\/portal\\\/#\\\/schema\\\/logo\\\/image\\\/\",\"url\":\"https:\\\/\\\/www.eldiario.net\\\/portal\\\/wp-content\\\/uploads\\\/2023\\\/07\\\/logo_ED.jpg\",\"contentUrl\":\"https:\\\/\\\/www.eldiario.net\\\/portal\\\/wp-content\\\/uploads\\\/2023\\\/07\\\/logo_ED.jpg\",\"width\":272,\"height\":52,\"caption\":\"El Diario - Decano de la prensa nacional\"},\"image\":{\"@id\":\"https:\\\/\\\/www.eldiario.net\\\/portal\\\/#\\\/schema\\\/logo\\\/image\\\/\"},\"sameAs\":[\"https:\\\/\\\/www.facebook.com\\\/eldiario.bolivia\\\/\",\"https:\\\/\\\/x.com\\\/eldiario_net\"]},{\"@type\":\"Person\",\"@id\":\"https:\\\/\\\/www.eldiario.net\\\/portal\\\/#\\\/schema\\\/person\\\/f46445640444750d7d753ccd04ae01b7\",\"name\":\"Jeanette\",\"image\":{\"@type\":\"ImageObject\",\"inLanguage\":\"es\",\"@id\":\"https:\\\/\\\/secure.gravatar.com\\\/avatar\\\/3ea2118a5f7dad2b7138b1187a6b7ee55f160b9968b66013c3a3ef39dd7e5798?s=96&d=mm&r=g\",\"url\":\"https:\\\/\\\/secure.gravatar.com\\\/avatar\\\/3ea2118a5f7dad2b7138b1187a6b7ee55f160b9968b66013c3a3ef39dd7e5798?s=96&d=mm&r=g\",\"contentUrl\":\"https:\\\/\\\/secure.gravatar.com\\\/avatar\\\/3ea2118a5f7dad2b7138b1187a6b7ee55f160b9968b66013c3a3ef39dd7e5798?s=96&d=mm&r=g\",\"caption\":\"Jeanette\"},\"sameAs\":[\"https:\\\/\\\/www.eldiario.net\\\/portal\"],\"url\":\"https:\\\/\\\/www.eldiario.net\\\/portal\\\/author\\\/jeanette\\\/\"}]}<\/script>\n<!-- \/ Yoast SEO plugin. -->","yoast_head_json":{"title":"Reactivar la econom\u00eda con responsabilidad compartida - El Diario - Bolivia","robots":{"index":"index","follow":"follow","max-snippet":"max-snippet:-1","max-image-preview":"max-image-preview:large","max-video-preview":"max-video-preview:-1"},"canonical":"https:\/\/www.eldiario.net\/portal\/2021\/08\/20\/reactivar-la-economia-con-responsabilidad-compartida\/","og_locale":"es_ES","og_type":"article","og_title":"Reactivar la econom\u00eda con responsabilidad compartida - El Diario - Bolivia","og_description":"Pese a las previsiones optimistas del gobierno, no se puede desconocer que vivimos un tiempo de crisis que es preciso superar o, por lo menos, disminuir; para conseguir ese objetivo no queda otro camino que haya conciencia, al margen del porcentaje mayor que debe tener el gobierno, que la actividad privada y la misma poblaci\u00f3n [&hellip;]","og_url":"https:\/\/www.eldiario.net\/portal\/2021\/08\/20\/reactivar-la-economia-con-responsabilidad-compartida\/","og_site_name":"El Diario - Bolivia","article_publisher":"https:\/\/www.facebook.com\/eldiario.bolivia\/","article_published_time":"2021-08-20T06:59:08+00:00","author":"Jeanette","twitter_card":"summary_large_image","twitter_creator":"@eldiario_net","twitter_site":"@eldiario_net","twitter_misc":{"Escrito por":"Jeanette","Tiempo de lectura":"3 minutos"},"schema":{"@context":"https:\/\/schema.org","@graph":[{"@type":"Article","@id":"https:\/\/www.eldiario.net\/portal\/2021\/08\/20\/reactivar-la-economia-con-responsabilidad-compartida\/#article","isPartOf":{"@id":"https:\/\/www.eldiario.net\/portal\/2021\/08\/20\/reactivar-la-economia-con-responsabilidad-compartida\/"},"author":{"name":"Jeanette","@id":"https:\/\/www.eldiario.net\/portal\/#\/schema\/person\/f46445640444750d7d753ccd04ae01b7"},"headline":"Reactivar la econom\u00eda con responsabilidad compartida","datePublished":"2021-08-20T06:59:08+00:00","mainEntityOfPage":{"@id":"https:\/\/www.eldiario.net\/portal\/2021\/08\/20\/reactivar-la-economia-con-responsabilidad-compartida\/"},"wordCount":710,"publisher":{"@id":"https:\/\/www.eldiario.net\/portal\/#organization"},"image":{"@id":"https:\/\/www.eldiario.net\/portal\/2021\/08\/20\/reactivar-la-economia-con-responsabilidad-compartida\/#primaryimage"},"thumbnailUrl":"","articleSection":["Opini\u00f3n"],"inLanguage":"es"},{"@type":"WebPage","@id":"https:\/\/www.eldiario.net\/portal\/2021\/08\/20\/reactivar-la-economia-con-responsabilidad-compartida\/","url":"https:\/\/www.eldiario.net\/portal\/2021\/08\/20\/reactivar-la-economia-con-responsabilidad-compartida\/","name":"Reactivar la econom\u00eda con responsabilidad compartida - El Diario - Bolivia","isPartOf":{"@id":"https:\/\/www.eldiario.net\/portal\/#website"},"primaryImageOfPage":{"@id":"https:\/\/www.eldiario.net\/portal\/2021\/08\/20\/reactivar-la-economia-con-responsabilidad-compartida\/#primaryimage"},"image":{"@id":"https:\/\/www.eldiario.net\/portal\/2021\/08\/20\/reactivar-la-economia-con-responsabilidad-compartida\/#primaryimage"},"thumbnailUrl":"","datePublished":"2021-08-20T06:59:08+00:00","breadcrumb":{"@id":"https:\/\/www.eldiario.net\/portal\/2021\/08\/20\/reactivar-la-economia-con-responsabilidad-compartida\/#breadcrumb"},"inLanguage":"es","potentialAction":[{"@type":"ReadAction","target":["https:\/\/www.eldiario.net\/portal\/2021\/08\/20\/reactivar-la-economia-con-responsabilidad-compartida\/"]}]},{"@type":"ImageObject","inLanguage":"es","@id":"https:\/\/www.eldiario.net\/portal\/2021\/08\/20\/reactivar-la-economia-con-responsabilidad-compartida\/#primaryimage","url":"","contentUrl":""},{"@type":"BreadcrumbList","@id":"https:\/\/www.eldiario.net\/portal\/2021\/08\/20\/reactivar-la-economia-con-responsabilidad-compartida\/#breadcrumb","itemListElement":[{"@type":"ListItem","position":1,"name":"Portada","item":"https:\/\/www.eldiario.net\/portal\/"},{"@type":"ListItem","position":2,"name":"Reactivar la econom\u00eda con responsabilidad compartida"}]},{"@type":"WebSite","@id":"https:\/\/www.eldiario.net\/portal\/#website","url":"https:\/\/www.eldiario.net\/portal\/","name":"El Diario - Decano de la prensa nacional","description":"El Diario - Decano de la prensa nacional","publisher":{"@id":"https:\/\/www.eldiario.net\/portal\/#organization"},"potentialAction":[{"@type":"SearchAction","target":{"@type":"EntryPoint","urlTemplate":"https:\/\/www.eldiario.net\/portal\/?s={search_term_string}"},"query-input":{"@type":"PropertyValueSpecification","valueRequired":true,"valueName":"search_term_string"}}],"inLanguage":"es"},{"@type":"Organization","@id":"https:\/\/www.eldiario.net\/portal\/#organization","name":"El Diario - Decano de la prensa nacional","url":"https:\/\/www.eldiario.net\/portal\/","logo":{"@type":"ImageObject","inLanguage":"es","@id":"https:\/\/www.eldiario.net\/portal\/#\/schema\/logo\/image\/","url":"https:\/\/www.eldiario.net\/portal\/wp-content\/uploads\/2023\/07\/logo_ED.jpg","contentUrl":"https:\/\/www.eldiario.net\/portal\/wp-content\/uploads\/2023\/07\/logo_ED.jpg","width":272,"height":52,"caption":"El Diario - Decano de la prensa nacional"},"image":{"@id":"https:\/\/www.eldiario.net\/portal\/#\/schema\/logo\/image\/"},"sameAs":["https:\/\/www.facebook.com\/eldiario.bolivia\/","https:\/\/x.com\/eldiario_net"]},{"@type":"Person","@id":"https:\/\/www.eldiario.net\/portal\/#\/schema\/person\/f46445640444750d7d753ccd04ae01b7","name":"Jeanette","image":{"@type":"ImageObject","inLanguage":"es","@id":"https:\/\/secure.gravatar.com\/avatar\/3ea2118a5f7dad2b7138b1187a6b7ee55f160b9968b66013c3a3ef39dd7e5798?s=96&d=mm&r=g","url":"https:\/\/secure.gravatar.com\/avatar\/3ea2118a5f7dad2b7138b1187a6b7ee55f160b9968b66013c3a3ef39dd7e5798?s=96&d=mm&r=g","contentUrl":"https:\/\/secure.gravatar.com\/avatar\/3ea2118a5f7dad2b7138b1187a6b7ee55f160b9968b66013c3a3ef39dd7e5798?s=96&d=mm&r=g","caption":"Jeanette"},"sameAs":["https:\/\/www.eldiario.net\/portal"],"url":"https:\/\/www.eldiario.net\/portal\/author\/jeanette\/"}]}},"_links":{"self":[{"href":"https:\/\/www.eldiario.net\/portal\/wp-json\/wp\/v2\/posts\/24531","targetHints":{"allow":["GET"]}}],"collection":[{"href":"https:\/\/www.eldiario.net\/portal\/wp-json\/wp\/v2\/posts"}],"about":[{"href":"https:\/\/www.eldiario.net\/portal\/wp-json\/wp\/v2\/types\/post"}],"author":[{"embeddable":true,"href":"https:\/\/www.eldiario.net\/portal\/wp-json\/wp\/v2\/users\/1"}],"replies":[{"embeddable":true,"href":"https:\/\/www.eldiario.net\/portal\/wp-json\/wp\/v2\/comments?post=24531"}],"version-history":[{"count":0,"href":"https:\/\/www.eldiario.net\/portal\/wp-json\/wp\/v2\/posts\/24531\/revisions"}],"wp:attachment":[{"href":"https:\/\/www.eldiario.net\/portal\/wp-json\/wp\/v2\/media?parent=24531"}],"wp:term":[{"taxonomy":"category","embeddable":true,"href":"https:\/\/www.eldiario.net\/portal\/wp-json\/wp\/v2\/categories?post=24531"},{"taxonomy":"post_tag","embeddable":true,"href":"https:\/\/www.eldiario.net\/portal\/wp-json\/wp\/v2\/tags?post=24531"}],"curies":[{"name":"wp","href":"https:\/\/api.w.org\/{rel}","templated":true}]}}