{"id":24529,"date":"2021-08-20T02:58:28","date_gmt":"2021-08-20T06:58:28","guid":{"rendered":"https:\/\/www.eldiario.net\/portal\/?p=24529"},"modified":"2021-08-20T02:58:28","modified_gmt":"2021-08-20T06:58:28","slug":"super-ministro-gerente-atrasa-internet-en-bolivia","status":"publish","type":"post","link":"https:\/\/www.eldiario.net\/portal\/2021\/08\/20\/super-ministro-gerente-atrasa-internet-en-bolivia\/","title":{"rendered":"S\u00faper ministro-gerente atrasa internet en Bolivia"},"content":{"rendered":"<p>Los sujetos que creen ser poderosos, imponiendo sus caprichos llevan al desastre a gobiernos y a naciones, causando sufrimientos a la humanidad.<br \/>\nLos sucesos mundiales podemos verlos por internet. En este 2021, de Bolivia hemos visto videos, tristes, ni\u00f1os, ni\u00f1as y adolescentes de San Sebasti\u00e1n, municipio de Betanzos, Potos\u00ed, subiendo al cerro empinado, trayecto largo y peligroso para encontrar se\u00f1al de internet y pasar clases virtuales. Suben con sus mochilas, donde llevan sus cuadernos. Casi todos llevan una gorra, pues el sol es implacable, algunos con chinelas o chancletas. Internet no llega a su comunidad y deben subir a diario a la colina, pues es la \u00fanica forma para conectarse y poder pasar clases. Aun all\u00ed, los estudiantes comentan que la baja se\u00f1al de internet les genera problemas en la hora de bajar o descargar las tareas que env\u00edan los profesores por WhatsApp.<br \/>\n\u201c10 a 20 kil\u00f3metros, dos horas caminando\u201d, se\u00f1al\u00f3 Rub\u00e9n Dar\u00edo Rojas a la red Unitel, que lleg\u00f3 hasta la comunidad para conversar con los estudiantes. Contaron que por la distancia es cansador tanto de ida como de vuelta.<br \/>\n\u201cNos ayudamos a llevar agua y alimentos\u201d, cont\u00f3 Zulema Llacho, sentada en la tierra con sus cuadernos y su celular en mano, como el resto de los ni\u00f1os y adolescentes. Despu\u00e9s de las clases virtuales en los cerros almuerzan apthapi (comida agraria).<br \/>\nOtro, en 2019, durante el incendio en la Chiquitania (Santa Cruz) los bomberos no pod\u00edan comunicarse. Los extranjeros que llegaron para sofocar los incendios utilizaron sus propios medios para comunicarse.<br \/>\nOtro, en los municipios de Saipina y Moro Moro del departamento de Santa Cruz los originarios se quejan porque tienen que subir a los cerros para acceder a internet.<br \/>\nEsta realidad que no se puede tapar, Bolivia est\u00e1 atrasada en internet, con analfabetismo digital en agrarios y en profesores.<br \/>\nContrariamente, seg\u00fan la propaganda del gobierno boliviano, hay internet en todo su territorio. El gobierno creo que tiene buenos pol\u00edticos, pero no tiene ingenieros en telecomunicaciones (internet), \u00e9sta es manejada desde 2007 por Roy M\u00e9ndez, que no es especializado en telecomunicaciones, por eso no pudo implementar internet amplio y gratuito en el agro en 14 a\u00f1os.<br \/>\nM\u00e9ndez desde el gobierno de Evo Morales, las veces que fue gerente de Entel; Ministro de Telecomunicaciones; director ejecutivo de la ATT, convirti\u00e9ndose en \u201cS\u00faper ministro-gerente\u201d en la toma de decisiones gubernamentales: habr\u00eda convertido a los medios de comunicaciones estatales en medios de propaganda pol\u00edtica; estrangular a la prensa independiente; permitir\u00eda pinchazos telef\u00f3nicos.<br \/>\nSeg\u00fan denuncias de organizaciones sociales, supliendo las atribuciones del Ministro de Obras P\u00fablicas, el s\u00faper ministro-gerente M\u00e9ndez habr\u00eda designado al director de la ATT-t\u00e9cnica al abogado N\u00e9stor R\u00edos, en lugar de un ingeniero en telecomunicaciones. Es designar a un abogado como director de un hospital. R\u00edos ser\u00eda opositor (pitita, t\u00edtere de M\u00e9ndez) al gobierno del Mas.<br \/>\nOtras, rechazando las ternas de las organizaciones sociales, M\u00e9ndez habr\u00eda designado al viceministro de Telecomunicaciones, Edwin Arandia. Al gerente de empresa de alimentos (Emapa) a Franklin Flores, que debiera ser ocupado por un ingeniero en alimentos. Y en otras entidades designar\u00eda a empleados p\u00fablicos discriminando a originarios. Seg\u00fan informes del ex viceministro F\u00e9lix C\u00e1rdenas, M\u00e9ndez habr\u00eda discriminado a profesionales agrarios. \u00bfPor qu\u00e9 no lo sancionaron?<br \/>\n\u00bfPoderoso?, este s\u00faper ministro-gerente gobernar\u00eda desde Santa Cruz a entidades p\u00fablicas que est\u00e1n La Paz, sede de Gobierno.<br \/>\nEn redes sociales, las organizaciones sociales manifiestan su disconformidad con M\u00e9ndez por sus decisiones dictatoriales y discriminatorias, Evo trata de ocultarlas con supuesto golpe de Estado, quien pareciera que estar\u00eda provocando un verdadero golpe de Estado.<br \/>\nLos discriminados y decepcionados por M\u00e9ndez abandonar\u00edan a Evo Morales y perder\u00eda en las elecciones de 2026. Y la derecha volver\u00eda al gobierno, ofreci\u00e9ndoles a los agrarios cargos p\u00fablicos sin discriminaci\u00f3n e internet.<br \/>\nEn el gobierno de Arce, este s\u00faper ministro-gerente con grandes decisiones desacertadas y con sus limitaciones t\u00e9cnicas, atrasa la implementaci\u00f3n de internet amplio y gratuito en Bolivia. Si no hay ingenieros en telecomunicaciones en este pa\u00eds, el gobierno deber\u00eda contratar en el extranjero para implementar internet amplio en todo el territorio boliviano. Sin internet, sin libertad, con discriminaci\u00f3n a agrarios, \u00bfes democracia?<\/p>\n<p>El autor es investigador social.<\/p>\n","protected":false},"excerpt":{"rendered":"<p>Los sujetos que creen ser poderosos, imponiendo sus caprichos llevan al desastre a gobiernos y a naciones, causando sufrimientos a la humanidad. Los sucesos mundiales podemos verlos por internet. En este 2021, de Bolivia hemos visto videos, tristes, ni\u00f1os, ni\u00f1as y adolescentes de San Sebasti\u00e1n, municipio de Betanzos, Potos\u00ed, subiendo al cerro empinado, trayecto largo [&hellip;]<\/p>\n","protected":false},"author":1,"featured_media":0,"comment_status":"closed","ping_status":"closed","sticky":false,"template":"","format":"standard","meta":{"_acf_changed":false,"footnotes":""},"categories":[9],"tags":[],"class_list":["post-24529","post","type-post","status-publish","format-standard","category-opinion"],"acf":{"antetitulo":""},"yoast_head":"<!-- This site is optimized with the Yoast SEO plugin v28.4 - https:\/\/yoast.com\/product\/yoast-seo-wordpress\/ -->\n<title>S\u00faper ministro-gerente atrasa internet en Bolivia - El Diario - Bolivia<\/title>\n<meta name=\"robots\" content=\"index, follow, max-snippet:-1, max-image-preview:large, max-video-preview:-1\" \/>\n<link rel=\"canonical\" href=\"https:\/\/www.eldiario.net\/portal\/2021\/08\/20\/super-ministro-gerente-atrasa-internet-en-bolivia\/\" \/>\n<meta property=\"og:locale\" content=\"es_ES\" \/>\n<meta property=\"og:type\" content=\"article\" \/>\n<meta property=\"og:title\" content=\"S\u00faper ministro-gerente atrasa internet en Bolivia - El Diario - Bolivia\" \/>\n<meta property=\"og:description\" content=\"Los sujetos que creen ser poderosos, imponiendo sus caprichos llevan al desastre a gobiernos y a naciones, causando sufrimientos a la humanidad. Los sucesos mundiales podemos verlos por internet. En este 2021, de Bolivia hemos visto videos, tristes, ni\u00f1os, ni\u00f1as y adolescentes de San Sebasti\u00e1n, municipio de Betanzos, Potos\u00ed, subiendo al cerro empinado, trayecto largo [&hellip;]\" \/>\n<meta property=\"og:url\" content=\"https:\/\/www.eldiario.net\/portal\/2021\/08\/20\/super-ministro-gerente-atrasa-internet-en-bolivia\/\" \/>\n<meta property=\"og:site_name\" content=\"El Diario - Bolivia\" \/>\n<meta property=\"article:publisher\" content=\"https:\/\/www.facebook.com\/eldiario.bolivia\/\" \/>\n<meta property=\"article:published_time\" content=\"2021-08-20T06:58:28+00:00\" \/>\n<meta name=\"author\" content=\"Jeanette\" \/>\n<meta name=\"twitter:card\" content=\"summary_large_image\" \/>\n<meta name=\"twitter:creator\" content=\"@eldiario_net\" \/>\n<meta name=\"twitter:site\" content=\"@eldiario_net\" \/>\n<meta name=\"twitter:label1\" content=\"Escrito por\" \/>\n\t<meta name=\"twitter:data1\" content=\"Jeanette\" \/>\n\t<meta name=\"twitter:label2\" content=\"Tiempo de lectura\" \/>\n\t<meta name=\"twitter:data2\" content=\"4 minutos\" \/>\n<script type=\"application\/ld+json\" class=\"yoast-schema-graph\">{\"@context\":\"https:\\\/\\\/schema.org\",\"@graph\":[{\"@type\":\"Article\",\"@id\":\"https:\\\/\\\/www.eldiario.net\\\/portal\\\/2021\\\/08\\\/20\\\/super-ministro-gerente-atrasa-internet-en-bolivia\\\/#article\",\"isPartOf\":{\"@id\":\"https:\\\/\\\/www.eldiario.net\\\/portal\\\/2021\\\/08\\\/20\\\/super-ministro-gerente-atrasa-internet-en-bolivia\\\/\"},\"author\":{\"name\":\"Jeanette\",\"@id\":\"https:\\\/\\\/www.eldiario.net\\\/portal\\\/#\\\/schema\\\/person\\\/f46445640444750d7d753ccd04ae01b7\"},\"headline\":\"S\u00faper ministro-gerente atrasa internet en Bolivia\",\"datePublished\":\"2021-08-20T06:58:28+00:00\",\"mainEntityOfPage\":{\"@id\":\"https:\\\/\\\/www.eldiario.net\\\/portal\\\/2021\\\/08\\\/20\\\/super-ministro-gerente-atrasa-internet-en-bolivia\\\/\"},\"wordCount\":750,\"publisher\":{\"@id\":\"https:\\\/\\\/www.eldiario.net\\\/portal\\\/#organization\"},\"articleSection\":[\"Opini\u00f3n\"],\"inLanguage\":\"es\"},{\"@type\":\"WebPage\",\"@id\":\"https:\\\/\\\/www.eldiario.net\\\/portal\\\/2021\\\/08\\\/20\\\/super-ministro-gerente-atrasa-internet-en-bolivia\\\/\",\"url\":\"https:\\\/\\\/www.eldiario.net\\\/portal\\\/2021\\\/08\\\/20\\\/super-ministro-gerente-atrasa-internet-en-bolivia\\\/\",\"name\":\"S\u00faper ministro-gerente atrasa internet en Bolivia - El Diario - Bolivia\",\"isPartOf\":{\"@id\":\"https:\\\/\\\/www.eldiario.net\\\/portal\\\/#website\"},\"datePublished\":\"2021-08-20T06:58:28+00:00\",\"breadcrumb\":{\"@id\":\"https:\\\/\\\/www.eldiario.net\\\/portal\\\/2021\\\/08\\\/20\\\/super-ministro-gerente-atrasa-internet-en-bolivia\\\/#breadcrumb\"},\"inLanguage\":\"es\",\"potentialAction\":[{\"@type\":\"ReadAction\",\"target\":[\"https:\\\/\\\/www.eldiario.net\\\/portal\\\/2021\\\/08\\\/20\\\/super-ministro-gerente-atrasa-internet-en-bolivia\\\/\"]}]},{\"@type\":\"BreadcrumbList\",\"@id\":\"https:\\\/\\\/www.eldiario.net\\\/portal\\\/2021\\\/08\\\/20\\\/super-ministro-gerente-atrasa-internet-en-bolivia\\\/#breadcrumb\",\"itemListElement\":[{\"@type\":\"ListItem\",\"position\":1,\"name\":\"Portada\",\"item\":\"https:\\\/\\\/www.eldiario.net\\\/portal\\\/\"},{\"@type\":\"ListItem\",\"position\":2,\"name\":\"S\u00faper ministro-gerente atrasa internet en Bolivia\"}]},{\"@type\":\"WebSite\",\"@id\":\"https:\\\/\\\/www.eldiario.net\\\/portal\\\/#website\",\"url\":\"https:\\\/\\\/www.eldiario.net\\\/portal\\\/\",\"name\":\"El Diario - Decano de la prensa nacional\",\"description\":\"El Diario - Decano de la prensa nacional\",\"publisher\":{\"@id\":\"https:\\\/\\\/www.eldiario.net\\\/portal\\\/#organization\"},\"potentialAction\":[{\"@type\":\"SearchAction\",\"target\":{\"@type\":\"EntryPoint\",\"urlTemplate\":\"https:\\\/\\\/www.eldiario.net\\\/portal\\\/?s={search_term_string}\"},\"query-input\":{\"@type\":\"PropertyValueSpecification\",\"valueRequired\":true,\"valueName\":\"search_term_string\"}}],\"inLanguage\":\"es\"},{\"@type\":\"Organization\",\"@id\":\"https:\\\/\\\/www.eldiario.net\\\/portal\\\/#organization\",\"name\":\"El Diario - Decano de la prensa nacional\",\"url\":\"https:\\\/\\\/www.eldiario.net\\\/portal\\\/\",\"logo\":{\"@type\":\"ImageObject\",\"inLanguage\":\"es\",\"@id\":\"https:\\\/\\\/www.eldiario.net\\\/portal\\\/#\\\/schema\\\/logo\\\/image\\\/\",\"url\":\"https:\\\/\\\/www.eldiario.net\\\/portal\\\/wp-content\\\/uploads\\\/2023\\\/07\\\/logo_ED.jpg\",\"contentUrl\":\"https:\\\/\\\/www.eldiario.net\\\/portal\\\/wp-content\\\/uploads\\\/2023\\\/07\\\/logo_ED.jpg\",\"width\":272,\"height\":52,\"caption\":\"El Diario - Decano de la prensa nacional\"},\"image\":{\"@id\":\"https:\\\/\\\/www.eldiario.net\\\/portal\\\/#\\\/schema\\\/logo\\\/image\\\/\"},\"sameAs\":[\"https:\\\/\\\/www.facebook.com\\\/eldiario.bolivia\\\/\",\"https:\\\/\\\/x.com\\\/eldiario_net\"]},{\"@type\":\"Person\",\"@id\":\"https:\\\/\\\/www.eldiario.net\\\/portal\\\/#\\\/schema\\\/person\\\/f46445640444750d7d753ccd04ae01b7\",\"name\":\"Jeanette\",\"image\":{\"@type\":\"ImageObject\",\"inLanguage\":\"es\",\"@id\":\"https:\\\/\\\/secure.gravatar.com\\\/avatar\\\/3ea2118a5f7dad2b7138b1187a6b7ee55f160b9968b66013c3a3ef39dd7e5798?s=96&d=mm&r=g\",\"url\":\"https:\\\/\\\/secure.gravatar.com\\\/avatar\\\/3ea2118a5f7dad2b7138b1187a6b7ee55f160b9968b66013c3a3ef39dd7e5798?s=96&d=mm&r=g\",\"contentUrl\":\"https:\\\/\\\/secure.gravatar.com\\\/avatar\\\/3ea2118a5f7dad2b7138b1187a6b7ee55f160b9968b66013c3a3ef39dd7e5798?s=96&d=mm&r=g\",\"caption\":\"Jeanette\"},\"sameAs\":[\"https:\\\/\\\/www.eldiario.net\\\/portal\"],\"url\":\"https:\\\/\\\/www.eldiario.net\\\/portal\\\/author\\\/jeanette\\\/\"}]}<\/script>\n<!-- \/ Yoast SEO plugin. -->","yoast_head_json":{"title":"S\u00faper ministro-gerente atrasa internet en Bolivia - El Diario - Bolivia","robots":{"index":"index","follow":"follow","max-snippet":"max-snippet:-1","max-image-preview":"max-image-preview:large","max-video-preview":"max-video-preview:-1"},"canonical":"https:\/\/www.eldiario.net\/portal\/2021\/08\/20\/super-ministro-gerente-atrasa-internet-en-bolivia\/","og_locale":"es_ES","og_type":"article","og_title":"S\u00faper ministro-gerente atrasa internet en Bolivia - El Diario - Bolivia","og_description":"Los sujetos que creen ser poderosos, imponiendo sus caprichos llevan al desastre a gobiernos y a naciones, causando sufrimientos a la humanidad. Los sucesos mundiales podemos verlos por internet. En este 2021, de Bolivia hemos visto videos, tristes, ni\u00f1os, ni\u00f1as y adolescentes de San Sebasti\u00e1n, municipio de Betanzos, Potos\u00ed, subiendo al cerro empinado, trayecto largo [&hellip;]","og_url":"https:\/\/www.eldiario.net\/portal\/2021\/08\/20\/super-ministro-gerente-atrasa-internet-en-bolivia\/","og_site_name":"El Diario - Bolivia","article_publisher":"https:\/\/www.facebook.com\/eldiario.bolivia\/","article_published_time":"2021-08-20T06:58:28+00:00","author":"Jeanette","twitter_card":"summary_large_image","twitter_creator":"@eldiario_net","twitter_site":"@eldiario_net","twitter_misc":{"Escrito por":"Jeanette","Tiempo de lectura":"4 minutos"},"schema":{"@context":"https:\/\/schema.org","@graph":[{"@type":"Article","@id":"https:\/\/www.eldiario.net\/portal\/2021\/08\/20\/super-ministro-gerente-atrasa-internet-en-bolivia\/#article","isPartOf":{"@id":"https:\/\/www.eldiario.net\/portal\/2021\/08\/20\/super-ministro-gerente-atrasa-internet-en-bolivia\/"},"author":{"name":"Jeanette","@id":"https:\/\/www.eldiario.net\/portal\/#\/schema\/person\/f46445640444750d7d753ccd04ae01b7"},"headline":"S\u00faper ministro-gerente atrasa internet en Bolivia","datePublished":"2021-08-20T06:58:28+00:00","mainEntityOfPage":{"@id":"https:\/\/www.eldiario.net\/portal\/2021\/08\/20\/super-ministro-gerente-atrasa-internet-en-bolivia\/"},"wordCount":750,"publisher":{"@id":"https:\/\/www.eldiario.net\/portal\/#organization"},"articleSection":["Opini\u00f3n"],"inLanguage":"es"},{"@type":"WebPage","@id":"https:\/\/www.eldiario.net\/portal\/2021\/08\/20\/super-ministro-gerente-atrasa-internet-en-bolivia\/","url":"https:\/\/www.eldiario.net\/portal\/2021\/08\/20\/super-ministro-gerente-atrasa-internet-en-bolivia\/","name":"S\u00faper ministro-gerente atrasa internet en Bolivia - El Diario - Bolivia","isPartOf":{"@id":"https:\/\/www.eldiario.net\/portal\/#website"},"datePublished":"2021-08-20T06:58:28+00:00","breadcrumb":{"@id":"https:\/\/www.eldiario.net\/portal\/2021\/08\/20\/super-ministro-gerente-atrasa-internet-en-bolivia\/#breadcrumb"},"inLanguage":"es","potentialAction":[{"@type":"ReadAction","target":["https:\/\/www.eldiario.net\/portal\/2021\/08\/20\/super-ministro-gerente-atrasa-internet-en-bolivia\/"]}]},{"@type":"BreadcrumbList","@id":"https:\/\/www.eldiario.net\/portal\/2021\/08\/20\/super-ministro-gerente-atrasa-internet-en-bolivia\/#breadcrumb","itemListElement":[{"@type":"ListItem","position":1,"name":"Portada","item":"https:\/\/www.eldiario.net\/portal\/"},{"@type":"ListItem","position":2,"name":"S\u00faper ministro-gerente atrasa internet en Bolivia"}]},{"@type":"WebSite","@id":"https:\/\/www.eldiario.net\/portal\/#website","url":"https:\/\/www.eldiario.net\/portal\/","name":"El Diario - Decano de la prensa nacional","description":"El Diario - Decano de la prensa nacional","publisher":{"@id":"https:\/\/www.eldiario.net\/portal\/#organization"},"potentialAction":[{"@type":"SearchAction","target":{"@type":"EntryPoint","urlTemplate":"https:\/\/www.eldiario.net\/portal\/?s={search_term_string}"},"query-input":{"@type":"PropertyValueSpecification","valueRequired":true,"valueName":"search_term_string"}}],"inLanguage":"es"},{"@type":"Organization","@id":"https:\/\/www.eldiario.net\/portal\/#organization","name":"El Diario - Decano de la prensa nacional","url":"https:\/\/www.eldiario.net\/portal\/","logo":{"@type":"ImageObject","inLanguage":"es","@id":"https:\/\/www.eldiario.net\/portal\/#\/schema\/logo\/image\/","url":"https:\/\/www.eldiario.net\/portal\/wp-content\/uploads\/2023\/07\/logo_ED.jpg","contentUrl":"https:\/\/www.eldiario.net\/portal\/wp-content\/uploads\/2023\/07\/logo_ED.jpg","width":272,"height":52,"caption":"El Diario - Decano de la prensa nacional"},"image":{"@id":"https:\/\/www.eldiario.net\/portal\/#\/schema\/logo\/image\/"},"sameAs":["https:\/\/www.facebook.com\/eldiario.bolivia\/","https:\/\/x.com\/eldiario_net"]},{"@type":"Person","@id":"https:\/\/www.eldiario.net\/portal\/#\/schema\/person\/f46445640444750d7d753ccd04ae01b7","name":"Jeanette","image":{"@type":"ImageObject","inLanguage":"es","@id":"https:\/\/secure.gravatar.com\/avatar\/3ea2118a5f7dad2b7138b1187a6b7ee55f160b9968b66013c3a3ef39dd7e5798?s=96&d=mm&r=g","url":"https:\/\/secure.gravatar.com\/avatar\/3ea2118a5f7dad2b7138b1187a6b7ee55f160b9968b66013c3a3ef39dd7e5798?s=96&d=mm&r=g","contentUrl":"https:\/\/secure.gravatar.com\/avatar\/3ea2118a5f7dad2b7138b1187a6b7ee55f160b9968b66013c3a3ef39dd7e5798?s=96&d=mm&r=g","caption":"Jeanette"},"sameAs":["https:\/\/www.eldiario.net\/portal"],"url":"https:\/\/www.eldiario.net\/portal\/author\/jeanette\/"}]}},"_links":{"self":[{"href":"https:\/\/www.eldiario.net\/portal\/wp-json\/wp\/v2\/posts\/24529","targetHints":{"allow":["GET"]}}],"collection":[{"href":"https:\/\/www.eldiario.net\/portal\/wp-json\/wp\/v2\/posts"}],"about":[{"href":"https:\/\/www.eldiario.net\/portal\/wp-json\/wp\/v2\/types\/post"}],"author":[{"embeddable":true,"href":"https:\/\/www.eldiario.net\/portal\/wp-json\/wp\/v2\/users\/1"}],"replies":[{"embeddable":true,"href":"https:\/\/www.eldiario.net\/portal\/wp-json\/wp\/v2\/comments?post=24529"}],"version-history":[{"count":0,"href":"https:\/\/www.eldiario.net\/portal\/wp-json\/wp\/v2\/posts\/24529\/revisions"}],"wp:attachment":[{"href":"https:\/\/www.eldiario.net\/portal\/wp-json\/wp\/v2\/media?parent=24529"}],"wp:term":[{"taxonomy":"category","embeddable":true,"href":"https:\/\/www.eldiario.net\/portal\/wp-json\/wp\/v2\/categories?post=24529"},{"taxonomy":"post_tag","embeddable":true,"href":"https:\/\/www.eldiario.net\/portal\/wp-json\/wp\/v2\/tags?post=24529"}],"curies":[{"name":"wp","href":"https:\/\/api.w.org\/{rel}","templated":true}]}}