{"id":24527,"date":"2021-08-20T02:58:03","date_gmt":"2021-08-20T06:58:03","guid":{"rendered":"https:\/\/www.eldiario.net\/portal\/?p=24527"},"modified":"2021-08-20T02:58:03","modified_gmt":"2021-08-20T06:58:03","slug":"eslogan-presidencial-vamos-a-salir-adelante","status":"publish","type":"post","link":"https:\/\/www.eldiario.net\/portal\/2021\/08\/20\/eslogan-presidencial-vamos-a-salir-adelante\/","title":{"rendered":"Eslogan presidencial: \u201cVamos a salir adelante\u201d"},"content":{"rendered":"<p>Durante la Revoluci\u00f3n Francesa (1789) surgieron muchos slogans para movilizar a grandes masas humanas: \u201cEl pueblo hace la revoluci\u00f3n\u201d; \u201cAqu\u00ed empieza el pa\u00eds de la libertad\u201d; \u201cLibertad, igualdad y fraternidad\u201d. O como el acu\u00f1ado por Marx y Engels: \u201c\u00a1Proletarios de todo el mundo, un\u00edos!\u201d. Estas frases tuvieron la virtud de impactar en la conciencia de los revolucionarios, que hasta hoy se escucha gritar en concentraciones sindicales y campa\u00f1as electorales.<br \/>\nEn el escenario de la pol\u00edtica boliviana, hubo tambi\u00e9n esl\u00f3ganes c\u00e9lebres que retumbaron en la mente y o\u00eddo de los militantes de una determinada l\u00ednea partidaria. Recuerdo, por ejemplo, aquel eslogan emitido por Mariano Melgarejo en una fiesta social: \u201cConfianza ni en la camisa\u201d. Asimismo, se me viene a la mente el de Gualberto Villarroel: \u201cNo soy enemigo de los ricos, pero soy m\u00e1s amigo de los pobres\u201d. O el pronunciado por V\u00edctor Paz Estenssoro: \u201cBolivia, se nos muere\u201d. Y el acu\u00f1ado en el gobierno de Evo Morales: \u201cRevoluci\u00f3n, democr\u00e1tica y cultural\u201d.<br \/>\nActualmente, el presidente Luis Arce Catacora, despu\u00e9s de asumir la silla presidencial, acu\u00f1\u00f3 un eslogan que no suena ni truena en el \u00e1mbito de la lucha pol\u00edtica: \u201cVamos a salir adelante\u201d. Son palabras que carecen de fuerza movilizadora para llamar la atenci\u00f3n de militantes y simpatizantes del MAS. Su contenido refleja debilidad en la emisi\u00f3n del mensaje; escuchan, pero no comprenden lo que quiere transmitir el Presidente. Son cuatro palabras que est\u00e1n flotando en el vac\u00edo. Percat\u00e1ndose de este problema, ahora el Presidente est\u00e1 ensayando otro eslogan: \u201cEstamos saliendo adelante\u201d, que tampoco tiene poder de convencimiento y fuerza coercitiva para los receptores del mensaje.<br \/>\nEn Ciencia Pol\u00edtica, la materia \u201cm\u00e1rquetin pol\u00edtico\u201d ense\u00f1a a construir esl\u00f3ganes con palabras claves, que expresen un significado metaf\u00f3rico, f\u00e1ciles de memorizar y fundamentalmente impactar en la subjetividad del p\u00fablico. Es decir, que tenga poder de convocatoria, motivaci\u00f3n e impulse a la gente a la acci\u00f3n (\u201cgrito de guerra\u201d). Porque etimol\u00f3gicamente, eslogan viene del t\u00e9rmino \u201csluagh-ghairm\u201d en g\u00e1elico. \u201cSluagh\u201d refiere al ej\u00e9rcito, mientras \u201cghairm\u201d significa \u201cgrito\u201d. Unidas estas palabras expresan: \u201cgrito de guerra\u201d (Ver dockcontent.com).<br \/>\nEntonces, conceptualmente hablando: \u201cEslogan es una frase corta que busca representar una marca (del gobierno), para promover la r\u00e1pida identificaci\u00f3n y memorizaci\u00f3n del producto (mensaje) de parte de los consumidores (militantes y simpatizantes) de una tienda pol\u00edtica\u201d. Ra\u00fal Equiz\u00e1bal (2007), docente de la Universidad Complutense, en su libro: Estudio del eslogan (p.16), afirma: \u201cUn eslogan no vale por lo que dice, sino por lo que hace\u201d. Quiz\u00e1s en el eslogan presidencial faltan palabras complementarias para impactar en la subjetividad del p\u00fablico e impulsarlos a gritar: \u201cVamos a salir adelante ante la crisis\u2026\u201d.<br \/>\nEl autor tambi\u00e9n establece caracter\u00edsticas centrales de un eslogan; que debe ser impactante, traducible, metaf\u00f3rico, an\u00f3nimo, impuesto y problem\u00e1tico para el p\u00fablico. En consecuencia, estoy seguro que pronto construir\u00e1n otras frases presidenciales de car\u00e1cter pol\u00edtico, para reforzar y superar los d\u00e9biles esl\u00f3ganes emitidos por el Presidente en sus presentaciones p\u00fablicas, discursos y escritos parafraseados en las redes sociales: \u201cVamos a salir adelante\u201d; \u201cEstamos saliendo adelante\u201d; y luego acu\u00f1ar\u00e1, pienso: \u201cHemos salido adelante\u201d.<br \/>\nFinalmente, se me ocurre sugerir, adaptando el eslogan antiguo de una marca de radio: \u201cPhillips. Mejores no hay\u201d, lo siguiente: \u201cLucho, el mejor\u2026\u201d. Mensaje que no s\u00f3lo dar\u00e1 lugar a la discusi\u00f3n problem\u00e1tica entre opositores y oficialistas, sino tambi\u00e9n motivar\u00e1 autorreflexi\u00f3n de autoridades de Estado, para superar la alta tensi\u00f3n y conflictividad pol\u00edtica que vivimos, como ocurri\u00f3 con el informe presidencial de 6 de agosto de 2021.<\/p>\n","protected":false},"excerpt":{"rendered":"<p>Durante la Revoluci\u00f3n Francesa (1789) surgieron muchos slogans para movilizar a grandes masas humanas: \u201cEl pueblo hace la revoluci\u00f3n\u201d; \u201cAqu\u00ed empieza el pa\u00eds de la libertad\u201d; \u201cLibertad, igualdad y fraternidad\u201d. O como el acu\u00f1ado por Marx y Engels: \u201c\u00a1Proletarios de todo el mundo, un\u00edos!\u201d. Estas frases tuvieron la virtud de impactar en la conciencia de [&hellip;]<\/p>\n","protected":false},"author":1,"featured_media":0,"comment_status":"closed","ping_status":"closed","sticky":false,"template":"","format":"standard","meta":{"_acf_changed":false,"footnotes":""},"categories":[9],"tags":[],"class_list":["post-24527","post","type-post","status-publish","format-standard","category-opinion"],"acf":{"antetitulo":""},"yoast_head":"<!-- This site is optimized with the Yoast SEO plugin v28.4 - https:\/\/yoast.com\/product\/yoast-seo-wordpress\/ -->\n<title>Eslogan presidencial: \u201cVamos a salir adelante\u201d - El Diario - Bolivia<\/title>\n<meta name=\"robots\" content=\"index, follow, max-snippet:-1, max-image-preview:large, max-video-preview:-1\" \/>\n<link rel=\"canonical\" href=\"https:\/\/www.eldiario.net\/portal\/2021\/08\/20\/eslogan-presidencial-vamos-a-salir-adelante\/\" \/>\n<meta property=\"og:locale\" content=\"es_ES\" \/>\n<meta property=\"og:type\" content=\"article\" \/>\n<meta property=\"og:title\" content=\"Eslogan presidencial: \u201cVamos a salir adelante\u201d - El Diario - Bolivia\" \/>\n<meta property=\"og:description\" content=\"Durante la Revoluci\u00f3n Francesa (1789) surgieron muchos slogans para movilizar a grandes masas humanas: \u201cEl pueblo hace la revoluci\u00f3n\u201d; \u201cAqu\u00ed empieza el pa\u00eds de la libertad\u201d; \u201cLibertad, igualdad y fraternidad\u201d. O como el acu\u00f1ado por Marx y Engels: \u201c\u00a1Proletarios de todo el mundo, un\u00edos!\u201d. Estas frases tuvieron la virtud de impactar en la conciencia de [&hellip;]\" \/>\n<meta property=\"og:url\" content=\"https:\/\/www.eldiario.net\/portal\/2021\/08\/20\/eslogan-presidencial-vamos-a-salir-adelante\/\" \/>\n<meta property=\"og:site_name\" content=\"El Diario - Bolivia\" \/>\n<meta property=\"article:publisher\" content=\"https:\/\/www.facebook.com\/eldiario.bolivia\/\" \/>\n<meta property=\"article:published_time\" content=\"2021-08-20T06:58:03+00:00\" \/>\n<meta name=\"author\" content=\"Jeanette\" \/>\n<meta name=\"twitter:card\" content=\"summary_large_image\" \/>\n<meta name=\"twitter:creator\" content=\"@eldiario_net\" \/>\n<meta name=\"twitter:site\" content=\"@eldiario_net\" \/>\n<meta name=\"twitter:label1\" content=\"Escrito por\" \/>\n\t<meta name=\"twitter:data1\" content=\"Jeanette\" \/>\n\t<meta name=\"twitter:label2\" content=\"Tiempo de lectura\" \/>\n\t<meta name=\"twitter:data2\" content=\"3 minutos\" \/>\n<script type=\"application\/ld+json\" class=\"yoast-schema-graph\">{\"@context\":\"https:\\\/\\\/schema.org\",\"@graph\":[{\"@type\":\"Article\",\"@id\":\"https:\\\/\\\/www.eldiario.net\\\/portal\\\/2021\\\/08\\\/20\\\/eslogan-presidencial-vamos-a-salir-adelante\\\/#article\",\"isPartOf\":{\"@id\":\"https:\\\/\\\/www.eldiario.net\\\/portal\\\/2021\\\/08\\\/20\\\/eslogan-presidencial-vamos-a-salir-adelante\\\/\"},\"author\":{\"name\":\"Jeanette\",\"@id\":\"https:\\\/\\\/www.eldiario.net\\\/portal\\\/#\\\/schema\\\/person\\\/f46445640444750d7d753ccd04ae01b7\"},\"headline\":\"Eslogan presidencial: \u201cVamos a salir adelante\u201d\",\"datePublished\":\"2021-08-20T06:58:03+00:00\",\"mainEntityOfPage\":{\"@id\":\"https:\\\/\\\/www.eldiario.net\\\/portal\\\/2021\\\/08\\\/20\\\/eslogan-presidencial-vamos-a-salir-adelante\\\/\"},\"wordCount\":640,\"publisher\":{\"@id\":\"https:\\\/\\\/www.eldiario.net\\\/portal\\\/#organization\"},\"articleSection\":[\"Opini\u00f3n\"],\"inLanguage\":\"es\"},{\"@type\":\"WebPage\",\"@id\":\"https:\\\/\\\/www.eldiario.net\\\/portal\\\/2021\\\/08\\\/20\\\/eslogan-presidencial-vamos-a-salir-adelante\\\/\",\"url\":\"https:\\\/\\\/www.eldiario.net\\\/portal\\\/2021\\\/08\\\/20\\\/eslogan-presidencial-vamos-a-salir-adelante\\\/\",\"name\":\"Eslogan presidencial: \u201cVamos a salir adelante\u201d - El Diario - Bolivia\",\"isPartOf\":{\"@id\":\"https:\\\/\\\/www.eldiario.net\\\/portal\\\/#website\"},\"datePublished\":\"2021-08-20T06:58:03+00:00\",\"breadcrumb\":{\"@id\":\"https:\\\/\\\/www.eldiario.net\\\/portal\\\/2021\\\/08\\\/20\\\/eslogan-presidencial-vamos-a-salir-adelante\\\/#breadcrumb\"},\"inLanguage\":\"es\",\"potentialAction\":[{\"@type\":\"ReadAction\",\"target\":[\"https:\\\/\\\/www.eldiario.net\\\/portal\\\/2021\\\/08\\\/20\\\/eslogan-presidencial-vamos-a-salir-adelante\\\/\"]}]},{\"@type\":\"BreadcrumbList\",\"@id\":\"https:\\\/\\\/www.eldiario.net\\\/portal\\\/2021\\\/08\\\/20\\\/eslogan-presidencial-vamos-a-salir-adelante\\\/#breadcrumb\",\"itemListElement\":[{\"@type\":\"ListItem\",\"position\":1,\"name\":\"Portada\",\"item\":\"https:\\\/\\\/www.eldiario.net\\\/portal\\\/\"},{\"@type\":\"ListItem\",\"position\":2,\"name\":\"Eslogan presidencial: \u201cVamos a salir adelante\u201d\"}]},{\"@type\":\"WebSite\",\"@id\":\"https:\\\/\\\/www.eldiario.net\\\/portal\\\/#website\",\"url\":\"https:\\\/\\\/www.eldiario.net\\\/portal\\\/\",\"name\":\"El Diario - Decano de la prensa nacional\",\"description\":\"El Diario - Decano de la prensa nacional\",\"publisher\":{\"@id\":\"https:\\\/\\\/www.eldiario.net\\\/portal\\\/#organization\"},\"potentialAction\":[{\"@type\":\"SearchAction\",\"target\":{\"@type\":\"EntryPoint\",\"urlTemplate\":\"https:\\\/\\\/www.eldiario.net\\\/portal\\\/?s={search_term_string}\"},\"query-input\":{\"@type\":\"PropertyValueSpecification\",\"valueRequired\":true,\"valueName\":\"search_term_string\"}}],\"inLanguage\":\"es\"},{\"@type\":\"Organization\",\"@id\":\"https:\\\/\\\/www.eldiario.net\\\/portal\\\/#organization\",\"name\":\"El Diario - Decano de la prensa nacional\",\"url\":\"https:\\\/\\\/www.eldiario.net\\\/portal\\\/\",\"logo\":{\"@type\":\"ImageObject\",\"inLanguage\":\"es\",\"@id\":\"https:\\\/\\\/www.eldiario.net\\\/portal\\\/#\\\/schema\\\/logo\\\/image\\\/\",\"url\":\"https:\\\/\\\/www.eldiario.net\\\/portal\\\/wp-content\\\/uploads\\\/2023\\\/07\\\/logo_ED.jpg\",\"contentUrl\":\"https:\\\/\\\/www.eldiario.net\\\/portal\\\/wp-content\\\/uploads\\\/2023\\\/07\\\/logo_ED.jpg\",\"width\":272,\"height\":52,\"caption\":\"El Diario - Decano de la prensa nacional\"},\"image\":{\"@id\":\"https:\\\/\\\/www.eldiario.net\\\/portal\\\/#\\\/schema\\\/logo\\\/image\\\/\"},\"sameAs\":[\"https:\\\/\\\/www.facebook.com\\\/eldiario.bolivia\\\/\",\"https:\\\/\\\/x.com\\\/eldiario_net\"]},{\"@type\":\"Person\",\"@id\":\"https:\\\/\\\/www.eldiario.net\\\/portal\\\/#\\\/schema\\\/person\\\/f46445640444750d7d753ccd04ae01b7\",\"name\":\"Jeanette\",\"image\":{\"@type\":\"ImageObject\",\"inLanguage\":\"es\",\"@id\":\"https:\\\/\\\/secure.gravatar.com\\\/avatar\\\/3ea2118a5f7dad2b7138b1187a6b7ee55f160b9968b66013c3a3ef39dd7e5798?s=96&d=mm&r=g\",\"url\":\"https:\\\/\\\/secure.gravatar.com\\\/avatar\\\/3ea2118a5f7dad2b7138b1187a6b7ee55f160b9968b66013c3a3ef39dd7e5798?s=96&d=mm&r=g\",\"contentUrl\":\"https:\\\/\\\/secure.gravatar.com\\\/avatar\\\/3ea2118a5f7dad2b7138b1187a6b7ee55f160b9968b66013c3a3ef39dd7e5798?s=96&d=mm&r=g\",\"caption\":\"Jeanette\"},\"sameAs\":[\"https:\\\/\\\/www.eldiario.net\\\/portal\"],\"url\":\"https:\\\/\\\/www.eldiario.net\\\/portal\\\/author\\\/jeanette\\\/\"}]}<\/script>\n<!-- \/ Yoast SEO plugin. -->","yoast_head_json":{"title":"Eslogan presidencial: \u201cVamos a salir adelante\u201d - El Diario - Bolivia","robots":{"index":"index","follow":"follow","max-snippet":"max-snippet:-1","max-image-preview":"max-image-preview:large","max-video-preview":"max-video-preview:-1"},"canonical":"https:\/\/www.eldiario.net\/portal\/2021\/08\/20\/eslogan-presidencial-vamos-a-salir-adelante\/","og_locale":"es_ES","og_type":"article","og_title":"Eslogan presidencial: \u201cVamos a salir adelante\u201d - El Diario - Bolivia","og_description":"Durante la Revoluci\u00f3n Francesa (1789) surgieron muchos slogans para movilizar a grandes masas humanas: \u201cEl pueblo hace la revoluci\u00f3n\u201d; \u201cAqu\u00ed empieza el pa\u00eds de la libertad\u201d; \u201cLibertad, igualdad y fraternidad\u201d. O como el acu\u00f1ado por Marx y Engels: \u201c\u00a1Proletarios de todo el mundo, un\u00edos!\u201d. Estas frases tuvieron la virtud de impactar en la conciencia de [&hellip;]","og_url":"https:\/\/www.eldiario.net\/portal\/2021\/08\/20\/eslogan-presidencial-vamos-a-salir-adelante\/","og_site_name":"El Diario - Bolivia","article_publisher":"https:\/\/www.facebook.com\/eldiario.bolivia\/","article_published_time":"2021-08-20T06:58:03+00:00","author":"Jeanette","twitter_card":"summary_large_image","twitter_creator":"@eldiario_net","twitter_site":"@eldiario_net","twitter_misc":{"Escrito por":"Jeanette","Tiempo de lectura":"3 minutos"},"schema":{"@context":"https:\/\/schema.org","@graph":[{"@type":"Article","@id":"https:\/\/www.eldiario.net\/portal\/2021\/08\/20\/eslogan-presidencial-vamos-a-salir-adelante\/#article","isPartOf":{"@id":"https:\/\/www.eldiario.net\/portal\/2021\/08\/20\/eslogan-presidencial-vamos-a-salir-adelante\/"},"author":{"name":"Jeanette","@id":"https:\/\/www.eldiario.net\/portal\/#\/schema\/person\/f46445640444750d7d753ccd04ae01b7"},"headline":"Eslogan presidencial: \u201cVamos a salir adelante\u201d","datePublished":"2021-08-20T06:58:03+00:00","mainEntityOfPage":{"@id":"https:\/\/www.eldiario.net\/portal\/2021\/08\/20\/eslogan-presidencial-vamos-a-salir-adelante\/"},"wordCount":640,"publisher":{"@id":"https:\/\/www.eldiario.net\/portal\/#organization"},"articleSection":["Opini\u00f3n"],"inLanguage":"es"},{"@type":"WebPage","@id":"https:\/\/www.eldiario.net\/portal\/2021\/08\/20\/eslogan-presidencial-vamos-a-salir-adelante\/","url":"https:\/\/www.eldiario.net\/portal\/2021\/08\/20\/eslogan-presidencial-vamos-a-salir-adelante\/","name":"Eslogan presidencial: \u201cVamos a salir adelante\u201d - El Diario - Bolivia","isPartOf":{"@id":"https:\/\/www.eldiario.net\/portal\/#website"},"datePublished":"2021-08-20T06:58:03+00:00","breadcrumb":{"@id":"https:\/\/www.eldiario.net\/portal\/2021\/08\/20\/eslogan-presidencial-vamos-a-salir-adelante\/#breadcrumb"},"inLanguage":"es","potentialAction":[{"@type":"ReadAction","target":["https:\/\/www.eldiario.net\/portal\/2021\/08\/20\/eslogan-presidencial-vamos-a-salir-adelante\/"]}]},{"@type":"BreadcrumbList","@id":"https:\/\/www.eldiario.net\/portal\/2021\/08\/20\/eslogan-presidencial-vamos-a-salir-adelante\/#breadcrumb","itemListElement":[{"@type":"ListItem","position":1,"name":"Portada","item":"https:\/\/www.eldiario.net\/portal\/"},{"@type":"ListItem","position":2,"name":"Eslogan presidencial: \u201cVamos a salir adelante\u201d"}]},{"@type":"WebSite","@id":"https:\/\/www.eldiario.net\/portal\/#website","url":"https:\/\/www.eldiario.net\/portal\/","name":"El Diario - Decano de la prensa nacional","description":"El Diario - Decano de la prensa nacional","publisher":{"@id":"https:\/\/www.eldiario.net\/portal\/#organization"},"potentialAction":[{"@type":"SearchAction","target":{"@type":"EntryPoint","urlTemplate":"https:\/\/www.eldiario.net\/portal\/?s={search_term_string}"},"query-input":{"@type":"PropertyValueSpecification","valueRequired":true,"valueName":"search_term_string"}}],"inLanguage":"es"},{"@type":"Organization","@id":"https:\/\/www.eldiario.net\/portal\/#organization","name":"El Diario - Decano de la prensa nacional","url":"https:\/\/www.eldiario.net\/portal\/","logo":{"@type":"ImageObject","inLanguage":"es","@id":"https:\/\/www.eldiario.net\/portal\/#\/schema\/logo\/image\/","url":"https:\/\/www.eldiario.net\/portal\/wp-content\/uploads\/2023\/07\/logo_ED.jpg","contentUrl":"https:\/\/www.eldiario.net\/portal\/wp-content\/uploads\/2023\/07\/logo_ED.jpg","width":272,"height":52,"caption":"El Diario - Decano de la prensa nacional"},"image":{"@id":"https:\/\/www.eldiario.net\/portal\/#\/schema\/logo\/image\/"},"sameAs":["https:\/\/www.facebook.com\/eldiario.bolivia\/","https:\/\/x.com\/eldiario_net"]},{"@type":"Person","@id":"https:\/\/www.eldiario.net\/portal\/#\/schema\/person\/f46445640444750d7d753ccd04ae01b7","name":"Jeanette","image":{"@type":"ImageObject","inLanguage":"es","@id":"https:\/\/secure.gravatar.com\/avatar\/3ea2118a5f7dad2b7138b1187a6b7ee55f160b9968b66013c3a3ef39dd7e5798?s=96&d=mm&r=g","url":"https:\/\/secure.gravatar.com\/avatar\/3ea2118a5f7dad2b7138b1187a6b7ee55f160b9968b66013c3a3ef39dd7e5798?s=96&d=mm&r=g","contentUrl":"https:\/\/secure.gravatar.com\/avatar\/3ea2118a5f7dad2b7138b1187a6b7ee55f160b9968b66013c3a3ef39dd7e5798?s=96&d=mm&r=g","caption":"Jeanette"},"sameAs":["https:\/\/www.eldiario.net\/portal"],"url":"https:\/\/www.eldiario.net\/portal\/author\/jeanette\/"}]}},"_links":{"self":[{"href":"https:\/\/www.eldiario.net\/portal\/wp-json\/wp\/v2\/posts\/24527","targetHints":{"allow":["GET"]}}],"collection":[{"href":"https:\/\/www.eldiario.net\/portal\/wp-json\/wp\/v2\/posts"}],"about":[{"href":"https:\/\/www.eldiario.net\/portal\/wp-json\/wp\/v2\/types\/post"}],"author":[{"embeddable":true,"href":"https:\/\/www.eldiario.net\/portal\/wp-json\/wp\/v2\/users\/1"}],"replies":[{"embeddable":true,"href":"https:\/\/www.eldiario.net\/portal\/wp-json\/wp\/v2\/comments?post=24527"}],"version-history":[{"count":0,"href":"https:\/\/www.eldiario.net\/portal\/wp-json\/wp\/v2\/posts\/24527\/revisions"}],"wp:attachment":[{"href":"https:\/\/www.eldiario.net\/portal\/wp-json\/wp\/v2\/media?parent=24527"}],"wp:term":[{"taxonomy":"category","embeddable":true,"href":"https:\/\/www.eldiario.net\/portal\/wp-json\/wp\/v2\/categories?post=24527"},{"taxonomy":"post_tag","embeddable":true,"href":"https:\/\/www.eldiario.net\/portal\/wp-json\/wp\/v2\/tags?post=24527"}],"curies":[{"name":"wp","href":"https:\/\/api.w.org\/{rel}","templated":true}]}}