{"id":24525,"date":"2021-08-20T02:57:16","date_gmt":"2021-08-20T06:57:16","guid":{"rendered":"https:\/\/www.eldiario.net\/portal\/?p=24525"},"modified":"2021-08-20T02:57:16","modified_gmt":"2021-08-20T06:57:16","slug":"banzer-medio-siglo-despues-2","status":"publish","type":"post","link":"https:\/\/www.eldiario.net\/portal\/2021\/08\/20\/banzer-medio-siglo-despues-2\/","title":{"rendered":"Banzer, medio siglo despu\u00e9s"},"content":{"rendered":"<p>El 19 de agosto, hace medio siglo, se inici\u00f3 en Santa Cruz el movimiento c\u00edvico-militar que derrocar\u00eda la dictadura del general Juan Jos\u00e9 Torres y que, dos d\u00edas despu\u00e9s de duros combates en La Paz, llevar\u00eda al poder al entonces coronel Hugo Banzer Su\u00e1rez. Fueron d\u00edas bravos, cuando se decid\u00eda el futuro entre una izquierda guerrillera apasionada por el castrismo y una burgues\u00eda conservadora temerosa de m\u00e1s experimentos socializantes.<br \/>\nHasta el d\u00eda de hoy, el general Banzer sigue apareciendo como la imagen \u00fanica del dictador, difundida por una izquierda cerril y por un populismo ignorante como el del MAS, que bien se hubiera merecido tener a Banzer al frente. \u00bfQu\u00e9 sucedi\u00f3 hace 50 a\u00f1os? \u00bfPor qu\u00e9 se produjo el golpe civil-militar? \u00bfLo quiso Banzer? \u00bfLo quiso el Ej\u00e9rcito? \u00bfLo quiso la derecha identificada con FSB y el MNR? \u00bfFue la CIA? \u00bfLos empresarios privados? Casi todos los protagonistas ya han fallecido y cada quien ten\u00eda su versi\u00f3n personal. Yo tengo la m\u00eda sin haber participado de los hechos directamente, pero habiendo estado, a\u00f1os despu\u00e9s, bastante ligado al General. Creo que lo quiso Banzer, el Ej\u00e9rcito, FSB, el MNR, la empresa privada y la mayor\u00eda de la poblaci\u00f3n. No s\u00e9 si la CIA. En todo caso, no se trat\u00f3 de un cuartelazo m\u00e1s, al viejo estilo.<br \/>\nLo dec\u00eda hace algunos a\u00f1os, desde estas mismas p\u00e1ginas, que se produjo un violento enfrentamiento entre la derecha y la izquierda. No era como hoy, porque hab\u00eda una derecha pura y dura, sin centrismos tibios, y una izquierda de verdad, pensante y combativa, no un facil\u00f3n y oportunista populismo como el actual, que se dice izquierdista. En 1971 o se quedaba en el poder la izquierda con la Asamblea Popular marxista-leninista, mao\u00edsta y trotskista, con \u201ctribunales populares\u201d para hacer justicia, o lo que sucedi\u00f3, y es que a la izquierda la fren\u00f3 el Ej\u00e9rcito, hasta que retorn\u00f3 a la pol\u00edtica, pasados los a\u00f1os, m\u00e1s democr\u00e1tica que guerrillera.<br \/>\nLo importante es que, medio siglo despu\u00e9s, debe quedar claro que en la revoluci\u00f3n de 1971 no se derroc\u00f3 a ning\u00fan gobierno constitucional como se quiere hacer creer; que se expuls\u00f3 a un presidente de facto, Torres, que a su vez se hab\u00eda quedado con el poder del verdadero conculcador oscuro de la democracia que fue el general Ovando, atracador de la legalidad que ostentaba Luis Adolfo Siles Salinas. Esto, junto con la \u00e9lite zurda de aquel entonces, que, ciertamente, eran personalidades de relieve, ansiosos de poder y de cambio, sin medir las consecuencias.<br \/>\n\u00bfPor qu\u00e9 solo se menciona a Banzer como el dictador entonces? Tan dictadores como \u00e9l, fueron Ovando y Torres. Lo que sucede es que la izquierda le puso el calificativo a cada uno y de ah\u00ed que Ovando era presidente por un \u201cmandato\u201d de la FFAA, Torres era el \u201cGeneral del pueblo\u201d y Banzer el dictador atrabiliario. Sin embargo, ni Ovando ni Torres tuvieron jam\u00e1s el apoyo popular de Banzer y de ah\u00ed que sus gobiernos fueron tan ef\u00edmeros. Pero, adem\u00e1s, si hubo violencia durante el gobierno de Banzer, con Ovando existieron horrendos asesinatos selectivos que todos conocemos y una juventud equivocada que fue liquidada sin piedad en Teoponte.<br \/>\nFinalmente, Banzer, alejado del poder, aproximado al centro pol\u00edtico, conform\u00f3 un gran partido democr\u00e1tico que fue ADN, y particip\u00f3 en las elecciones de 1979, 1980, 1985, 1989, 1993 y 1997, ganando en dos de ellas. Y como ejemplo para los pol\u00edticos cruce\u00f1os, venciendo en ciudades como La Paz, Cochabamba y el resto del occidente. \u00c9l ya hab\u00eda conformado el Frente Popular Nacionalista durante su administraci\u00f3n de facto, pero, a\u00f1os despu\u00e9s, consolid\u00f3 el Pacto por la Democracia con Paz Estenssoro para apoyar la Nueva Pol\u00edtica Econ\u00f3mica para que Bolivia se salvara de la hiperinflaci\u00f3n y que Paz no corriera la suerte de Siles. Concert\u00f3 el Acuerdo Patri\u00f3tico con Paz Zamora, con lo que derechas e izquierdas se encontraron armoniosamente, luego de a\u00f1os de enemistad. Y, por \u00faltimo, tras su triunfo de 1997, se uni\u00f3 con el MIR, NFR, Condepa, UCS, PDC y otros, para controlar alrededor del 70% de los esca\u00f1os parlamentarios.<br \/>\nPero volviendo a los a\u00f1os f\u00e1cticos, es cierto que el tiempo de gobierno fue extenso, que tal vez pudo haber m\u00e1s desarrollo en el pa\u00eds, que hubo m\u00e1s autocracia de la necesaria, que existi\u00f3 corrupci\u00f3n. Eran otras \u00e9pocas de gobiernos militares en toda Latinoam\u00e9rica, no comparables con las actuales. \u201cTiempos de plomo\u201d, dicen quienes se refieren a Pinochet y Videla. Sin embargo, si Banzer permaneci\u00f3 demasiado en el poder, hay que ver que Evo Morales, sin m\u00e1s m\u00e9ritos que su liderazgo cocalero, estuvo el doble de tiempo en el mando y a punto de anotarse, tramposamente, cinco a\u00f1os m\u00e1s.<\/p>\n","protected":false},"excerpt":{"rendered":"<p>El 19 de agosto, hace medio siglo, se inici\u00f3 en Santa Cruz el movimiento c\u00edvico-militar que derrocar\u00eda la dictadura del general Juan Jos\u00e9 Torres y que, dos d\u00edas despu\u00e9s de duros combates en La Paz, llevar\u00eda al poder al entonces coronel Hugo Banzer Su\u00e1rez. Fueron d\u00edas bravos, cuando se decid\u00eda el futuro entre una izquierda [&hellip;]<\/p>\n","protected":false},"author":1,"featured_media":3793,"comment_status":"closed","ping_status":"closed","sticky":false,"template":"","format":"standard","meta":{"_acf_changed":false,"footnotes":""},"categories":[9],"tags":[],"class_list":["post-24525","post","type-post","status-publish","format-standard","has-post-thumbnail","category-opinion"],"acf":{"antetitulo":""},"yoast_head":"<!-- This site is optimized with the Yoast SEO plugin v28.4 - https:\/\/yoast.com\/product\/yoast-seo-wordpress\/ -->\n<title>Banzer, medio siglo despu\u00e9s - El Diario - Bolivia<\/title>\n<meta name=\"robots\" content=\"index, follow, max-snippet:-1, max-image-preview:large, max-video-preview:-1\" \/>\n<link rel=\"canonical\" href=\"https:\/\/www.eldiario.net\/portal\/2021\/08\/20\/banzer-medio-siglo-despues-2\/\" \/>\n<meta property=\"og:locale\" content=\"es_ES\" \/>\n<meta property=\"og:type\" content=\"article\" \/>\n<meta property=\"og:title\" content=\"Banzer, medio siglo despu\u00e9s - El Diario - Bolivia\" \/>\n<meta property=\"og:description\" content=\"El 19 de agosto, hace medio siglo, se inici\u00f3 en Santa Cruz el movimiento c\u00edvico-militar que derrocar\u00eda la dictadura del general Juan Jos\u00e9 Torres y que, dos d\u00edas despu\u00e9s de duros combates en La Paz, llevar\u00eda al poder al entonces coronel Hugo Banzer Su\u00e1rez. Fueron d\u00edas bravos, cuando se decid\u00eda el futuro entre una izquierda [&hellip;]\" \/>\n<meta property=\"og:url\" content=\"https:\/\/www.eldiario.net\/portal\/2021\/08\/20\/banzer-medio-siglo-despues-2\/\" \/>\n<meta property=\"og:site_name\" content=\"El Diario - Bolivia\" \/>\n<meta property=\"article:publisher\" content=\"https:\/\/www.facebook.com\/eldiario.bolivia\/\" \/>\n<meta property=\"article:published_time\" content=\"2021-08-20T06:57:16+00:00\" \/>\n<meta property=\"og:image\" content=\"https:\/\/www.eldiario.net\/portal\/wp-content\/uploads\/2021\/05\/Manfredo-Kempff-Suarez-1.jpg\" \/>\n\t<meta property=\"og:image:width\" content=\"1200\" \/>\n\t<meta property=\"og:image:height\" content=\"628\" \/>\n\t<meta property=\"og:image:type\" content=\"image\/jpeg\" \/>\n<meta name=\"author\" content=\"Jeanette\" \/>\n<meta name=\"twitter:card\" content=\"summary_large_image\" \/>\n<meta name=\"twitter:creator\" content=\"@eldiario_net\" \/>\n<meta name=\"twitter:site\" content=\"@eldiario_net\" \/>\n<meta name=\"twitter:label1\" content=\"Escrito por\" \/>\n\t<meta name=\"twitter:data1\" content=\"Jeanette\" \/>\n\t<meta name=\"twitter:label2\" content=\"Tiempo de lectura\" \/>\n\t<meta name=\"twitter:data2\" content=\"4 minutos\" \/>\n<script type=\"application\/ld+json\" class=\"yoast-schema-graph\">{\"@context\":\"https:\\\/\\\/schema.org\",\"@graph\":[{\"@type\":\"Article\",\"@id\":\"https:\\\/\\\/www.eldiario.net\\\/portal\\\/2021\\\/08\\\/20\\\/banzer-medio-siglo-despues-2\\\/#article\",\"isPartOf\":{\"@id\":\"https:\\\/\\\/www.eldiario.net\\\/portal\\\/2021\\\/08\\\/20\\\/banzer-medio-siglo-despues-2\\\/\"},\"author\":{\"name\":\"Jeanette\",\"@id\":\"https:\\\/\\\/www.eldiario.net\\\/portal\\\/#\\\/schema\\\/person\\\/f46445640444750d7d753ccd04ae01b7\"},\"headline\":\"Banzer, medio siglo despu\u00e9s\",\"datePublished\":\"2021-08-20T06:57:16+00:00\",\"mainEntityOfPage\":{\"@id\":\"https:\\\/\\\/www.eldiario.net\\\/portal\\\/2021\\\/08\\\/20\\\/banzer-medio-siglo-despues-2\\\/\"},\"wordCount\":833,\"publisher\":{\"@id\":\"https:\\\/\\\/www.eldiario.net\\\/portal\\\/#organization\"},\"image\":{\"@id\":\"https:\\\/\\\/www.eldiario.net\\\/portal\\\/2021\\\/08\\\/20\\\/banzer-medio-siglo-despues-2\\\/#primaryimage\"},\"thumbnailUrl\":\"https:\\\/\\\/www.eldiario.net\\\/portal\\\/wp-content\\\/uploads\\\/2021\\\/05\\\/Manfredo-Kempff-Suarez-1.jpg\",\"articleSection\":[\"Opini\u00f3n\"],\"inLanguage\":\"es\"},{\"@type\":\"WebPage\",\"@id\":\"https:\\\/\\\/www.eldiario.net\\\/portal\\\/2021\\\/08\\\/20\\\/banzer-medio-siglo-despues-2\\\/\",\"url\":\"https:\\\/\\\/www.eldiario.net\\\/portal\\\/2021\\\/08\\\/20\\\/banzer-medio-siglo-despues-2\\\/\",\"name\":\"Banzer, medio siglo despu\u00e9s - El Diario - Bolivia\",\"isPartOf\":{\"@id\":\"https:\\\/\\\/www.eldiario.net\\\/portal\\\/#website\"},\"primaryImageOfPage\":{\"@id\":\"https:\\\/\\\/www.eldiario.net\\\/portal\\\/2021\\\/08\\\/20\\\/banzer-medio-siglo-despues-2\\\/#primaryimage\"},\"image\":{\"@id\":\"https:\\\/\\\/www.eldiario.net\\\/portal\\\/2021\\\/08\\\/20\\\/banzer-medio-siglo-despues-2\\\/#primaryimage\"},\"thumbnailUrl\":\"https:\\\/\\\/www.eldiario.net\\\/portal\\\/wp-content\\\/uploads\\\/2021\\\/05\\\/Manfredo-Kempff-Suarez-1.jpg\",\"datePublished\":\"2021-08-20T06:57:16+00:00\",\"breadcrumb\":{\"@id\":\"https:\\\/\\\/www.eldiario.net\\\/portal\\\/2021\\\/08\\\/20\\\/banzer-medio-siglo-despues-2\\\/#breadcrumb\"},\"inLanguage\":\"es\",\"potentialAction\":[{\"@type\":\"ReadAction\",\"target\":[\"https:\\\/\\\/www.eldiario.net\\\/portal\\\/2021\\\/08\\\/20\\\/banzer-medio-siglo-despues-2\\\/\"]}]},{\"@type\":\"ImageObject\",\"inLanguage\":\"es\",\"@id\":\"https:\\\/\\\/www.eldiario.net\\\/portal\\\/2021\\\/08\\\/20\\\/banzer-medio-siglo-despues-2\\\/#primaryimage\",\"url\":\"https:\\\/\\\/www.eldiario.net\\\/portal\\\/wp-content\\\/uploads\\\/2021\\\/05\\\/Manfredo-Kempff-Suarez-1.jpg\",\"contentUrl\":\"https:\\\/\\\/www.eldiario.net\\\/portal\\\/wp-content\\\/uploads\\\/2021\\\/05\\\/Manfredo-Kempff-Suarez-1.jpg\",\"width\":1200,\"height\":628},{\"@type\":\"BreadcrumbList\",\"@id\":\"https:\\\/\\\/www.eldiario.net\\\/portal\\\/2021\\\/08\\\/20\\\/banzer-medio-siglo-despues-2\\\/#breadcrumb\",\"itemListElement\":[{\"@type\":\"ListItem\",\"position\":1,\"name\":\"Portada\",\"item\":\"https:\\\/\\\/www.eldiario.net\\\/portal\\\/\"},{\"@type\":\"ListItem\",\"position\":2,\"name\":\"Banzer, medio siglo despu\u00e9s\"}]},{\"@type\":\"WebSite\",\"@id\":\"https:\\\/\\\/www.eldiario.net\\\/portal\\\/#website\",\"url\":\"https:\\\/\\\/www.eldiario.net\\\/portal\\\/\",\"name\":\"El Diario - Decano de la prensa nacional\",\"description\":\"El Diario - Decano de la prensa nacional\",\"publisher\":{\"@id\":\"https:\\\/\\\/www.eldiario.net\\\/portal\\\/#organization\"},\"potentialAction\":[{\"@type\":\"SearchAction\",\"target\":{\"@type\":\"EntryPoint\",\"urlTemplate\":\"https:\\\/\\\/www.eldiario.net\\\/portal\\\/?s={search_term_string}\"},\"query-input\":{\"@type\":\"PropertyValueSpecification\",\"valueRequired\":true,\"valueName\":\"search_term_string\"}}],\"inLanguage\":\"es\"},{\"@type\":\"Organization\",\"@id\":\"https:\\\/\\\/www.eldiario.net\\\/portal\\\/#organization\",\"name\":\"El Diario - Decano de la prensa nacional\",\"url\":\"https:\\\/\\\/www.eldiario.net\\\/portal\\\/\",\"logo\":{\"@type\":\"ImageObject\",\"inLanguage\":\"es\",\"@id\":\"https:\\\/\\\/www.eldiario.net\\\/portal\\\/#\\\/schema\\\/logo\\\/image\\\/\",\"url\":\"https:\\\/\\\/www.eldiario.net\\\/portal\\\/wp-content\\\/uploads\\\/2023\\\/07\\\/logo_ED.jpg\",\"contentUrl\":\"https:\\\/\\\/www.eldiario.net\\\/portal\\\/wp-content\\\/uploads\\\/2023\\\/07\\\/logo_ED.jpg\",\"width\":272,\"height\":52,\"caption\":\"El Diario - Decano de la prensa nacional\"},\"image\":{\"@id\":\"https:\\\/\\\/www.eldiario.net\\\/portal\\\/#\\\/schema\\\/logo\\\/image\\\/\"},\"sameAs\":[\"https:\\\/\\\/www.facebook.com\\\/eldiario.bolivia\\\/\",\"https:\\\/\\\/x.com\\\/eldiario_net\"]},{\"@type\":\"Person\",\"@id\":\"https:\\\/\\\/www.eldiario.net\\\/portal\\\/#\\\/schema\\\/person\\\/f46445640444750d7d753ccd04ae01b7\",\"name\":\"Jeanette\",\"image\":{\"@type\":\"ImageObject\",\"inLanguage\":\"es\",\"@id\":\"https:\\\/\\\/secure.gravatar.com\\\/avatar\\\/3ea2118a5f7dad2b7138b1187a6b7ee55f160b9968b66013c3a3ef39dd7e5798?s=96&d=mm&r=g\",\"url\":\"https:\\\/\\\/secure.gravatar.com\\\/avatar\\\/3ea2118a5f7dad2b7138b1187a6b7ee55f160b9968b66013c3a3ef39dd7e5798?s=96&d=mm&r=g\",\"contentUrl\":\"https:\\\/\\\/secure.gravatar.com\\\/avatar\\\/3ea2118a5f7dad2b7138b1187a6b7ee55f160b9968b66013c3a3ef39dd7e5798?s=96&d=mm&r=g\",\"caption\":\"Jeanette\"},\"sameAs\":[\"https:\\\/\\\/www.eldiario.net\\\/portal\"],\"url\":\"https:\\\/\\\/www.eldiario.net\\\/portal\\\/author\\\/jeanette\\\/\"}]}<\/script>\n<!-- \/ Yoast SEO plugin. -->","yoast_head_json":{"title":"Banzer, medio siglo despu\u00e9s - El Diario - Bolivia","robots":{"index":"index","follow":"follow","max-snippet":"max-snippet:-1","max-image-preview":"max-image-preview:large","max-video-preview":"max-video-preview:-1"},"canonical":"https:\/\/www.eldiario.net\/portal\/2021\/08\/20\/banzer-medio-siglo-despues-2\/","og_locale":"es_ES","og_type":"article","og_title":"Banzer, medio siglo despu\u00e9s - El Diario - Bolivia","og_description":"El 19 de agosto, hace medio siglo, se inici\u00f3 en Santa Cruz el movimiento c\u00edvico-militar que derrocar\u00eda la dictadura del general Juan Jos\u00e9 Torres y que, dos d\u00edas despu\u00e9s de duros combates en La Paz, llevar\u00eda al poder al entonces coronel Hugo Banzer Su\u00e1rez. Fueron d\u00edas bravos, cuando se decid\u00eda el futuro entre una izquierda [&hellip;]","og_url":"https:\/\/www.eldiario.net\/portal\/2021\/08\/20\/banzer-medio-siglo-despues-2\/","og_site_name":"El Diario - Bolivia","article_publisher":"https:\/\/www.facebook.com\/eldiario.bolivia\/","article_published_time":"2021-08-20T06:57:16+00:00","og_image":[{"width":1200,"height":628,"url":"https:\/\/www.eldiario.net\/portal\/wp-content\/uploads\/2021\/05\/Manfredo-Kempff-Suarez-1.jpg","type":"image\/jpeg"}],"author":"Jeanette","twitter_card":"summary_large_image","twitter_creator":"@eldiario_net","twitter_site":"@eldiario_net","twitter_misc":{"Escrito por":"Jeanette","Tiempo de lectura":"4 minutos"},"schema":{"@context":"https:\/\/schema.org","@graph":[{"@type":"Article","@id":"https:\/\/www.eldiario.net\/portal\/2021\/08\/20\/banzer-medio-siglo-despues-2\/#article","isPartOf":{"@id":"https:\/\/www.eldiario.net\/portal\/2021\/08\/20\/banzer-medio-siglo-despues-2\/"},"author":{"name":"Jeanette","@id":"https:\/\/www.eldiario.net\/portal\/#\/schema\/person\/f46445640444750d7d753ccd04ae01b7"},"headline":"Banzer, medio siglo despu\u00e9s","datePublished":"2021-08-20T06:57:16+00:00","mainEntityOfPage":{"@id":"https:\/\/www.eldiario.net\/portal\/2021\/08\/20\/banzer-medio-siglo-despues-2\/"},"wordCount":833,"publisher":{"@id":"https:\/\/www.eldiario.net\/portal\/#organization"},"image":{"@id":"https:\/\/www.eldiario.net\/portal\/2021\/08\/20\/banzer-medio-siglo-despues-2\/#primaryimage"},"thumbnailUrl":"https:\/\/www.eldiario.net\/portal\/wp-content\/uploads\/2021\/05\/Manfredo-Kempff-Suarez-1.jpg","articleSection":["Opini\u00f3n"],"inLanguage":"es"},{"@type":"WebPage","@id":"https:\/\/www.eldiario.net\/portal\/2021\/08\/20\/banzer-medio-siglo-despues-2\/","url":"https:\/\/www.eldiario.net\/portal\/2021\/08\/20\/banzer-medio-siglo-despues-2\/","name":"Banzer, medio siglo despu\u00e9s - El Diario - Bolivia","isPartOf":{"@id":"https:\/\/www.eldiario.net\/portal\/#website"},"primaryImageOfPage":{"@id":"https:\/\/www.eldiario.net\/portal\/2021\/08\/20\/banzer-medio-siglo-despues-2\/#primaryimage"},"image":{"@id":"https:\/\/www.eldiario.net\/portal\/2021\/08\/20\/banzer-medio-siglo-despues-2\/#primaryimage"},"thumbnailUrl":"https:\/\/www.eldiario.net\/portal\/wp-content\/uploads\/2021\/05\/Manfredo-Kempff-Suarez-1.jpg","datePublished":"2021-08-20T06:57:16+00:00","breadcrumb":{"@id":"https:\/\/www.eldiario.net\/portal\/2021\/08\/20\/banzer-medio-siglo-despues-2\/#breadcrumb"},"inLanguage":"es","potentialAction":[{"@type":"ReadAction","target":["https:\/\/www.eldiario.net\/portal\/2021\/08\/20\/banzer-medio-siglo-despues-2\/"]}]},{"@type":"ImageObject","inLanguage":"es","@id":"https:\/\/www.eldiario.net\/portal\/2021\/08\/20\/banzer-medio-siglo-despues-2\/#primaryimage","url":"https:\/\/www.eldiario.net\/portal\/wp-content\/uploads\/2021\/05\/Manfredo-Kempff-Suarez-1.jpg","contentUrl":"https:\/\/www.eldiario.net\/portal\/wp-content\/uploads\/2021\/05\/Manfredo-Kempff-Suarez-1.jpg","width":1200,"height":628},{"@type":"BreadcrumbList","@id":"https:\/\/www.eldiario.net\/portal\/2021\/08\/20\/banzer-medio-siglo-despues-2\/#breadcrumb","itemListElement":[{"@type":"ListItem","position":1,"name":"Portada","item":"https:\/\/www.eldiario.net\/portal\/"},{"@type":"ListItem","position":2,"name":"Banzer, medio siglo despu\u00e9s"}]},{"@type":"WebSite","@id":"https:\/\/www.eldiario.net\/portal\/#website","url":"https:\/\/www.eldiario.net\/portal\/","name":"El Diario - Decano de la prensa nacional","description":"El Diario - Decano de la prensa nacional","publisher":{"@id":"https:\/\/www.eldiario.net\/portal\/#organization"},"potentialAction":[{"@type":"SearchAction","target":{"@type":"EntryPoint","urlTemplate":"https:\/\/www.eldiario.net\/portal\/?s={search_term_string}"},"query-input":{"@type":"PropertyValueSpecification","valueRequired":true,"valueName":"search_term_string"}}],"inLanguage":"es"},{"@type":"Organization","@id":"https:\/\/www.eldiario.net\/portal\/#organization","name":"El Diario - Decano de la prensa nacional","url":"https:\/\/www.eldiario.net\/portal\/","logo":{"@type":"ImageObject","inLanguage":"es","@id":"https:\/\/www.eldiario.net\/portal\/#\/schema\/logo\/image\/","url":"https:\/\/www.eldiario.net\/portal\/wp-content\/uploads\/2023\/07\/logo_ED.jpg","contentUrl":"https:\/\/www.eldiario.net\/portal\/wp-content\/uploads\/2023\/07\/logo_ED.jpg","width":272,"height":52,"caption":"El Diario - Decano de la prensa nacional"},"image":{"@id":"https:\/\/www.eldiario.net\/portal\/#\/schema\/logo\/image\/"},"sameAs":["https:\/\/www.facebook.com\/eldiario.bolivia\/","https:\/\/x.com\/eldiario_net"]},{"@type":"Person","@id":"https:\/\/www.eldiario.net\/portal\/#\/schema\/person\/f46445640444750d7d753ccd04ae01b7","name":"Jeanette","image":{"@type":"ImageObject","inLanguage":"es","@id":"https:\/\/secure.gravatar.com\/avatar\/3ea2118a5f7dad2b7138b1187a6b7ee55f160b9968b66013c3a3ef39dd7e5798?s=96&d=mm&r=g","url":"https:\/\/secure.gravatar.com\/avatar\/3ea2118a5f7dad2b7138b1187a6b7ee55f160b9968b66013c3a3ef39dd7e5798?s=96&d=mm&r=g","contentUrl":"https:\/\/secure.gravatar.com\/avatar\/3ea2118a5f7dad2b7138b1187a6b7ee55f160b9968b66013c3a3ef39dd7e5798?s=96&d=mm&r=g","caption":"Jeanette"},"sameAs":["https:\/\/www.eldiario.net\/portal"],"url":"https:\/\/www.eldiario.net\/portal\/author\/jeanette\/"}]}},"_links":{"self":[{"href":"https:\/\/www.eldiario.net\/portal\/wp-json\/wp\/v2\/posts\/24525","targetHints":{"allow":["GET"]}}],"collection":[{"href":"https:\/\/www.eldiario.net\/portal\/wp-json\/wp\/v2\/posts"}],"about":[{"href":"https:\/\/www.eldiario.net\/portal\/wp-json\/wp\/v2\/types\/post"}],"author":[{"embeddable":true,"href":"https:\/\/www.eldiario.net\/portal\/wp-json\/wp\/v2\/users\/1"}],"replies":[{"embeddable":true,"href":"https:\/\/www.eldiario.net\/portal\/wp-json\/wp\/v2\/comments?post=24525"}],"version-history":[{"count":0,"href":"https:\/\/www.eldiario.net\/portal\/wp-json\/wp\/v2\/posts\/24525\/revisions"}],"wp:featuredmedia":[{"embeddable":true,"href":"https:\/\/www.eldiario.net\/portal\/wp-json\/wp\/v2\/media\/3793"}],"wp:attachment":[{"href":"https:\/\/www.eldiario.net\/portal\/wp-json\/wp\/v2\/media?parent=24525"}],"wp:term":[{"taxonomy":"category","embeddable":true,"href":"https:\/\/www.eldiario.net\/portal\/wp-json\/wp\/v2\/categories?post=24525"},{"taxonomy":"post_tag","embeddable":true,"href":"https:\/\/www.eldiario.net\/portal\/wp-json\/wp\/v2\/tags?post=24525"}],"curies":[{"name":"wp","href":"https:\/\/api.w.org\/{rel}","templated":true}]}}