{"id":24523,"date":"2021-08-20T02:56:39","date_gmt":"2021-08-20T06:56:39","guid":{"rendered":"https:\/\/www.eldiario.net\/portal\/?p=24523"},"modified":"2021-08-20T02:56:39","modified_gmt":"2021-08-20T06:56:39","slug":"el-pais-entra-en-razon","status":"publish","type":"post","link":"https:\/\/www.eldiario.net\/portal\/2021\/08\/20\/el-pais-entra-en-razon\/","title":{"rendered":"El pa\u00eds entra en raz\u00f3n"},"content":{"rendered":"<p>Que los principales componentes del gobierno boliviano digan que \u201cla decisi\u00f3n de repostular a Evo Morales en 2019 fue un error\u201d (1), es la prueba de honestidad y la Corte Interamericana de Derechos Humanos tiene mecanismos para hacer respetar el Estado de derecho o la correcta aplicaci\u00f3n de la ley.<\/p>\n<p>DAR MARCHA ATR\u00c1S<br \/>\nNo queda otra que dar marcha atr\u00e1s con todo aquello que suced\u00eda, principalmente con ganar elecciones en urnas, elegir \u201cmagistrados\u201d para someter a la justicia al gobierno de turno o, finalmente, considerar que la decisi\u00f3n de los sabios \u201ces un ataque del golpista Almagro y sus c\u00f3mplices de la derecha para desestabilizar pol\u00edticamente la democracia\u201d.<br \/>\n\u00a1Nada de semejantes peregrullos!<br \/>\nUna otra cosa es que se haya frenado en seco la deriva del gobierno boliviano hacia pol\u00edticas que cuestionan los valores fundamentales de la Rep\u00fablica. Si se cambia peri\u00f3dicamente a los gobernantes (cada cinco a\u00f1os) es porque vivimos en una verdadera Rep\u00fablica. Aqu\u00ed los poderes pol\u00edticos (el Ejecutivo, el Parlamento) son esencialmente renovables, no hay lugar para continuar en el poder por siglos. Menos dar por \u201ccaso cerrado\u201d y escapar del hecho il\u00edcito.<br \/>\nConsiguientemente, se impone el trabajo de la separaci\u00f3n de poderes que el soberano impone al Judicial, al Legislativo, al Ejecutivo. Evitemos todo lo que socava al Estado de derecho y discrimina a grupos de poblaci\u00f3n, con motivo de su orientaci\u00f3n ideol\u00f3gica. Es hora de que el Movimiento al Socialismo (partido en funci\u00f3n de gobierno) acabe con su hostigamiento y reconozca la primac\u00eda del derecho comunitario.<br \/>\nEVITAR EL CHOQUE FRONTAL<br \/>\nA los buenos seguidores de Luis Arce Catacora que entran en raz\u00f3n &#8211;al menos en este conflicto por la continuidad en el ejercicio del Poder&#8211; resulta agradable de todo coraz\u00f3n reconocerlos, para que eviten un choque frontal con las instituciones de los 34 pa\u00edses que conforman los Estados de Am\u00e9rica. Ellos tienen mecanismos para hacer respetar el Estado de derecho, donde la presi\u00f3n pol\u00edtica y de cooperaci\u00f3n logra meter en \u00f3rbita a los gobiernos autoritarios. As\u00ed resulta de la experiencia que corre Evo Morales Ayma, cuando pretende visitar reiteradamente a la fraterna Rep\u00fablica del Per\u00fa.<br \/>\nLas advertencias que nos llegan, no solamente para no meternos en negocios ajenos o para respetar la correcta aplicaci\u00f3n de la ley, van acompa\u00f1adas de posibles expulsiones, sanciones financieras, bloqueos de fondos, etc.<br \/>\nEntonces, no queda otra cosa que eliminar las acciones de un gobierno exorbitante y sin control, que expone a los jueces a una vigilancia del poder Ejecutivo, que amenaza con socavar la independencia y neutralidad de los tribunales bolivianos, y los deja a mereced de las presiones y la arbitrariedad pol\u00edtica del gobierno de turno.<br \/>\nLa Corte Interamericana de Derechos Humanos confirm\u00f3, en fecha viernes 13 de agosto de 2021, la reacci\u00f3n del Soberano, que estalla en 20 de octubre de 2019 y confiere un mandato para hacer nuevas elecciones. Lejos de esta realidad comienza o recomienza la aventura para un gobierno establecido.<\/p>\n<p>1.- Los Tiempos: Del Castillo: La reelecci\u00f3n de Morales fue un error del MAS que no debi\u00f3 haber sucedido. Cochabamba, 13 de agosto de 2021. P\u00e1g.1.<\/p>\n","protected":false},"excerpt":{"rendered":"<p>Que los principales componentes del gobierno boliviano digan que \u201cla decisi\u00f3n de repostular a Evo Morales en 2019 fue un error\u201d (1), es la prueba de honestidad y la Corte Interamericana de Derechos Humanos tiene mecanismos para hacer respetar el Estado de derecho o la correcta aplicaci\u00f3n de la ley. DAR MARCHA ATR\u00c1S No queda [&hellip;]<\/p>\n","protected":false},"author":1,"featured_media":0,"comment_status":"closed","ping_status":"closed","sticky":false,"template":"","format":"standard","meta":{"_acf_changed":false,"footnotes":""},"categories":[9],"tags":[],"class_list":["post-24523","post","type-post","status-publish","format-standard","category-opinion"],"acf":{"antetitulo":""},"yoast_head":"<!-- This site is optimized with the Yoast SEO plugin v28.4 - https:\/\/yoast.com\/product\/yoast-seo-wordpress\/ -->\n<title>El pa\u00eds entra en raz\u00f3n - El Diario - Bolivia<\/title>\n<meta name=\"robots\" content=\"index, follow, max-snippet:-1, max-image-preview:large, max-video-preview:-1\" \/>\n<link rel=\"canonical\" href=\"https:\/\/www.eldiario.net\/portal\/2021\/08\/20\/el-pais-entra-en-razon\/\" \/>\n<meta property=\"og:locale\" content=\"es_ES\" \/>\n<meta property=\"og:type\" content=\"article\" \/>\n<meta property=\"og:title\" content=\"El pa\u00eds entra en raz\u00f3n - El Diario - Bolivia\" \/>\n<meta property=\"og:description\" content=\"Que los principales componentes del gobierno boliviano digan que \u201cla decisi\u00f3n de repostular a Evo Morales en 2019 fue un error\u201d (1), es la prueba de honestidad y la Corte Interamericana de Derechos Humanos tiene mecanismos para hacer respetar el Estado de derecho o la correcta aplicaci\u00f3n de la ley. DAR MARCHA ATR\u00c1S No queda [&hellip;]\" \/>\n<meta property=\"og:url\" content=\"https:\/\/www.eldiario.net\/portal\/2021\/08\/20\/el-pais-entra-en-razon\/\" \/>\n<meta property=\"og:site_name\" content=\"El Diario - Bolivia\" \/>\n<meta property=\"article:publisher\" content=\"https:\/\/www.facebook.com\/eldiario.bolivia\/\" \/>\n<meta property=\"article:published_time\" content=\"2021-08-20T06:56:39+00:00\" \/>\n<meta name=\"author\" content=\"Jeanette\" \/>\n<meta name=\"twitter:card\" content=\"summary_large_image\" \/>\n<meta name=\"twitter:creator\" content=\"@eldiario_net\" \/>\n<meta name=\"twitter:site\" content=\"@eldiario_net\" \/>\n<meta name=\"twitter:label1\" content=\"Escrito por\" \/>\n\t<meta name=\"twitter:data1\" content=\"Jeanette\" \/>\n\t<meta name=\"twitter:label2\" content=\"Tiempo de lectura\" \/>\n\t<meta name=\"twitter:data2\" content=\"3 minutos\" \/>\n<script type=\"application\/ld+json\" class=\"yoast-schema-graph\">{\"@context\":\"https:\\\/\\\/schema.org\",\"@graph\":[{\"@type\":\"Article\",\"@id\":\"https:\\\/\\\/www.eldiario.net\\\/portal\\\/2021\\\/08\\\/20\\\/el-pais-entra-en-razon\\\/#article\",\"isPartOf\":{\"@id\":\"https:\\\/\\\/www.eldiario.net\\\/portal\\\/2021\\\/08\\\/20\\\/el-pais-entra-en-razon\\\/\"},\"author\":{\"name\":\"Jeanette\",\"@id\":\"https:\\\/\\\/www.eldiario.net\\\/portal\\\/#\\\/schema\\\/person\\\/f46445640444750d7d753ccd04ae01b7\"},\"headline\":\"El pa\u00eds entra en raz\u00f3n\",\"datePublished\":\"2021-08-20T06:56:39+00:00\",\"mainEntityOfPage\":{\"@id\":\"https:\\\/\\\/www.eldiario.net\\\/portal\\\/2021\\\/08\\\/20\\\/el-pais-entra-en-razon\\\/\"},\"wordCount\":544,\"publisher\":{\"@id\":\"https:\\\/\\\/www.eldiario.net\\\/portal\\\/#organization\"},\"articleSection\":[\"Opini\u00f3n\"],\"inLanguage\":\"es\"},{\"@type\":\"WebPage\",\"@id\":\"https:\\\/\\\/www.eldiario.net\\\/portal\\\/2021\\\/08\\\/20\\\/el-pais-entra-en-razon\\\/\",\"url\":\"https:\\\/\\\/www.eldiario.net\\\/portal\\\/2021\\\/08\\\/20\\\/el-pais-entra-en-razon\\\/\",\"name\":\"El pa\u00eds entra en raz\u00f3n - El Diario - Bolivia\",\"isPartOf\":{\"@id\":\"https:\\\/\\\/www.eldiario.net\\\/portal\\\/#website\"},\"datePublished\":\"2021-08-20T06:56:39+00:00\",\"breadcrumb\":{\"@id\":\"https:\\\/\\\/www.eldiario.net\\\/portal\\\/2021\\\/08\\\/20\\\/el-pais-entra-en-razon\\\/#breadcrumb\"},\"inLanguage\":\"es\",\"potentialAction\":[{\"@type\":\"ReadAction\",\"target\":[\"https:\\\/\\\/www.eldiario.net\\\/portal\\\/2021\\\/08\\\/20\\\/el-pais-entra-en-razon\\\/\"]}]},{\"@type\":\"BreadcrumbList\",\"@id\":\"https:\\\/\\\/www.eldiario.net\\\/portal\\\/2021\\\/08\\\/20\\\/el-pais-entra-en-razon\\\/#breadcrumb\",\"itemListElement\":[{\"@type\":\"ListItem\",\"position\":1,\"name\":\"Portada\",\"item\":\"https:\\\/\\\/www.eldiario.net\\\/portal\\\/\"},{\"@type\":\"ListItem\",\"position\":2,\"name\":\"El pa\u00eds entra en raz\u00f3n\"}]},{\"@type\":\"WebSite\",\"@id\":\"https:\\\/\\\/www.eldiario.net\\\/portal\\\/#website\",\"url\":\"https:\\\/\\\/www.eldiario.net\\\/portal\\\/\",\"name\":\"El Diario - Decano de la prensa nacional\",\"description\":\"El Diario - Decano de la prensa nacional\",\"publisher\":{\"@id\":\"https:\\\/\\\/www.eldiario.net\\\/portal\\\/#organization\"},\"potentialAction\":[{\"@type\":\"SearchAction\",\"target\":{\"@type\":\"EntryPoint\",\"urlTemplate\":\"https:\\\/\\\/www.eldiario.net\\\/portal\\\/?s={search_term_string}\"},\"query-input\":{\"@type\":\"PropertyValueSpecification\",\"valueRequired\":true,\"valueName\":\"search_term_string\"}}],\"inLanguage\":\"es\"},{\"@type\":\"Organization\",\"@id\":\"https:\\\/\\\/www.eldiario.net\\\/portal\\\/#organization\",\"name\":\"El Diario - Decano de la prensa nacional\",\"url\":\"https:\\\/\\\/www.eldiario.net\\\/portal\\\/\",\"logo\":{\"@type\":\"ImageObject\",\"inLanguage\":\"es\",\"@id\":\"https:\\\/\\\/www.eldiario.net\\\/portal\\\/#\\\/schema\\\/logo\\\/image\\\/\",\"url\":\"https:\\\/\\\/www.eldiario.net\\\/portal\\\/wp-content\\\/uploads\\\/2023\\\/07\\\/logo_ED.jpg\",\"contentUrl\":\"https:\\\/\\\/www.eldiario.net\\\/portal\\\/wp-content\\\/uploads\\\/2023\\\/07\\\/logo_ED.jpg\",\"width\":272,\"height\":52,\"caption\":\"El Diario - Decano de la prensa nacional\"},\"image\":{\"@id\":\"https:\\\/\\\/www.eldiario.net\\\/portal\\\/#\\\/schema\\\/logo\\\/image\\\/\"},\"sameAs\":[\"https:\\\/\\\/www.facebook.com\\\/eldiario.bolivia\\\/\",\"https:\\\/\\\/x.com\\\/eldiario_net\"]},{\"@type\":\"Person\",\"@id\":\"https:\\\/\\\/www.eldiario.net\\\/portal\\\/#\\\/schema\\\/person\\\/f46445640444750d7d753ccd04ae01b7\",\"name\":\"Jeanette\",\"image\":{\"@type\":\"ImageObject\",\"inLanguage\":\"es\",\"@id\":\"https:\\\/\\\/secure.gravatar.com\\\/avatar\\\/3ea2118a5f7dad2b7138b1187a6b7ee55f160b9968b66013c3a3ef39dd7e5798?s=96&d=mm&r=g\",\"url\":\"https:\\\/\\\/secure.gravatar.com\\\/avatar\\\/3ea2118a5f7dad2b7138b1187a6b7ee55f160b9968b66013c3a3ef39dd7e5798?s=96&d=mm&r=g\",\"contentUrl\":\"https:\\\/\\\/secure.gravatar.com\\\/avatar\\\/3ea2118a5f7dad2b7138b1187a6b7ee55f160b9968b66013c3a3ef39dd7e5798?s=96&d=mm&r=g\",\"caption\":\"Jeanette\"},\"sameAs\":[\"https:\\\/\\\/www.eldiario.net\\\/portal\"],\"url\":\"https:\\\/\\\/www.eldiario.net\\\/portal\\\/author\\\/jeanette\\\/\"}]}<\/script>\n<!-- \/ Yoast SEO plugin. -->","yoast_head_json":{"title":"El pa\u00eds entra en raz\u00f3n - El Diario - Bolivia","robots":{"index":"index","follow":"follow","max-snippet":"max-snippet:-1","max-image-preview":"max-image-preview:large","max-video-preview":"max-video-preview:-1"},"canonical":"https:\/\/www.eldiario.net\/portal\/2021\/08\/20\/el-pais-entra-en-razon\/","og_locale":"es_ES","og_type":"article","og_title":"El pa\u00eds entra en raz\u00f3n - El Diario - Bolivia","og_description":"Que los principales componentes del gobierno boliviano digan que \u201cla decisi\u00f3n de repostular a Evo Morales en 2019 fue un error\u201d (1), es la prueba de honestidad y la Corte Interamericana de Derechos Humanos tiene mecanismos para hacer respetar el Estado de derecho o la correcta aplicaci\u00f3n de la ley. DAR MARCHA ATR\u00c1S No queda [&hellip;]","og_url":"https:\/\/www.eldiario.net\/portal\/2021\/08\/20\/el-pais-entra-en-razon\/","og_site_name":"El Diario - Bolivia","article_publisher":"https:\/\/www.facebook.com\/eldiario.bolivia\/","article_published_time":"2021-08-20T06:56:39+00:00","author":"Jeanette","twitter_card":"summary_large_image","twitter_creator":"@eldiario_net","twitter_site":"@eldiario_net","twitter_misc":{"Escrito por":"Jeanette","Tiempo de lectura":"3 minutos"},"schema":{"@context":"https:\/\/schema.org","@graph":[{"@type":"Article","@id":"https:\/\/www.eldiario.net\/portal\/2021\/08\/20\/el-pais-entra-en-razon\/#article","isPartOf":{"@id":"https:\/\/www.eldiario.net\/portal\/2021\/08\/20\/el-pais-entra-en-razon\/"},"author":{"name":"Jeanette","@id":"https:\/\/www.eldiario.net\/portal\/#\/schema\/person\/f46445640444750d7d753ccd04ae01b7"},"headline":"El pa\u00eds entra en raz\u00f3n","datePublished":"2021-08-20T06:56:39+00:00","mainEntityOfPage":{"@id":"https:\/\/www.eldiario.net\/portal\/2021\/08\/20\/el-pais-entra-en-razon\/"},"wordCount":544,"publisher":{"@id":"https:\/\/www.eldiario.net\/portal\/#organization"},"articleSection":["Opini\u00f3n"],"inLanguage":"es"},{"@type":"WebPage","@id":"https:\/\/www.eldiario.net\/portal\/2021\/08\/20\/el-pais-entra-en-razon\/","url":"https:\/\/www.eldiario.net\/portal\/2021\/08\/20\/el-pais-entra-en-razon\/","name":"El pa\u00eds entra en raz\u00f3n - El Diario - Bolivia","isPartOf":{"@id":"https:\/\/www.eldiario.net\/portal\/#website"},"datePublished":"2021-08-20T06:56:39+00:00","breadcrumb":{"@id":"https:\/\/www.eldiario.net\/portal\/2021\/08\/20\/el-pais-entra-en-razon\/#breadcrumb"},"inLanguage":"es","potentialAction":[{"@type":"ReadAction","target":["https:\/\/www.eldiario.net\/portal\/2021\/08\/20\/el-pais-entra-en-razon\/"]}]},{"@type":"BreadcrumbList","@id":"https:\/\/www.eldiario.net\/portal\/2021\/08\/20\/el-pais-entra-en-razon\/#breadcrumb","itemListElement":[{"@type":"ListItem","position":1,"name":"Portada","item":"https:\/\/www.eldiario.net\/portal\/"},{"@type":"ListItem","position":2,"name":"El pa\u00eds entra en raz\u00f3n"}]},{"@type":"WebSite","@id":"https:\/\/www.eldiario.net\/portal\/#website","url":"https:\/\/www.eldiario.net\/portal\/","name":"El Diario - Decano de la prensa nacional","description":"El Diario - Decano de la prensa nacional","publisher":{"@id":"https:\/\/www.eldiario.net\/portal\/#organization"},"potentialAction":[{"@type":"SearchAction","target":{"@type":"EntryPoint","urlTemplate":"https:\/\/www.eldiario.net\/portal\/?s={search_term_string}"},"query-input":{"@type":"PropertyValueSpecification","valueRequired":true,"valueName":"search_term_string"}}],"inLanguage":"es"},{"@type":"Organization","@id":"https:\/\/www.eldiario.net\/portal\/#organization","name":"El Diario - Decano de la prensa nacional","url":"https:\/\/www.eldiario.net\/portal\/","logo":{"@type":"ImageObject","inLanguage":"es","@id":"https:\/\/www.eldiario.net\/portal\/#\/schema\/logo\/image\/","url":"https:\/\/www.eldiario.net\/portal\/wp-content\/uploads\/2023\/07\/logo_ED.jpg","contentUrl":"https:\/\/www.eldiario.net\/portal\/wp-content\/uploads\/2023\/07\/logo_ED.jpg","width":272,"height":52,"caption":"El Diario - Decano de la prensa nacional"},"image":{"@id":"https:\/\/www.eldiario.net\/portal\/#\/schema\/logo\/image\/"},"sameAs":["https:\/\/www.facebook.com\/eldiario.bolivia\/","https:\/\/x.com\/eldiario_net"]},{"@type":"Person","@id":"https:\/\/www.eldiario.net\/portal\/#\/schema\/person\/f46445640444750d7d753ccd04ae01b7","name":"Jeanette","image":{"@type":"ImageObject","inLanguage":"es","@id":"https:\/\/secure.gravatar.com\/avatar\/3ea2118a5f7dad2b7138b1187a6b7ee55f160b9968b66013c3a3ef39dd7e5798?s=96&d=mm&r=g","url":"https:\/\/secure.gravatar.com\/avatar\/3ea2118a5f7dad2b7138b1187a6b7ee55f160b9968b66013c3a3ef39dd7e5798?s=96&d=mm&r=g","contentUrl":"https:\/\/secure.gravatar.com\/avatar\/3ea2118a5f7dad2b7138b1187a6b7ee55f160b9968b66013c3a3ef39dd7e5798?s=96&d=mm&r=g","caption":"Jeanette"},"sameAs":["https:\/\/www.eldiario.net\/portal"],"url":"https:\/\/www.eldiario.net\/portal\/author\/jeanette\/"}]}},"_links":{"self":[{"href":"https:\/\/www.eldiario.net\/portal\/wp-json\/wp\/v2\/posts\/24523","targetHints":{"allow":["GET"]}}],"collection":[{"href":"https:\/\/www.eldiario.net\/portal\/wp-json\/wp\/v2\/posts"}],"about":[{"href":"https:\/\/www.eldiario.net\/portal\/wp-json\/wp\/v2\/types\/post"}],"author":[{"embeddable":true,"href":"https:\/\/www.eldiario.net\/portal\/wp-json\/wp\/v2\/users\/1"}],"replies":[{"embeddable":true,"href":"https:\/\/www.eldiario.net\/portal\/wp-json\/wp\/v2\/comments?post=24523"}],"version-history":[{"count":0,"href":"https:\/\/www.eldiario.net\/portal\/wp-json\/wp\/v2\/posts\/24523\/revisions"}],"wp:attachment":[{"href":"https:\/\/www.eldiario.net\/portal\/wp-json\/wp\/v2\/media?parent=24523"}],"wp:term":[{"taxonomy":"category","embeddable":true,"href":"https:\/\/www.eldiario.net\/portal\/wp-json\/wp\/v2\/categories?post=24523"},{"taxonomy":"post_tag","embeddable":true,"href":"https:\/\/www.eldiario.net\/portal\/wp-json\/wp\/v2\/tags?post=24523"}],"curies":[{"name":"wp","href":"https:\/\/api.w.org\/{rel}","templated":true}]}}