{"id":24521,"date":"2021-08-20T02:56:12","date_gmt":"2021-08-20T06:56:12","guid":{"rendered":"https:\/\/www.eldiario.net\/portal\/?p=24521"},"modified":"2021-08-20T02:56:12","modified_gmt":"2021-08-20T06:56:12","slug":"formacion-integral-del-nuevo-servidor-policial","status":"publish","type":"post","link":"https:\/\/www.eldiario.net\/portal\/2021\/08\/20\/formacion-integral-del-nuevo-servidor-policial\/","title":{"rendered":"Formaci\u00f3n integral del nuevo servidor policial"},"content":{"rendered":"<p>Con un proceso sist\u00e9mico se busca desarrollar y orientar las dimensiones del ser humano (mental-psicol\u00f3gica, f\u00edsica, y \u00e9tica-espiritual), lo que supone cultivarlas para formar integralmente al futuro oficial de la Polic\u00eda Boliviana.<br \/>\nImplica preparar a damas y caballeros cadetes para servir y defender a la poblaci\u00f3n en cada organismo policial, de modo que puedan estar aptos para cumplir su misi\u00f3n y funciones, as\u00ed como ejercer responsablemente las atribuciones conferidas por la Constituci\u00f3n Pol\u00edtica del Estado y la Ley Org\u00e1nica de la Polic\u00eda Boliviana, como garantes estatales de la convivencia social en territorio nacional.<br \/>\nEntre los pilares mencionados arriba, est\u00e1 el mental, que implica la dotaci\u00f3n de nuevos conocimientos generales y espec\u00edficos en el \u00e1rea de las ciencias policiales y otras afines; las cuales, adem\u00e1s de definir una especialidad en la formaci\u00f3n del futuro policial, tambi\u00e9n implican adecuaci\u00f3n a nuevas tecnolog\u00edas e innovadoras pol\u00edticas que faciliten los procedimientos de prevenci\u00f3n e investigaci\u00f3n, constantemente demandados por la sociedad en la lucha contra el delito. Pero lo puramente mental es incompleto sin lo psicol\u00f3gico, bajo la perspectiva de convertirse en un ser conciliador, emp\u00e1tico, con calidad y calidez de atenci\u00f3n social, protector de los derechos humanos, preparado para lograr mejores resultados en la prevenci\u00f3n e investigaci\u00f3n de delitos, brindando protecci\u00f3n y auxilio en accidentes y otras emergencias, incluso dando asistencia para el nacimiento de nuevas vidas.<br \/>\nCon el pilar f\u00edsico, los polic\u00edas en formaci\u00f3n (damas y caballeros cadetes) deben responder a tareas de acondicionamiento f\u00edsico y defensa personal, con el prop\u00f3sito de aumentar sus capacidades, mantener su cuerpo saludable, mejorar su rendimiento y preservar el bienestar org\u00e1nico y mental, para poder responder a todas las pruebas y exigencias que llegan a presentarse en el cumplimiento del deber, contra acciones delictivas que se aprovechan de la vulnerabilidad de la poblaci\u00f3n. Al delinquir se afecta la integridad de la ciudadan\u00eda.<br \/>\nEstos pilares en la nueva formaci\u00f3n integral est\u00e1n interrelacionados con una de las columnas vertebrales &#8211;las cuales representan la verdadera vocaci\u00f3n del futuro funcionario policial&#8211;, como es lo \u00e9tico, dimensi\u00f3n que le permite asumir de forma reflexiva los principios y valores que subyacen a las normas reguladoras de la convivencia social; que, con lo espiritual, dotan de sentido y prop\u00f3sito a las propias acciones y existencia misma del servidor policial.<br \/>\nFinalmente, la aplicaci\u00f3n de nuevas tecnolog\u00edas, mayor conocimiento, habilidades y destrezas, la adecuada condici\u00f3n f\u00edsica e implementaci\u00f3n de elementos psicol\u00f3gicos en beneficio de la sociedad, no son adecuadamente entendidos si no est\u00e1n relacionados transversalmente con los valores humanos y sociales que deben ser aplicados de forma permanente por el nuevo funcionario policial.<\/p>\n","protected":false},"excerpt":{"rendered":"<p>Con un proceso sist\u00e9mico se busca desarrollar y orientar las dimensiones del ser humano (mental-psicol\u00f3gica, f\u00edsica, y \u00e9tica-espiritual), lo que supone cultivarlas para formar integralmente al futuro oficial de la Polic\u00eda Boliviana. Implica preparar a damas y caballeros cadetes para servir y defender a la poblaci\u00f3n en cada organismo policial, de modo que puedan estar [&hellip;]<\/p>\n","protected":false},"author":1,"featured_media":0,"comment_status":"closed","ping_status":"closed","sticky":false,"template":"","format":"standard","meta":{"_acf_changed":false,"footnotes":""},"categories":[9],"tags":[],"class_list":["post-24521","post","type-post","status-publish","format-standard","category-opinion"],"acf":{"antetitulo":""},"yoast_head":"<!-- This site is optimized with the Yoast SEO plugin v28.4 - https:\/\/yoast.com\/product\/yoast-seo-wordpress\/ -->\n<title>Formaci\u00f3n integral del nuevo servidor policial - El Diario - Bolivia<\/title>\n<meta name=\"robots\" content=\"index, follow, max-snippet:-1, max-image-preview:large, max-video-preview:-1\" \/>\n<link rel=\"canonical\" href=\"https:\/\/www.eldiario.net\/portal\/2021\/08\/20\/formacion-integral-del-nuevo-servidor-policial\/\" \/>\n<meta property=\"og:locale\" content=\"es_ES\" \/>\n<meta property=\"og:type\" content=\"article\" \/>\n<meta property=\"og:title\" content=\"Formaci\u00f3n integral del nuevo servidor policial - El Diario - Bolivia\" \/>\n<meta property=\"og:description\" content=\"Con un proceso sist\u00e9mico se busca desarrollar y orientar las dimensiones del ser humano (mental-psicol\u00f3gica, f\u00edsica, y \u00e9tica-espiritual), lo que supone cultivarlas para formar integralmente al futuro oficial de la Polic\u00eda Boliviana. Implica preparar a damas y caballeros cadetes para servir y defender a la poblaci\u00f3n en cada organismo policial, de modo que puedan estar [&hellip;]\" \/>\n<meta property=\"og:url\" content=\"https:\/\/www.eldiario.net\/portal\/2021\/08\/20\/formacion-integral-del-nuevo-servidor-policial\/\" \/>\n<meta property=\"og:site_name\" content=\"El Diario - Bolivia\" \/>\n<meta property=\"article:publisher\" content=\"https:\/\/www.facebook.com\/eldiario.bolivia\/\" \/>\n<meta property=\"article:published_time\" content=\"2021-08-20T06:56:12+00:00\" \/>\n<meta name=\"author\" content=\"Jeanette\" \/>\n<meta name=\"twitter:card\" content=\"summary_large_image\" \/>\n<meta name=\"twitter:creator\" content=\"@eldiario_net\" \/>\n<meta name=\"twitter:site\" content=\"@eldiario_net\" \/>\n<meta name=\"twitter:label1\" content=\"Escrito por\" \/>\n\t<meta name=\"twitter:data1\" content=\"Jeanette\" \/>\n\t<meta name=\"twitter:label2\" content=\"Tiempo de lectura\" \/>\n\t<meta name=\"twitter:data2\" content=\"2 minutos\" \/>\n<script type=\"application\/ld+json\" class=\"yoast-schema-graph\">{\"@context\":\"https:\\\/\\\/schema.org\",\"@graph\":[{\"@type\":\"Article\",\"@id\":\"https:\\\/\\\/www.eldiario.net\\\/portal\\\/2021\\\/08\\\/20\\\/formacion-integral-del-nuevo-servidor-policial\\\/#article\",\"isPartOf\":{\"@id\":\"https:\\\/\\\/www.eldiario.net\\\/portal\\\/2021\\\/08\\\/20\\\/formacion-integral-del-nuevo-servidor-policial\\\/\"},\"author\":{\"name\":\"Jeanette\",\"@id\":\"https:\\\/\\\/www.eldiario.net\\\/portal\\\/#\\\/schema\\\/person\\\/f46445640444750d7d753ccd04ae01b7\"},\"headline\":\"Formaci\u00f3n integral del nuevo servidor policial\",\"datePublished\":\"2021-08-20T06:56:12+00:00\",\"mainEntityOfPage\":{\"@id\":\"https:\\\/\\\/www.eldiario.net\\\/portal\\\/2021\\\/08\\\/20\\\/formacion-integral-del-nuevo-servidor-policial\\\/\"},\"wordCount\":480,\"publisher\":{\"@id\":\"https:\\\/\\\/www.eldiario.net\\\/portal\\\/#organization\"},\"articleSection\":[\"Opini\u00f3n\"],\"inLanguage\":\"es\"},{\"@type\":\"WebPage\",\"@id\":\"https:\\\/\\\/www.eldiario.net\\\/portal\\\/2021\\\/08\\\/20\\\/formacion-integral-del-nuevo-servidor-policial\\\/\",\"url\":\"https:\\\/\\\/www.eldiario.net\\\/portal\\\/2021\\\/08\\\/20\\\/formacion-integral-del-nuevo-servidor-policial\\\/\",\"name\":\"Formaci\u00f3n integral del nuevo servidor policial - El Diario - Bolivia\",\"isPartOf\":{\"@id\":\"https:\\\/\\\/www.eldiario.net\\\/portal\\\/#website\"},\"datePublished\":\"2021-08-20T06:56:12+00:00\",\"breadcrumb\":{\"@id\":\"https:\\\/\\\/www.eldiario.net\\\/portal\\\/2021\\\/08\\\/20\\\/formacion-integral-del-nuevo-servidor-policial\\\/#breadcrumb\"},\"inLanguage\":\"es\",\"potentialAction\":[{\"@type\":\"ReadAction\",\"target\":[\"https:\\\/\\\/www.eldiario.net\\\/portal\\\/2021\\\/08\\\/20\\\/formacion-integral-del-nuevo-servidor-policial\\\/\"]}]},{\"@type\":\"BreadcrumbList\",\"@id\":\"https:\\\/\\\/www.eldiario.net\\\/portal\\\/2021\\\/08\\\/20\\\/formacion-integral-del-nuevo-servidor-policial\\\/#breadcrumb\",\"itemListElement\":[{\"@type\":\"ListItem\",\"position\":1,\"name\":\"Portada\",\"item\":\"https:\\\/\\\/www.eldiario.net\\\/portal\\\/\"},{\"@type\":\"ListItem\",\"position\":2,\"name\":\"Formaci\u00f3n integral del nuevo servidor policial\"}]},{\"@type\":\"WebSite\",\"@id\":\"https:\\\/\\\/www.eldiario.net\\\/portal\\\/#website\",\"url\":\"https:\\\/\\\/www.eldiario.net\\\/portal\\\/\",\"name\":\"El Diario - Decano de la prensa nacional\",\"description\":\"El Diario - Decano de la prensa nacional\",\"publisher\":{\"@id\":\"https:\\\/\\\/www.eldiario.net\\\/portal\\\/#organization\"},\"potentialAction\":[{\"@type\":\"SearchAction\",\"target\":{\"@type\":\"EntryPoint\",\"urlTemplate\":\"https:\\\/\\\/www.eldiario.net\\\/portal\\\/?s={search_term_string}\"},\"query-input\":{\"@type\":\"PropertyValueSpecification\",\"valueRequired\":true,\"valueName\":\"search_term_string\"}}],\"inLanguage\":\"es\"},{\"@type\":\"Organization\",\"@id\":\"https:\\\/\\\/www.eldiario.net\\\/portal\\\/#organization\",\"name\":\"El Diario - Decano de la prensa nacional\",\"url\":\"https:\\\/\\\/www.eldiario.net\\\/portal\\\/\",\"logo\":{\"@type\":\"ImageObject\",\"inLanguage\":\"es\",\"@id\":\"https:\\\/\\\/www.eldiario.net\\\/portal\\\/#\\\/schema\\\/logo\\\/image\\\/\",\"url\":\"https:\\\/\\\/www.eldiario.net\\\/portal\\\/wp-content\\\/uploads\\\/2023\\\/07\\\/logo_ED.jpg\",\"contentUrl\":\"https:\\\/\\\/www.eldiario.net\\\/portal\\\/wp-content\\\/uploads\\\/2023\\\/07\\\/logo_ED.jpg\",\"width\":272,\"height\":52,\"caption\":\"El Diario - Decano de la prensa nacional\"},\"image\":{\"@id\":\"https:\\\/\\\/www.eldiario.net\\\/portal\\\/#\\\/schema\\\/logo\\\/image\\\/\"},\"sameAs\":[\"https:\\\/\\\/www.facebook.com\\\/eldiario.bolivia\\\/\",\"https:\\\/\\\/x.com\\\/eldiario_net\"]},{\"@type\":\"Person\",\"@id\":\"https:\\\/\\\/www.eldiario.net\\\/portal\\\/#\\\/schema\\\/person\\\/f46445640444750d7d753ccd04ae01b7\",\"name\":\"Jeanette\",\"image\":{\"@type\":\"ImageObject\",\"inLanguage\":\"es\",\"@id\":\"https:\\\/\\\/secure.gravatar.com\\\/avatar\\\/3ea2118a5f7dad2b7138b1187a6b7ee55f160b9968b66013c3a3ef39dd7e5798?s=96&d=mm&r=g\",\"url\":\"https:\\\/\\\/secure.gravatar.com\\\/avatar\\\/3ea2118a5f7dad2b7138b1187a6b7ee55f160b9968b66013c3a3ef39dd7e5798?s=96&d=mm&r=g\",\"contentUrl\":\"https:\\\/\\\/secure.gravatar.com\\\/avatar\\\/3ea2118a5f7dad2b7138b1187a6b7ee55f160b9968b66013c3a3ef39dd7e5798?s=96&d=mm&r=g\",\"caption\":\"Jeanette\"},\"sameAs\":[\"https:\\\/\\\/www.eldiario.net\\\/portal\"],\"url\":\"https:\\\/\\\/www.eldiario.net\\\/portal\\\/author\\\/jeanette\\\/\"}]}<\/script>\n<!-- \/ Yoast SEO plugin. -->","yoast_head_json":{"title":"Formaci\u00f3n integral del nuevo servidor policial - El Diario - Bolivia","robots":{"index":"index","follow":"follow","max-snippet":"max-snippet:-1","max-image-preview":"max-image-preview:large","max-video-preview":"max-video-preview:-1"},"canonical":"https:\/\/www.eldiario.net\/portal\/2021\/08\/20\/formacion-integral-del-nuevo-servidor-policial\/","og_locale":"es_ES","og_type":"article","og_title":"Formaci\u00f3n integral del nuevo servidor policial - El Diario - Bolivia","og_description":"Con un proceso sist\u00e9mico se busca desarrollar y orientar las dimensiones del ser humano (mental-psicol\u00f3gica, f\u00edsica, y \u00e9tica-espiritual), lo que supone cultivarlas para formar integralmente al futuro oficial de la Polic\u00eda Boliviana. Implica preparar a damas y caballeros cadetes para servir y defender a la poblaci\u00f3n en cada organismo policial, de modo que puedan estar [&hellip;]","og_url":"https:\/\/www.eldiario.net\/portal\/2021\/08\/20\/formacion-integral-del-nuevo-servidor-policial\/","og_site_name":"El Diario - Bolivia","article_publisher":"https:\/\/www.facebook.com\/eldiario.bolivia\/","article_published_time":"2021-08-20T06:56:12+00:00","author":"Jeanette","twitter_card":"summary_large_image","twitter_creator":"@eldiario_net","twitter_site":"@eldiario_net","twitter_misc":{"Escrito por":"Jeanette","Tiempo de lectura":"2 minutos"},"schema":{"@context":"https:\/\/schema.org","@graph":[{"@type":"Article","@id":"https:\/\/www.eldiario.net\/portal\/2021\/08\/20\/formacion-integral-del-nuevo-servidor-policial\/#article","isPartOf":{"@id":"https:\/\/www.eldiario.net\/portal\/2021\/08\/20\/formacion-integral-del-nuevo-servidor-policial\/"},"author":{"name":"Jeanette","@id":"https:\/\/www.eldiario.net\/portal\/#\/schema\/person\/f46445640444750d7d753ccd04ae01b7"},"headline":"Formaci\u00f3n integral del nuevo servidor policial","datePublished":"2021-08-20T06:56:12+00:00","mainEntityOfPage":{"@id":"https:\/\/www.eldiario.net\/portal\/2021\/08\/20\/formacion-integral-del-nuevo-servidor-policial\/"},"wordCount":480,"publisher":{"@id":"https:\/\/www.eldiario.net\/portal\/#organization"},"articleSection":["Opini\u00f3n"],"inLanguage":"es"},{"@type":"WebPage","@id":"https:\/\/www.eldiario.net\/portal\/2021\/08\/20\/formacion-integral-del-nuevo-servidor-policial\/","url":"https:\/\/www.eldiario.net\/portal\/2021\/08\/20\/formacion-integral-del-nuevo-servidor-policial\/","name":"Formaci\u00f3n integral del nuevo servidor policial - El Diario - Bolivia","isPartOf":{"@id":"https:\/\/www.eldiario.net\/portal\/#website"},"datePublished":"2021-08-20T06:56:12+00:00","breadcrumb":{"@id":"https:\/\/www.eldiario.net\/portal\/2021\/08\/20\/formacion-integral-del-nuevo-servidor-policial\/#breadcrumb"},"inLanguage":"es","potentialAction":[{"@type":"ReadAction","target":["https:\/\/www.eldiario.net\/portal\/2021\/08\/20\/formacion-integral-del-nuevo-servidor-policial\/"]}]},{"@type":"BreadcrumbList","@id":"https:\/\/www.eldiario.net\/portal\/2021\/08\/20\/formacion-integral-del-nuevo-servidor-policial\/#breadcrumb","itemListElement":[{"@type":"ListItem","position":1,"name":"Portada","item":"https:\/\/www.eldiario.net\/portal\/"},{"@type":"ListItem","position":2,"name":"Formaci\u00f3n integral del nuevo servidor policial"}]},{"@type":"WebSite","@id":"https:\/\/www.eldiario.net\/portal\/#website","url":"https:\/\/www.eldiario.net\/portal\/","name":"El Diario - Decano de la prensa nacional","description":"El Diario - Decano de la prensa nacional","publisher":{"@id":"https:\/\/www.eldiario.net\/portal\/#organization"},"potentialAction":[{"@type":"SearchAction","target":{"@type":"EntryPoint","urlTemplate":"https:\/\/www.eldiario.net\/portal\/?s={search_term_string}"},"query-input":{"@type":"PropertyValueSpecification","valueRequired":true,"valueName":"search_term_string"}}],"inLanguage":"es"},{"@type":"Organization","@id":"https:\/\/www.eldiario.net\/portal\/#organization","name":"El Diario - Decano de la prensa nacional","url":"https:\/\/www.eldiario.net\/portal\/","logo":{"@type":"ImageObject","inLanguage":"es","@id":"https:\/\/www.eldiario.net\/portal\/#\/schema\/logo\/image\/","url":"https:\/\/www.eldiario.net\/portal\/wp-content\/uploads\/2023\/07\/logo_ED.jpg","contentUrl":"https:\/\/www.eldiario.net\/portal\/wp-content\/uploads\/2023\/07\/logo_ED.jpg","width":272,"height":52,"caption":"El Diario - Decano de la prensa nacional"},"image":{"@id":"https:\/\/www.eldiario.net\/portal\/#\/schema\/logo\/image\/"},"sameAs":["https:\/\/www.facebook.com\/eldiario.bolivia\/","https:\/\/x.com\/eldiario_net"]},{"@type":"Person","@id":"https:\/\/www.eldiario.net\/portal\/#\/schema\/person\/f46445640444750d7d753ccd04ae01b7","name":"Jeanette","image":{"@type":"ImageObject","inLanguage":"es","@id":"https:\/\/secure.gravatar.com\/avatar\/3ea2118a5f7dad2b7138b1187a6b7ee55f160b9968b66013c3a3ef39dd7e5798?s=96&d=mm&r=g","url":"https:\/\/secure.gravatar.com\/avatar\/3ea2118a5f7dad2b7138b1187a6b7ee55f160b9968b66013c3a3ef39dd7e5798?s=96&d=mm&r=g","contentUrl":"https:\/\/secure.gravatar.com\/avatar\/3ea2118a5f7dad2b7138b1187a6b7ee55f160b9968b66013c3a3ef39dd7e5798?s=96&d=mm&r=g","caption":"Jeanette"},"sameAs":["https:\/\/www.eldiario.net\/portal"],"url":"https:\/\/www.eldiario.net\/portal\/author\/jeanette\/"}]}},"_links":{"self":[{"href":"https:\/\/www.eldiario.net\/portal\/wp-json\/wp\/v2\/posts\/24521","targetHints":{"allow":["GET"]}}],"collection":[{"href":"https:\/\/www.eldiario.net\/portal\/wp-json\/wp\/v2\/posts"}],"about":[{"href":"https:\/\/www.eldiario.net\/portal\/wp-json\/wp\/v2\/types\/post"}],"author":[{"embeddable":true,"href":"https:\/\/www.eldiario.net\/portal\/wp-json\/wp\/v2\/users\/1"}],"replies":[{"embeddable":true,"href":"https:\/\/www.eldiario.net\/portal\/wp-json\/wp\/v2\/comments?post=24521"}],"version-history":[{"count":0,"href":"https:\/\/www.eldiario.net\/portal\/wp-json\/wp\/v2\/posts\/24521\/revisions"}],"wp:attachment":[{"href":"https:\/\/www.eldiario.net\/portal\/wp-json\/wp\/v2\/media?parent=24521"}],"wp:term":[{"taxonomy":"category","embeddable":true,"href":"https:\/\/www.eldiario.net\/portal\/wp-json\/wp\/v2\/categories?post=24521"},{"taxonomy":"post_tag","embeddable":true,"href":"https:\/\/www.eldiario.net\/portal\/wp-json\/wp\/v2\/tags?post=24521"}],"curies":[{"name":"wp","href":"https:\/\/api.w.org\/{rel}","templated":true}]}}