{"id":24516,"date":"2021-08-20T02:54:24","date_gmt":"2021-08-20T06:54:24","guid":{"rendered":"https:\/\/www.eldiario.net\/portal\/?p=24516"},"modified":"2021-08-20T02:54:24","modified_gmt":"2021-08-20T06:54:24","slug":"bolivia-afganistan-coca-y-opio","status":"publish","type":"post","link":"https:\/\/www.eldiario.net\/portal\/2021\/08\/20\/bolivia-afganistan-coca-y-opio\/","title":{"rendered":"Bolivia, Afganist\u00e1n,  coca y opio"},"content":{"rendered":"<p><em><span class=\"dropcap \" style=\"background-color: #ffffff; color: #000000; border-color: #ffffff;\">D<\/span>espu\u00e9s de luchar por el poder durante veinte a\u00f1os, en una ofensiva fulminante los talibanes &#8211;productores de la materia prima para fabricar la poderosa droga llamada hero\u00edna&#8211;, tomaron el poder en Afganist\u00e1n y ese \u00e9xito se precipit\u00f3 cuando Estados Unidos orden\u00f3 que sus tropas se retiren de ese pa\u00eds. <\/em><br \/>\n<em>Seg\u00fan denuncias de diversas fuentes, Afganist\u00e1n produce el noventa por ciento de la hero\u00edna de consumo mundial y tan pronto como los talibanes tomaron el poder, abrieron las fronteras con el supuesto objetivo de facilitar la exportaci\u00f3n de droga y as\u00ed convertirse en uno m\u00e1s de los \u201csindicatos\u201d del narcotr\u00e1fico que quieren establecer un r\u00e9gimen de control total del planeta. <\/em><br \/>\n<em>Ese hecho tiene alguna similitud con Bolivia, en sentido de que en ambos pa\u00edses los agricultores son productores de materias primas para drogas. Ese parecido nace con masas campesinas que, necesitadas de salir de la pobreza, se dedican a cultivar un vegetal que no solo mejora su econom\u00eda, sino que los hace millonarios. <\/em><br \/>\n<em>En el fondo, los campesinos de cualquier lugar del mundo se dedican a la agricultura cuando la tierra les da renta, pero huyen de ella cuando tienen p\u00e9rdidas y su producci\u00f3n no es consumida. En efecto, eso es lo que determina que los trabajadores de la tierra vean que cuando un producto no les da ganancia, inmediatamente pasan a cultivar cualquier otro que les parezca, sea el que fuese. Es, entonces, cuando encuentran la soluci\u00f3n cultivando materia prima sin mayor esfuerzo para drogas, actividad que les permite ganancias de alrededor de mil por ciento anual, al contrario de lo que ocurre con otros productos que no dan ganancia ni del diez por ciento anual y, adem\u00e1s, no tienen consumo, como precisamente sucede en Bolivia. <\/em><br \/>\n<em>Como se trata de sobrevivir, los agricultores se dedican a productos como amapola o coca, no por tratarse precisamente de esas plantas, sino porque \u00e9stas son las \u00fanicas que les dan ganancias. El \u00e9xito en esa actividad econ\u00f3mica los conduce finalmente a fines pol\u00edticos y la toma del poder, para producir ilimitadamente la planta que es la soluci\u00f3n para su crisis, como ocurre en Bolivia, Afganist\u00e1n y otros pa\u00edses. <\/em><br \/>\n<em>De ah\u00ed que, si los gobiernos no toman en cuenta esos aspectos para combatir la droga y otros peligros, estar\u00e1n condenados al fracaso en sus campa\u00f1as y no solo incrementar\u00e1n el cultivo de materias primas para la droga, sino que los que est\u00e1n detr\u00e1s del narcotr\u00e1fico tomar\u00e1n el poder, como se\u00f1ala Humberto Vacaflor en un art\u00edculo publicado en EL DIARIO del pasado mi\u00e9rcoles.<\/em><\/p>\n","protected":false},"excerpt":{"rendered":"<p>Despu\u00e9s de luchar por el poder durante veinte a\u00f1os, en una ofensiva fulminante los talibanes &#8211;productores de la materia prima para fabricar la poderosa droga llamada hero\u00edna&#8211;, tomaron el poder en Afganist\u00e1n y ese \u00e9xito se precipit\u00f3 cuando Estados Unidos orden\u00f3 que sus tropas se retiren de ese pa\u00eds. Seg\u00fan denuncias de diversas fuentes, Afganist\u00e1n [&hellip;]<\/p>\n","protected":false},"author":1,"featured_media":0,"comment_status":"closed","ping_status":"closed","sticky":false,"template":"","format":"standard","meta":{"_acf_changed":false,"footnotes":""},"categories":[4],"tags":[],"class_list":["post-24516","post","type-post","status-publish","format-standard","category-editorial"],"acf":{"antetitulo":""},"yoast_head":"<!-- This site is optimized with the Yoast SEO plugin v28.4 - https:\/\/yoast.com\/product\/yoast-seo-wordpress\/ -->\n<title>Bolivia, Afganist\u00e1n, coca y opio - El Diario - Bolivia<\/title>\n<meta name=\"robots\" content=\"index, follow, max-snippet:-1, max-image-preview:large, max-video-preview:-1\" \/>\n<link rel=\"canonical\" href=\"https:\/\/www.eldiario.net\/portal\/2021\/08\/20\/bolivia-afganistan-coca-y-opio\/\" \/>\n<meta property=\"og:locale\" content=\"es_ES\" \/>\n<meta property=\"og:type\" content=\"article\" \/>\n<meta property=\"og:title\" content=\"Bolivia, Afganist\u00e1n, coca y opio - El Diario - Bolivia\" \/>\n<meta property=\"og:description\" content=\"Despu\u00e9s de luchar por el poder durante veinte a\u00f1os, en una ofensiva fulminante los talibanes &#8211;productores de la materia prima para fabricar la poderosa droga llamada hero\u00edna&#8211;, tomaron el poder en Afganist\u00e1n y ese \u00e9xito se precipit\u00f3 cuando Estados Unidos orden\u00f3 que sus tropas se retiren de ese pa\u00eds. Seg\u00fan denuncias de diversas fuentes, Afganist\u00e1n [&hellip;]\" \/>\n<meta property=\"og:url\" content=\"https:\/\/www.eldiario.net\/portal\/2021\/08\/20\/bolivia-afganistan-coca-y-opio\/\" \/>\n<meta property=\"og:site_name\" content=\"El Diario - Bolivia\" \/>\n<meta property=\"article:publisher\" content=\"https:\/\/www.facebook.com\/eldiario.bolivia\/\" \/>\n<meta property=\"article:published_time\" content=\"2021-08-20T06:54:24+00:00\" \/>\n<meta name=\"author\" content=\"Jeanette\" \/>\n<meta name=\"twitter:card\" content=\"summary_large_image\" \/>\n<meta name=\"twitter:creator\" content=\"@eldiario_net\" \/>\n<meta name=\"twitter:site\" content=\"@eldiario_net\" \/>\n<meta name=\"twitter:label1\" content=\"Escrito por\" \/>\n\t<meta name=\"twitter:data1\" content=\"Jeanette\" \/>\n\t<meta name=\"twitter:label2\" content=\"Tiempo de lectura\" \/>\n\t<meta name=\"twitter:data2\" content=\"2 minutos\" \/>\n<script type=\"application\/ld+json\" class=\"yoast-schema-graph\">{\"@context\":\"https:\\\/\\\/schema.org\",\"@graph\":[{\"@type\":\"Article\",\"@id\":\"https:\\\/\\\/www.eldiario.net\\\/portal\\\/2021\\\/08\\\/20\\\/bolivia-afganistan-coca-y-opio\\\/#article\",\"isPartOf\":{\"@id\":\"https:\\\/\\\/www.eldiario.net\\\/portal\\\/2021\\\/08\\\/20\\\/bolivia-afganistan-coca-y-opio\\\/\"},\"author\":{\"name\":\"Jeanette\",\"@id\":\"https:\\\/\\\/www.eldiario.net\\\/portal\\\/#\\\/schema\\\/person\\\/f46445640444750d7d753ccd04ae01b7\"},\"headline\":\"Bolivia, Afganist\u00e1n, coca y opio\",\"datePublished\":\"2021-08-20T06:54:24+00:00\",\"mainEntityOfPage\":{\"@id\":\"https:\\\/\\\/www.eldiario.net\\\/portal\\\/2021\\\/08\\\/20\\\/bolivia-afganistan-coca-y-opio\\\/\"},\"wordCount\":457,\"publisher\":{\"@id\":\"https:\\\/\\\/www.eldiario.net\\\/portal\\\/#organization\"},\"articleSection\":[\"Editorial\"],\"inLanguage\":\"es\"},{\"@type\":\"WebPage\",\"@id\":\"https:\\\/\\\/www.eldiario.net\\\/portal\\\/2021\\\/08\\\/20\\\/bolivia-afganistan-coca-y-opio\\\/\",\"url\":\"https:\\\/\\\/www.eldiario.net\\\/portal\\\/2021\\\/08\\\/20\\\/bolivia-afganistan-coca-y-opio\\\/\",\"name\":\"Bolivia, Afganist\u00e1n, coca y opio - El Diario - Bolivia\",\"isPartOf\":{\"@id\":\"https:\\\/\\\/www.eldiario.net\\\/portal\\\/#website\"},\"datePublished\":\"2021-08-20T06:54:24+00:00\",\"breadcrumb\":{\"@id\":\"https:\\\/\\\/www.eldiario.net\\\/portal\\\/2021\\\/08\\\/20\\\/bolivia-afganistan-coca-y-opio\\\/#breadcrumb\"},\"inLanguage\":\"es\",\"potentialAction\":[{\"@type\":\"ReadAction\",\"target\":[\"https:\\\/\\\/www.eldiario.net\\\/portal\\\/2021\\\/08\\\/20\\\/bolivia-afganistan-coca-y-opio\\\/\"]}]},{\"@type\":\"BreadcrumbList\",\"@id\":\"https:\\\/\\\/www.eldiario.net\\\/portal\\\/2021\\\/08\\\/20\\\/bolivia-afganistan-coca-y-opio\\\/#breadcrumb\",\"itemListElement\":[{\"@type\":\"ListItem\",\"position\":1,\"name\":\"Portada\",\"item\":\"https:\\\/\\\/www.eldiario.net\\\/portal\\\/\"},{\"@type\":\"ListItem\",\"position\":2,\"name\":\"Bolivia, Afganist\u00e1n, coca y opio\"}]},{\"@type\":\"WebSite\",\"@id\":\"https:\\\/\\\/www.eldiario.net\\\/portal\\\/#website\",\"url\":\"https:\\\/\\\/www.eldiario.net\\\/portal\\\/\",\"name\":\"El Diario - Decano de la prensa nacional\",\"description\":\"El Diario - Decano de la prensa nacional\",\"publisher\":{\"@id\":\"https:\\\/\\\/www.eldiario.net\\\/portal\\\/#organization\"},\"potentialAction\":[{\"@type\":\"SearchAction\",\"target\":{\"@type\":\"EntryPoint\",\"urlTemplate\":\"https:\\\/\\\/www.eldiario.net\\\/portal\\\/?s={search_term_string}\"},\"query-input\":{\"@type\":\"PropertyValueSpecification\",\"valueRequired\":true,\"valueName\":\"search_term_string\"}}],\"inLanguage\":\"es\"},{\"@type\":\"Organization\",\"@id\":\"https:\\\/\\\/www.eldiario.net\\\/portal\\\/#organization\",\"name\":\"El Diario - Decano de la prensa nacional\",\"url\":\"https:\\\/\\\/www.eldiario.net\\\/portal\\\/\",\"logo\":{\"@type\":\"ImageObject\",\"inLanguage\":\"es\",\"@id\":\"https:\\\/\\\/www.eldiario.net\\\/portal\\\/#\\\/schema\\\/logo\\\/image\\\/\",\"url\":\"https:\\\/\\\/www.eldiario.net\\\/portal\\\/wp-content\\\/uploads\\\/2023\\\/07\\\/logo_ED.jpg\",\"contentUrl\":\"https:\\\/\\\/www.eldiario.net\\\/portal\\\/wp-content\\\/uploads\\\/2023\\\/07\\\/logo_ED.jpg\",\"width\":272,\"height\":52,\"caption\":\"El Diario - Decano de la prensa nacional\"},\"image\":{\"@id\":\"https:\\\/\\\/www.eldiario.net\\\/portal\\\/#\\\/schema\\\/logo\\\/image\\\/\"},\"sameAs\":[\"https:\\\/\\\/www.facebook.com\\\/eldiario.bolivia\\\/\",\"https:\\\/\\\/x.com\\\/eldiario_net\"]},{\"@type\":\"Person\",\"@id\":\"https:\\\/\\\/www.eldiario.net\\\/portal\\\/#\\\/schema\\\/person\\\/f46445640444750d7d753ccd04ae01b7\",\"name\":\"Jeanette\",\"image\":{\"@type\":\"ImageObject\",\"inLanguage\":\"es\",\"@id\":\"https:\\\/\\\/secure.gravatar.com\\\/avatar\\\/3ea2118a5f7dad2b7138b1187a6b7ee55f160b9968b66013c3a3ef39dd7e5798?s=96&d=mm&r=g\",\"url\":\"https:\\\/\\\/secure.gravatar.com\\\/avatar\\\/3ea2118a5f7dad2b7138b1187a6b7ee55f160b9968b66013c3a3ef39dd7e5798?s=96&d=mm&r=g\",\"contentUrl\":\"https:\\\/\\\/secure.gravatar.com\\\/avatar\\\/3ea2118a5f7dad2b7138b1187a6b7ee55f160b9968b66013c3a3ef39dd7e5798?s=96&d=mm&r=g\",\"caption\":\"Jeanette\"},\"sameAs\":[\"https:\\\/\\\/www.eldiario.net\\\/portal\"],\"url\":\"https:\\\/\\\/www.eldiario.net\\\/portal\\\/author\\\/jeanette\\\/\"}]}<\/script>\n<!-- \/ Yoast SEO plugin. -->","yoast_head_json":{"title":"Bolivia, Afganist\u00e1n, coca y opio - El Diario - Bolivia","robots":{"index":"index","follow":"follow","max-snippet":"max-snippet:-1","max-image-preview":"max-image-preview:large","max-video-preview":"max-video-preview:-1"},"canonical":"https:\/\/www.eldiario.net\/portal\/2021\/08\/20\/bolivia-afganistan-coca-y-opio\/","og_locale":"es_ES","og_type":"article","og_title":"Bolivia, Afganist\u00e1n, coca y opio - El Diario - Bolivia","og_description":"Despu\u00e9s de luchar por el poder durante veinte a\u00f1os, en una ofensiva fulminante los talibanes &#8211;productores de la materia prima para fabricar la poderosa droga llamada hero\u00edna&#8211;, tomaron el poder en Afganist\u00e1n y ese \u00e9xito se precipit\u00f3 cuando Estados Unidos orden\u00f3 que sus tropas se retiren de ese pa\u00eds. Seg\u00fan denuncias de diversas fuentes, Afganist\u00e1n [&hellip;]","og_url":"https:\/\/www.eldiario.net\/portal\/2021\/08\/20\/bolivia-afganistan-coca-y-opio\/","og_site_name":"El Diario - Bolivia","article_publisher":"https:\/\/www.facebook.com\/eldiario.bolivia\/","article_published_time":"2021-08-20T06:54:24+00:00","author":"Jeanette","twitter_card":"summary_large_image","twitter_creator":"@eldiario_net","twitter_site":"@eldiario_net","twitter_misc":{"Escrito por":"Jeanette","Tiempo de lectura":"2 minutos"},"schema":{"@context":"https:\/\/schema.org","@graph":[{"@type":"Article","@id":"https:\/\/www.eldiario.net\/portal\/2021\/08\/20\/bolivia-afganistan-coca-y-opio\/#article","isPartOf":{"@id":"https:\/\/www.eldiario.net\/portal\/2021\/08\/20\/bolivia-afganistan-coca-y-opio\/"},"author":{"name":"Jeanette","@id":"https:\/\/www.eldiario.net\/portal\/#\/schema\/person\/f46445640444750d7d753ccd04ae01b7"},"headline":"Bolivia, Afganist\u00e1n, coca y opio","datePublished":"2021-08-20T06:54:24+00:00","mainEntityOfPage":{"@id":"https:\/\/www.eldiario.net\/portal\/2021\/08\/20\/bolivia-afganistan-coca-y-opio\/"},"wordCount":457,"publisher":{"@id":"https:\/\/www.eldiario.net\/portal\/#organization"},"articleSection":["Editorial"],"inLanguage":"es"},{"@type":"WebPage","@id":"https:\/\/www.eldiario.net\/portal\/2021\/08\/20\/bolivia-afganistan-coca-y-opio\/","url":"https:\/\/www.eldiario.net\/portal\/2021\/08\/20\/bolivia-afganistan-coca-y-opio\/","name":"Bolivia, Afganist\u00e1n, coca y opio - El Diario - Bolivia","isPartOf":{"@id":"https:\/\/www.eldiario.net\/portal\/#website"},"datePublished":"2021-08-20T06:54:24+00:00","breadcrumb":{"@id":"https:\/\/www.eldiario.net\/portal\/2021\/08\/20\/bolivia-afganistan-coca-y-opio\/#breadcrumb"},"inLanguage":"es","potentialAction":[{"@type":"ReadAction","target":["https:\/\/www.eldiario.net\/portal\/2021\/08\/20\/bolivia-afganistan-coca-y-opio\/"]}]},{"@type":"BreadcrumbList","@id":"https:\/\/www.eldiario.net\/portal\/2021\/08\/20\/bolivia-afganistan-coca-y-opio\/#breadcrumb","itemListElement":[{"@type":"ListItem","position":1,"name":"Portada","item":"https:\/\/www.eldiario.net\/portal\/"},{"@type":"ListItem","position":2,"name":"Bolivia, Afganist\u00e1n, coca y opio"}]},{"@type":"WebSite","@id":"https:\/\/www.eldiario.net\/portal\/#website","url":"https:\/\/www.eldiario.net\/portal\/","name":"El Diario - Decano de la prensa nacional","description":"El Diario - Decano de la prensa nacional","publisher":{"@id":"https:\/\/www.eldiario.net\/portal\/#organization"},"potentialAction":[{"@type":"SearchAction","target":{"@type":"EntryPoint","urlTemplate":"https:\/\/www.eldiario.net\/portal\/?s={search_term_string}"},"query-input":{"@type":"PropertyValueSpecification","valueRequired":true,"valueName":"search_term_string"}}],"inLanguage":"es"},{"@type":"Organization","@id":"https:\/\/www.eldiario.net\/portal\/#organization","name":"El Diario - Decano de la prensa nacional","url":"https:\/\/www.eldiario.net\/portal\/","logo":{"@type":"ImageObject","inLanguage":"es","@id":"https:\/\/www.eldiario.net\/portal\/#\/schema\/logo\/image\/","url":"https:\/\/www.eldiario.net\/portal\/wp-content\/uploads\/2023\/07\/logo_ED.jpg","contentUrl":"https:\/\/www.eldiario.net\/portal\/wp-content\/uploads\/2023\/07\/logo_ED.jpg","width":272,"height":52,"caption":"El Diario - Decano de la prensa nacional"},"image":{"@id":"https:\/\/www.eldiario.net\/portal\/#\/schema\/logo\/image\/"},"sameAs":["https:\/\/www.facebook.com\/eldiario.bolivia\/","https:\/\/x.com\/eldiario_net"]},{"@type":"Person","@id":"https:\/\/www.eldiario.net\/portal\/#\/schema\/person\/f46445640444750d7d753ccd04ae01b7","name":"Jeanette","image":{"@type":"ImageObject","inLanguage":"es","@id":"https:\/\/secure.gravatar.com\/avatar\/3ea2118a5f7dad2b7138b1187a6b7ee55f160b9968b66013c3a3ef39dd7e5798?s=96&d=mm&r=g","url":"https:\/\/secure.gravatar.com\/avatar\/3ea2118a5f7dad2b7138b1187a6b7ee55f160b9968b66013c3a3ef39dd7e5798?s=96&d=mm&r=g","contentUrl":"https:\/\/secure.gravatar.com\/avatar\/3ea2118a5f7dad2b7138b1187a6b7ee55f160b9968b66013c3a3ef39dd7e5798?s=96&d=mm&r=g","caption":"Jeanette"},"sameAs":["https:\/\/www.eldiario.net\/portal"],"url":"https:\/\/www.eldiario.net\/portal\/author\/jeanette\/"}]}},"_links":{"self":[{"href":"https:\/\/www.eldiario.net\/portal\/wp-json\/wp\/v2\/posts\/24516","targetHints":{"allow":["GET"]}}],"collection":[{"href":"https:\/\/www.eldiario.net\/portal\/wp-json\/wp\/v2\/posts"}],"about":[{"href":"https:\/\/www.eldiario.net\/portal\/wp-json\/wp\/v2\/types\/post"}],"author":[{"embeddable":true,"href":"https:\/\/www.eldiario.net\/portal\/wp-json\/wp\/v2\/users\/1"}],"replies":[{"embeddable":true,"href":"https:\/\/www.eldiario.net\/portal\/wp-json\/wp\/v2\/comments?post=24516"}],"version-history":[{"count":0,"href":"https:\/\/www.eldiario.net\/portal\/wp-json\/wp\/v2\/posts\/24516\/revisions"}],"wp:attachment":[{"href":"https:\/\/www.eldiario.net\/portal\/wp-json\/wp\/v2\/media?parent=24516"}],"wp:term":[{"taxonomy":"category","embeddable":true,"href":"https:\/\/www.eldiario.net\/portal\/wp-json\/wp\/v2\/categories?post=24516"},{"taxonomy":"post_tag","embeddable":true,"href":"https:\/\/www.eldiario.net\/portal\/wp-json\/wp\/v2\/tags?post=24516"}],"curies":[{"name":"wp","href":"https:\/\/api.w.org\/{rel}","templated":true}]}}