{"id":24513,"date":"2021-08-20T02:42:14","date_gmt":"2021-08-20T06:42:14","guid":{"rendered":"https:\/\/www.eldiario.net\/portal\/?p=24513"},"modified":"2021-08-20T02:42:14","modified_gmt":"2021-08-20T06:42:14","slug":"exfuncionario-haitiano-dio-orden-de-matar-a-todos-en-casa-de-moise","status":"publish","type":"post","link":"https:\/\/www.eldiario.net\/portal\/2021\/08\/20\/exfuncionario-haitiano-dio-orden-de-matar-a-todos-en-casa-de-moise\/","title":{"rendered":"\u201cExfuncionario haitiano dio orden  de matar a todos en casa de Mo\u00efse\u201d"},"content":{"rendered":"<p>Puerto Pr\u00edncipe.- El capit\u00e1n retirado del Ej\u00e9rcito de Colombia Germ\u00e1n Rivera ha asegurado que un exfuncionario del Ministerio de Justicia de Hait\u00ed, Joseph Badio, le orden\u00f3 \u00abmatar a todos\u00bb en el domicilio del presidente Jovenel Mo\u00efse d\u00edas antes del magnicidio.<br \/>\n\u00abDijo que hab\u00eda que matar a todos (&#8230;) los polic\u00edas, la seguridad del presidente, todo el que se encontrara dentro de la casa hab\u00eda que matarlo\u00bb, ha dicho Rivera, conocido como &#8216;Mike&#8217; y l\u00edder del grupo de mercenarios supuestamente involucrados en el asesinato del presidente haitiano.<br \/>\nSeg\u00fan Rivera, inicialmente el plan era detener a Mo\u00efse, pero Badio le dijo que las \u00f3rdenes no eran las mismas y que su objetivo ahora era no dejar a nadie vivo en la casa presidencial.<br \/>\nLos colombianos han proporcionado ciertos detalles sobre c\u00f3mo se gest\u00f3 el crimen, revelados por Noticias Caracol. As\u00ed, el 7 de julio a las 01.00 horas (hora local) los colombianos salieron en seis coches con el objetivo de ejecutar a Mo\u00efse. Iban acompa\u00f1ados de Badio, James Solages y cuatro polic\u00edas locales.<br \/>\n\u00abEl primer veh\u00edculo iba con tres polic\u00edas y dos de los 20 hombres de ac\u00e1. Llegaban a un punto donde estaba la Polic\u00eda y ellos paraban y neutralizaban a los polic\u00edas que estaban ah\u00ed\u00bb, relat\u00f3 el sargento \u00c1ngel Yarce. Por su parte, el sargento Duberney Capador supervisar\u00eda la operaci\u00f3n dentro de la casa y Rivera esperar\u00eda a la entrada.<br \/>\nOtro de los militares implicados, el subteniente Jheyner Carmona Fl\u00f3rez, ha declarado en la misma l\u00ednea que Rivera. \u00abMike s\u00ed dijo que tocaba entrar y matar a todo el mundo, tocaba matar a todos los polic\u00edas, mejor dicho, s\u00ed hab\u00eda hasta que matar a la mascota, que no pod\u00eda haber ning\u00fan testigo\u00bb, ha informado.<br \/>\n\u00abNos vendieron la idea de que s\u00ed era la orden de captura, eso s\u00ed nos lo dijeron, que era orden de captura, s\u00ed, pero &#8216;Mike&#8217; nos dijo que s\u00ed tocaba pelar (matar) al presidente\u00bb, agreg\u00f3.<br \/>\nEn referencia a qui\u00e9n mat\u00f3 a Mo\u00efse, dos de los colombianos detenidos han se\u00f1alado a V\u00edctor Pineda como la persona que le dispar\u00f3, seg\u00fan la informaci\u00f3n de Noticias Caracol, recogida por la prensa colombiana.<br \/>\nMo\u00efse fue asesinado el 7 de julio en la capital haitiana, Puerto Pr\u00edncipe. Ariel Henry asumi\u00f3 el cargo de primer ministro de Hait\u00ed en medio de la crisis tras el magnicidio de Mo\u00efse, quien lo nombr\u00f3 para el cargo dos d\u00edas antes de su asesinato, por lo que no lleg\u00f3 a tomar posesi\u00f3n y el ex primer ministro interino, Claude Joseph, se puso al frente del Gobierno hasta que present\u00f3 su dimisi\u00f3n.<br \/>\nEl Gobierno de Henry recibi\u00f3 el respaldo de la comunidad internacional con vistas a celebrar las elecciones generales previstas para el 26 de septiembre, hasta cuando tendr\u00e1 que dirigir un pa\u00eds polarizado, empobrecido y en uno de sus momentos m\u00e1s dif\u00edciles y violentos. (Europa Press)<\/p>\n","protected":false},"excerpt":{"rendered":"<p>Puerto Pr\u00edncipe.- El capit\u00e1n retirado del Ej\u00e9rcito de Colombia Germ\u00e1n Rivera ha asegurado que un exfuncionario del Ministerio de Justicia de Hait\u00ed, Joseph Badio, le orden\u00f3 \u00abmatar a todos\u00bb en el domicilio del presidente Jovenel Mo\u00efse d\u00edas antes del magnicidio. \u00abDijo que hab\u00eda que matar a todos (&#8230;) los polic\u00edas, la seguridad del presidente, todo [&hellip;]<\/p>\n","protected":false},"author":1,"featured_media":24514,"comment_status":"closed","ping_status":"closed","sticky":false,"template":"","format":"standard","meta":{"_acf_changed":false,"footnotes":""},"categories":[3],"tags":[],"class_list":["post-24513","post","type-post","status-publish","format-standard","has-post-thumbnail","category-internacional"],"acf":{"antetitulo":""},"yoast_head":"<!-- This site is optimized with the Yoast SEO plugin v28.4 - https:\/\/yoast.com\/product\/yoast-seo-wordpress\/ -->\n<title>\u201cExfuncionario haitiano dio orden de matar a todos en casa de Mo\u00efse\u201d - El Diario - Bolivia<\/title>\n<meta name=\"robots\" content=\"index, follow, max-snippet:-1, max-image-preview:large, max-video-preview:-1\" \/>\n<link rel=\"canonical\" href=\"https:\/\/www.eldiario.net\/portal\/2021\/08\/20\/exfuncionario-haitiano-dio-orden-de-matar-a-todos-en-casa-de-moise\/\" \/>\n<meta property=\"og:locale\" content=\"es_ES\" \/>\n<meta property=\"og:type\" content=\"article\" \/>\n<meta property=\"og:title\" content=\"\u201cExfuncionario haitiano dio orden de matar a todos en casa de Mo\u00efse\u201d - El Diario - Bolivia\" \/>\n<meta property=\"og:description\" content=\"Puerto Pr\u00edncipe.- El capit\u00e1n retirado del Ej\u00e9rcito de Colombia Germ\u00e1n Rivera ha asegurado que un exfuncionario del Ministerio de Justicia de Hait\u00ed, Joseph Badio, le orden\u00f3 \u00abmatar a todos\u00bb en el domicilio del presidente Jovenel Mo\u00efse d\u00edas antes del magnicidio. \u00abDijo que hab\u00eda que matar a todos (&#8230;) los polic\u00edas, la seguridad del presidente, todo [&hellip;]\" \/>\n<meta property=\"og:url\" content=\"https:\/\/www.eldiario.net\/portal\/2021\/08\/20\/exfuncionario-haitiano-dio-orden-de-matar-a-todos-en-casa-de-moise\/\" \/>\n<meta property=\"og:site_name\" content=\"El Diario - Bolivia\" \/>\n<meta property=\"article:publisher\" content=\"https:\/\/www.facebook.com\/eldiario.bolivia\/\" \/>\n<meta property=\"article:published_time\" content=\"2021-08-20T06:42:14+00:00\" \/>\n<meta property=\"og:image\" content=\"https:\/\/www.eldiario.net\/portal\/wp-content\/uploads\/2021\/08\/Crimen-Presidente.jpg\" \/>\n\t<meta property=\"og:image:width\" content=\"1005\" \/>\n\t<meta property=\"og:image:height\" content=\"670\" \/>\n\t<meta property=\"og:image:type\" content=\"image\/jpeg\" \/>\n<meta name=\"author\" content=\"Jeanette\" \/>\n<meta name=\"twitter:card\" content=\"summary_large_image\" \/>\n<meta name=\"twitter:creator\" content=\"@eldiario_net\" \/>\n<meta name=\"twitter:site\" content=\"@eldiario_net\" \/>\n<meta name=\"twitter:label1\" content=\"Escrito por\" \/>\n\t<meta name=\"twitter:data1\" content=\"Jeanette\" \/>\n\t<meta name=\"twitter:label2\" content=\"Tiempo de lectura\" \/>\n\t<meta name=\"twitter:data2\" content=\"3 minutos\" \/>\n<script type=\"application\/ld+json\" class=\"yoast-schema-graph\">{\"@context\":\"https:\\\/\\\/schema.org\",\"@graph\":[{\"@type\":\"Article\",\"@id\":\"https:\\\/\\\/www.eldiario.net\\\/portal\\\/2021\\\/08\\\/20\\\/exfuncionario-haitiano-dio-orden-de-matar-a-todos-en-casa-de-moise\\\/#article\",\"isPartOf\":{\"@id\":\"https:\\\/\\\/www.eldiario.net\\\/portal\\\/2021\\\/08\\\/20\\\/exfuncionario-haitiano-dio-orden-de-matar-a-todos-en-casa-de-moise\\\/\"},\"author\":{\"name\":\"Jeanette\",\"@id\":\"https:\\\/\\\/www.eldiario.net\\\/portal\\\/#\\\/schema\\\/person\\\/f46445640444750d7d753ccd04ae01b7\"},\"headline\":\"\u201cExfuncionario haitiano dio orden de matar a todos en casa de Mo\u00efse\u201d\",\"datePublished\":\"2021-08-20T06:42:14+00:00\",\"mainEntityOfPage\":{\"@id\":\"https:\\\/\\\/www.eldiario.net\\\/portal\\\/2021\\\/08\\\/20\\\/exfuncionario-haitiano-dio-orden-de-matar-a-todos-en-casa-de-moise\\\/\"},\"wordCount\":522,\"publisher\":{\"@id\":\"https:\\\/\\\/www.eldiario.net\\\/portal\\\/#organization\"},\"image\":{\"@id\":\"https:\\\/\\\/www.eldiario.net\\\/portal\\\/2021\\\/08\\\/20\\\/exfuncionario-haitiano-dio-orden-de-matar-a-todos-en-casa-de-moise\\\/#primaryimage\"},\"thumbnailUrl\":\"https:\\\/\\\/www.eldiario.net\\\/portal\\\/wp-content\\\/uploads\\\/2021\\\/08\\\/Crimen-Presidente.jpg\",\"articleSection\":[\"Internacional\"],\"inLanguage\":\"es\"},{\"@type\":\"WebPage\",\"@id\":\"https:\\\/\\\/www.eldiario.net\\\/portal\\\/2021\\\/08\\\/20\\\/exfuncionario-haitiano-dio-orden-de-matar-a-todos-en-casa-de-moise\\\/\",\"url\":\"https:\\\/\\\/www.eldiario.net\\\/portal\\\/2021\\\/08\\\/20\\\/exfuncionario-haitiano-dio-orden-de-matar-a-todos-en-casa-de-moise\\\/\",\"name\":\"\u201cExfuncionario haitiano dio orden de matar a todos en casa de Mo\u00efse\u201d - El Diario - Bolivia\",\"isPartOf\":{\"@id\":\"https:\\\/\\\/www.eldiario.net\\\/portal\\\/#website\"},\"primaryImageOfPage\":{\"@id\":\"https:\\\/\\\/www.eldiario.net\\\/portal\\\/2021\\\/08\\\/20\\\/exfuncionario-haitiano-dio-orden-de-matar-a-todos-en-casa-de-moise\\\/#primaryimage\"},\"image\":{\"@id\":\"https:\\\/\\\/www.eldiario.net\\\/portal\\\/2021\\\/08\\\/20\\\/exfuncionario-haitiano-dio-orden-de-matar-a-todos-en-casa-de-moise\\\/#primaryimage\"},\"thumbnailUrl\":\"https:\\\/\\\/www.eldiario.net\\\/portal\\\/wp-content\\\/uploads\\\/2021\\\/08\\\/Crimen-Presidente.jpg\",\"datePublished\":\"2021-08-20T06:42:14+00:00\",\"breadcrumb\":{\"@id\":\"https:\\\/\\\/www.eldiario.net\\\/portal\\\/2021\\\/08\\\/20\\\/exfuncionario-haitiano-dio-orden-de-matar-a-todos-en-casa-de-moise\\\/#breadcrumb\"},\"inLanguage\":\"es\",\"potentialAction\":[{\"@type\":\"ReadAction\",\"target\":[\"https:\\\/\\\/www.eldiario.net\\\/portal\\\/2021\\\/08\\\/20\\\/exfuncionario-haitiano-dio-orden-de-matar-a-todos-en-casa-de-moise\\\/\"]}]},{\"@type\":\"ImageObject\",\"inLanguage\":\"es\",\"@id\":\"https:\\\/\\\/www.eldiario.net\\\/portal\\\/2021\\\/08\\\/20\\\/exfuncionario-haitiano-dio-orden-de-matar-a-todos-en-casa-de-moise\\\/#primaryimage\",\"url\":\"https:\\\/\\\/www.eldiario.net\\\/portal\\\/wp-content\\\/uploads\\\/2021\\\/08\\\/Crimen-Presidente.jpg\",\"contentUrl\":\"https:\\\/\\\/www.eldiario.net\\\/portal\\\/wp-content\\\/uploads\\\/2021\\\/08\\\/Crimen-Presidente.jpg\",\"width\":1005,\"height\":670,\"caption\":\"FOTO DE ARCHIVO DE FUNERAL DEL PRESIDENTE DE HAIT\u00cd JOVENEL MO\u00efSE, QUIeN FUE ASESINADO EN SU DOMICILIO. EL UNIVERSO\"},{\"@type\":\"BreadcrumbList\",\"@id\":\"https:\\\/\\\/www.eldiario.net\\\/portal\\\/2021\\\/08\\\/20\\\/exfuncionario-haitiano-dio-orden-de-matar-a-todos-en-casa-de-moise\\\/#breadcrumb\",\"itemListElement\":[{\"@type\":\"ListItem\",\"position\":1,\"name\":\"Portada\",\"item\":\"https:\\\/\\\/www.eldiario.net\\\/portal\\\/\"},{\"@type\":\"ListItem\",\"position\":2,\"name\":\"\u201cExfuncionario haitiano dio orden de matar a todos en casa de Mo\u00efse\u201d\"}]},{\"@type\":\"WebSite\",\"@id\":\"https:\\\/\\\/www.eldiario.net\\\/portal\\\/#website\",\"url\":\"https:\\\/\\\/www.eldiario.net\\\/portal\\\/\",\"name\":\"El Diario - Decano de la prensa nacional\",\"description\":\"El Diario - Decano de la prensa nacional\",\"publisher\":{\"@id\":\"https:\\\/\\\/www.eldiario.net\\\/portal\\\/#organization\"},\"potentialAction\":[{\"@type\":\"SearchAction\",\"target\":{\"@type\":\"EntryPoint\",\"urlTemplate\":\"https:\\\/\\\/www.eldiario.net\\\/portal\\\/?s={search_term_string}\"},\"query-input\":{\"@type\":\"PropertyValueSpecification\",\"valueRequired\":true,\"valueName\":\"search_term_string\"}}],\"inLanguage\":\"es\"},{\"@type\":\"Organization\",\"@id\":\"https:\\\/\\\/www.eldiario.net\\\/portal\\\/#organization\",\"name\":\"El Diario - Decano de la prensa nacional\",\"url\":\"https:\\\/\\\/www.eldiario.net\\\/portal\\\/\",\"logo\":{\"@type\":\"ImageObject\",\"inLanguage\":\"es\",\"@id\":\"https:\\\/\\\/www.eldiario.net\\\/portal\\\/#\\\/schema\\\/logo\\\/image\\\/\",\"url\":\"https:\\\/\\\/www.eldiario.net\\\/portal\\\/wp-content\\\/uploads\\\/2023\\\/07\\\/logo_ED.jpg\",\"contentUrl\":\"https:\\\/\\\/www.eldiario.net\\\/portal\\\/wp-content\\\/uploads\\\/2023\\\/07\\\/logo_ED.jpg\",\"width\":272,\"height\":52,\"caption\":\"El Diario - Decano de la prensa nacional\"},\"image\":{\"@id\":\"https:\\\/\\\/www.eldiario.net\\\/portal\\\/#\\\/schema\\\/logo\\\/image\\\/\"},\"sameAs\":[\"https:\\\/\\\/www.facebook.com\\\/eldiario.bolivia\\\/\",\"https:\\\/\\\/x.com\\\/eldiario_net\"]},{\"@type\":\"Person\",\"@id\":\"https:\\\/\\\/www.eldiario.net\\\/portal\\\/#\\\/schema\\\/person\\\/f46445640444750d7d753ccd04ae01b7\",\"name\":\"Jeanette\",\"image\":{\"@type\":\"ImageObject\",\"inLanguage\":\"es\",\"@id\":\"https:\\\/\\\/secure.gravatar.com\\\/avatar\\\/3ea2118a5f7dad2b7138b1187a6b7ee55f160b9968b66013c3a3ef39dd7e5798?s=96&d=mm&r=g\",\"url\":\"https:\\\/\\\/secure.gravatar.com\\\/avatar\\\/3ea2118a5f7dad2b7138b1187a6b7ee55f160b9968b66013c3a3ef39dd7e5798?s=96&d=mm&r=g\",\"contentUrl\":\"https:\\\/\\\/secure.gravatar.com\\\/avatar\\\/3ea2118a5f7dad2b7138b1187a6b7ee55f160b9968b66013c3a3ef39dd7e5798?s=96&d=mm&r=g\",\"caption\":\"Jeanette\"},\"sameAs\":[\"https:\\\/\\\/www.eldiario.net\\\/portal\"],\"url\":\"https:\\\/\\\/www.eldiario.net\\\/portal\\\/author\\\/jeanette\\\/\"}]}<\/script>\n<!-- \/ Yoast SEO plugin. -->","yoast_head_json":{"title":"\u201cExfuncionario haitiano dio orden de matar a todos en casa de Mo\u00efse\u201d - El Diario - Bolivia","robots":{"index":"index","follow":"follow","max-snippet":"max-snippet:-1","max-image-preview":"max-image-preview:large","max-video-preview":"max-video-preview:-1"},"canonical":"https:\/\/www.eldiario.net\/portal\/2021\/08\/20\/exfuncionario-haitiano-dio-orden-de-matar-a-todos-en-casa-de-moise\/","og_locale":"es_ES","og_type":"article","og_title":"\u201cExfuncionario haitiano dio orden de matar a todos en casa de Mo\u00efse\u201d - El Diario - Bolivia","og_description":"Puerto Pr\u00edncipe.- El capit\u00e1n retirado del Ej\u00e9rcito de Colombia Germ\u00e1n Rivera ha asegurado que un exfuncionario del Ministerio de Justicia de Hait\u00ed, Joseph Badio, le orden\u00f3 \u00abmatar a todos\u00bb en el domicilio del presidente Jovenel Mo\u00efse d\u00edas antes del magnicidio. \u00abDijo que hab\u00eda que matar a todos (&#8230;) los polic\u00edas, la seguridad del presidente, todo [&hellip;]","og_url":"https:\/\/www.eldiario.net\/portal\/2021\/08\/20\/exfuncionario-haitiano-dio-orden-de-matar-a-todos-en-casa-de-moise\/","og_site_name":"El Diario - Bolivia","article_publisher":"https:\/\/www.facebook.com\/eldiario.bolivia\/","article_published_time":"2021-08-20T06:42:14+00:00","og_image":[{"width":1005,"height":670,"url":"https:\/\/www.eldiario.net\/portal\/wp-content\/uploads\/2021\/08\/Crimen-Presidente.jpg","type":"image\/jpeg"}],"author":"Jeanette","twitter_card":"summary_large_image","twitter_creator":"@eldiario_net","twitter_site":"@eldiario_net","twitter_misc":{"Escrito por":"Jeanette","Tiempo de lectura":"3 minutos"},"schema":{"@context":"https:\/\/schema.org","@graph":[{"@type":"Article","@id":"https:\/\/www.eldiario.net\/portal\/2021\/08\/20\/exfuncionario-haitiano-dio-orden-de-matar-a-todos-en-casa-de-moise\/#article","isPartOf":{"@id":"https:\/\/www.eldiario.net\/portal\/2021\/08\/20\/exfuncionario-haitiano-dio-orden-de-matar-a-todos-en-casa-de-moise\/"},"author":{"name":"Jeanette","@id":"https:\/\/www.eldiario.net\/portal\/#\/schema\/person\/f46445640444750d7d753ccd04ae01b7"},"headline":"\u201cExfuncionario haitiano dio orden de matar a todos en casa de Mo\u00efse\u201d","datePublished":"2021-08-20T06:42:14+00:00","mainEntityOfPage":{"@id":"https:\/\/www.eldiario.net\/portal\/2021\/08\/20\/exfuncionario-haitiano-dio-orden-de-matar-a-todos-en-casa-de-moise\/"},"wordCount":522,"publisher":{"@id":"https:\/\/www.eldiario.net\/portal\/#organization"},"image":{"@id":"https:\/\/www.eldiario.net\/portal\/2021\/08\/20\/exfuncionario-haitiano-dio-orden-de-matar-a-todos-en-casa-de-moise\/#primaryimage"},"thumbnailUrl":"https:\/\/www.eldiario.net\/portal\/wp-content\/uploads\/2021\/08\/Crimen-Presidente.jpg","articleSection":["Internacional"],"inLanguage":"es"},{"@type":"WebPage","@id":"https:\/\/www.eldiario.net\/portal\/2021\/08\/20\/exfuncionario-haitiano-dio-orden-de-matar-a-todos-en-casa-de-moise\/","url":"https:\/\/www.eldiario.net\/portal\/2021\/08\/20\/exfuncionario-haitiano-dio-orden-de-matar-a-todos-en-casa-de-moise\/","name":"\u201cExfuncionario haitiano dio orden de matar a todos en casa de Mo\u00efse\u201d - El Diario - Bolivia","isPartOf":{"@id":"https:\/\/www.eldiario.net\/portal\/#website"},"primaryImageOfPage":{"@id":"https:\/\/www.eldiario.net\/portal\/2021\/08\/20\/exfuncionario-haitiano-dio-orden-de-matar-a-todos-en-casa-de-moise\/#primaryimage"},"image":{"@id":"https:\/\/www.eldiario.net\/portal\/2021\/08\/20\/exfuncionario-haitiano-dio-orden-de-matar-a-todos-en-casa-de-moise\/#primaryimage"},"thumbnailUrl":"https:\/\/www.eldiario.net\/portal\/wp-content\/uploads\/2021\/08\/Crimen-Presidente.jpg","datePublished":"2021-08-20T06:42:14+00:00","breadcrumb":{"@id":"https:\/\/www.eldiario.net\/portal\/2021\/08\/20\/exfuncionario-haitiano-dio-orden-de-matar-a-todos-en-casa-de-moise\/#breadcrumb"},"inLanguage":"es","potentialAction":[{"@type":"ReadAction","target":["https:\/\/www.eldiario.net\/portal\/2021\/08\/20\/exfuncionario-haitiano-dio-orden-de-matar-a-todos-en-casa-de-moise\/"]}]},{"@type":"ImageObject","inLanguage":"es","@id":"https:\/\/www.eldiario.net\/portal\/2021\/08\/20\/exfuncionario-haitiano-dio-orden-de-matar-a-todos-en-casa-de-moise\/#primaryimage","url":"https:\/\/www.eldiario.net\/portal\/wp-content\/uploads\/2021\/08\/Crimen-Presidente.jpg","contentUrl":"https:\/\/www.eldiario.net\/portal\/wp-content\/uploads\/2021\/08\/Crimen-Presidente.jpg","width":1005,"height":670,"caption":"FOTO DE ARCHIVO DE FUNERAL DEL PRESIDENTE DE HAIT\u00cd JOVENEL MO\u00efSE, QUIeN FUE ASESINADO EN SU DOMICILIO. EL UNIVERSO"},{"@type":"BreadcrumbList","@id":"https:\/\/www.eldiario.net\/portal\/2021\/08\/20\/exfuncionario-haitiano-dio-orden-de-matar-a-todos-en-casa-de-moise\/#breadcrumb","itemListElement":[{"@type":"ListItem","position":1,"name":"Portada","item":"https:\/\/www.eldiario.net\/portal\/"},{"@type":"ListItem","position":2,"name":"\u201cExfuncionario haitiano dio orden de matar a todos en casa de Mo\u00efse\u201d"}]},{"@type":"WebSite","@id":"https:\/\/www.eldiario.net\/portal\/#website","url":"https:\/\/www.eldiario.net\/portal\/","name":"El Diario - Decano de la prensa nacional","description":"El Diario - Decano de la prensa nacional","publisher":{"@id":"https:\/\/www.eldiario.net\/portal\/#organization"},"potentialAction":[{"@type":"SearchAction","target":{"@type":"EntryPoint","urlTemplate":"https:\/\/www.eldiario.net\/portal\/?s={search_term_string}"},"query-input":{"@type":"PropertyValueSpecification","valueRequired":true,"valueName":"search_term_string"}}],"inLanguage":"es"},{"@type":"Organization","@id":"https:\/\/www.eldiario.net\/portal\/#organization","name":"El Diario - Decano de la prensa nacional","url":"https:\/\/www.eldiario.net\/portal\/","logo":{"@type":"ImageObject","inLanguage":"es","@id":"https:\/\/www.eldiario.net\/portal\/#\/schema\/logo\/image\/","url":"https:\/\/www.eldiario.net\/portal\/wp-content\/uploads\/2023\/07\/logo_ED.jpg","contentUrl":"https:\/\/www.eldiario.net\/portal\/wp-content\/uploads\/2023\/07\/logo_ED.jpg","width":272,"height":52,"caption":"El Diario - Decano de la prensa nacional"},"image":{"@id":"https:\/\/www.eldiario.net\/portal\/#\/schema\/logo\/image\/"},"sameAs":["https:\/\/www.facebook.com\/eldiario.bolivia\/","https:\/\/x.com\/eldiario_net"]},{"@type":"Person","@id":"https:\/\/www.eldiario.net\/portal\/#\/schema\/person\/f46445640444750d7d753ccd04ae01b7","name":"Jeanette","image":{"@type":"ImageObject","inLanguage":"es","@id":"https:\/\/secure.gravatar.com\/avatar\/3ea2118a5f7dad2b7138b1187a6b7ee55f160b9968b66013c3a3ef39dd7e5798?s=96&d=mm&r=g","url":"https:\/\/secure.gravatar.com\/avatar\/3ea2118a5f7dad2b7138b1187a6b7ee55f160b9968b66013c3a3ef39dd7e5798?s=96&d=mm&r=g","contentUrl":"https:\/\/secure.gravatar.com\/avatar\/3ea2118a5f7dad2b7138b1187a6b7ee55f160b9968b66013c3a3ef39dd7e5798?s=96&d=mm&r=g","caption":"Jeanette"},"sameAs":["https:\/\/www.eldiario.net\/portal"],"url":"https:\/\/www.eldiario.net\/portal\/author\/jeanette\/"}]}},"_links":{"self":[{"href":"https:\/\/www.eldiario.net\/portal\/wp-json\/wp\/v2\/posts\/24513","targetHints":{"allow":["GET"]}}],"collection":[{"href":"https:\/\/www.eldiario.net\/portal\/wp-json\/wp\/v2\/posts"}],"about":[{"href":"https:\/\/www.eldiario.net\/portal\/wp-json\/wp\/v2\/types\/post"}],"author":[{"embeddable":true,"href":"https:\/\/www.eldiario.net\/portal\/wp-json\/wp\/v2\/users\/1"}],"replies":[{"embeddable":true,"href":"https:\/\/www.eldiario.net\/portal\/wp-json\/wp\/v2\/comments?post=24513"}],"version-history":[{"count":0,"href":"https:\/\/www.eldiario.net\/portal\/wp-json\/wp\/v2\/posts\/24513\/revisions"}],"wp:featuredmedia":[{"embeddable":true,"href":"https:\/\/www.eldiario.net\/portal\/wp-json\/wp\/v2\/media\/24514"}],"wp:attachment":[{"href":"https:\/\/www.eldiario.net\/portal\/wp-json\/wp\/v2\/media?parent=24513"}],"wp:term":[{"taxonomy":"category","embeddable":true,"href":"https:\/\/www.eldiario.net\/portal\/wp-json\/wp\/v2\/categories?post=24513"},{"taxonomy":"post_tag","embeddable":true,"href":"https:\/\/www.eldiario.net\/portal\/wp-json\/wp\/v2\/tags?post=24513"}],"curies":[{"name":"wp","href":"https:\/\/api.w.org\/{rel}","templated":true}]}}