{"id":24505,"date":"2021-08-20T02:26:16","date_gmt":"2021-08-20T06:26:16","guid":{"rendered":"https:\/\/www.eldiario.net\/portal\/?p=24505"},"modified":"2021-08-20T02:26:16","modified_gmt":"2021-08-20T06:26:16","slug":"colombia-extradita-a-estados-unidos-a-dos-rebeldes-del-eln","status":"publish","type":"post","link":"https:\/\/www.eldiario.net\/portal\/2021\/08\/20\/colombia-extradita-a-estados-unidos-a-dos-rebeldes-del-eln\/","title":{"rendered":"Colombia extradita a Estados  Unidos a dos rebeldes del ELN"},"content":{"rendered":"<p>Bogot\u00e1.- Colombia, por primera vez en la historia, extradit\u00f3 ayer a Estados Unidos a dos supuestos integrantes de la guerrilla del Ej\u00e9rcito de Liberaci\u00f3n Nacional (ELN) acusados de narcotr\u00e1fico y solicitados por una corte federal, inform\u00f3 el Gobierno.<br \/>\nLa extradici\u00f3n es uno de los mecanismos m\u00e1s temidos por los implicados en la producci\u00f3n y el tr\u00e1fico internacional de coca\u00edna. Colombia ha enviado a cientos de nacionales a Estados Unidos en las \u00faltimas tres d\u00e9cadas, incluyendo integrantes de la desmovilizada guerrilla de las FARC y de grupos paramilitares.<br \/>\nLos extraditados fueron identificados como Henry Trigos Cel\u00f3n y Yamit Pic\u00f3n Rodr\u00edguez, alias \u00abChonta\u00bb, se\u00f1alados integrantes del ELN y solicitados por la Corte del Distrito Sur del Estado de Texas por delitos relacionados con narcotr\u00e1fico, dijo en un comunicado el ministro de Justicia, Wilson Ruiz.<br \/>\nTrigos es acusado de almacenar y distribuir drogas en el departamento de Norte de Santander, en la frontera con Venezuela y Pic\u00f3n Rodr\u00edguez de ser cabecilla financiero del frente Nororiental del ELN y de hacer negocios con el Cartel de Sinaloa.<br \/>\nLos guerrilleros, quienes han sido capturados previamente y permanec\u00edan en c\u00e1rceles colombianas, fueron entregados bajo estrictas medidas de seguridad a funcionarios de Estados Unidos en una base a\u00e9rea de la Polic\u00eda Nacional en Bogot\u00e1.<br \/>\nAdem\u00e1s, fue extraditado Alexander Montoya \u00dasuga, alias \u00abEl Flaco\u00bb, integrante del Clan del Golfo, quien fue capturado en 2012 en Honduras y es primo del m\u00e1ximo cabecilla de ese grupo armado ilegal Dairo Antonio \u00dasuga, alias \u00abOtoniel\u00bb.<br \/>\nColombia enfrenta una presi\u00f3n permanente de Estados Unidos para reducir el cultivo de la coca, la materia prima de la coca\u00edna.<br \/>\nLas disidencias de la desmovilizada guerrilla de las FARC que se apartaron de un acuerdo de paz firmado en 2016, el ELN y bandas criminales conformadas por exparamilitares de ultraderecha est\u00e1n involucrados en el narcotr\u00e1fico, considerado como el combustible que alimenta un viejo conflicto armado de m\u00e1s de cinco d\u00e9cadas, que ha dejado 260.000 muertos.<br \/>\nEl ELN, conformado por unos 2.500 combatientes y pasado como una organizaci\u00f3n terrorista por Estados Unidos y la Uni\u00f3n Europea, ha negado en el estar implicado en actividades de narcotr\u00e1fico, aunque admite que en las regiones selv\u00e1ticas y monta\u00f1osas en donde tiene presencia existen cultivos de hoja de coca y laboratorios para producir coca\u00edna. (Reuters)<\/p>\n","protected":false},"excerpt":{"rendered":"<p>Bogot\u00e1.- Colombia, por primera vez en la historia, extradit\u00f3 ayer a Estados Unidos a dos supuestos integrantes de la guerrilla del Ej\u00e9rcito de Liberaci\u00f3n Nacional (ELN) acusados de narcotr\u00e1fico y solicitados por una corte federal, inform\u00f3 el Gobierno. La extradici\u00f3n es uno de los mecanismos m\u00e1s temidos por los implicados en la producci\u00f3n y el [&hellip;]<\/p>\n","protected":false},"author":1,"featured_media":24506,"comment_status":"closed","ping_status":"closed","sticky":false,"template":"","format":"standard","meta":{"_acf_changed":false,"footnotes":""},"categories":[3],"tags":[],"class_list":["post-24505","post","type-post","status-publish","format-standard","has-post-thumbnail","category-internacional"],"acf":{"antetitulo":""},"yoast_head":"<!-- This site is optimized with the Yoast SEO plugin v28.4 - https:\/\/yoast.com\/product\/yoast-seo-wordpress\/ -->\n<title>Colombia extradita a Estados Unidos a dos rebeldes del ELN - El Diario - Bolivia<\/title>\n<meta name=\"robots\" content=\"index, follow, max-snippet:-1, max-image-preview:large, max-video-preview:-1\" \/>\n<link rel=\"canonical\" href=\"https:\/\/www.eldiario.net\/portal\/2021\/08\/20\/colombia-extradita-a-estados-unidos-a-dos-rebeldes-del-eln\/\" \/>\n<meta property=\"og:locale\" content=\"es_ES\" \/>\n<meta property=\"og:type\" content=\"article\" \/>\n<meta property=\"og:title\" content=\"Colombia extradita a Estados Unidos a dos rebeldes del ELN - El Diario - Bolivia\" \/>\n<meta property=\"og:description\" content=\"Bogot\u00e1.- Colombia, por primera vez en la historia, extradit\u00f3 ayer a Estados Unidos a dos supuestos integrantes de la guerrilla del Ej\u00e9rcito de Liberaci\u00f3n Nacional (ELN) acusados de narcotr\u00e1fico y solicitados por una corte federal, inform\u00f3 el Gobierno. La extradici\u00f3n es uno de los mecanismos m\u00e1s temidos por los implicados en la producci\u00f3n y el [&hellip;]\" \/>\n<meta property=\"og:url\" content=\"https:\/\/www.eldiario.net\/portal\/2021\/08\/20\/colombia-extradita-a-estados-unidos-a-dos-rebeldes-del-eln\/\" \/>\n<meta property=\"og:site_name\" content=\"El Diario - Bolivia\" \/>\n<meta property=\"article:publisher\" content=\"https:\/\/www.facebook.com\/eldiario.bolivia\/\" \/>\n<meta property=\"article:published_time\" content=\"2021-08-20T06:26:16+00:00\" \/>\n<meta property=\"og:image\" content=\"https:\/\/www.eldiario.net\/portal\/wp-content\/uploads\/2021\/08\/Colombia-EEUU-scaled-1.jpg\" \/>\n\t<meta property=\"og:image:width\" content=\"2560\" \/>\n\t<meta property=\"og:image:height\" content=\"1707\" \/>\n\t<meta property=\"og:image:type\" content=\"image\/jpeg\" \/>\n<meta name=\"author\" content=\"Jeanette\" \/>\n<meta name=\"twitter:card\" content=\"summary_large_image\" \/>\n<meta name=\"twitter:creator\" content=\"@eldiario_net\" \/>\n<meta name=\"twitter:site\" content=\"@eldiario_net\" \/>\n<meta name=\"twitter:label1\" content=\"Escrito por\" \/>\n\t<meta name=\"twitter:data1\" content=\"Jeanette\" \/>\n\t<meta name=\"twitter:label2\" content=\"Tiempo de lectura\" \/>\n\t<meta name=\"twitter:data2\" content=\"2 minutos\" \/>\n<script type=\"application\/ld+json\" class=\"yoast-schema-graph\">{\"@context\":\"https:\\\/\\\/schema.org\",\"@graph\":[{\"@type\":\"Article\",\"@id\":\"https:\\\/\\\/www.eldiario.net\\\/portal\\\/2021\\\/08\\\/20\\\/colombia-extradita-a-estados-unidos-a-dos-rebeldes-del-eln\\\/#article\",\"isPartOf\":{\"@id\":\"https:\\\/\\\/www.eldiario.net\\\/portal\\\/2021\\\/08\\\/20\\\/colombia-extradita-a-estados-unidos-a-dos-rebeldes-del-eln\\\/\"},\"author\":{\"name\":\"Jeanette\",\"@id\":\"https:\\\/\\\/www.eldiario.net\\\/portal\\\/#\\\/schema\\\/person\\\/f46445640444750d7d753ccd04ae01b7\"},\"headline\":\"Colombia extradita a Estados Unidos a dos rebeldes del ELN\",\"datePublished\":\"2021-08-20T06:26:16+00:00\",\"mainEntityOfPage\":{\"@id\":\"https:\\\/\\\/www.eldiario.net\\\/portal\\\/2021\\\/08\\\/20\\\/colombia-extradita-a-estados-unidos-a-dos-rebeldes-del-eln\\\/\"},\"wordCount\":416,\"publisher\":{\"@id\":\"https:\\\/\\\/www.eldiario.net\\\/portal\\\/#organization\"},\"image\":{\"@id\":\"https:\\\/\\\/www.eldiario.net\\\/portal\\\/2021\\\/08\\\/20\\\/colombia-extradita-a-estados-unidos-a-dos-rebeldes-del-eln\\\/#primaryimage\"},\"thumbnailUrl\":\"https:\\\/\\\/www.eldiario.net\\\/portal\\\/wp-content\\\/uploads\\\/2021\\\/08\\\/Colombia-EEUU-scaled-1.jpg\",\"articleSection\":[\"Internacional\"],\"inLanguage\":\"es\"},{\"@type\":\"WebPage\",\"@id\":\"https:\\\/\\\/www.eldiario.net\\\/portal\\\/2021\\\/08\\\/20\\\/colombia-extradita-a-estados-unidos-a-dos-rebeldes-del-eln\\\/\",\"url\":\"https:\\\/\\\/www.eldiario.net\\\/portal\\\/2021\\\/08\\\/20\\\/colombia-extradita-a-estados-unidos-a-dos-rebeldes-del-eln\\\/\",\"name\":\"Colombia extradita a Estados Unidos a dos rebeldes del ELN - El Diario - Bolivia\",\"isPartOf\":{\"@id\":\"https:\\\/\\\/www.eldiario.net\\\/portal\\\/#website\"},\"primaryImageOfPage\":{\"@id\":\"https:\\\/\\\/www.eldiario.net\\\/portal\\\/2021\\\/08\\\/20\\\/colombia-extradita-a-estados-unidos-a-dos-rebeldes-del-eln\\\/#primaryimage\"},\"image\":{\"@id\":\"https:\\\/\\\/www.eldiario.net\\\/portal\\\/2021\\\/08\\\/20\\\/colombia-extradita-a-estados-unidos-a-dos-rebeldes-del-eln\\\/#primaryimage\"},\"thumbnailUrl\":\"https:\\\/\\\/www.eldiario.net\\\/portal\\\/wp-content\\\/uploads\\\/2021\\\/08\\\/Colombia-EEUU-scaled-1.jpg\",\"datePublished\":\"2021-08-20T06:26:16+00:00\",\"breadcrumb\":{\"@id\":\"https:\\\/\\\/www.eldiario.net\\\/portal\\\/2021\\\/08\\\/20\\\/colombia-extradita-a-estados-unidos-a-dos-rebeldes-del-eln\\\/#breadcrumb\"},\"inLanguage\":\"es\",\"potentialAction\":[{\"@type\":\"ReadAction\",\"target\":[\"https:\\\/\\\/www.eldiario.net\\\/portal\\\/2021\\\/08\\\/20\\\/colombia-extradita-a-estados-unidos-a-dos-rebeldes-del-eln\\\/\"]}]},{\"@type\":\"ImageObject\",\"inLanguage\":\"es\",\"@id\":\"https:\\\/\\\/www.eldiario.net\\\/portal\\\/2021\\\/08\\\/20\\\/colombia-extradita-a-estados-unidos-a-dos-rebeldes-del-eln\\\/#primaryimage\",\"url\":\"https:\\\/\\\/www.eldiario.net\\\/portal\\\/wp-content\\\/uploads\\\/2021\\\/08\\\/Colombia-EEUU-scaled-1.jpg\",\"contentUrl\":\"https:\\\/\\\/www.eldiario.net\\\/portal\\\/wp-content\\\/uploads\\\/2021\\\/08\\\/Colombia-EEUU-scaled-1.jpg\",\"width\":2560,\"height\":1707,\"caption\":\"YAMIT PIC\u00d3N RODR\u00cdGUEZ, ACUSADO MIEMBRO DE LA GUERRILLA COLOMBIANA DEL EJ\u00c9RCITO DE LIBERACI\u00d3N NACIONAL (ELN), ES ESCOLTADO POR EFECTIVOS DE LA POLIC\u00cdA NACIONAL ANTEs DE SER EXTRADITADO A ESTADOS UNIDOS, EN LA BASE ANTINARC\u00d3TICOS EN BOGOT\u00c1, COLOMBIA. REUTERS\"},{\"@type\":\"BreadcrumbList\",\"@id\":\"https:\\\/\\\/www.eldiario.net\\\/portal\\\/2021\\\/08\\\/20\\\/colombia-extradita-a-estados-unidos-a-dos-rebeldes-del-eln\\\/#breadcrumb\",\"itemListElement\":[{\"@type\":\"ListItem\",\"position\":1,\"name\":\"Portada\",\"item\":\"https:\\\/\\\/www.eldiario.net\\\/portal\\\/\"},{\"@type\":\"ListItem\",\"position\":2,\"name\":\"Colombia extradita a Estados Unidos a dos rebeldes del ELN\"}]},{\"@type\":\"WebSite\",\"@id\":\"https:\\\/\\\/www.eldiario.net\\\/portal\\\/#website\",\"url\":\"https:\\\/\\\/www.eldiario.net\\\/portal\\\/\",\"name\":\"El Diario - Decano de la prensa nacional\",\"description\":\"El Diario - Decano de la prensa nacional\",\"publisher\":{\"@id\":\"https:\\\/\\\/www.eldiario.net\\\/portal\\\/#organization\"},\"potentialAction\":[{\"@type\":\"SearchAction\",\"target\":{\"@type\":\"EntryPoint\",\"urlTemplate\":\"https:\\\/\\\/www.eldiario.net\\\/portal\\\/?s={search_term_string}\"},\"query-input\":{\"@type\":\"PropertyValueSpecification\",\"valueRequired\":true,\"valueName\":\"search_term_string\"}}],\"inLanguage\":\"es\"},{\"@type\":\"Organization\",\"@id\":\"https:\\\/\\\/www.eldiario.net\\\/portal\\\/#organization\",\"name\":\"El Diario - Decano de la prensa nacional\",\"url\":\"https:\\\/\\\/www.eldiario.net\\\/portal\\\/\",\"logo\":{\"@type\":\"ImageObject\",\"inLanguage\":\"es\",\"@id\":\"https:\\\/\\\/www.eldiario.net\\\/portal\\\/#\\\/schema\\\/logo\\\/image\\\/\",\"url\":\"https:\\\/\\\/www.eldiario.net\\\/portal\\\/wp-content\\\/uploads\\\/2023\\\/07\\\/logo_ED.jpg\",\"contentUrl\":\"https:\\\/\\\/www.eldiario.net\\\/portal\\\/wp-content\\\/uploads\\\/2023\\\/07\\\/logo_ED.jpg\",\"width\":272,\"height\":52,\"caption\":\"El Diario - Decano de la prensa nacional\"},\"image\":{\"@id\":\"https:\\\/\\\/www.eldiario.net\\\/portal\\\/#\\\/schema\\\/logo\\\/image\\\/\"},\"sameAs\":[\"https:\\\/\\\/www.facebook.com\\\/eldiario.bolivia\\\/\",\"https:\\\/\\\/x.com\\\/eldiario_net\"]},{\"@type\":\"Person\",\"@id\":\"https:\\\/\\\/www.eldiario.net\\\/portal\\\/#\\\/schema\\\/person\\\/f46445640444750d7d753ccd04ae01b7\",\"name\":\"Jeanette\",\"image\":{\"@type\":\"ImageObject\",\"inLanguage\":\"es\",\"@id\":\"https:\\\/\\\/secure.gravatar.com\\\/avatar\\\/3ea2118a5f7dad2b7138b1187a6b7ee55f160b9968b66013c3a3ef39dd7e5798?s=96&d=mm&r=g\",\"url\":\"https:\\\/\\\/secure.gravatar.com\\\/avatar\\\/3ea2118a5f7dad2b7138b1187a6b7ee55f160b9968b66013c3a3ef39dd7e5798?s=96&d=mm&r=g\",\"contentUrl\":\"https:\\\/\\\/secure.gravatar.com\\\/avatar\\\/3ea2118a5f7dad2b7138b1187a6b7ee55f160b9968b66013c3a3ef39dd7e5798?s=96&d=mm&r=g\",\"caption\":\"Jeanette\"},\"sameAs\":[\"https:\\\/\\\/www.eldiario.net\\\/portal\"],\"url\":\"https:\\\/\\\/www.eldiario.net\\\/portal\\\/author\\\/jeanette\\\/\"}]}<\/script>\n<!-- \/ Yoast SEO plugin. -->","yoast_head_json":{"title":"Colombia extradita a Estados Unidos a dos rebeldes del ELN - El Diario - Bolivia","robots":{"index":"index","follow":"follow","max-snippet":"max-snippet:-1","max-image-preview":"max-image-preview:large","max-video-preview":"max-video-preview:-1"},"canonical":"https:\/\/www.eldiario.net\/portal\/2021\/08\/20\/colombia-extradita-a-estados-unidos-a-dos-rebeldes-del-eln\/","og_locale":"es_ES","og_type":"article","og_title":"Colombia extradita a Estados Unidos a dos rebeldes del ELN - El Diario - Bolivia","og_description":"Bogot\u00e1.- Colombia, por primera vez en la historia, extradit\u00f3 ayer a Estados Unidos a dos supuestos integrantes de la guerrilla del Ej\u00e9rcito de Liberaci\u00f3n Nacional (ELN) acusados de narcotr\u00e1fico y solicitados por una corte federal, inform\u00f3 el Gobierno. La extradici\u00f3n es uno de los mecanismos m\u00e1s temidos por los implicados en la producci\u00f3n y el [&hellip;]","og_url":"https:\/\/www.eldiario.net\/portal\/2021\/08\/20\/colombia-extradita-a-estados-unidos-a-dos-rebeldes-del-eln\/","og_site_name":"El Diario - Bolivia","article_publisher":"https:\/\/www.facebook.com\/eldiario.bolivia\/","article_published_time":"2021-08-20T06:26:16+00:00","og_image":[{"width":2560,"height":1707,"url":"https:\/\/www.eldiario.net\/portal\/wp-content\/uploads\/2021\/08\/Colombia-EEUU-scaled-1.jpg","type":"image\/jpeg"}],"author":"Jeanette","twitter_card":"summary_large_image","twitter_creator":"@eldiario_net","twitter_site":"@eldiario_net","twitter_misc":{"Escrito por":"Jeanette","Tiempo de lectura":"2 minutos"},"schema":{"@context":"https:\/\/schema.org","@graph":[{"@type":"Article","@id":"https:\/\/www.eldiario.net\/portal\/2021\/08\/20\/colombia-extradita-a-estados-unidos-a-dos-rebeldes-del-eln\/#article","isPartOf":{"@id":"https:\/\/www.eldiario.net\/portal\/2021\/08\/20\/colombia-extradita-a-estados-unidos-a-dos-rebeldes-del-eln\/"},"author":{"name":"Jeanette","@id":"https:\/\/www.eldiario.net\/portal\/#\/schema\/person\/f46445640444750d7d753ccd04ae01b7"},"headline":"Colombia extradita a Estados Unidos a dos rebeldes del ELN","datePublished":"2021-08-20T06:26:16+00:00","mainEntityOfPage":{"@id":"https:\/\/www.eldiario.net\/portal\/2021\/08\/20\/colombia-extradita-a-estados-unidos-a-dos-rebeldes-del-eln\/"},"wordCount":416,"publisher":{"@id":"https:\/\/www.eldiario.net\/portal\/#organization"},"image":{"@id":"https:\/\/www.eldiario.net\/portal\/2021\/08\/20\/colombia-extradita-a-estados-unidos-a-dos-rebeldes-del-eln\/#primaryimage"},"thumbnailUrl":"https:\/\/www.eldiario.net\/portal\/wp-content\/uploads\/2021\/08\/Colombia-EEUU-scaled-1.jpg","articleSection":["Internacional"],"inLanguage":"es"},{"@type":"WebPage","@id":"https:\/\/www.eldiario.net\/portal\/2021\/08\/20\/colombia-extradita-a-estados-unidos-a-dos-rebeldes-del-eln\/","url":"https:\/\/www.eldiario.net\/portal\/2021\/08\/20\/colombia-extradita-a-estados-unidos-a-dos-rebeldes-del-eln\/","name":"Colombia extradita a Estados Unidos a dos rebeldes del ELN - El Diario - Bolivia","isPartOf":{"@id":"https:\/\/www.eldiario.net\/portal\/#website"},"primaryImageOfPage":{"@id":"https:\/\/www.eldiario.net\/portal\/2021\/08\/20\/colombia-extradita-a-estados-unidos-a-dos-rebeldes-del-eln\/#primaryimage"},"image":{"@id":"https:\/\/www.eldiario.net\/portal\/2021\/08\/20\/colombia-extradita-a-estados-unidos-a-dos-rebeldes-del-eln\/#primaryimage"},"thumbnailUrl":"https:\/\/www.eldiario.net\/portal\/wp-content\/uploads\/2021\/08\/Colombia-EEUU-scaled-1.jpg","datePublished":"2021-08-20T06:26:16+00:00","breadcrumb":{"@id":"https:\/\/www.eldiario.net\/portal\/2021\/08\/20\/colombia-extradita-a-estados-unidos-a-dos-rebeldes-del-eln\/#breadcrumb"},"inLanguage":"es","potentialAction":[{"@type":"ReadAction","target":["https:\/\/www.eldiario.net\/portal\/2021\/08\/20\/colombia-extradita-a-estados-unidos-a-dos-rebeldes-del-eln\/"]}]},{"@type":"ImageObject","inLanguage":"es","@id":"https:\/\/www.eldiario.net\/portal\/2021\/08\/20\/colombia-extradita-a-estados-unidos-a-dos-rebeldes-del-eln\/#primaryimage","url":"https:\/\/www.eldiario.net\/portal\/wp-content\/uploads\/2021\/08\/Colombia-EEUU-scaled-1.jpg","contentUrl":"https:\/\/www.eldiario.net\/portal\/wp-content\/uploads\/2021\/08\/Colombia-EEUU-scaled-1.jpg","width":2560,"height":1707,"caption":"YAMIT PIC\u00d3N RODR\u00cdGUEZ, ACUSADO MIEMBRO DE LA GUERRILLA COLOMBIANA DEL EJ\u00c9RCITO DE LIBERACI\u00d3N NACIONAL (ELN), ES ESCOLTADO POR EFECTIVOS DE LA POLIC\u00cdA NACIONAL ANTEs DE SER EXTRADITADO A ESTADOS UNIDOS, EN LA BASE ANTINARC\u00d3TICOS EN BOGOT\u00c1, COLOMBIA. REUTERS"},{"@type":"BreadcrumbList","@id":"https:\/\/www.eldiario.net\/portal\/2021\/08\/20\/colombia-extradita-a-estados-unidos-a-dos-rebeldes-del-eln\/#breadcrumb","itemListElement":[{"@type":"ListItem","position":1,"name":"Portada","item":"https:\/\/www.eldiario.net\/portal\/"},{"@type":"ListItem","position":2,"name":"Colombia extradita a Estados Unidos a dos rebeldes del ELN"}]},{"@type":"WebSite","@id":"https:\/\/www.eldiario.net\/portal\/#website","url":"https:\/\/www.eldiario.net\/portal\/","name":"El Diario - Decano de la prensa nacional","description":"El Diario - Decano de la prensa nacional","publisher":{"@id":"https:\/\/www.eldiario.net\/portal\/#organization"},"potentialAction":[{"@type":"SearchAction","target":{"@type":"EntryPoint","urlTemplate":"https:\/\/www.eldiario.net\/portal\/?s={search_term_string}"},"query-input":{"@type":"PropertyValueSpecification","valueRequired":true,"valueName":"search_term_string"}}],"inLanguage":"es"},{"@type":"Organization","@id":"https:\/\/www.eldiario.net\/portal\/#organization","name":"El Diario - Decano de la prensa nacional","url":"https:\/\/www.eldiario.net\/portal\/","logo":{"@type":"ImageObject","inLanguage":"es","@id":"https:\/\/www.eldiario.net\/portal\/#\/schema\/logo\/image\/","url":"https:\/\/www.eldiario.net\/portal\/wp-content\/uploads\/2023\/07\/logo_ED.jpg","contentUrl":"https:\/\/www.eldiario.net\/portal\/wp-content\/uploads\/2023\/07\/logo_ED.jpg","width":272,"height":52,"caption":"El Diario - Decano de la prensa nacional"},"image":{"@id":"https:\/\/www.eldiario.net\/portal\/#\/schema\/logo\/image\/"},"sameAs":["https:\/\/www.facebook.com\/eldiario.bolivia\/","https:\/\/x.com\/eldiario_net"]},{"@type":"Person","@id":"https:\/\/www.eldiario.net\/portal\/#\/schema\/person\/f46445640444750d7d753ccd04ae01b7","name":"Jeanette","image":{"@type":"ImageObject","inLanguage":"es","@id":"https:\/\/secure.gravatar.com\/avatar\/3ea2118a5f7dad2b7138b1187a6b7ee55f160b9968b66013c3a3ef39dd7e5798?s=96&d=mm&r=g","url":"https:\/\/secure.gravatar.com\/avatar\/3ea2118a5f7dad2b7138b1187a6b7ee55f160b9968b66013c3a3ef39dd7e5798?s=96&d=mm&r=g","contentUrl":"https:\/\/secure.gravatar.com\/avatar\/3ea2118a5f7dad2b7138b1187a6b7ee55f160b9968b66013c3a3ef39dd7e5798?s=96&d=mm&r=g","caption":"Jeanette"},"sameAs":["https:\/\/www.eldiario.net\/portal"],"url":"https:\/\/www.eldiario.net\/portal\/author\/jeanette\/"}]}},"_links":{"self":[{"href":"https:\/\/www.eldiario.net\/portal\/wp-json\/wp\/v2\/posts\/24505","targetHints":{"allow":["GET"]}}],"collection":[{"href":"https:\/\/www.eldiario.net\/portal\/wp-json\/wp\/v2\/posts"}],"about":[{"href":"https:\/\/www.eldiario.net\/portal\/wp-json\/wp\/v2\/types\/post"}],"author":[{"embeddable":true,"href":"https:\/\/www.eldiario.net\/portal\/wp-json\/wp\/v2\/users\/1"}],"replies":[{"embeddable":true,"href":"https:\/\/www.eldiario.net\/portal\/wp-json\/wp\/v2\/comments?post=24505"}],"version-history":[{"count":0,"href":"https:\/\/www.eldiario.net\/portal\/wp-json\/wp\/v2\/posts\/24505\/revisions"}],"wp:featuredmedia":[{"embeddable":true,"href":"https:\/\/www.eldiario.net\/portal\/wp-json\/wp\/v2\/media\/24506"}],"wp:attachment":[{"href":"https:\/\/www.eldiario.net\/portal\/wp-json\/wp\/v2\/media?parent=24505"}],"wp:term":[{"taxonomy":"category","embeddable":true,"href":"https:\/\/www.eldiario.net\/portal\/wp-json\/wp\/v2\/categories?post=24505"},{"taxonomy":"post_tag","embeddable":true,"href":"https:\/\/www.eldiario.net\/portal\/wp-json\/wp\/v2\/tags?post=24505"}],"curies":[{"name":"wp","href":"https:\/\/api.w.org\/{rel}","templated":true}]}}