{"id":24495,"date":"2021-08-20T02:21:30","date_gmt":"2021-08-20T06:21:30","guid":{"rendered":"https:\/\/www.eldiario.net\/portal\/?p=24495"},"modified":"2021-08-20T02:21:30","modified_gmt":"2021-08-20T06:21:30","slug":"joyas-de-1952","status":"publish","type":"post","link":"https:\/\/www.eldiario.net\/portal\/2021\/08\/20\/joyas-de-1952\/","title":{"rendered":"Joyas de 1952"},"content":{"rendered":"<p>Hace setenta a\u00f1os, el pa\u00eds vivi\u00f3 una revoluci\u00f3n que, adem\u00e1s de la reforma agraria, dej\u00f3 una empresa minera que ahora est\u00e1 agonizando, algo que ocurre con casi todas las obras de las revoluciones.<br \/>\nDesde entonces, Bolivia pas\u00f3 de ser el primer productor mundial de esta\u00f1o a ser el segundo, el tercero, y ahora ya ni figura en esas listas, pero podr\u00eda figurar en las del campeonato mundial, si lo hubiera, de las empresas con mayores d\u00e9ficit en sus operaciones.<br \/>\nEso es lo que dice el informe sobre las empresas p\u00fablicas elaborado en 2019 por la OFEP pero que fue escondido por el ministro de econom\u00eda de entonces, Luis Arce Catacora, el actual presidente.<br \/>\nUn informe que le cost\u00f3 mucho dinero al pa\u00eds, porque la OFEP es una oficina estatal con profesionales capacitados que analiza la salud de todas las empresas p\u00fablicas a partir de datos que esas empresas est\u00e1n obligadas a entregarle desde que la expresidenta Jeanine A\u00f1ez as\u00ed lo dispuso.<br \/>\nAhora ya el Gobierno no podr\u00eda ocultar el informe de la OFEP, aunque es probable que quisiera hacerlo en vista de que el diagn\u00f3stico sobre el estado de las empresas no debe ser muy diferente del que se hizo en 2019.<br \/>\nEse informe detect\u00f3 que la falta de control de los activos fijos, la elevada carga social y deudas son algunos problemas que aquejan a Comibol y a sus cinco filiales.<br \/>\nLa alusi\u00f3n a la \u201celevada carga social\u201d es gen\u00e9rica, porque si hubiera querido dar datos espec\u00edficos habr\u00eda tenido que mencionar que la empresa Huanuni aument\u00f3 su planilla en 4.000 personas en 2006 sin ninguna necesidad econ\u00f3mica, sino por urgencias pol\u00edticas.<br \/>\nFue el entonces presidente Morales el que tom\u00f3 esa decisi\u00f3n sin consultar con la empresa, sino porque necesitaba beneficiar a unos cooperativistas que exig\u00edan tener un salario. La soluci\u00f3n fue un error econ\u00f3mico y pol\u00edtico porque, aunque la planilla de Huanuni hab\u00eda crecido de 700 obreros a 4.700, siguieron pululando cooperativistas deseosos de explotar el mismo yacimiento, adem\u00e1s de los ladrones de mineral, conocidos como \u201cjucus\u201d.<br \/>\nEn 2019 las empresas de Comibol que estaban en crisis eran Huanuni, Colquiri, EBO (Empresa Boliviana del Oro), Corocoro y Karachipampa. Ahora, en 2021, quiz\u00e1 haya que incluir en la lista a la Empresa Sider\u00fargica Mut\u00fan, que las trae muy mal.<br \/>\nLa joya de la revoluci\u00f3n de 1952 se ha convertido en un lastre, en una carga manejada con irresponsabilidad, porque sus ejecutivos ni siquiera conocen todos los activos de la empresa, adem\u00e1s que el collar de pesadas cargas crece con gobiernos irresponsables, como el que cre\u00f3 EBO solo para halagar al cocalero Morales cuando estaba de presidente.<\/p>\n<p><a href=\"https:\/\/www.eldiario.net\/portal\/wp-content\/uploads\/2021\/08\/Sin-titulo-1-4.jpg\"><img loading=\"lazy\" decoding=\"async\" class=\"aligncenter size-medium wp-image-24496\" src=\"https:\/\/www.eldiario.net\/portal\/wp-content\/uploads\/2021\/08\/Sin-titulo-1-4-300x60.jpg\" alt=\"\" width=\"300\" height=\"60\" \/><\/a><\/p>\n<p><img loading=\"lazy\" decoding=\"async\" class=\"alignleft size-full wp-image-24497\" src=\"https:\/\/www.eldiario.net\/portal\/wp-content\/uploads\/2021\/08\/petroleo-2.jpg\" alt=\"\" width=\"150\" height=\"203\" \/><strong>PETR\u00d3LEO<\/strong><\/p>\n<p>El petr\u00f3leo cay\u00f3 el jueves a su nivel m\u00e1s bajo desde mayo, presionado por las preocupaciones sobre una demanda m\u00e1s d\u00e9bil a medida que aumentan los casos de covid-19, un d\u00f3lar estadounidense m\u00e1s fuerte y un aumento sorprendente en los inventarios de gasolina de Estados Unidos. Tanto el crudo Brent como el WTI han ca\u00eddo durante seis d\u00edas seguidos, la racha de p\u00e9rdidas m\u00e1s larga desde finales de febrero de 2020.<\/p>\n<p>&nbsp;<\/p>\n<p>&nbsp;<\/p>\n<p><img loading=\"lazy\" decoding=\"async\" class=\"alignleft size-full wp-image-24498\" src=\"https:\/\/www.eldiario.net\/portal\/wp-content\/uploads\/2021\/08\/oro-2.jpg\" alt=\"\" width=\"150\" height=\"192\" \/><strong>ORO<\/strong><\/p>\n<p>El alza en el precio del d\u00f3lar con respecto a otras monedas est\u00e1 afectando negativamente el precio del oro en el mercado internacional. Los expertos consideran que el temor sobre el efecto del rebrote de casos de covid-19 podr\u00eda desencadenar una nueva ca\u00edda en la econom\u00eda que inevitablemente resulta en un aumento en el precio del d\u00f3lar. El futuro del precio del oro depende ahora de cu\u00e1nto afecten las nuevas variantes del virus.<\/p>\n<p>&nbsp;<\/p>\n<p>&nbsp;<\/p>\n<p><img loading=\"lazy\" decoding=\"async\" class=\"alignleft size-full wp-image-24499\" src=\"https:\/\/www.eldiario.net\/portal\/wp-content\/uploads\/2021\/08\/zinc-2.jpg\" alt=\"\" width=\"150\" height=\"194\" \/><strong>ZINC<\/strong><\/p>\n<p>Nuevas estad\u00edsticas sobre la ca\u00edda de la demanda de zinc en la india y China resultaron en fuertes ca\u00edda en el precio internacional del zinc. Junto con otras materias primas industriales, el zinc sufre los efectos de la incertidumbre sobre la recuperaci\u00f3n en la econom\u00eda mundial. La ca\u00edda en la demanda es solo moment\u00e1nea y no afecta la situaci\u00f3n del d\u00e9ficit de producci\u00f3n en el mercado del zinc estimada para fin de a\u00f1o que define el precio de largo plazo.<\/p>\n<p>&nbsp;<\/p>\n<p>&nbsp;<\/p>\n<p><em><strong>Econom\u00eda y pol\u00edtica<\/strong><\/em><\/p>\n<p>\u201cNo puede m\u00e1s nunca utilizarse la econom\u00eda como centro de batalla para la pol\u00edtica\u201d dijo el presidente de Venezuela, Nicol\u00e1s Maduro, durante su campa\u00f1a por las elecciones regionales de Venezuela. Su partido estuvo a cargo de la mayor cat\u00e1strofe econ\u00f3mica de la historia universal fuera de unos cuantos pa\u00edses en tiempos de guerra.<\/p>\n<p><em><strong>Aversi\u00f3n global<\/strong><\/em><\/p>\n<p>Los activos y la moneda argentina perdieron terreno esta semana por lo que algunos expertos llamaron \u201cun aumento en la aversi\u00f3n al riesgo global\u201d desencadenado por la propagaci\u00f3n de las variantes de covid-19. Esto podr\u00eda reducir la demanda y el consumo de los pa\u00edses ricos que afectar\u00eda la venta de materias primas que vende Argentina.<\/p>\n<p><em><strong>Un salvavidas<\/strong><\/em><\/p>\n<p>El parlamento de Per\u00fa le lanz\u00f3 un salvavidas al gobierno de Pedro Castillo al proponer al Ministerio de Econom\u00eda que se retomen algunas de las medidas econ\u00f3micas liberales que estaban a punto de ser aprobadas por el anterior gobierno. El salvavidas es tambi\u00e9n para la econom\u00eda que ha perdido confianza internacional tras la elecci\u00f3n del candidato socialista.<\/p>\n<p style=\"text-align: center;\">Lo bueno<br \/>\n***<br \/>\nEs que YPFB informa que en el primer semestre del a\u00f1o la empresa entreg\u00f3 al pa\u00eds 23,2 millones de garrafas con GLP, para atender la creciente demanda.<\/p>\n<p style=\"text-align: center;\">Lo malo<br \/>\n***<br \/>\nEs que la reducida producci\u00f3n de petr\u00f3leo y el descenso de la producci\u00f3n de gas natural pone en riesgo la continuidad de la producci\u00f3n de GLP.<\/p>\n<p style=\"text-align: center;\">Lo feo<br \/>\n***<br \/>\nEs que 75 % de las garrafas que consume el pa\u00eds se concentra en los tres departamentos de la troncal y que desde La Paz salen miles de garrafas a Per\u00fa.<\/p>\n","protected":false},"excerpt":{"rendered":"<p>Hace setenta a\u00f1os, el pa\u00eds vivi\u00f3 una revoluci\u00f3n que, adem\u00e1s de la reforma agraria, dej\u00f3 una empresa minera que ahora est\u00e1 agonizando, algo que ocurre con casi todas las obras de las revoluciones. Desde entonces, Bolivia pas\u00f3 de ser el primer productor mundial de esta\u00f1o a ser el segundo, el tercero, y ahora ya ni [&hellip;]<\/p>\n","protected":false},"author":1,"featured_media":24500,"comment_status":"closed","ping_status":"closed","sticky":false,"template":"","format":"standard","meta":{"_acf_changed":false,"footnotes":""},"categories":[7],"tags":[],"class_list":["post-24495","post","type-post","status-publish","format-standard","has-post-thumbnail","category-economia"],"acf":{"antetitulo":""},"yoast_head":"<!-- This site is optimized with the Yoast SEO plugin v28.4 - https:\/\/yoast.com\/product\/yoast-seo-wordpress\/ -->\n<title>Joyas de 1952 - El Diario - Bolivia<\/title>\n<meta name=\"robots\" content=\"index, follow, max-snippet:-1, max-image-preview:large, max-video-preview:-1\" \/>\n<link rel=\"canonical\" href=\"https:\/\/www.eldiario.net\/portal\/2021\/08\/20\/joyas-de-1952\/\" \/>\n<meta property=\"og:locale\" content=\"es_ES\" \/>\n<meta property=\"og:type\" content=\"article\" \/>\n<meta property=\"og:title\" content=\"Joyas de 1952 - El Diario - Bolivia\" \/>\n<meta property=\"og:description\" content=\"Hace setenta a\u00f1os, el pa\u00eds vivi\u00f3 una revoluci\u00f3n que, adem\u00e1s de la reforma agraria, dej\u00f3 una empresa minera que ahora est\u00e1 agonizando, algo que ocurre con casi todas las obras de las revoluciones. Desde entonces, Bolivia pas\u00f3 de ser el primer productor mundial de esta\u00f1o a ser el segundo, el tercero, y ahora ya ni [&hellip;]\" \/>\n<meta property=\"og:url\" content=\"https:\/\/www.eldiario.net\/portal\/2021\/08\/20\/joyas-de-1952\/\" \/>\n<meta property=\"og:site_name\" content=\"El Diario - Bolivia\" \/>\n<meta property=\"article:publisher\" content=\"https:\/\/www.facebook.com\/eldiario.bolivia\/\" \/>\n<meta property=\"article:published_time\" content=\"2021-08-20T06:21:30+00:00\" \/>\n<meta name=\"author\" content=\"Jeanette\" \/>\n<meta name=\"twitter:card\" content=\"summary_large_image\" \/>\n<meta name=\"twitter:creator\" content=\"@eldiario_net\" \/>\n<meta name=\"twitter:site\" content=\"@eldiario_net\" \/>\n<meta name=\"twitter:label1\" content=\"Escrito por\" \/>\n\t<meta name=\"twitter:data1\" content=\"Jeanette\" \/>\n\t<meta name=\"twitter:label2\" content=\"Tiempo de lectura\" \/>\n\t<meta name=\"twitter:data2\" content=\"5 minutos\" \/>\n<script type=\"application\/ld+json\" class=\"yoast-schema-graph\">{\"@context\":\"https:\\\/\\\/schema.org\",\"@graph\":[{\"@type\":\"Article\",\"@id\":\"https:\\\/\\\/www.eldiario.net\\\/portal\\\/2021\\\/08\\\/20\\\/joyas-de-1952\\\/#article\",\"isPartOf\":{\"@id\":\"https:\\\/\\\/www.eldiario.net\\\/portal\\\/2021\\\/08\\\/20\\\/joyas-de-1952\\\/\"},\"author\":{\"name\":\"Jeanette\",\"@id\":\"https:\\\/\\\/www.eldiario.net\\\/portal\\\/#\\\/schema\\\/person\\\/2c57cf2b7a7ae032e449e4c9b1019eac\"},\"headline\":\"Joyas de 1952\",\"datePublished\":\"2021-08-20T06:21:30+00:00\",\"mainEntityOfPage\":{\"@id\":\"https:\\\/\\\/www.eldiario.net\\\/portal\\\/2021\\\/08\\\/20\\\/joyas-de-1952\\\/\"},\"wordCount\":1008,\"publisher\":{\"@id\":\"https:\\\/\\\/www.eldiario.net\\\/portal\\\/#organization\"},\"image\":{\"@id\":\"https:\\\/\\\/www.eldiario.net\\\/portal\\\/2021\\\/08\\\/20\\\/joyas-de-1952\\\/#primaryimage\"},\"thumbnailUrl\":\"\",\"articleSection\":[\"Econom\u00eda\"],\"inLanguage\":\"es\"},{\"@type\":\"WebPage\",\"@id\":\"https:\\\/\\\/www.eldiario.net\\\/portal\\\/2021\\\/08\\\/20\\\/joyas-de-1952\\\/\",\"url\":\"https:\\\/\\\/www.eldiario.net\\\/portal\\\/2021\\\/08\\\/20\\\/joyas-de-1952\\\/\",\"name\":\"Joyas de 1952 - El Diario - Bolivia\",\"isPartOf\":{\"@id\":\"https:\\\/\\\/www.eldiario.net\\\/portal\\\/#website\"},\"primaryImageOfPage\":{\"@id\":\"https:\\\/\\\/www.eldiario.net\\\/portal\\\/2021\\\/08\\\/20\\\/joyas-de-1952\\\/#primaryimage\"},\"image\":{\"@id\":\"https:\\\/\\\/www.eldiario.net\\\/portal\\\/2021\\\/08\\\/20\\\/joyas-de-1952\\\/#primaryimage\"},\"thumbnailUrl\":\"\",\"datePublished\":\"2021-08-20T06:21:30+00:00\",\"breadcrumb\":{\"@id\":\"https:\\\/\\\/www.eldiario.net\\\/portal\\\/2021\\\/08\\\/20\\\/joyas-de-1952\\\/#breadcrumb\"},\"inLanguage\":\"es\",\"potentialAction\":[{\"@type\":\"ReadAction\",\"target\":[\"https:\\\/\\\/www.eldiario.net\\\/portal\\\/2021\\\/08\\\/20\\\/joyas-de-1952\\\/\"]}]},{\"@type\":\"ImageObject\",\"inLanguage\":\"es\",\"@id\":\"https:\\\/\\\/www.eldiario.net\\\/portal\\\/2021\\\/08\\\/20\\\/joyas-de-1952\\\/#primaryimage\",\"url\":\"\",\"contentUrl\":\"\"},{\"@type\":\"BreadcrumbList\",\"@id\":\"https:\\\/\\\/www.eldiario.net\\\/portal\\\/2021\\\/08\\\/20\\\/joyas-de-1952\\\/#breadcrumb\",\"itemListElement\":[{\"@type\":\"ListItem\",\"position\":1,\"name\":\"Portada\",\"item\":\"https:\\\/\\\/www.eldiario.net\\\/portal\\\/\"},{\"@type\":\"ListItem\",\"position\":2,\"name\":\"Joyas de 1952\"}]},{\"@type\":\"WebSite\",\"@id\":\"https:\\\/\\\/www.eldiario.net\\\/portal\\\/#website\",\"url\":\"https:\\\/\\\/www.eldiario.net\\\/portal\\\/\",\"name\":\"El Diario - Decano de la prensa nacional\",\"description\":\"El Diario - Decano de la prensa nacional\",\"publisher\":{\"@id\":\"https:\\\/\\\/www.eldiario.net\\\/portal\\\/#organization\"},\"potentialAction\":[{\"@type\":\"SearchAction\",\"target\":{\"@type\":\"EntryPoint\",\"urlTemplate\":\"https:\\\/\\\/www.eldiario.net\\\/portal\\\/?s={search_term_string}\"},\"query-input\":{\"@type\":\"PropertyValueSpecification\",\"valueRequired\":true,\"valueName\":\"search_term_string\"}}],\"inLanguage\":\"es\"},{\"@type\":\"Organization\",\"@id\":\"https:\\\/\\\/www.eldiario.net\\\/portal\\\/#organization\",\"name\":\"El Diario - Decano de la prensa nacional\",\"url\":\"https:\\\/\\\/www.eldiario.net\\\/portal\\\/\",\"logo\":{\"@type\":\"ImageObject\",\"inLanguage\":\"es\",\"@id\":\"https:\\\/\\\/www.eldiario.net\\\/portal\\\/#\\\/schema\\\/logo\\\/image\\\/\",\"url\":\"https:\\\/\\\/www.eldiario.net\\\/portal\\\/wp-content\\\/uploads\\\/2023\\\/07\\\/logo_ED.jpg\",\"contentUrl\":\"https:\\\/\\\/www.eldiario.net\\\/portal\\\/wp-content\\\/uploads\\\/2023\\\/07\\\/logo_ED.jpg\",\"width\":272,\"height\":52,\"caption\":\"El Diario - Decano de la prensa nacional\"},\"image\":{\"@id\":\"https:\\\/\\\/www.eldiario.net\\\/portal\\\/#\\\/schema\\\/logo\\\/image\\\/\"},\"sameAs\":[\"https:\\\/\\\/www.facebook.com\\\/eldiario.bolivia\\\/\",\"https:\\\/\\\/x.com\\\/eldiario_net\"]},{\"@type\":\"Person\",\"@id\":\"https:\\\/\\\/www.eldiario.net\\\/portal\\\/#\\\/schema\\\/person\\\/2c57cf2b7a7ae032e449e4c9b1019eac\",\"name\":\"Jeanette\",\"image\":{\"@type\":\"ImageObject\",\"inLanguage\":\"es\",\"@id\":\"https:\\\/\\\/secure.gravatar.com\\\/avatar\\\/3ea2118a5f7dad2b7138b1187a6b7ee55f160b9968b66013c3a3ef39dd7e5798?s=96&d=mm&r=g\",\"url\":\"https:\\\/\\\/secure.gravatar.com\\\/avatar\\\/3ea2118a5f7dad2b7138b1187a6b7ee55f160b9968b66013c3a3ef39dd7e5798?s=96&d=mm&r=g\",\"contentUrl\":\"https:\\\/\\\/secure.gravatar.com\\\/avatar\\\/3ea2118a5f7dad2b7138b1187a6b7ee55f160b9968b66013c3a3ef39dd7e5798?s=96&d=mm&r=g\",\"caption\":\"Jeanette\"},\"sameAs\":[\"https:\\\/\\\/www.eldiario.net\\\/portal\"],\"url\":\"https:\\\/\\\/www.eldiario.net\\\/portal\\\/author\\\/jeanette\\\/\"}]}<\/script>\n<!-- \/ Yoast SEO plugin. -->","yoast_head_json":{"title":"Joyas de 1952 - El Diario - Bolivia","robots":{"index":"index","follow":"follow","max-snippet":"max-snippet:-1","max-image-preview":"max-image-preview:large","max-video-preview":"max-video-preview:-1"},"canonical":"https:\/\/www.eldiario.net\/portal\/2021\/08\/20\/joyas-de-1952\/","og_locale":"es_ES","og_type":"article","og_title":"Joyas de 1952 - El Diario - Bolivia","og_description":"Hace setenta a\u00f1os, el pa\u00eds vivi\u00f3 una revoluci\u00f3n que, adem\u00e1s de la reforma agraria, dej\u00f3 una empresa minera que ahora est\u00e1 agonizando, algo que ocurre con casi todas las obras de las revoluciones. Desde entonces, Bolivia pas\u00f3 de ser el primer productor mundial de esta\u00f1o a ser el segundo, el tercero, y ahora ya ni [&hellip;]","og_url":"https:\/\/www.eldiario.net\/portal\/2021\/08\/20\/joyas-de-1952\/","og_site_name":"El Diario - Bolivia","article_publisher":"https:\/\/www.facebook.com\/eldiario.bolivia\/","article_published_time":"2021-08-20T06:21:30+00:00","author":"Jeanette","twitter_card":"summary_large_image","twitter_creator":"@eldiario_net","twitter_site":"@eldiario_net","twitter_misc":{"Escrito por":"Jeanette","Tiempo de lectura":"5 minutos"},"schema":{"@context":"https:\/\/schema.org","@graph":[{"@type":"Article","@id":"https:\/\/www.eldiario.net\/portal\/2021\/08\/20\/joyas-de-1952\/#article","isPartOf":{"@id":"https:\/\/www.eldiario.net\/portal\/2021\/08\/20\/joyas-de-1952\/"},"author":{"name":"Jeanette","@id":"https:\/\/www.eldiario.net\/portal\/#\/schema\/person\/2c57cf2b7a7ae032e449e4c9b1019eac"},"headline":"Joyas de 1952","datePublished":"2021-08-20T06:21:30+00:00","mainEntityOfPage":{"@id":"https:\/\/www.eldiario.net\/portal\/2021\/08\/20\/joyas-de-1952\/"},"wordCount":1008,"publisher":{"@id":"https:\/\/www.eldiario.net\/portal\/#organization"},"image":{"@id":"https:\/\/www.eldiario.net\/portal\/2021\/08\/20\/joyas-de-1952\/#primaryimage"},"thumbnailUrl":"","articleSection":["Econom\u00eda"],"inLanguage":"es"},{"@type":"WebPage","@id":"https:\/\/www.eldiario.net\/portal\/2021\/08\/20\/joyas-de-1952\/","url":"https:\/\/www.eldiario.net\/portal\/2021\/08\/20\/joyas-de-1952\/","name":"Joyas de 1952 - El Diario - Bolivia","isPartOf":{"@id":"https:\/\/www.eldiario.net\/portal\/#website"},"primaryImageOfPage":{"@id":"https:\/\/www.eldiario.net\/portal\/2021\/08\/20\/joyas-de-1952\/#primaryimage"},"image":{"@id":"https:\/\/www.eldiario.net\/portal\/2021\/08\/20\/joyas-de-1952\/#primaryimage"},"thumbnailUrl":"","datePublished":"2021-08-20T06:21:30+00:00","breadcrumb":{"@id":"https:\/\/www.eldiario.net\/portal\/2021\/08\/20\/joyas-de-1952\/#breadcrumb"},"inLanguage":"es","potentialAction":[{"@type":"ReadAction","target":["https:\/\/www.eldiario.net\/portal\/2021\/08\/20\/joyas-de-1952\/"]}]},{"@type":"ImageObject","inLanguage":"es","@id":"https:\/\/www.eldiario.net\/portal\/2021\/08\/20\/joyas-de-1952\/#primaryimage","url":"","contentUrl":""},{"@type":"BreadcrumbList","@id":"https:\/\/www.eldiario.net\/portal\/2021\/08\/20\/joyas-de-1952\/#breadcrumb","itemListElement":[{"@type":"ListItem","position":1,"name":"Portada","item":"https:\/\/www.eldiario.net\/portal\/"},{"@type":"ListItem","position":2,"name":"Joyas de 1952"}]},{"@type":"WebSite","@id":"https:\/\/www.eldiario.net\/portal\/#website","url":"https:\/\/www.eldiario.net\/portal\/","name":"El Diario - Decano de la prensa nacional","description":"El Diario - Decano de la prensa nacional","publisher":{"@id":"https:\/\/www.eldiario.net\/portal\/#organization"},"potentialAction":[{"@type":"SearchAction","target":{"@type":"EntryPoint","urlTemplate":"https:\/\/www.eldiario.net\/portal\/?s={search_term_string}"},"query-input":{"@type":"PropertyValueSpecification","valueRequired":true,"valueName":"search_term_string"}}],"inLanguage":"es"},{"@type":"Organization","@id":"https:\/\/www.eldiario.net\/portal\/#organization","name":"El Diario - Decano de la prensa nacional","url":"https:\/\/www.eldiario.net\/portal\/","logo":{"@type":"ImageObject","inLanguage":"es","@id":"https:\/\/www.eldiario.net\/portal\/#\/schema\/logo\/image\/","url":"https:\/\/www.eldiario.net\/portal\/wp-content\/uploads\/2023\/07\/logo_ED.jpg","contentUrl":"https:\/\/www.eldiario.net\/portal\/wp-content\/uploads\/2023\/07\/logo_ED.jpg","width":272,"height":52,"caption":"El Diario - Decano de la prensa nacional"},"image":{"@id":"https:\/\/www.eldiario.net\/portal\/#\/schema\/logo\/image\/"},"sameAs":["https:\/\/www.facebook.com\/eldiario.bolivia\/","https:\/\/x.com\/eldiario_net"]},{"@type":"Person","@id":"https:\/\/www.eldiario.net\/portal\/#\/schema\/person\/2c57cf2b7a7ae032e449e4c9b1019eac","name":"Jeanette","image":{"@type":"ImageObject","inLanguage":"es","@id":"https:\/\/secure.gravatar.com\/avatar\/3ea2118a5f7dad2b7138b1187a6b7ee55f160b9968b66013c3a3ef39dd7e5798?s=96&d=mm&r=g","url":"https:\/\/secure.gravatar.com\/avatar\/3ea2118a5f7dad2b7138b1187a6b7ee55f160b9968b66013c3a3ef39dd7e5798?s=96&d=mm&r=g","contentUrl":"https:\/\/secure.gravatar.com\/avatar\/3ea2118a5f7dad2b7138b1187a6b7ee55f160b9968b66013c3a3ef39dd7e5798?s=96&d=mm&r=g","caption":"Jeanette"},"sameAs":["https:\/\/www.eldiario.net\/portal"],"url":"https:\/\/www.eldiario.net\/portal\/author\/jeanette\/"}]}},"_links":{"self":[{"href":"https:\/\/www.eldiario.net\/portal\/wp-json\/wp\/v2\/posts\/24495","targetHints":{"allow":["GET"]}}],"collection":[{"href":"https:\/\/www.eldiario.net\/portal\/wp-json\/wp\/v2\/posts"}],"about":[{"href":"https:\/\/www.eldiario.net\/portal\/wp-json\/wp\/v2\/types\/post"}],"author":[{"embeddable":true,"href":"https:\/\/www.eldiario.net\/portal\/wp-json\/wp\/v2\/users\/1"}],"replies":[{"embeddable":true,"href":"https:\/\/www.eldiario.net\/portal\/wp-json\/wp\/v2\/comments?post=24495"}],"version-history":[{"count":0,"href":"https:\/\/www.eldiario.net\/portal\/wp-json\/wp\/v2\/posts\/24495\/revisions"}],"wp:attachment":[{"href":"https:\/\/www.eldiario.net\/portal\/wp-json\/wp\/v2\/media?parent=24495"}],"wp:term":[{"taxonomy":"category","embeddable":true,"href":"https:\/\/www.eldiario.net\/portal\/wp-json\/wp\/v2\/categories?post=24495"},{"taxonomy":"post_tag","embeddable":true,"href":"https:\/\/www.eldiario.net\/portal\/wp-json\/wp\/v2\/tags?post=24495"}],"curies":[{"name":"wp","href":"https:\/\/api.w.org\/{rel}","templated":true}]}}