{"id":24492,"date":"2021-08-20T02:13:41","date_gmt":"2021-08-20T06:13:41","guid":{"rendered":"https:\/\/www.eldiario.net\/portal\/?p=24492"},"modified":"2021-08-20T02:13:41","modified_gmt":"2021-08-20T06:13:41","slug":"agricultura-familiar-oferta-61-de-productos-a-canasta-familiar","status":"publish","type":"post","link":"https:\/\/www.eldiario.net\/portal\/2021\/08\/20\/agricultura-familiar-oferta-61-de-productos-a-canasta-familiar\/","title":{"rendered":"Agricultura familiar oferta 61 % de productos a canasta familiar"},"content":{"rendered":"<p>La agricultura familiar proporciona el 61 % de los alimentos a la canasta familiar, solo el 4 % viene del agronegocio y el resto v\u00eda importaci\u00f3n, que puede ser legal o ilegal, inform\u00f3 Pamela Cartagena, directora general del Cipca en la presentaci\u00f3n de las \u00faltimas 10 investigaciones que realizaron sobre agricultura familiar y el modelo de aporte de los peque\u00f1os productores en t\u00e9rminos sociales y econ\u00f3micos.<br \/>\nDijo que el evento mostr\u00f3 las 10 \u00faltimas investigaciones sobre cultura familiar y modelos de producci\u00f3n, que abarcan casi a todas las regiones del pa\u00eds, adem\u00e1s tambi\u00e9n muestra el manejo de los bosques, a lo largo de los \u00faltimos cinco a\u00f1os.<br \/>\nLas investigaciones muestran que la agricultura familiar es viable para los productores, en t\u00e9rminos econ\u00f3micos, ya que aportan con producci\u00f3n diversificada a la poblaci\u00f3n, que por lo general no produce.<br \/>\nEl estudio identific\u00f3 en base a informaci\u00f3n del Censo de 2013 y la Encuesta Agropecuaria de 2015, que la canasta b\u00e1sica se provee en 61 % de la agricultura familiar, contrariamente a lo que se informa, de que es el agronegocio el que alimenta a la poblaci\u00f3n.<br \/>\n\u201cEn realidad no es as\u00ed; solo el 4 % viene del agronegocio y el resto viene de las importaciones, que pueden ser legales ilegales\u201d, se\u00f1al\u00f3.<br \/>\nDijo que las investigaciones y los hallazgos que se tienen deben llamar la atenci\u00f3n de los tomares de pol\u00edticas p\u00fablicas, y dirigir los esfuerzos a sectores que requieren apoyo debido a su rol en la alimentaci\u00f3n de la poblaci\u00f3n.<br \/>\nSostuvo que a nivel nacional existen 800.071 Unidades Productoras Agropecuarias, y el 94 % son peque\u00f1as unidades productivas, cuyo aporte se visibiliz\u00f3 en la etapa de la pandemia, ya que los mercados nunca se desabastecieron.<br \/>\nY no solo abastecieron los mercados, sino tambi\u00e9n presentaron nuevas variedades, y es por ello que requieren apoyo para mejorar y aumentar su productividad.<br \/>\nIndic\u00f3 que los alcaldes, que conocen la realidad de sus regiones, se comprometen a brindar las herramientas para apoyar a la agricultura familiar, como es riego, invernaderos, semillas, entre otros.<br \/>\nA pesar del esfuerzo, no es suficiente, y es por ello que se requiere el concurso de los gobiernos departamentales y del Central.<br \/>\nLa revelaci\u00f3n del rol de la agricultura familiar no busca desplazar al agronegocio, sino que se brinde mayor atenci\u00f3n a este sector, es decir un equilibrio en el apoyo que se brinda a la producci\u00f3n de alimentos.<\/p>\n<p>Problemas y seguridad alimentaria<br \/>\nEl documento titulado: An\u00e1lisis de la Producci\u00f3n Agropecuaria en Bolivia y su relaci\u00f3n con la Seguridad Alimentaria, retos y desaf\u00edos para un verdadero desarrollo rural, del investigador y docente de la Universidad Mayor de San Andr\u00e9s, Lucio Tito, menciona los problemas que ponen en peligro la seguridad alimentaria en el pa\u00eds.<br \/>\nCartagena se\u00f1al\u00f3 que la agricultura familiar puede apoyar en la seguridad alimentaria, pero requiere de un apoyo real y equilibrado, para cumplir con esta premisa.<br \/>\nEntretanto, Tito menciona, en su documento, que la inseguridad alimentaria por covid-19 y los conflictos sociales, es una amenaza latente, a esto menciona que la canasta familiar boliviana se va concentrando en algunos productos, es por ello que sugiere revalorizar cultivos ocultos.<br \/>\nPero tambi\u00e9n otra amenaza a la seguridad alimentaria est\u00e1 en la producci\u00f3n concentrada en \u00e9poca de estiaje- invierno, as\u00ed como en el despoblamiento rural, que se traduce en una desorganizaci\u00f3n social y afecta al mercado.<br \/>\nTambi\u00e9n se\u00f1ala que existe escaso fomento a la producci\u00f3n ecol\u00f3gica, la aceleraci\u00f3n de los procesos de degradaci\u00f3n de suelos, los sistemas de producci\u00f3n no son sostenibles y falta de uso de semillas mejoradas, el bajo nivel de rendimiento en la producci\u00f3n agr\u00edcola y baja productividad de carne y leche, entre otros.<\/p>\n<p>Desaf\u00edos<br \/>\nSi bien existen problemas en el camino para avanzar en la provisi\u00f3n de alimentos, Tito tambi\u00e9n se\u00f1ala desaf\u00edos que tiene el pa\u00eds al 2025, como es lograr en la misma superficie 32.928.931 tn de producci\u00f3n agr\u00edcola.<\/p>\n","protected":false},"excerpt":{"rendered":"<p>La agricultura familiar proporciona el 61 % de los alimentos a la canasta familiar, solo el 4 % viene del agronegocio y el resto v\u00eda importaci\u00f3n, que puede ser legal o ilegal, inform\u00f3 Pamela Cartagena, directora general del Cipca en la presentaci\u00f3n de las \u00faltimas 10 investigaciones que realizaron sobre agricultura familiar y el modelo [&hellip;]<\/p>\n","protected":false},"author":1,"featured_media":24493,"comment_status":"closed","ping_status":"closed","sticky":false,"template":"","format":"standard","meta":{"_acf_changed":false,"footnotes":""},"categories":[7],"tags":[],"class_list":["post-24492","post","type-post","status-publish","format-standard","has-post-thumbnail","category-economia"],"acf":{"antetitulo":""},"yoast_head":"<!-- This site is optimized with the Yoast SEO plugin v28.4 - https:\/\/yoast.com\/product\/yoast-seo-wordpress\/ -->\n<title>Agricultura familiar oferta 61 % de productos a canasta familiar - El Diario - Bolivia<\/title>\n<meta name=\"robots\" content=\"index, follow, max-snippet:-1, max-image-preview:large, max-video-preview:-1\" \/>\n<link rel=\"canonical\" href=\"https:\/\/www.eldiario.net\/portal\/2021\/08\/20\/agricultura-familiar-oferta-61-de-productos-a-canasta-familiar\/\" \/>\n<meta property=\"og:locale\" content=\"es_ES\" \/>\n<meta property=\"og:type\" content=\"article\" \/>\n<meta property=\"og:title\" content=\"Agricultura familiar oferta 61 % de productos a canasta familiar - El Diario - Bolivia\" \/>\n<meta property=\"og:description\" content=\"La agricultura familiar proporciona el 61 % de los alimentos a la canasta familiar, solo el 4 % viene del agronegocio y el resto v\u00eda importaci\u00f3n, que puede ser legal o ilegal, inform\u00f3 Pamela Cartagena, directora general del Cipca en la presentaci\u00f3n de las \u00faltimas 10 investigaciones que realizaron sobre agricultura familiar y el modelo [&hellip;]\" \/>\n<meta property=\"og:url\" content=\"https:\/\/www.eldiario.net\/portal\/2021\/08\/20\/agricultura-familiar-oferta-61-de-productos-a-canasta-familiar\/\" \/>\n<meta property=\"og:site_name\" content=\"El Diario - Bolivia\" \/>\n<meta property=\"article:publisher\" content=\"https:\/\/www.facebook.com\/eldiario.bolivia\/\" \/>\n<meta property=\"article:published_time\" content=\"2021-08-20T06:13:41+00:00\" \/>\n<meta name=\"author\" content=\"Jeanette\" \/>\n<meta name=\"twitter:card\" content=\"summary_large_image\" \/>\n<meta name=\"twitter:creator\" content=\"@eldiario_net\" \/>\n<meta name=\"twitter:site\" content=\"@eldiario_net\" \/>\n<meta name=\"twitter:label1\" content=\"Escrito por\" \/>\n\t<meta name=\"twitter:data1\" content=\"Jeanette\" \/>\n\t<meta name=\"twitter:label2\" content=\"Tiempo de lectura\" \/>\n\t<meta name=\"twitter:data2\" content=\"3 minutos\" \/>\n<script type=\"application\/ld+json\" class=\"yoast-schema-graph\">{\"@context\":\"https:\\\/\\\/schema.org\",\"@graph\":[{\"@type\":\"Article\",\"@id\":\"https:\\\/\\\/www.eldiario.net\\\/portal\\\/2021\\\/08\\\/20\\\/agricultura-familiar-oferta-61-de-productos-a-canasta-familiar\\\/#article\",\"isPartOf\":{\"@id\":\"https:\\\/\\\/www.eldiario.net\\\/portal\\\/2021\\\/08\\\/20\\\/agricultura-familiar-oferta-61-de-productos-a-canasta-familiar\\\/\"},\"author\":{\"name\":\"Jeanette\",\"@id\":\"https:\\\/\\\/www.eldiario.net\\\/portal\\\/#\\\/schema\\\/person\\\/2c57cf2b7a7ae032e449e4c9b1019eac\"},\"headline\":\"Agricultura familiar oferta 61 % de productos a canasta familiar\",\"datePublished\":\"2021-08-20T06:13:41+00:00\",\"mainEntityOfPage\":{\"@id\":\"https:\\\/\\\/www.eldiario.net\\\/portal\\\/2021\\\/08\\\/20\\\/agricultura-familiar-oferta-61-de-productos-a-canasta-familiar\\\/\"},\"wordCount\":689,\"publisher\":{\"@id\":\"https:\\\/\\\/www.eldiario.net\\\/portal\\\/#organization\"},\"image\":{\"@id\":\"https:\\\/\\\/www.eldiario.net\\\/portal\\\/2021\\\/08\\\/20\\\/agricultura-familiar-oferta-61-de-productos-a-canasta-familiar\\\/#primaryimage\"},\"thumbnailUrl\":\"\",\"articleSection\":[\"Econom\u00eda\"],\"inLanguage\":\"es\"},{\"@type\":\"WebPage\",\"@id\":\"https:\\\/\\\/www.eldiario.net\\\/portal\\\/2021\\\/08\\\/20\\\/agricultura-familiar-oferta-61-de-productos-a-canasta-familiar\\\/\",\"url\":\"https:\\\/\\\/www.eldiario.net\\\/portal\\\/2021\\\/08\\\/20\\\/agricultura-familiar-oferta-61-de-productos-a-canasta-familiar\\\/\",\"name\":\"Agricultura familiar oferta 61 % de productos a canasta familiar - El Diario - Bolivia\",\"isPartOf\":{\"@id\":\"https:\\\/\\\/www.eldiario.net\\\/portal\\\/#website\"},\"primaryImageOfPage\":{\"@id\":\"https:\\\/\\\/www.eldiario.net\\\/portal\\\/2021\\\/08\\\/20\\\/agricultura-familiar-oferta-61-de-productos-a-canasta-familiar\\\/#primaryimage\"},\"image\":{\"@id\":\"https:\\\/\\\/www.eldiario.net\\\/portal\\\/2021\\\/08\\\/20\\\/agricultura-familiar-oferta-61-de-productos-a-canasta-familiar\\\/#primaryimage\"},\"thumbnailUrl\":\"\",\"datePublished\":\"2021-08-20T06:13:41+00:00\",\"breadcrumb\":{\"@id\":\"https:\\\/\\\/www.eldiario.net\\\/portal\\\/2021\\\/08\\\/20\\\/agricultura-familiar-oferta-61-de-productos-a-canasta-familiar\\\/#breadcrumb\"},\"inLanguage\":\"es\",\"potentialAction\":[{\"@type\":\"ReadAction\",\"target\":[\"https:\\\/\\\/www.eldiario.net\\\/portal\\\/2021\\\/08\\\/20\\\/agricultura-familiar-oferta-61-de-productos-a-canasta-familiar\\\/\"]}]},{\"@type\":\"ImageObject\",\"inLanguage\":\"es\",\"@id\":\"https:\\\/\\\/www.eldiario.net\\\/portal\\\/2021\\\/08\\\/20\\\/agricultura-familiar-oferta-61-de-productos-a-canasta-familiar\\\/#primaryimage\",\"url\":\"\",\"contentUrl\":\"\"},{\"@type\":\"BreadcrumbList\",\"@id\":\"https:\\\/\\\/www.eldiario.net\\\/portal\\\/2021\\\/08\\\/20\\\/agricultura-familiar-oferta-61-de-productos-a-canasta-familiar\\\/#breadcrumb\",\"itemListElement\":[{\"@type\":\"ListItem\",\"position\":1,\"name\":\"Portada\",\"item\":\"https:\\\/\\\/www.eldiario.net\\\/portal\\\/\"},{\"@type\":\"ListItem\",\"position\":2,\"name\":\"Agricultura familiar oferta 61 % de productos a canasta familiar\"}]},{\"@type\":\"WebSite\",\"@id\":\"https:\\\/\\\/www.eldiario.net\\\/portal\\\/#website\",\"url\":\"https:\\\/\\\/www.eldiario.net\\\/portal\\\/\",\"name\":\"El Diario - Decano de la prensa nacional\",\"description\":\"El Diario - Decano de la prensa nacional\",\"publisher\":{\"@id\":\"https:\\\/\\\/www.eldiario.net\\\/portal\\\/#organization\"},\"potentialAction\":[{\"@type\":\"SearchAction\",\"target\":{\"@type\":\"EntryPoint\",\"urlTemplate\":\"https:\\\/\\\/www.eldiario.net\\\/portal\\\/?s={search_term_string}\"},\"query-input\":{\"@type\":\"PropertyValueSpecification\",\"valueRequired\":true,\"valueName\":\"search_term_string\"}}],\"inLanguage\":\"es\"},{\"@type\":\"Organization\",\"@id\":\"https:\\\/\\\/www.eldiario.net\\\/portal\\\/#organization\",\"name\":\"El Diario - Decano de la prensa nacional\",\"url\":\"https:\\\/\\\/www.eldiario.net\\\/portal\\\/\",\"logo\":{\"@type\":\"ImageObject\",\"inLanguage\":\"es\",\"@id\":\"https:\\\/\\\/www.eldiario.net\\\/portal\\\/#\\\/schema\\\/logo\\\/image\\\/\",\"url\":\"https:\\\/\\\/www.eldiario.net\\\/portal\\\/wp-content\\\/uploads\\\/2023\\\/07\\\/logo_ED.jpg\",\"contentUrl\":\"https:\\\/\\\/www.eldiario.net\\\/portal\\\/wp-content\\\/uploads\\\/2023\\\/07\\\/logo_ED.jpg\",\"width\":272,\"height\":52,\"caption\":\"El Diario - Decano de la prensa nacional\"},\"image\":{\"@id\":\"https:\\\/\\\/www.eldiario.net\\\/portal\\\/#\\\/schema\\\/logo\\\/image\\\/\"},\"sameAs\":[\"https:\\\/\\\/www.facebook.com\\\/eldiario.bolivia\\\/\",\"https:\\\/\\\/x.com\\\/eldiario_net\"]},{\"@type\":\"Person\",\"@id\":\"https:\\\/\\\/www.eldiario.net\\\/portal\\\/#\\\/schema\\\/person\\\/2c57cf2b7a7ae032e449e4c9b1019eac\",\"name\":\"Jeanette\",\"image\":{\"@type\":\"ImageObject\",\"inLanguage\":\"es\",\"@id\":\"https:\\\/\\\/secure.gravatar.com\\\/avatar\\\/3ea2118a5f7dad2b7138b1187a6b7ee55f160b9968b66013c3a3ef39dd7e5798?s=96&d=mm&r=g\",\"url\":\"https:\\\/\\\/secure.gravatar.com\\\/avatar\\\/3ea2118a5f7dad2b7138b1187a6b7ee55f160b9968b66013c3a3ef39dd7e5798?s=96&d=mm&r=g\",\"contentUrl\":\"https:\\\/\\\/secure.gravatar.com\\\/avatar\\\/3ea2118a5f7dad2b7138b1187a6b7ee55f160b9968b66013c3a3ef39dd7e5798?s=96&d=mm&r=g\",\"caption\":\"Jeanette\"},\"sameAs\":[\"https:\\\/\\\/www.eldiario.net\\\/portal\"],\"url\":\"https:\\\/\\\/www.eldiario.net\\\/portal\\\/author\\\/jeanette\\\/\"}]}<\/script>\n<!-- \/ Yoast SEO plugin. -->","yoast_head_json":{"title":"Agricultura familiar oferta 61 % de productos a canasta familiar - El Diario - Bolivia","robots":{"index":"index","follow":"follow","max-snippet":"max-snippet:-1","max-image-preview":"max-image-preview:large","max-video-preview":"max-video-preview:-1"},"canonical":"https:\/\/www.eldiario.net\/portal\/2021\/08\/20\/agricultura-familiar-oferta-61-de-productos-a-canasta-familiar\/","og_locale":"es_ES","og_type":"article","og_title":"Agricultura familiar oferta 61 % de productos a canasta familiar - El Diario - Bolivia","og_description":"La agricultura familiar proporciona el 61 % de los alimentos a la canasta familiar, solo el 4 % viene del agronegocio y el resto v\u00eda importaci\u00f3n, que puede ser legal o ilegal, inform\u00f3 Pamela Cartagena, directora general del Cipca en la presentaci\u00f3n de las \u00faltimas 10 investigaciones que realizaron sobre agricultura familiar y el modelo [&hellip;]","og_url":"https:\/\/www.eldiario.net\/portal\/2021\/08\/20\/agricultura-familiar-oferta-61-de-productos-a-canasta-familiar\/","og_site_name":"El Diario - Bolivia","article_publisher":"https:\/\/www.facebook.com\/eldiario.bolivia\/","article_published_time":"2021-08-20T06:13:41+00:00","author":"Jeanette","twitter_card":"summary_large_image","twitter_creator":"@eldiario_net","twitter_site":"@eldiario_net","twitter_misc":{"Escrito por":"Jeanette","Tiempo de lectura":"3 minutos"},"schema":{"@context":"https:\/\/schema.org","@graph":[{"@type":"Article","@id":"https:\/\/www.eldiario.net\/portal\/2021\/08\/20\/agricultura-familiar-oferta-61-de-productos-a-canasta-familiar\/#article","isPartOf":{"@id":"https:\/\/www.eldiario.net\/portal\/2021\/08\/20\/agricultura-familiar-oferta-61-de-productos-a-canasta-familiar\/"},"author":{"name":"Jeanette","@id":"https:\/\/www.eldiario.net\/portal\/#\/schema\/person\/2c57cf2b7a7ae032e449e4c9b1019eac"},"headline":"Agricultura familiar oferta 61 % de productos a canasta familiar","datePublished":"2021-08-20T06:13:41+00:00","mainEntityOfPage":{"@id":"https:\/\/www.eldiario.net\/portal\/2021\/08\/20\/agricultura-familiar-oferta-61-de-productos-a-canasta-familiar\/"},"wordCount":689,"publisher":{"@id":"https:\/\/www.eldiario.net\/portal\/#organization"},"image":{"@id":"https:\/\/www.eldiario.net\/portal\/2021\/08\/20\/agricultura-familiar-oferta-61-de-productos-a-canasta-familiar\/#primaryimage"},"thumbnailUrl":"","articleSection":["Econom\u00eda"],"inLanguage":"es"},{"@type":"WebPage","@id":"https:\/\/www.eldiario.net\/portal\/2021\/08\/20\/agricultura-familiar-oferta-61-de-productos-a-canasta-familiar\/","url":"https:\/\/www.eldiario.net\/portal\/2021\/08\/20\/agricultura-familiar-oferta-61-de-productos-a-canasta-familiar\/","name":"Agricultura familiar oferta 61 % de productos a canasta familiar - El Diario - Bolivia","isPartOf":{"@id":"https:\/\/www.eldiario.net\/portal\/#website"},"primaryImageOfPage":{"@id":"https:\/\/www.eldiario.net\/portal\/2021\/08\/20\/agricultura-familiar-oferta-61-de-productos-a-canasta-familiar\/#primaryimage"},"image":{"@id":"https:\/\/www.eldiario.net\/portal\/2021\/08\/20\/agricultura-familiar-oferta-61-de-productos-a-canasta-familiar\/#primaryimage"},"thumbnailUrl":"","datePublished":"2021-08-20T06:13:41+00:00","breadcrumb":{"@id":"https:\/\/www.eldiario.net\/portal\/2021\/08\/20\/agricultura-familiar-oferta-61-de-productos-a-canasta-familiar\/#breadcrumb"},"inLanguage":"es","potentialAction":[{"@type":"ReadAction","target":["https:\/\/www.eldiario.net\/portal\/2021\/08\/20\/agricultura-familiar-oferta-61-de-productos-a-canasta-familiar\/"]}]},{"@type":"ImageObject","inLanguage":"es","@id":"https:\/\/www.eldiario.net\/portal\/2021\/08\/20\/agricultura-familiar-oferta-61-de-productos-a-canasta-familiar\/#primaryimage","url":"","contentUrl":""},{"@type":"BreadcrumbList","@id":"https:\/\/www.eldiario.net\/portal\/2021\/08\/20\/agricultura-familiar-oferta-61-de-productos-a-canasta-familiar\/#breadcrumb","itemListElement":[{"@type":"ListItem","position":1,"name":"Portada","item":"https:\/\/www.eldiario.net\/portal\/"},{"@type":"ListItem","position":2,"name":"Agricultura familiar oferta 61 % de productos a canasta familiar"}]},{"@type":"WebSite","@id":"https:\/\/www.eldiario.net\/portal\/#website","url":"https:\/\/www.eldiario.net\/portal\/","name":"El Diario - Decano de la prensa nacional","description":"El Diario - Decano de la prensa nacional","publisher":{"@id":"https:\/\/www.eldiario.net\/portal\/#organization"},"potentialAction":[{"@type":"SearchAction","target":{"@type":"EntryPoint","urlTemplate":"https:\/\/www.eldiario.net\/portal\/?s={search_term_string}"},"query-input":{"@type":"PropertyValueSpecification","valueRequired":true,"valueName":"search_term_string"}}],"inLanguage":"es"},{"@type":"Organization","@id":"https:\/\/www.eldiario.net\/portal\/#organization","name":"El Diario - Decano de la prensa nacional","url":"https:\/\/www.eldiario.net\/portal\/","logo":{"@type":"ImageObject","inLanguage":"es","@id":"https:\/\/www.eldiario.net\/portal\/#\/schema\/logo\/image\/","url":"https:\/\/www.eldiario.net\/portal\/wp-content\/uploads\/2023\/07\/logo_ED.jpg","contentUrl":"https:\/\/www.eldiario.net\/portal\/wp-content\/uploads\/2023\/07\/logo_ED.jpg","width":272,"height":52,"caption":"El Diario - Decano de la prensa nacional"},"image":{"@id":"https:\/\/www.eldiario.net\/portal\/#\/schema\/logo\/image\/"},"sameAs":["https:\/\/www.facebook.com\/eldiario.bolivia\/","https:\/\/x.com\/eldiario_net"]},{"@type":"Person","@id":"https:\/\/www.eldiario.net\/portal\/#\/schema\/person\/2c57cf2b7a7ae032e449e4c9b1019eac","name":"Jeanette","image":{"@type":"ImageObject","inLanguage":"es","@id":"https:\/\/secure.gravatar.com\/avatar\/3ea2118a5f7dad2b7138b1187a6b7ee55f160b9968b66013c3a3ef39dd7e5798?s=96&d=mm&r=g","url":"https:\/\/secure.gravatar.com\/avatar\/3ea2118a5f7dad2b7138b1187a6b7ee55f160b9968b66013c3a3ef39dd7e5798?s=96&d=mm&r=g","contentUrl":"https:\/\/secure.gravatar.com\/avatar\/3ea2118a5f7dad2b7138b1187a6b7ee55f160b9968b66013c3a3ef39dd7e5798?s=96&d=mm&r=g","caption":"Jeanette"},"sameAs":["https:\/\/www.eldiario.net\/portal"],"url":"https:\/\/www.eldiario.net\/portal\/author\/jeanette\/"}]}},"_links":{"self":[{"href":"https:\/\/www.eldiario.net\/portal\/wp-json\/wp\/v2\/posts\/24492","targetHints":{"allow":["GET"]}}],"collection":[{"href":"https:\/\/www.eldiario.net\/portal\/wp-json\/wp\/v2\/posts"}],"about":[{"href":"https:\/\/www.eldiario.net\/portal\/wp-json\/wp\/v2\/types\/post"}],"author":[{"embeddable":true,"href":"https:\/\/www.eldiario.net\/portal\/wp-json\/wp\/v2\/users\/1"}],"replies":[{"embeddable":true,"href":"https:\/\/www.eldiario.net\/portal\/wp-json\/wp\/v2\/comments?post=24492"}],"version-history":[{"count":0,"href":"https:\/\/www.eldiario.net\/portal\/wp-json\/wp\/v2\/posts\/24492\/revisions"}],"wp:attachment":[{"href":"https:\/\/www.eldiario.net\/portal\/wp-json\/wp\/v2\/media?parent=24492"}],"wp:term":[{"taxonomy":"category","embeddable":true,"href":"https:\/\/www.eldiario.net\/portal\/wp-json\/wp\/v2\/categories?post=24492"},{"taxonomy":"post_tag","embeddable":true,"href":"https:\/\/www.eldiario.net\/portal\/wp-json\/wp\/v2\/tags?post=24492"}],"curies":[{"name":"wp","href":"https:\/\/api.w.org\/{rel}","templated":true}]}}