{"id":24489,"date":"2021-08-20T02:10:07","date_gmt":"2021-08-20T06:10:07","guid":{"rendered":"https:\/\/www.eldiario.net\/portal\/?p=24489"},"modified":"2021-08-20T02:10:07","modified_gmt":"2021-08-20T06:10:07","slug":"abogan-para-que-negociacion-tarifaria-en-arica-se-mantenga-en-plano-comercial","status":"publish","type":"post","link":"https:\/\/www.eldiario.net\/portal\/2021\/08\/20\/abogan-para-que-negociacion-tarifaria-en-arica-se-mantenga-en-plano-comercial\/","title":{"rendered":"Abogan para que negociaci\u00f3n tarifaria  en Arica se mantenga en plano comercial"},"content":{"rendered":"<p>Ante la intenci\u00f3n de la Administraci\u00f3n de Servicios Portuarios (ASP-B) de llevar a un plano diplom\u00e1tico las negociaciones de las tarifas en el puerto de Arica, el senador y excanciller de Chile, Jos\u00e9 Miguel Insulza, dio su respaldo a la petici\u00f3n de los trabajadores portuarios, para que la negociaci\u00f3n de un nuevo acuerdo para la carga boliviana de importaci\u00f3n se mantenga en el plano comercial y no escale a nivel diplom\u00e1tico.<br \/>\nEl parlamentario se reuni\u00f3 con el presidente de la Confederaci\u00f3n de Trabajadores Portuarios de Chile (Cotraporchi), Sergio Baeza; la presidenta del Sindicato de Trabajadores de Ultraport y vicepresidenta de la Cotraporchi, Sandra Baltierra; y el secretario del Sindicato de Trabajadores de TPA S.A. y director de Cotraporchi, V\u00edctor Ram\u00edrez, los cuales fueron acompa\u00f1ados por el concejal y secretario de la Asociaci\u00f3n Nacional de Ciudades Puerto y Borde Costero de Chile, Jorge Mollo.<br \/>\nAl respecto, el senador Insulza dijo que \u201ces muy atendible la preocupaci\u00f3n de los trabajadores portuarios. A ellos les inquieta que el tema tarifario del Puerto de Arica se transforme en un asunto diplom\u00e1tico, como lo han intentado permanentemente los sucesivos gobiernos bolivianos. La Canciller\u00eda chilena no debe atender la demanda del Gobierno de Bolivia, de que el tema tarifario del Puerto de Arica se transforme en una negociaci\u00f3n de Estado a Estado. Este asunto no tiene nada que ver con el Tratado de Paz y Amistad de 1904 y no es pertinente llevarlo a un foro diplom\u00e1tico\u201d.<br \/>\nEl parlamentario se\u00f1al\u00f3 que lo conveniente para los intereses de la Regi\u00f3n de Arica y Parinacota \u201ces que esta negociaci\u00f3n de descuentos tarifarios, siga en manos de la Empresa Portuaria Arica y de la Administraci\u00f3n de Servicios Portuarios Bolivia. Este es un asunto netamente comercial, donde 2 empresas deben establecer un acuerdo en funci\u00f3n de criterios como la competitividad y la calidad de los servicios que se ofrecen y por los cuales debe haber un pago, no pueden ser gratuitos. ASP-B representa s\u00f3lo a la carga de importaci\u00f3n que significa un 33\u00b4% del movimiento total del Puerto. En cambio los exportadores bolivianos, que significan un 40 % del movimiento portuario, negocian directo sus tarifas sin intervenci\u00f3n de la ASP-B y no tienen problema alguno\u201d.<br \/>\nInsulza comprometi\u00f3 gestiones ante la Canciller\u00eda con el fin de reafirmar la posici\u00f3n de que la negociaci\u00f3n tarifaria con la ASP-B, debe seguir en el plano comercial, velando por el desarrollo del Puerto de Arica y garantizando la estabilidad de los empleos directos e indirectos que genera esta industria.<br \/>\nSobre este tema, puntualiz\u00f3 que \u201cdebe mantenerse el esquema de negociaci\u00f3n tarifaria instaurado el 2019, donde pese a la resistencia de Bolivia, finalmente se firm\u00f3 un acuerdo de largo plazo en funci\u00f3n de criterios objetivos y no discriminatorios, aplicando tarifas p\u00fablicas con descuentos. Los servicios en el Puerto de Arica deben pagarse y no es aceptable un congelamiento como ocurri\u00f3 entre 2012 y 2018. En ese periodo, unilateralmente la ASP-B se neg\u00f3 a un reajuste, argumentando una inexistente vulneraci\u00f3n al Tratado de 1904\u201d.<br \/>\nEl parlamentario detall\u00f3 que la propuesta de la ASP-B de firmar un acuerdo tarifario s\u00f3lo por 6 meses, \u201cno otorga certidumbre a sus propios importadores sobre lo que ocurrir\u00e1 en el largo plazo. Las tarifas de un puerto no se pueden estar fijando cada 6 meses o a la espera de que cambie uno u otro Gobierno. Un esquema as\u00ed no da certidumbres a las inversiones que se proyectan para hacer m\u00e1s eficiente al Puerto y tampoco da las seguridades que necesitan los trabajadores\u201d.<br \/>\nFinalmente, el senador asever\u00f3 que resulta extra\u00f1o que la ASP-B \u201chaya rechazado la propuesta de largo plazo que hab\u00eda consensuado con la EPA a fines de julio, oportunidad en que pidi\u00f3 tiempo para que su pa\u00eds se recuperara de los efectos de la pandemia. El Puerto les propuso un acuerdo por tres a\u00f1os, con un descuento promedio de 38 % y sumaron un nuevo servicio a los 22 que estaban rebajados. Yo espero que esta decisi\u00f3n de desechar el acuerdo sea revisada por las autoridades bolivianas y no tenga como objetivo la creaci\u00f3n de un conflicto artificial con Chile. Aqu\u00ed no se est\u00e1 vulnerando el tratado. La carga boliviana transita sin problemas desde y hacia el Puerto, con tarifas m\u00e1s bajas que los puertos vecinos, y con servicios de gran calidad\u201d.<\/p>\n","protected":false},"excerpt":{"rendered":"<p>Ante la intenci\u00f3n de la Administraci\u00f3n de Servicios Portuarios (ASP-B) de llevar a un plano diplom\u00e1tico las negociaciones de las tarifas en el puerto de Arica, el senador y excanciller de Chile, Jos\u00e9 Miguel Insulza, dio su respaldo a la petici\u00f3n de los trabajadores portuarios, para que la negociaci\u00f3n de un nuevo acuerdo para la [&hellip;]<\/p>\n","protected":false},"author":1,"featured_media":24490,"comment_status":"closed","ping_status":"closed","sticky":false,"template":"","format":"standard","meta":{"_acf_changed":false,"footnotes":""},"categories":[7],"tags":[],"class_list":["post-24489","post","type-post","status-publish","format-standard","has-post-thumbnail","category-economia"],"acf":{"antetitulo":""},"yoast_head":"<!-- This site is optimized with the Yoast SEO plugin v28.4 - https:\/\/yoast.com\/product\/yoast-seo-wordpress\/ -->\n<title>Abogan para que negociaci\u00f3n tarifaria en Arica se mantenga en plano comercial - El Diario - Bolivia<\/title>\n<meta name=\"robots\" content=\"index, follow, max-snippet:-1, max-image-preview:large, max-video-preview:-1\" \/>\n<link rel=\"canonical\" href=\"https:\/\/www.eldiario.net\/portal\/2021\/08\/20\/abogan-para-que-negociacion-tarifaria-en-arica-se-mantenga-en-plano-comercial\/\" \/>\n<meta property=\"og:locale\" content=\"es_ES\" \/>\n<meta property=\"og:type\" content=\"article\" \/>\n<meta property=\"og:title\" content=\"Abogan para que negociaci\u00f3n tarifaria en Arica se mantenga en plano comercial - El Diario - Bolivia\" \/>\n<meta property=\"og:description\" content=\"Ante la intenci\u00f3n de la Administraci\u00f3n de Servicios Portuarios (ASP-B) de llevar a un plano diplom\u00e1tico las negociaciones de las tarifas en el puerto de Arica, el senador y excanciller de Chile, Jos\u00e9 Miguel Insulza, dio su respaldo a la petici\u00f3n de los trabajadores portuarios, para que la negociaci\u00f3n de un nuevo acuerdo para la [&hellip;]\" \/>\n<meta property=\"og:url\" content=\"https:\/\/www.eldiario.net\/portal\/2021\/08\/20\/abogan-para-que-negociacion-tarifaria-en-arica-se-mantenga-en-plano-comercial\/\" \/>\n<meta property=\"og:site_name\" content=\"El Diario - Bolivia\" \/>\n<meta property=\"article:publisher\" content=\"https:\/\/www.facebook.com\/eldiario.bolivia\/\" \/>\n<meta property=\"article:published_time\" content=\"2021-08-20T06:10:07+00:00\" \/>\n<meta name=\"author\" content=\"Jeanette\" \/>\n<meta name=\"twitter:card\" content=\"summary_large_image\" \/>\n<meta name=\"twitter:creator\" content=\"@eldiario_net\" \/>\n<meta name=\"twitter:site\" content=\"@eldiario_net\" \/>\n<meta name=\"twitter:label1\" content=\"Escrito por\" \/>\n\t<meta name=\"twitter:data1\" content=\"Jeanette\" \/>\n\t<meta name=\"twitter:label2\" content=\"Tiempo de lectura\" \/>\n\t<meta name=\"twitter:data2\" content=\"4 minutos\" \/>\n<script type=\"application\/ld+json\" class=\"yoast-schema-graph\">{\"@context\":\"https:\\\/\\\/schema.org\",\"@graph\":[{\"@type\":\"Article\",\"@id\":\"https:\\\/\\\/www.eldiario.net\\\/portal\\\/2021\\\/08\\\/20\\\/abogan-para-que-negociacion-tarifaria-en-arica-se-mantenga-en-plano-comercial\\\/#article\",\"isPartOf\":{\"@id\":\"https:\\\/\\\/www.eldiario.net\\\/portal\\\/2021\\\/08\\\/20\\\/abogan-para-que-negociacion-tarifaria-en-arica-se-mantenga-en-plano-comercial\\\/\"},\"author\":{\"name\":\"Jeanette\",\"@id\":\"https:\\\/\\\/www.eldiario.net\\\/portal\\\/#\\\/schema\\\/person\\\/2c57cf2b7a7ae032e449e4c9b1019eac\"},\"headline\":\"Abogan para que negociaci\u00f3n tarifaria en Arica se mantenga en plano comercial\",\"datePublished\":\"2021-08-20T06:10:07+00:00\",\"mainEntityOfPage\":{\"@id\":\"https:\\\/\\\/www.eldiario.net\\\/portal\\\/2021\\\/08\\\/20\\\/abogan-para-que-negociacion-tarifaria-en-arica-se-mantenga-en-plano-comercial\\\/\"},\"wordCount\":753,\"publisher\":{\"@id\":\"https:\\\/\\\/www.eldiario.net\\\/portal\\\/#organization\"},\"image\":{\"@id\":\"https:\\\/\\\/www.eldiario.net\\\/portal\\\/2021\\\/08\\\/20\\\/abogan-para-que-negociacion-tarifaria-en-arica-se-mantenga-en-plano-comercial\\\/#primaryimage\"},\"thumbnailUrl\":\"\",\"articleSection\":[\"Econom\u00eda\"],\"inLanguage\":\"es\"},{\"@type\":\"WebPage\",\"@id\":\"https:\\\/\\\/www.eldiario.net\\\/portal\\\/2021\\\/08\\\/20\\\/abogan-para-que-negociacion-tarifaria-en-arica-se-mantenga-en-plano-comercial\\\/\",\"url\":\"https:\\\/\\\/www.eldiario.net\\\/portal\\\/2021\\\/08\\\/20\\\/abogan-para-que-negociacion-tarifaria-en-arica-se-mantenga-en-plano-comercial\\\/\",\"name\":\"Abogan para que negociaci\u00f3n tarifaria en Arica se mantenga en plano comercial - El Diario - Bolivia\",\"isPartOf\":{\"@id\":\"https:\\\/\\\/www.eldiario.net\\\/portal\\\/#website\"},\"primaryImageOfPage\":{\"@id\":\"https:\\\/\\\/www.eldiario.net\\\/portal\\\/2021\\\/08\\\/20\\\/abogan-para-que-negociacion-tarifaria-en-arica-se-mantenga-en-plano-comercial\\\/#primaryimage\"},\"image\":{\"@id\":\"https:\\\/\\\/www.eldiario.net\\\/portal\\\/2021\\\/08\\\/20\\\/abogan-para-que-negociacion-tarifaria-en-arica-se-mantenga-en-plano-comercial\\\/#primaryimage\"},\"thumbnailUrl\":\"\",\"datePublished\":\"2021-08-20T06:10:07+00:00\",\"breadcrumb\":{\"@id\":\"https:\\\/\\\/www.eldiario.net\\\/portal\\\/2021\\\/08\\\/20\\\/abogan-para-que-negociacion-tarifaria-en-arica-se-mantenga-en-plano-comercial\\\/#breadcrumb\"},\"inLanguage\":\"es\",\"potentialAction\":[{\"@type\":\"ReadAction\",\"target\":[\"https:\\\/\\\/www.eldiario.net\\\/portal\\\/2021\\\/08\\\/20\\\/abogan-para-que-negociacion-tarifaria-en-arica-se-mantenga-en-plano-comercial\\\/\"]}]},{\"@type\":\"ImageObject\",\"inLanguage\":\"es\",\"@id\":\"https:\\\/\\\/www.eldiario.net\\\/portal\\\/2021\\\/08\\\/20\\\/abogan-para-que-negociacion-tarifaria-en-arica-se-mantenga-en-plano-comercial\\\/#primaryimage\",\"url\":\"\",\"contentUrl\":\"\"},{\"@type\":\"BreadcrumbList\",\"@id\":\"https:\\\/\\\/www.eldiario.net\\\/portal\\\/2021\\\/08\\\/20\\\/abogan-para-que-negociacion-tarifaria-en-arica-se-mantenga-en-plano-comercial\\\/#breadcrumb\",\"itemListElement\":[{\"@type\":\"ListItem\",\"position\":1,\"name\":\"Portada\",\"item\":\"https:\\\/\\\/www.eldiario.net\\\/portal\\\/\"},{\"@type\":\"ListItem\",\"position\":2,\"name\":\"Abogan para que negociaci\u00f3n tarifaria en Arica se mantenga en plano comercial\"}]},{\"@type\":\"WebSite\",\"@id\":\"https:\\\/\\\/www.eldiario.net\\\/portal\\\/#website\",\"url\":\"https:\\\/\\\/www.eldiario.net\\\/portal\\\/\",\"name\":\"El Diario - Decano de la prensa nacional\",\"description\":\"El Diario - Decano de la prensa nacional\",\"publisher\":{\"@id\":\"https:\\\/\\\/www.eldiario.net\\\/portal\\\/#organization\"},\"potentialAction\":[{\"@type\":\"SearchAction\",\"target\":{\"@type\":\"EntryPoint\",\"urlTemplate\":\"https:\\\/\\\/www.eldiario.net\\\/portal\\\/?s={search_term_string}\"},\"query-input\":{\"@type\":\"PropertyValueSpecification\",\"valueRequired\":true,\"valueName\":\"search_term_string\"}}],\"inLanguage\":\"es\"},{\"@type\":\"Organization\",\"@id\":\"https:\\\/\\\/www.eldiario.net\\\/portal\\\/#organization\",\"name\":\"El Diario - Decano de la prensa nacional\",\"url\":\"https:\\\/\\\/www.eldiario.net\\\/portal\\\/\",\"logo\":{\"@type\":\"ImageObject\",\"inLanguage\":\"es\",\"@id\":\"https:\\\/\\\/www.eldiario.net\\\/portal\\\/#\\\/schema\\\/logo\\\/image\\\/\",\"url\":\"https:\\\/\\\/www.eldiario.net\\\/portal\\\/wp-content\\\/uploads\\\/2023\\\/07\\\/logo_ED.jpg\",\"contentUrl\":\"https:\\\/\\\/www.eldiario.net\\\/portal\\\/wp-content\\\/uploads\\\/2023\\\/07\\\/logo_ED.jpg\",\"width\":272,\"height\":52,\"caption\":\"El Diario - Decano de la prensa nacional\"},\"image\":{\"@id\":\"https:\\\/\\\/www.eldiario.net\\\/portal\\\/#\\\/schema\\\/logo\\\/image\\\/\"},\"sameAs\":[\"https:\\\/\\\/www.facebook.com\\\/eldiario.bolivia\\\/\",\"https:\\\/\\\/x.com\\\/eldiario_net\"]},{\"@type\":\"Person\",\"@id\":\"https:\\\/\\\/www.eldiario.net\\\/portal\\\/#\\\/schema\\\/person\\\/2c57cf2b7a7ae032e449e4c9b1019eac\",\"name\":\"Jeanette\",\"image\":{\"@type\":\"ImageObject\",\"inLanguage\":\"es\",\"@id\":\"https:\\\/\\\/secure.gravatar.com\\\/avatar\\\/3ea2118a5f7dad2b7138b1187a6b7ee55f160b9968b66013c3a3ef39dd7e5798?s=96&d=mm&r=g\",\"url\":\"https:\\\/\\\/secure.gravatar.com\\\/avatar\\\/3ea2118a5f7dad2b7138b1187a6b7ee55f160b9968b66013c3a3ef39dd7e5798?s=96&d=mm&r=g\",\"contentUrl\":\"https:\\\/\\\/secure.gravatar.com\\\/avatar\\\/3ea2118a5f7dad2b7138b1187a6b7ee55f160b9968b66013c3a3ef39dd7e5798?s=96&d=mm&r=g\",\"caption\":\"Jeanette\"},\"sameAs\":[\"https:\\\/\\\/www.eldiario.net\\\/portal\"],\"url\":\"https:\\\/\\\/www.eldiario.net\\\/portal\\\/author\\\/jeanette\\\/\"}]}<\/script>\n<!-- \/ Yoast SEO plugin. -->","yoast_head_json":{"title":"Abogan para que negociaci\u00f3n tarifaria en Arica se mantenga en plano comercial - El Diario - Bolivia","robots":{"index":"index","follow":"follow","max-snippet":"max-snippet:-1","max-image-preview":"max-image-preview:large","max-video-preview":"max-video-preview:-1"},"canonical":"https:\/\/www.eldiario.net\/portal\/2021\/08\/20\/abogan-para-que-negociacion-tarifaria-en-arica-se-mantenga-en-plano-comercial\/","og_locale":"es_ES","og_type":"article","og_title":"Abogan para que negociaci\u00f3n tarifaria en Arica se mantenga en plano comercial - El Diario - Bolivia","og_description":"Ante la intenci\u00f3n de la Administraci\u00f3n de Servicios Portuarios (ASP-B) de llevar a un plano diplom\u00e1tico las negociaciones de las tarifas en el puerto de Arica, el senador y excanciller de Chile, Jos\u00e9 Miguel Insulza, dio su respaldo a la petici\u00f3n de los trabajadores portuarios, para que la negociaci\u00f3n de un nuevo acuerdo para la [&hellip;]","og_url":"https:\/\/www.eldiario.net\/portal\/2021\/08\/20\/abogan-para-que-negociacion-tarifaria-en-arica-se-mantenga-en-plano-comercial\/","og_site_name":"El Diario - Bolivia","article_publisher":"https:\/\/www.facebook.com\/eldiario.bolivia\/","article_published_time":"2021-08-20T06:10:07+00:00","author":"Jeanette","twitter_card":"summary_large_image","twitter_creator":"@eldiario_net","twitter_site":"@eldiario_net","twitter_misc":{"Escrito por":"Jeanette","Tiempo de lectura":"4 minutos"},"schema":{"@context":"https:\/\/schema.org","@graph":[{"@type":"Article","@id":"https:\/\/www.eldiario.net\/portal\/2021\/08\/20\/abogan-para-que-negociacion-tarifaria-en-arica-se-mantenga-en-plano-comercial\/#article","isPartOf":{"@id":"https:\/\/www.eldiario.net\/portal\/2021\/08\/20\/abogan-para-que-negociacion-tarifaria-en-arica-se-mantenga-en-plano-comercial\/"},"author":{"name":"Jeanette","@id":"https:\/\/www.eldiario.net\/portal\/#\/schema\/person\/2c57cf2b7a7ae032e449e4c9b1019eac"},"headline":"Abogan para que negociaci\u00f3n tarifaria en Arica se mantenga en plano comercial","datePublished":"2021-08-20T06:10:07+00:00","mainEntityOfPage":{"@id":"https:\/\/www.eldiario.net\/portal\/2021\/08\/20\/abogan-para-que-negociacion-tarifaria-en-arica-se-mantenga-en-plano-comercial\/"},"wordCount":753,"publisher":{"@id":"https:\/\/www.eldiario.net\/portal\/#organization"},"image":{"@id":"https:\/\/www.eldiario.net\/portal\/2021\/08\/20\/abogan-para-que-negociacion-tarifaria-en-arica-se-mantenga-en-plano-comercial\/#primaryimage"},"thumbnailUrl":"","articleSection":["Econom\u00eda"],"inLanguage":"es"},{"@type":"WebPage","@id":"https:\/\/www.eldiario.net\/portal\/2021\/08\/20\/abogan-para-que-negociacion-tarifaria-en-arica-se-mantenga-en-plano-comercial\/","url":"https:\/\/www.eldiario.net\/portal\/2021\/08\/20\/abogan-para-que-negociacion-tarifaria-en-arica-se-mantenga-en-plano-comercial\/","name":"Abogan para que negociaci\u00f3n tarifaria en Arica se mantenga en plano comercial - El Diario - Bolivia","isPartOf":{"@id":"https:\/\/www.eldiario.net\/portal\/#website"},"primaryImageOfPage":{"@id":"https:\/\/www.eldiario.net\/portal\/2021\/08\/20\/abogan-para-que-negociacion-tarifaria-en-arica-se-mantenga-en-plano-comercial\/#primaryimage"},"image":{"@id":"https:\/\/www.eldiario.net\/portal\/2021\/08\/20\/abogan-para-que-negociacion-tarifaria-en-arica-se-mantenga-en-plano-comercial\/#primaryimage"},"thumbnailUrl":"","datePublished":"2021-08-20T06:10:07+00:00","breadcrumb":{"@id":"https:\/\/www.eldiario.net\/portal\/2021\/08\/20\/abogan-para-que-negociacion-tarifaria-en-arica-se-mantenga-en-plano-comercial\/#breadcrumb"},"inLanguage":"es","potentialAction":[{"@type":"ReadAction","target":["https:\/\/www.eldiario.net\/portal\/2021\/08\/20\/abogan-para-que-negociacion-tarifaria-en-arica-se-mantenga-en-plano-comercial\/"]}]},{"@type":"ImageObject","inLanguage":"es","@id":"https:\/\/www.eldiario.net\/portal\/2021\/08\/20\/abogan-para-que-negociacion-tarifaria-en-arica-se-mantenga-en-plano-comercial\/#primaryimage","url":"","contentUrl":""},{"@type":"BreadcrumbList","@id":"https:\/\/www.eldiario.net\/portal\/2021\/08\/20\/abogan-para-que-negociacion-tarifaria-en-arica-se-mantenga-en-plano-comercial\/#breadcrumb","itemListElement":[{"@type":"ListItem","position":1,"name":"Portada","item":"https:\/\/www.eldiario.net\/portal\/"},{"@type":"ListItem","position":2,"name":"Abogan para que negociaci\u00f3n tarifaria en Arica se mantenga en plano comercial"}]},{"@type":"WebSite","@id":"https:\/\/www.eldiario.net\/portal\/#website","url":"https:\/\/www.eldiario.net\/portal\/","name":"El Diario - Decano de la prensa nacional","description":"El Diario - Decano de la prensa nacional","publisher":{"@id":"https:\/\/www.eldiario.net\/portal\/#organization"},"potentialAction":[{"@type":"SearchAction","target":{"@type":"EntryPoint","urlTemplate":"https:\/\/www.eldiario.net\/portal\/?s={search_term_string}"},"query-input":{"@type":"PropertyValueSpecification","valueRequired":true,"valueName":"search_term_string"}}],"inLanguage":"es"},{"@type":"Organization","@id":"https:\/\/www.eldiario.net\/portal\/#organization","name":"El Diario - Decano de la prensa nacional","url":"https:\/\/www.eldiario.net\/portal\/","logo":{"@type":"ImageObject","inLanguage":"es","@id":"https:\/\/www.eldiario.net\/portal\/#\/schema\/logo\/image\/","url":"https:\/\/www.eldiario.net\/portal\/wp-content\/uploads\/2023\/07\/logo_ED.jpg","contentUrl":"https:\/\/www.eldiario.net\/portal\/wp-content\/uploads\/2023\/07\/logo_ED.jpg","width":272,"height":52,"caption":"El Diario - Decano de la prensa nacional"},"image":{"@id":"https:\/\/www.eldiario.net\/portal\/#\/schema\/logo\/image\/"},"sameAs":["https:\/\/www.facebook.com\/eldiario.bolivia\/","https:\/\/x.com\/eldiario_net"]},{"@type":"Person","@id":"https:\/\/www.eldiario.net\/portal\/#\/schema\/person\/2c57cf2b7a7ae032e449e4c9b1019eac","name":"Jeanette","image":{"@type":"ImageObject","inLanguage":"es","@id":"https:\/\/secure.gravatar.com\/avatar\/3ea2118a5f7dad2b7138b1187a6b7ee55f160b9968b66013c3a3ef39dd7e5798?s=96&d=mm&r=g","url":"https:\/\/secure.gravatar.com\/avatar\/3ea2118a5f7dad2b7138b1187a6b7ee55f160b9968b66013c3a3ef39dd7e5798?s=96&d=mm&r=g","contentUrl":"https:\/\/secure.gravatar.com\/avatar\/3ea2118a5f7dad2b7138b1187a6b7ee55f160b9968b66013c3a3ef39dd7e5798?s=96&d=mm&r=g","caption":"Jeanette"},"sameAs":["https:\/\/www.eldiario.net\/portal"],"url":"https:\/\/www.eldiario.net\/portal\/author\/jeanette\/"}]}},"_links":{"self":[{"href":"https:\/\/www.eldiario.net\/portal\/wp-json\/wp\/v2\/posts\/24489","targetHints":{"allow":["GET"]}}],"collection":[{"href":"https:\/\/www.eldiario.net\/portal\/wp-json\/wp\/v2\/posts"}],"about":[{"href":"https:\/\/www.eldiario.net\/portal\/wp-json\/wp\/v2\/types\/post"}],"author":[{"embeddable":true,"href":"https:\/\/www.eldiario.net\/portal\/wp-json\/wp\/v2\/users\/1"}],"replies":[{"embeddable":true,"href":"https:\/\/www.eldiario.net\/portal\/wp-json\/wp\/v2\/comments?post=24489"}],"version-history":[{"count":0,"href":"https:\/\/www.eldiario.net\/portal\/wp-json\/wp\/v2\/posts\/24489\/revisions"}],"wp:attachment":[{"href":"https:\/\/www.eldiario.net\/portal\/wp-json\/wp\/v2\/media?parent=24489"}],"wp:term":[{"taxonomy":"category","embeddable":true,"href":"https:\/\/www.eldiario.net\/portal\/wp-json\/wp\/v2\/categories?post=24489"},{"taxonomy":"post_tag","embeddable":true,"href":"https:\/\/www.eldiario.net\/portal\/wp-json\/wp\/v2\/tags?post=24489"}],"curies":[{"name":"wp","href":"https:\/\/api.w.org\/{rel}","templated":true}]}}