{"id":244302,"date":"2024-08-31T07:54:00","date_gmt":"2024-08-31T11:54:00","guid":{"rendered":"https:\/\/www.eldiario.net\/portal\/?p=244302"},"modified":"2024-08-31T07:54:00","modified_gmt":"2024-08-31T11:54:00","slug":"bolivia-en-sudamericano-de-basquetbol-damas","status":"publish","type":"post","link":"https:\/\/www.eldiario.net\/portal\/2024\/08\/31\/bolivia-en-sudamericano-de-basquetbol-damas\/","title":{"rendered":"Bolivia en Sudamericano  de b\u00e1squetbol damas"},"content":{"rendered":"<p>Luego de 18 a\u00f1os la selecci\u00f3n de b\u00e1squetbol mayor dir\u00e1 presente en el Campeonato Sudamericano Femenino 2024 que se disputar\u00e1 desde este s\u00e1bado hasta el s\u00e1bado 7 de septiembre en Santiago de Chile, donde la Verde acude con un equipo bastante joven.<br \/>\nBolivia dir\u00e1 presente bajo la direcci\u00f3n t\u00e9cnica del argentino Jos\u00e9 Podskoc, quien es responsable de las selecciones nacionales.<br \/>\nEl equipo nacional est\u00e1 compuesto por: Julieta Tapia (Escolta), Florencia M\u00e1rquez (Base), Gabriela Herbas (Ala pivot-Pivot), Camila Prado (Base), Miel Eguez (Ala pivot-Alera), Sirianne M\u00e9ndez (Ala pivot-Alera), Vanessa Fern\u00e1ndez (Ala pivot-Pivot), Jhoselin De La Barra (Escolta), Estefan\u00eda Coronado (Alera), Margaret Padilla (Alera), Ariane Cabero (Ala-pivot) y Mar\u00eda Fernanda Viveros (Base).<br \/>\nEl cuerpo t\u00e9cnico lo conforman: Podskoc (entrenador), Jorge Lovera (ayudante de campo), Carla Ram\u00edrez (m\u00e9dico) y Silvana Tejeda (pretendiente delegaci\u00f3n).<br \/>\n\u201cHay una valent\u00eda muy grande de parte de la Federaci\u00f3n (Boliviana de B\u00e1squetbol) y de este equipo para ir a un torneo despu\u00e9s de 18 a\u00f1os y participar en un Sudamericano tan importante\u201d, dijo Podskoc.<br \/>\n\u201cNosotros llevamos jugadoras muy j\u00f3venes, muy bien preparadas. Fueron 15, 20 d\u00edas de trabajo dur\u00edsimo en el \u00faltimo micro ciclo, pero los partidos hay que jugarlos. Bolivia tiene una identidad, va a reemplazar la altura con la velocidad y esperemos que nos vaya bien, porque hay que buscar el futuro de este cambio generacional\u201d, agreg\u00f3.<br \/>\nBolivia integra el Grupo A con Brasil, Uruguay, Chile y Argentina. \u201cEs el grupo de la muerte, por as\u00ed decirlo. Son jugadoras de Europa, que vienen de alto nivel, iremos a un torneo de alto nivel. El campeonato nos podr\u00e1 donde debamos estar y todo lo que necesitamos para seguir logrando objetivos\u201d, apunt\u00f3 el estratega argentino.<br \/>\nLa Verde debutar\u00e1 el domingo con Chile (20.00 de Bolivia), el lunes rivalizar\u00e1 con Brasil (17.30), el martes con Argentina (17.30) y el mi\u00e9rcoles con Uruguay (17.30). (FBB)<\/p>\n","protected":false},"excerpt":{"rendered":"<p>Luego de 18 a\u00f1os la selecci\u00f3n de b\u00e1squetbol mayor dir\u00e1 presente en el Campeonato Sudamericano Femenino 2024 que se disputar\u00e1 desde este s\u00e1bado hasta el s\u00e1bado 7 de septiembre en Santiago de Chile, donde la Verde acude con un equipo bastante joven. Bolivia dir\u00e1 presente bajo la direcci\u00f3n t\u00e9cnica del argentino Jos\u00e9 Podskoc, quien es [&hellip;]<\/p>\n","protected":false},"author":1,"featured_media":244303,"comment_status":"open","ping_status":"open","sticky":false,"template":"","format":"standard","meta":{"_acf_changed":false,"footnotes":""},"categories":[6],"tags":[],"class_list":["post-244302","post","type-post","status-publish","format-standard","has-post-thumbnail","category-deportes"],"acf":{"antetitulo":" DESPU\u00c9S DE 18 A\u00d1OS"},"yoast_head":"<!-- This site is optimized with the Yoast SEO plugin v28.3 - https:\/\/yoast.com\/product\/yoast-seo-wordpress\/ -->\n<title>Bolivia en Sudamericano de b\u00e1squetbol damas - El Diario - Bolivia<\/title>\n<meta name=\"robots\" content=\"index, follow, max-snippet:-1, max-image-preview:large, max-video-preview:-1\" \/>\n<link rel=\"canonical\" href=\"https:\/\/www.eldiario.net\/portal\/2024\/08\/31\/bolivia-en-sudamericano-de-basquetbol-damas\/\" \/>\n<meta property=\"og:locale\" content=\"es_ES\" \/>\n<meta property=\"og:type\" content=\"article\" \/>\n<meta property=\"og:title\" content=\"Bolivia en Sudamericano de b\u00e1squetbol damas - El Diario - Bolivia\" \/>\n<meta property=\"og:description\" content=\"Luego de 18 a\u00f1os la selecci\u00f3n de b\u00e1squetbol mayor dir\u00e1 presente en el Campeonato Sudamericano Femenino 2024 que se disputar\u00e1 desde este s\u00e1bado hasta el s\u00e1bado 7 de septiembre en Santiago de Chile, donde la Verde acude con un equipo bastante joven. Bolivia dir\u00e1 presente bajo la direcci\u00f3n t\u00e9cnica del argentino Jos\u00e9 Podskoc, quien es [&hellip;]\" \/>\n<meta property=\"og:url\" content=\"https:\/\/www.eldiario.net\/portal\/2024\/08\/31\/bolivia-en-sudamericano-de-basquetbol-damas\/\" \/>\n<meta property=\"og:site_name\" content=\"El Diario - Bolivia\" \/>\n<meta property=\"article:publisher\" content=\"https:\/\/www.facebook.com\/eldiario.bolivia\/\" \/>\n<meta property=\"article:published_time\" content=\"2024-08-31T11:54:00+00:00\" \/>\n<meta property=\"og:image\" content=\"https:\/\/www.eldiario.net\/portal\/wp-content\/uploads\/2024\/08\/FOTO-22-2.jpg\" \/>\n\t<meta property=\"og:image:width\" content=\"1200\" \/>\n\t<meta property=\"og:image:height\" content=\"900\" \/>\n\t<meta property=\"og:image:type\" content=\"image\/jpeg\" \/>\n<meta name=\"author\" content=\"Jeanette\" \/>\n<meta name=\"twitter:card\" content=\"summary_large_image\" \/>\n<meta name=\"twitter:creator\" content=\"@eldiario_net\" \/>\n<meta name=\"twitter:site\" content=\"@eldiario_net\" \/>\n<meta name=\"twitter:label1\" content=\"Escrito por\" \/>\n\t<meta name=\"twitter:data1\" content=\"Jeanette\" \/>\n\t<meta name=\"twitter:label2\" content=\"Tiempo de lectura\" \/>\n\t<meta name=\"twitter:data2\" content=\"2 minutos\" \/>\n<script type=\"application\/ld+json\" class=\"yoast-schema-graph\">{\"@context\":\"https:\\\/\\\/schema.org\",\"@graph\":[{\"@type\":\"Article\",\"@id\":\"https:\\\/\\\/www.eldiario.net\\\/portal\\\/2024\\\/08\\\/31\\\/bolivia-en-sudamericano-de-basquetbol-damas\\\/#article\",\"isPartOf\":{\"@id\":\"https:\\\/\\\/www.eldiario.net\\\/portal\\\/2024\\\/08\\\/31\\\/bolivia-en-sudamericano-de-basquetbol-damas\\\/\"},\"author\":{\"name\":\"Jeanette\",\"@id\":\"https:\\\/\\\/www.eldiario.net\\\/portal\\\/#\\\/schema\\\/person\\\/f46445640444750d7d753ccd04ae01b7\"},\"headline\":\"Bolivia en Sudamericano de b\u00e1squetbol damas\",\"datePublished\":\"2024-08-31T11:54:00+00:00\",\"mainEntityOfPage\":{\"@id\":\"https:\\\/\\\/www.eldiario.net\\\/portal\\\/2024\\\/08\\\/31\\\/bolivia-en-sudamericano-de-basquetbol-damas\\\/\"},\"wordCount\":326,\"commentCount\":0,\"publisher\":{\"@id\":\"https:\\\/\\\/www.eldiario.net\\\/portal\\\/#organization\"},\"image\":{\"@id\":\"https:\\\/\\\/www.eldiario.net\\\/portal\\\/2024\\\/08\\\/31\\\/bolivia-en-sudamericano-de-basquetbol-damas\\\/#primaryimage\"},\"thumbnailUrl\":\"https:\\\/\\\/www.eldiario.net\\\/portal\\\/wp-content\\\/uploads\\\/2024\\\/08\\\/FOTO-22-2.jpg\",\"articleSection\":[\"Deportes\"],\"inLanguage\":\"es\",\"potentialAction\":[{\"@type\":\"CommentAction\",\"name\":\"Comment\",\"target\":[\"https:\\\/\\\/www.eldiario.net\\\/portal\\\/2024\\\/08\\\/31\\\/bolivia-en-sudamericano-de-basquetbol-damas\\\/#respond\"]}]},{\"@type\":\"WebPage\",\"@id\":\"https:\\\/\\\/www.eldiario.net\\\/portal\\\/2024\\\/08\\\/31\\\/bolivia-en-sudamericano-de-basquetbol-damas\\\/\",\"url\":\"https:\\\/\\\/www.eldiario.net\\\/portal\\\/2024\\\/08\\\/31\\\/bolivia-en-sudamericano-de-basquetbol-damas\\\/\",\"name\":\"Bolivia en Sudamericano de b\u00e1squetbol damas - El Diario - Bolivia\",\"isPartOf\":{\"@id\":\"https:\\\/\\\/www.eldiario.net\\\/portal\\\/#website\"},\"primaryImageOfPage\":{\"@id\":\"https:\\\/\\\/www.eldiario.net\\\/portal\\\/2024\\\/08\\\/31\\\/bolivia-en-sudamericano-de-basquetbol-damas\\\/#primaryimage\"},\"image\":{\"@id\":\"https:\\\/\\\/www.eldiario.net\\\/portal\\\/2024\\\/08\\\/31\\\/bolivia-en-sudamericano-de-basquetbol-damas\\\/#primaryimage\"},\"thumbnailUrl\":\"https:\\\/\\\/www.eldiario.net\\\/portal\\\/wp-content\\\/uploads\\\/2024\\\/08\\\/FOTO-22-2.jpg\",\"datePublished\":\"2024-08-31T11:54:00+00:00\",\"breadcrumb\":{\"@id\":\"https:\\\/\\\/www.eldiario.net\\\/portal\\\/2024\\\/08\\\/31\\\/bolivia-en-sudamericano-de-basquetbol-damas\\\/#breadcrumb\"},\"inLanguage\":\"es\",\"potentialAction\":[{\"@type\":\"ReadAction\",\"target\":[\"https:\\\/\\\/www.eldiario.net\\\/portal\\\/2024\\\/08\\\/31\\\/bolivia-en-sudamericano-de-basquetbol-damas\\\/\"]}]},{\"@type\":\"ImageObject\",\"inLanguage\":\"es\",\"@id\":\"https:\\\/\\\/www.eldiario.net\\\/portal\\\/2024\\\/08\\\/31\\\/bolivia-en-sudamericano-de-basquetbol-damas\\\/#primaryimage\",\"url\":\"https:\\\/\\\/www.eldiario.net\\\/portal\\\/wp-content\\\/uploads\\\/2024\\\/08\\\/FOTO-22-2.jpg\",\"contentUrl\":\"https:\\\/\\\/www.eldiario.net\\\/portal\\\/wp-content\\\/uploads\\\/2024\\\/08\\\/FOTO-22-2.jpg\",\"width\":1200,\"height\":900},{\"@type\":\"BreadcrumbList\",\"@id\":\"https:\\\/\\\/www.eldiario.net\\\/portal\\\/2024\\\/08\\\/31\\\/bolivia-en-sudamericano-de-basquetbol-damas\\\/#breadcrumb\",\"itemListElement\":[{\"@type\":\"ListItem\",\"position\":1,\"name\":\"Portada\",\"item\":\"https:\\\/\\\/www.eldiario.net\\\/portal\\\/\"},{\"@type\":\"ListItem\",\"position\":2,\"name\":\"Bolivia en Sudamericano de b\u00e1squetbol damas\"}]},{\"@type\":\"WebSite\",\"@id\":\"https:\\\/\\\/www.eldiario.net\\\/portal\\\/#website\",\"url\":\"https:\\\/\\\/www.eldiario.net\\\/portal\\\/\",\"name\":\"El Diario - Decano de la prensa nacional\",\"description\":\"El Diario - Decano de la prensa nacional\",\"publisher\":{\"@id\":\"https:\\\/\\\/www.eldiario.net\\\/portal\\\/#organization\"},\"potentialAction\":[{\"@type\":\"SearchAction\",\"target\":{\"@type\":\"EntryPoint\",\"urlTemplate\":\"https:\\\/\\\/www.eldiario.net\\\/portal\\\/?s={search_term_string}\"},\"query-input\":{\"@type\":\"PropertyValueSpecification\",\"valueRequired\":true,\"valueName\":\"search_term_string\"}}],\"inLanguage\":\"es\"},{\"@type\":\"Organization\",\"@id\":\"https:\\\/\\\/www.eldiario.net\\\/portal\\\/#organization\",\"name\":\"El Diario - Decano de la prensa nacional\",\"url\":\"https:\\\/\\\/www.eldiario.net\\\/portal\\\/\",\"logo\":{\"@type\":\"ImageObject\",\"inLanguage\":\"es\",\"@id\":\"https:\\\/\\\/www.eldiario.net\\\/portal\\\/#\\\/schema\\\/logo\\\/image\\\/\",\"url\":\"https:\\\/\\\/www.eldiario.net\\\/portal\\\/wp-content\\\/uploads\\\/2023\\\/07\\\/logo_ED.jpg\",\"contentUrl\":\"https:\\\/\\\/www.eldiario.net\\\/portal\\\/wp-content\\\/uploads\\\/2023\\\/07\\\/logo_ED.jpg\",\"width\":272,\"height\":52,\"caption\":\"El Diario - Decano de la prensa nacional\"},\"image\":{\"@id\":\"https:\\\/\\\/www.eldiario.net\\\/portal\\\/#\\\/schema\\\/logo\\\/image\\\/\"},\"sameAs\":[\"https:\\\/\\\/www.facebook.com\\\/eldiario.bolivia\\\/\",\"https:\\\/\\\/x.com\\\/eldiario_net\"]},{\"@type\":\"Person\",\"@id\":\"https:\\\/\\\/www.eldiario.net\\\/portal\\\/#\\\/schema\\\/person\\\/f46445640444750d7d753ccd04ae01b7\",\"name\":\"Jeanette\",\"image\":{\"@type\":\"ImageObject\",\"inLanguage\":\"es\",\"@id\":\"https:\\\/\\\/secure.gravatar.com\\\/avatar\\\/3ea2118a5f7dad2b7138b1187a6b7ee55f160b9968b66013c3a3ef39dd7e5798?s=96&d=mm&r=g\",\"url\":\"https:\\\/\\\/secure.gravatar.com\\\/avatar\\\/3ea2118a5f7dad2b7138b1187a6b7ee55f160b9968b66013c3a3ef39dd7e5798?s=96&d=mm&r=g\",\"contentUrl\":\"https:\\\/\\\/secure.gravatar.com\\\/avatar\\\/3ea2118a5f7dad2b7138b1187a6b7ee55f160b9968b66013c3a3ef39dd7e5798?s=96&d=mm&r=g\",\"caption\":\"Jeanette\"},\"sameAs\":[\"https:\\\/\\\/www.eldiario.net\\\/portal\"],\"url\":\"https:\\\/\\\/www.eldiario.net\\\/portal\\\/author\\\/jeanette\\\/\"}]}<\/script>\n<!-- \/ Yoast SEO plugin. -->","yoast_head_json":{"title":"Bolivia en Sudamericano de b\u00e1squetbol damas - El Diario - Bolivia","robots":{"index":"index","follow":"follow","max-snippet":"max-snippet:-1","max-image-preview":"max-image-preview:large","max-video-preview":"max-video-preview:-1"},"canonical":"https:\/\/www.eldiario.net\/portal\/2024\/08\/31\/bolivia-en-sudamericano-de-basquetbol-damas\/","og_locale":"es_ES","og_type":"article","og_title":"Bolivia en Sudamericano de b\u00e1squetbol damas - El Diario - Bolivia","og_description":"Luego de 18 a\u00f1os la selecci\u00f3n de b\u00e1squetbol mayor dir\u00e1 presente en el Campeonato Sudamericano Femenino 2024 que se disputar\u00e1 desde este s\u00e1bado hasta el s\u00e1bado 7 de septiembre en Santiago de Chile, donde la Verde acude con un equipo bastante joven. Bolivia dir\u00e1 presente bajo la direcci\u00f3n t\u00e9cnica del argentino Jos\u00e9 Podskoc, quien es [&hellip;]","og_url":"https:\/\/www.eldiario.net\/portal\/2024\/08\/31\/bolivia-en-sudamericano-de-basquetbol-damas\/","og_site_name":"El Diario - Bolivia","article_publisher":"https:\/\/www.facebook.com\/eldiario.bolivia\/","article_published_time":"2024-08-31T11:54:00+00:00","og_image":[{"width":1200,"height":900,"url":"https:\/\/www.eldiario.net\/portal\/wp-content\/uploads\/2024\/08\/FOTO-22-2.jpg","type":"image\/jpeg"}],"author":"Jeanette","twitter_card":"summary_large_image","twitter_creator":"@eldiario_net","twitter_site":"@eldiario_net","twitter_misc":{"Escrito por":"Jeanette","Tiempo de lectura":"2 minutos"},"schema":{"@context":"https:\/\/schema.org","@graph":[{"@type":"Article","@id":"https:\/\/www.eldiario.net\/portal\/2024\/08\/31\/bolivia-en-sudamericano-de-basquetbol-damas\/#article","isPartOf":{"@id":"https:\/\/www.eldiario.net\/portal\/2024\/08\/31\/bolivia-en-sudamericano-de-basquetbol-damas\/"},"author":{"name":"Jeanette","@id":"https:\/\/www.eldiario.net\/portal\/#\/schema\/person\/f46445640444750d7d753ccd04ae01b7"},"headline":"Bolivia en Sudamericano de b\u00e1squetbol damas","datePublished":"2024-08-31T11:54:00+00:00","mainEntityOfPage":{"@id":"https:\/\/www.eldiario.net\/portal\/2024\/08\/31\/bolivia-en-sudamericano-de-basquetbol-damas\/"},"wordCount":326,"commentCount":0,"publisher":{"@id":"https:\/\/www.eldiario.net\/portal\/#organization"},"image":{"@id":"https:\/\/www.eldiario.net\/portal\/2024\/08\/31\/bolivia-en-sudamericano-de-basquetbol-damas\/#primaryimage"},"thumbnailUrl":"https:\/\/www.eldiario.net\/portal\/wp-content\/uploads\/2024\/08\/FOTO-22-2.jpg","articleSection":["Deportes"],"inLanguage":"es","potentialAction":[{"@type":"CommentAction","name":"Comment","target":["https:\/\/www.eldiario.net\/portal\/2024\/08\/31\/bolivia-en-sudamericano-de-basquetbol-damas\/#respond"]}]},{"@type":"WebPage","@id":"https:\/\/www.eldiario.net\/portal\/2024\/08\/31\/bolivia-en-sudamericano-de-basquetbol-damas\/","url":"https:\/\/www.eldiario.net\/portal\/2024\/08\/31\/bolivia-en-sudamericano-de-basquetbol-damas\/","name":"Bolivia en Sudamericano de b\u00e1squetbol damas - El Diario - Bolivia","isPartOf":{"@id":"https:\/\/www.eldiario.net\/portal\/#website"},"primaryImageOfPage":{"@id":"https:\/\/www.eldiario.net\/portal\/2024\/08\/31\/bolivia-en-sudamericano-de-basquetbol-damas\/#primaryimage"},"image":{"@id":"https:\/\/www.eldiario.net\/portal\/2024\/08\/31\/bolivia-en-sudamericano-de-basquetbol-damas\/#primaryimage"},"thumbnailUrl":"https:\/\/www.eldiario.net\/portal\/wp-content\/uploads\/2024\/08\/FOTO-22-2.jpg","datePublished":"2024-08-31T11:54:00+00:00","breadcrumb":{"@id":"https:\/\/www.eldiario.net\/portal\/2024\/08\/31\/bolivia-en-sudamericano-de-basquetbol-damas\/#breadcrumb"},"inLanguage":"es","potentialAction":[{"@type":"ReadAction","target":["https:\/\/www.eldiario.net\/portal\/2024\/08\/31\/bolivia-en-sudamericano-de-basquetbol-damas\/"]}]},{"@type":"ImageObject","inLanguage":"es","@id":"https:\/\/www.eldiario.net\/portal\/2024\/08\/31\/bolivia-en-sudamericano-de-basquetbol-damas\/#primaryimage","url":"https:\/\/www.eldiario.net\/portal\/wp-content\/uploads\/2024\/08\/FOTO-22-2.jpg","contentUrl":"https:\/\/www.eldiario.net\/portal\/wp-content\/uploads\/2024\/08\/FOTO-22-2.jpg","width":1200,"height":900},{"@type":"BreadcrumbList","@id":"https:\/\/www.eldiario.net\/portal\/2024\/08\/31\/bolivia-en-sudamericano-de-basquetbol-damas\/#breadcrumb","itemListElement":[{"@type":"ListItem","position":1,"name":"Portada","item":"https:\/\/www.eldiario.net\/portal\/"},{"@type":"ListItem","position":2,"name":"Bolivia en Sudamericano de b\u00e1squetbol damas"}]},{"@type":"WebSite","@id":"https:\/\/www.eldiario.net\/portal\/#website","url":"https:\/\/www.eldiario.net\/portal\/","name":"El Diario - Decano de la prensa nacional","description":"El Diario - Decano de la prensa nacional","publisher":{"@id":"https:\/\/www.eldiario.net\/portal\/#organization"},"potentialAction":[{"@type":"SearchAction","target":{"@type":"EntryPoint","urlTemplate":"https:\/\/www.eldiario.net\/portal\/?s={search_term_string}"},"query-input":{"@type":"PropertyValueSpecification","valueRequired":true,"valueName":"search_term_string"}}],"inLanguage":"es"},{"@type":"Organization","@id":"https:\/\/www.eldiario.net\/portal\/#organization","name":"El Diario - Decano de la prensa nacional","url":"https:\/\/www.eldiario.net\/portal\/","logo":{"@type":"ImageObject","inLanguage":"es","@id":"https:\/\/www.eldiario.net\/portal\/#\/schema\/logo\/image\/","url":"https:\/\/www.eldiario.net\/portal\/wp-content\/uploads\/2023\/07\/logo_ED.jpg","contentUrl":"https:\/\/www.eldiario.net\/portal\/wp-content\/uploads\/2023\/07\/logo_ED.jpg","width":272,"height":52,"caption":"El Diario - Decano de la prensa nacional"},"image":{"@id":"https:\/\/www.eldiario.net\/portal\/#\/schema\/logo\/image\/"},"sameAs":["https:\/\/www.facebook.com\/eldiario.bolivia\/","https:\/\/x.com\/eldiario_net"]},{"@type":"Person","@id":"https:\/\/www.eldiario.net\/portal\/#\/schema\/person\/f46445640444750d7d753ccd04ae01b7","name":"Jeanette","image":{"@type":"ImageObject","inLanguage":"es","@id":"https:\/\/secure.gravatar.com\/avatar\/3ea2118a5f7dad2b7138b1187a6b7ee55f160b9968b66013c3a3ef39dd7e5798?s=96&d=mm&r=g","url":"https:\/\/secure.gravatar.com\/avatar\/3ea2118a5f7dad2b7138b1187a6b7ee55f160b9968b66013c3a3ef39dd7e5798?s=96&d=mm&r=g","contentUrl":"https:\/\/secure.gravatar.com\/avatar\/3ea2118a5f7dad2b7138b1187a6b7ee55f160b9968b66013c3a3ef39dd7e5798?s=96&d=mm&r=g","caption":"Jeanette"},"sameAs":["https:\/\/www.eldiario.net\/portal"],"url":"https:\/\/www.eldiario.net\/portal\/author\/jeanette\/"}]}},"_links":{"self":[{"href":"https:\/\/www.eldiario.net\/portal\/wp-json\/wp\/v2\/posts\/244302","targetHints":{"allow":["GET"]}}],"collection":[{"href":"https:\/\/www.eldiario.net\/portal\/wp-json\/wp\/v2\/posts"}],"about":[{"href":"https:\/\/www.eldiario.net\/portal\/wp-json\/wp\/v2\/types\/post"}],"author":[{"embeddable":true,"href":"https:\/\/www.eldiario.net\/portal\/wp-json\/wp\/v2\/users\/1"}],"replies":[{"embeddable":true,"href":"https:\/\/www.eldiario.net\/portal\/wp-json\/wp\/v2\/comments?post=244302"}],"version-history":[{"count":1,"href":"https:\/\/www.eldiario.net\/portal\/wp-json\/wp\/v2\/posts\/244302\/revisions"}],"predecessor-version":[{"id":244304,"href":"https:\/\/www.eldiario.net\/portal\/wp-json\/wp\/v2\/posts\/244302\/revisions\/244304"}],"wp:featuredmedia":[{"embeddable":true,"href":"https:\/\/www.eldiario.net\/portal\/wp-json\/wp\/v2\/media\/244303"}],"wp:attachment":[{"href":"https:\/\/www.eldiario.net\/portal\/wp-json\/wp\/v2\/media?parent=244302"}],"wp:term":[{"taxonomy":"category","embeddable":true,"href":"https:\/\/www.eldiario.net\/portal\/wp-json\/wp\/v2\/categories?post=244302"},{"taxonomy":"post_tag","embeddable":true,"href":"https:\/\/www.eldiario.net\/portal\/wp-json\/wp\/v2\/tags?post=244302"}],"curies":[{"name":"wp","href":"https:\/\/api.w.org\/{rel}","templated":true}]}}