{"id":244249,"date":"2024-08-31T07:32:47","date_gmt":"2024-08-31T11:32:47","guid":{"rendered":"https:\/\/www.eldiario.net\/portal\/?p=244249"},"modified":"2024-08-31T07:32:47","modified_gmt":"2024-08-31T11:32:47","slug":"datos-del-ine-invisibilizan-a-mas-de-un-millon-de-bolivianos","status":"publish","type":"post","link":"https:\/\/www.eldiario.net\/portal\/2024\/08\/31\/datos-del-ine-invisibilizan-a-mas-de-un-millon-de-bolivianos\/","title":{"rendered":"Datos del INE invisibilizan a m\u00e1s de un mill\u00f3n de bolivianos"},"content":{"rendered":"<p>La senadora por la agrupaci\u00f3n Creemos, Centa Rek, consider\u00f3 que los datos presentados por el Instituto Nacional de Estad\u00edstica (INE) sobre el Censo Nacional de Poblaci\u00f3n y Vivienda 2024, no son cre\u00edbles por lo que podr\u00edan ser considerados como un crimen de lesa humanidad que invisibiliza a m\u00e1s de un mill\u00f3n de bolivianos a quienes se les escamotea recursos econ\u00f3micos para salud, educaci\u00f3n y servicios b\u00e1sicos.<br \/>\n\u201cEl INE, en franca complicidad con el Gobierno est\u00e1 cometiendo un crimen que se puede considerar de lesa humanidad, al escamotear recursos a las poblaciones bolivianas, haciendo que desaparezcan, que se invisibilicen m\u00e1s de un mill\u00f3n de habitantes\u201d, se\u00f1al\u00f3 la legisladora.<br \/>\nLa senadora por Santa Cruz agreg\u00f3 que los datos presentados por el INE son absolutamente irregulares, ya que existen datos preliminares y proyecciones que quedaron totalmente alejados de los resultados presentados por el INE, motivo por el que tendr\u00e1n que responder, porque se trata de un delito de falseamiento cometido en flagrancia.<br \/>\n\u201cExisten datos preliminares, existe una estad\u00edstica que proyect\u00f3 el departamento, la Gobernaci\u00f3n del departamento de Santa Cruz y no puede haber un error tan grande de un mill\u00f3n de habitantes, que los del INE pretenden desaparecer de la faz del territorio boliviano y sobre todo del territorio cruce\u00f1o; en este sentido, decimos que este crimen puede ser considerado como de lesa humanidad, una lesi\u00f3n a todos los derechos fundamentales de las personas, porque va a privar a una gran cantidad de bolivianos y sobre todo de cruce\u00f1os de la posibilidad de contar con recursos b\u00e1sicos para tener una vida digna\u201d, ampli\u00f3 la legisladora.<br \/>\nPor esa raz\u00f3n, Rek se\u00f1al\u00f3 la poblaci\u00f3n debe defender su derecho de contar con una informaci\u00f3n fidedigna que permita contar con los recursos necesarios para gozar de servicios, salud y educaci\u00f3n adecuados.<br \/>\nAsimismo, evitar que se quiten espacios pol\u00edticos en el Parlamento, que es una antesala para un posible nuevo fraude electoral.<br \/>\n\u201cEs necesario que reivindiquemos y defendamos nuestro derecho a contar con una atenci\u00f3n adecuada, no ser borrados de la faz de Bolivia por una decisi\u00f3n pol\u00edtica; sabemos que este es el antecedente de un fraude electoral; por lo tanto, tenemos dos situaciones que son importantes en el pa\u00eds y que debemos reivindicar como corresponde en justicia para no dejar que la poblaci\u00f3n boliviana sea desaparecida por una decisi\u00f3n expresa, por una decisi\u00f3n pol\u00edtica del Gobierno que est\u00e1 preparando toda la antesala para el fraude electoral\u201d, finaliz\u00f3.<br \/>\nAyer, el viceministro de Autonom\u00edas, \u00c1lvaro Ruiz, respondi\u00f3 a todos los cuestionamientos que ponen en duda los resultados poblacionales del Censo 2024, se\u00f1alado las expectativas no pueden sobre ponerse a la realidad demogr\u00e1fica del pa\u00eds, revelada a trav\u00e9s de la medici\u00f3n censal.<br \/>\n\u201cNo puedes robar algo que no has tenido, una cosa es su proyecci\u00f3n o sus aspiraciones y otra cosa es lo real. Lo real demuestra hoy que, el Censo de 2012 no se ha hecho de la mejor manera. Una cosa es una proyecci\u00f3n en base a un muestreo y otra es la realidad en base a un Censo\u201d, sostuvo la autoridad.<\/p>\n","protected":false},"excerpt":{"rendered":"<p>La senadora por la agrupaci\u00f3n Creemos, Centa Rek, consider\u00f3 que los datos presentados por el Instituto Nacional de Estad\u00edstica (INE) sobre el Censo Nacional de Poblaci\u00f3n y Vivienda 2024, no son cre\u00edbles por lo que podr\u00edan ser considerados como un crimen de lesa humanidad que invisibiliza a m\u00e1s de un mill\u00f3n de bolivianos a quienes [&hellip;]<\/p>\n","protected":false},"author":1,"featured_media":244250,"comment_status":"open","ping_status":"open","sticky":false,"template":"","format":"standard","meta":{"_acf_changed":false,"footnotes":""},"categories":[14],"tags":[],"class_list":["post-244249","post","type-post","status-publish","format-standard","has-post-thumbnail","category-politica"],"acf":{"antetitulo":"Afirma senadora Rek"},"yoast_head":"<!-- This site is optimized with the Yoast SEO plugin v28.3 - https:\/\/yoast.com\/product\/yoast-seo-wordpress\/ -->\n<title>Datos del INE invisibilizan a m\u00e1s de un mill\u00f3n de bolivianos - El Diario - Bolivia<\/title>\n<meta name=\"robots\" content=\"index, follow, max-snippet:-1, max-image-preview:large, max-video-preview:-1\" \/>\n<link rel=\"canonical\" href=\"https:\/\/www.eldiario.net\/portal\/2024\/08\/31\/datos-del-ine-invisibilizan-a-mas-de-un-millon-de-bolivianos\/\" \/>\n<meta property=\"og:locale\" content=\"es_ES\" \/>\n<meta property=\"og:type\" content=\"article\" \/>\n<meta property=\"og:title\" content=\"Datos del INE invisibilizan a m\u00e1s de un mill\u00f3n de bolivianos - El Diario - Bolivia\" \/>\n<meta property=\"og:description\" content=\"La senadora por la agrupaci\u00f3n Creemos, Centa Rek, consider\u00f3 que los datos presentados por el Instituto Nacional de Estad\u00edstica (INE) sobre el Censo Nacional de Poblaci\u00f3n y Vivienda 2024, no son cre\u00edbles por lo que podr\u00edan ser considerados como un crimen de lesa humanidad que invisibiliza a m\u00e1s de un mill\u00f3n de bolivianos a quienes [&hellip;]\" \/>\n<meta property=\"og:url\" content=\"https:\/\/www.eldiario.net\/portal\/2024\/08\/31\/datos-del-ine-invisibilizan-a-mas-de-un-millon-de-bolivianos\/\" \/>\n<meta property=\"og:site_name\" content=\"El Diario - Bolivia\" \/>\n<meta property=\"article:publisher\" content=\"https:\/\/www.facebook.com\/eldiario.bolivia\/\" \/>\n<meta property=\"article:published_time\" content=\"2024-08-31T11:32:47+00:00\" \/>\n<meta property=\"og:image\" content=\"https:\/\/www.eldiario.net\/portal\/wp-content\/uploads\/2024\/08\/42-POL-11.jpg\" \/>\n\t<meta property=\"og:image:width\" content=\"1280\" \/>\n\t<meta property=\"og:image:height\" content=\"853\" \/>\n\t<meta property=\"og:image:type\" content=\"image\/jpeg\" \/>\n<meta name=\"author\" content=\"Jeanette\" \/>\n<meta name=\"twitter:card\" content=\"summary_large_image\" \/>\n<meta name=\"twitter:creator\" content=\"@eldiario_net\" \/>\n<meta name=\"twitter:site\" content=\"@eldiario_net\" \/>\n<meta name=\"twitter:label1\" content=\"Escrito por\" \/>\n\t<meta name=\"twitter:data1\" content=\"Jeanette\" \/>\n\t<meta name=\"twitter:label2\" content=\"Tiempo de lectura\" \/>\n\t<meta name=\"twitter:data2\" content=\"3 minutos\" \/>\n<script type=\"application\/ld+json\" class=\"yoast-schema-graph\">{\"@context\":\"https:\\\/\\\/schema.org\",\"@graph\":[{\"@type\":\"Article\",\"@id\":\"https:\\\/\\\/www.eldiario.net\\\/portal\\\/2024\\\/08\\\/31\\\/datos-del-ine-invisibilizan-a-mas-de-un-millon-de-bolivianos\\\/#article\",\"isPartOf\":{\"@id\":\"https:\\\/\\\/www.eldiario.net\\\/portal\\\/2024\\\/08\\\/31\\\/datos-del-ine-invisibilizan-a-mas-de-un-millon-de-bolivianos\\\/\"},\"author\":{\"name\":\"Jeanette\",\"@id\":\"https:\\\/\\\/www.eldiario.net\\\/portal\\\/#\\\/schema\\\/person\\\/f46445640444750d7d753ccd04ae01b7\"},\"headline\":\"Datos del INE invisibilizan a m\u00e1s de un mill\u00f3n de bolivianos\",\"datePublished\":\"2024-08-31T11:32:47+00:00\",\"mainEntityOfPage\":{\"@id\":\"https:\\\/\\\/www.eldiario.net\\\/portal\\\/2024\\\/08\\\/31\\\/datos-del-ine-invisibilizan-a-mas-de-un-millon-de-bolivianos\\\/\"},\"wordCount\":557,\"commentCount\":0,\"publisher\":{\"@id\":\"https:\\\/\\\/www.eldiario.net\\\/portal\\\/#organization\"},\"image\":{\"@id\":\"https:\\\/\\\/www.eldiario.net\\\/portal\\\/2024\\\/08\\\/31\\\/datos-del-ine-invisibilizan-a-mas-de-un-millon-de-bolivianos\\\/#primaryimage\"},\"thumbnailUrl\":\"https:\\\/\\\/www.eldiario.net\\\/portal\\\/wp-content\\\/uploads\\\/2024\\\/08\\\/42-POL-11.jpg\",\"articleSection\":[\"Pol\u00edtica\"],\"inLanguage\":\"es\",\"potentialAction\":[{\"@type\":\"CommentAction\",\"name\":\"Comment\",\"target\":[\"https:\\\/\\\/www.eldiario.net\\\/portal\\\/2024\\\/08\\\/31\\\/datos-del-ine-invisibilizan-a-mas-de-un-millon-de-bolivianos\\\/#respond\"]}]},{\"@type\":\"WebPage\",\"@id\":\"https:\\\/\\\/www.eldiario.net\\\/portal\\\/2024\\\/08\\\/31\\\/datos-del-ine-invisibilizan-a-mas-de-un-millon-de-bolivianos\\\/\",\"url\":\"https:\\\/\\\/www.eldiario.net\\\/portal\\\/2024\\\/08\\\/31\\\/datos-del-ine-invisibilizan-a-mas-de-un-millon-de-bolivianos\\\/\",\"name\":\"Datos del INE invisibilizan a m\u00e1s de un mill\u00f3n de bolivianos - El Diario - Bolivia\",\"isPartOf\":{\"@id\":\"https:\\\/\\\/www.eldiario.net\\\/portal\\\/#website\"},\"primaryImageOfPage\":{\"@id\":\"https:\\\/\\\/www.eldiario.net\\\/portal\\\/2024\\\/08\\\/31\\\/datos-del-ine-invisibilizan-a-mas-de-un-millon-de-bolivianos\\\/#primaryimage\"},\"image\":{\"@id\":\"https:\\\/\\\/www.eldiario.net\\\/portal\\\/2024\\\/08\\\/31\\\/datos-del-ine-invisibilizan-a-mas-de-un-millon-de-bolivianos\\\/#primaryimage\"},\"thumbnailUrl\":\"https:\\\/\\\/www.eldiario.net\\\/portal\\\/wp-content\\\/uploads\\\/2024\\\/08\\\/42-POL-11.jpg\",\"datePublished\":\"2024-08-31T11:32:47+00:00\",\"breadcrumb\":{\"@id\":\"https:\\\/\\\/www.eldiario.net\\\/portal\\\/2024\\\/08\\\/31\\\/datos-del-ine-invisibilizan-a-mas-de-un-millon-de-bolivianos\\\/#breadcrumb\"},\"inLanguage\":\"es\",\"potentialAction\":[{\"@type\":\"ReadAction\",\"target\":[\"https:\\\/\\\/www.eldiario.net\\\/portal\\\/2024\\\/08\\\/31\\\/datos-del-ine-invisibilizan-a-mas-de-un-millon-de-bolivianos\\\/\"]}]},{\"@type\":\"ImageObject\",\"inLanguage\":\"es\",\"@id\":\"https:\\\/\\\/www.eldiario.net\\\/portal\\\/2024\\\/08\\\/31\\\/datos-del-ine-invisibilizan-a-mas-de-un-millon-de-bolivianos\\\/#primaryimage\",\"url\":\"https:\\\/\\\/www.eldiario.net\\\/portal\\\/wp-content\\\/uploads\\\/2024\\\/08\\\/42-POL-11.jpg\",\"contentUrl\":\"https:\\\/\\\/www.eldiario.net\\\/portal\\\/wp-content\\\/uploads\\\/2024\\\/08\\\/42-POL-11.jpg\",\"width\":1280,\"height\":853,\"caption\":\"Senadora Centa Rek (Creemos)\"},{\"@type\":\"BreadcrumbList\",\"@id\":\"https:\\\/\\\/www.eldiario.net\\\/portal\\\/2024\\\/08\\\/31\\\/datos-del-ine-invisibilizan-a-mas-de-un-millon-de-bolivianos\\\/#breadcrumb\",\"itemListElement\":[{\"@type\":\"ListItem\",\"position\":1,\"name\":\"Portada\",\"item\":\"https:\\\/\\\/www.eldiario.net\\\/portal\\\/\"},{\"@type\":\"ListItem\",\"position\":2,\"name\":\"Datos del INE invisibilizan a m\u00e1s de un mill\u00f3n de bolivianos\"}]},{\"@type\":\"WebSite\",\"@id\":\"https:\\\/\\\/www.eldiario.net\\\/portal\\\/#website\",\"url\":\"https:\\\/\\\/www.eldiario.net\\\/portal\\\/\",\"name\":\"El Diario - Decano de la prensa nacional\",\"description\":\"El Diario - Decano de la prensa nacional\",\"publisher\":{\"@id\":\"https:\\\/\\\/www.eldiario.net\\\/portal\\\/#organization\"},\"potentialAction\":[{\"@type\":\"SearchAction\",\"target\":{\"@type\":\"EntryPoint\",\"urlTemplate\":\"https:\\\/\\\/www.eldiario.net\\\/portal\\\/?s={search_term_string}\"},\"query-input\":{\"@type\":\"PropertyValueSpecification\",\"valueRequired\":true,\"valueName\":\"search_term_string\"}}],\"inLanguage\":\"es\"},{\"@type\":\"Organization\",\"@id\":\"https:\\\/\\\/www.eldiario.net\\\/portal\\\/#organization\",\"name\":\"El Diario - Decano de la prensa nacional\",\"url\":\"https:\\\/\\\/www.eldiario.net\\\/portal\\\/\",\"logo\":{\"@type\":\"ImageObject\",\"inLanguage\":\"es\",\"@id\":\"https:\\\/\\\/www.eldiario.net\\\/portal\\\/#\\\/schema\\\/logo\\\/image\\\/\",\"url\":\"https:\\\/\\\/www.eldiario.net\\\/portal\\\/wp-content\\\/uploads\\\/2023\\\/07\\\/logo_ED.jpg\",\"contentUrl\":\"https:\\\/\\\/www.eldiario.net\\\/portal\\\/wp-content\\\/uploads\\\/2023\\\/07\\\/logo_ED.jpg\",\"width\":272,\"height\":52,\"caption\":\"El Diario - Decano de la prensa nacional\"},\"image\":{\"@id\":\"https:\\\/\\\/www.eldiario.net\\\/portal\\\/#\\\/schema\\\/logo\\\/image\\\/\"},\"sameAs\":[\"https:\\\/\\\/www.facebook.com\\\/eldiario.bolivia\\\/\",\"https:\\\/\\\/x.com\\\/eldiario_net\"]},{\"@type\":\"Person\",\"@id\":\"https:\\\/\\\/www.eldiario.net\\\/portal\\\/#\\\/schema\\\/person\\\/f46445640444750d7d753ccd04ae01b7\",\"name\":\"Jeanette\",\"image\":{\"@type\":\"ImageObject\",\"inLanguage\":\"es\",\"@id\":\"https:\\\/\\\/secure.gravatar.com\\\/avatar\\\/3ea2118a5f7dad2b7138b1187a6b7ee55f160b9968b66013c3a3ef39dd7e5798?s=96&d=mm&r=g\",\"url\":\"https:\\\/\\\/secure.gravatar.com\\\/avatar\\\/3ea2118a5f7dad2b7138b1187a6b7ee55f160b9968b66013c3a3ef39dd7e5798?s=96&d=mm&r=g\",\"contentUrl\":\"https:\\\/\\\/secure.gravatar.com\\\/avatar\\\/3ea2118a5f7dad2b7138b1187a6b7ee55f160b9968b66013c3a3ef39dd7e5798?s=96&d=mm&r=g\",\"caption\":\"Jeanette\"},\"sameAs\":[\"https:\\\/\\\/www.eldiario.net\\\/portal\"],\"url\":\"https:\\\/\\\/www.eldiario.net\\\/portal\\\/author\\\/jeanette\\\/\"}]}<\/script>\n<!-- \/ Yoast SEO plugin. -->","yoast_head_json":{"title":"Datos del INE invisibilizan a m\u00e1s de un mill\u00f3n de bolivianos - El Diario - Bolivia","robots":{"index":"index","follow":"follow","max-snippet":"max-snippet:-1","max-image-preview":"max-image-preview:large","max-video-preview":"max-video-preview:-1"},"canonical":"https:\/\/www.eldiario.net\/portal\/2024\/08\/31\/datos-del-ine-invisibilizan-a-mas-de-un-millon-de-bolivianos\/","og_locale":"es_ES","og_type":"article","og_title":"Datos del INE invisibilizan a m\u00e1s de un mill\u00f3n de bolivianos - El Diario - Bolivia","og_description":"La senadora por la agrupaci\u00f3n Creemos, Centa Rek, consider\u00f3 que los datos presentados por el Instituto Nacional de Estad\u00edstica (INE) sobre el Censo Nacional de Poblaci\u00f3n y Vivienda 2024, no son cre\u00edbles por lo que podr\u00edan ser considerados como un crimen de lesa humanidad que invisibiliza a m\u00e1s de un mill\u00f3n de bolivianos a quienes [&hellip;]","og_url":"https:\/\/www.eldiario.net\/portal\/2024\/08\/31\/datos-del-ine-invisibilizan-a-mas-de-un-millon-de-bolivianos\/","og_site_name":"El Diario - Bolivia","article_publisher":"https:\/\/www.facebook.com\/eldiario.bolivia\/","article_published_time":"2024-08-31T11:32:47+00:00","og_image":[{"width":1280,"height":853,"url":"https:\/\/www.eldiario.net\/portal\/wp-content\/uploads\/2024\/08\/42-POL-11.jpg","type":"image\/jpeg"}],"author":"Jeanette","twitter_card":"summary_large_image","twitter_creator":"@eldiario_net","twitter_site":"@eldiario_net","twitter_misc":{"Escrito por":"Jeanette","Tiempo de lectura":"3 minutos"},"schema":{"@context":"https:\/\/schema.org","@graph":[{"@type":"Article","@id":"https:\/\/www.eldiario.net\/portal\/2024\/08\/31\/datos-del-ine-invisibilizan-a-mas-de-un-millon-de-bolivianos\/#article","isPartOf":{"@id":"https:\/\/www.eldiario.net\/portal\/2024\/08\/31\/datos-del-ine-invisibilizan-a-mas-de-un-millon-de-bolivianos\/"},"author":{"name":"Jeanette","@id":"https:\/\/www.eldiario.net\/portal\/#\/schema\/person\/f46445640444750d7d753ccd04ae01b7"},"headline":"Datos del INE invisibilizan a m\u00e1s de un mill\u00f3n de bolivianos","datePublished":"2024-08-31T11:32:47+00:00","mainEntityOfPage":{"@id":"https:\/\/www.eldiario.net\/portal\/2024\/08\/31\/datos-del-ine-invisibilizan-a-mas-de-un-millon-de-bolivianos\/"},"wordCount":557,"commentCount":0,"publisher":{"@id":"https:\/\/www.eldiario.net\/portal\/#organization"},"image":{"@id":"https:\/\/www.eldiario.net\/portal\/2024\/08\/31\/datos-del-ine-invisibilizan-a-mas-de-un-millon-de-bolivianos\/#primaryimage"},"thumbnailUrl":"https:\/\/www.eldiario.net\/portal\/wp-content\/uploads\/2024\/08\/42-POL-11.jpg","articleSection":["Pol\u00edtica"],"inLanguage":"es","potentialAction":[{"@type":"CommentAction","name":"Comment","target":["https:\/\/www.eldiario.net\/portal\/2024\/08\/31\/datos-del-ine-invisibilizan-a-mas-de-un-millon-de-bolivianos\/#respond"]}]},{"@type":"WebPage","@id":"https:\/\/www.eldiario.net\/portal\/2024\/08\/31\/datos-del-ine-invisibilizan-a-mas-de-un-millon-de-bolivianos\/","url":"https:\/\/www.eldiario.net\/portal\/2024\/08\/31\/datos-del-ine-invisibilizan-a-mas-de-un-millon-de-bolivianos\/","name":"Datos del INE invisibilizan a m\u00e1s de un mill\u00f3n de bolivianos - El Diario - Bolivia","isPartOf":{"@id":"https:\/\/www.eldiario.net\/portal\/#website"},"primaryImageOfPage":{"@id":"https:\/\/www.eldiario.net\/portal\/2024\/08\/31\/datos-del-ine-invisibilizan-a-mas-de-un-millon-de-bolivianos\/#primaryimage"},"image":{"@id":"https:\/\/www.eldiario.net\/portal\/2024\/08\/31\/datos-del-ine-invisibilizan-a-mas-de-un-millon-de-bolivianos\/#primaryimage"},"thumbnailUrl":"https:\/\/www.eldiario.net\/portal\/wp-content\/uploads\/2024\/08\/42-POL-11.jpg","datePublished":"2024-08-31T11:32:47+00:00","breadcrumb":{"@id":"https:\/\/www.eldiario.net\/portal\/2024\/08\/31\/datos-del-ine-invisibilizan-a-mas-de-un-millon-de-bolivianos\/#breadcrumb"},"inLanguage":"es","potentialAction":[{"@type":"ReadAction","target":["https:\/\/www.eldiario.net\/portal\/2024\/08\/31\/datos-del-ine-invisibilizan-a-mas-de-un-millon-de-bolivianos\/"]}]},{"@type":"ImageObject","inLanguage":"es","@id":"https:\/\/www.eldiario.net\/portal\/2024\/08\/31\/datos-del-ine-invisibilizan-a-mas-de-un-millon-de-bolivianos\/#primaryimage","url":"https:\/\/www.eldiario.net\/portal\/wp-content\/uploads\/2024\/08\/42-POL-11.jpg","contentUrl":"https:\/\/www.eldiario.net\/portal\/wp-content\/uploads\/2024\/08\/42-POL-11.jpg","width":1280,"height":853,"caption":"Senadora Centa Rek (Creemos)"},{"@type":"BreadcrumbList","@id":"https:\/\/www.eldiario.net\/portal\/2024\/08\/31\/datos-del-ine-invisibilizan-a-mas-de-un-millon-de-bolivianos\/#breadcrumb","itemListElement":[{"@type":"ListItem","position":1,"name":"Portada","item":"https:\/\/www.eldiario.net\/portal\/"},{"@type":"ListItem","position":2,"name":"Datos del INE invisibilizan a m\u00e1s de un mill\u00f3n de bolivianos"}]},{"@type":"WebSite","@id":"https:\/\/www.eldiario.net\/portal\/#website","url":"https:\/\/www.eldiario.net\/portal\/","name":"El Diario - Decano de la prensa nacional","description":"El Diario - Decano de la prensa nacional","publisher":{"@id":"https:\/\/www.eldiario.net\/portal\/#organization"},"potentialAction":[{"@type":"SearchAction","target":{"@type":"EntryPoint","urlTemplate":"https:\/\/www.eldiario.net\/portal\/?s={search_term_string}"},"query-input":{"@type":"PropertyValueSpecification","valueRequired":true,"valueName":"search_term_string"}}],"inLanguage":"es"},{"@type":"Organization","@id":"https:\/\/www.eldiario.net\/portal\/#organization","name":"El Diario - Decano de la prensa nacional","url":"https:\/\/www.eldiario.net\/portal\/","logo":{"@type":"ImageObject","inLanguage":"es","@id":"https:\/\/www.eldiario.net\/portal\/#\/schema\/logo\/image\/","url":"https:\/\/www.eldiario.net\/portal\/wp-content\/uploads\/2023\/07\/logo_ED.jpg","contentUrl":"https:\/\/www.eldiario.net\/portal\/wp-content\/uploads\/2023\/07\/logo_ED.jpg","width":272,"height":52,"caption":"El Diario - Decano de la prensa nacional"},"image":{"@id":"https:\/\/www.eldiario.net\/portal\/#\/schema\/logo\/image\/"},"sameAs":["https:\/\/www.facebook.com\/eldiario.bolivia\/","https:\/\/x.com\/eldiario_net"]},{"@type":"Person","@id":"https:\/\/www.eldiario.net\/portal\/#\/schema\/person\/f46445640444750d7d753ccd04ae01b7","name":"Jeanette","image":{"@type":"ImageObject","inLanguage":"es","@id":"https:\/\/secure.gravatar.com\/avatar\/3ea2118a5f7dad2b7138b1187a6b7ee55f160b9968b66013c3a3ef39dd7e5798?s=96&d=mm&r=g","url":"https:\/\/secure.gravatar.com\/avatar\/3ea2118a5f7dad2b7138b1187a6b7ee55f160b9968b66013c3a3ef39dd7e5798?s=96&d=mm&r=g","contentUrl":"https:\/\/secure.gravatar.com\/avatar\/3ea2118a5f7dad2b7138b1187a6b7ee55f160b9968b66013c3a3ef39dd7e5798?s=96&d=mm&r=g","caption":"Jeanette"},"sameAs":["https:\/\/www.eldiario.net\/portal"],"url":"https:\/\/www.eldiario.net\/portal\/author\/jeanette\/"}]}},"_links":{"self":[{"href":"https:\/\/www.eldiario.net\/portal\/wp-json\/wp\/v2\/posts\/244249","targetHints":{"allow":["GET"]}}],"collection":[{"href":"https:\/\/www.eldiario.net\/portal\/wp-json\/wp\/v2\/posts"}],"about":[{"href":"https:\/\/www.eldiario.net\/portal\/wp-json\/wp\/v2\/types\/post"}],"author":[{"embeddable":true,"href":"https:\/\/www.eldiario.net\/portal\/wp-json\/wp\/v2\/users\/1"}],"replies":[{"embeddable":true,"href":"https:\/\/www.eldiario.net\/portal\/wp-json\/wp\/v2\/comments?post=244249"}],"version-history":[{"count":1,"href":"https:\/\/www.eldiario.net\/portal\/wp-json\/wp\/v2\/posts\/244249\/revisions"}],"predecessor-version":[{"id":244251,"href":"https:\/\/www.eldiario.net\/portal\/wp-json\/wp\/v2\/posts\/244249\/revisions\/244251"}],"wp:featuredmedia":[{"embeddable":true,"href":"https:\/\/www.eldiario.net\/portal\/wp-json\/wp\/v2\/media\/244250"}],"wp:attachment":[{"href":"https:\/\/www.eldiario.net\/portal\/wp-json\/wp\/v2\/media?parent=244249"}],"wp:term":[{"taxonomy":"category","embeddable":true,"href":"https:\/\/www.eldiario.net\/portal\/wp-json\/wp\/v2\/categories?post=244249"},{"taxonomy":"post_tag","embeddable":true,"href":"https:\/\/www.eldiario.net\/portal\/wp-json\/wp\/v2\/tags?post=244249"}],"curies":[{"name":"wp","href":"https:\/\/api.w.org\/{rel}","templated":true}]}}