{"id":244246,"date":"2024-08-31T07:31:59","date_gmt":"2024-08-31T11:31:59","guid":{"rendered":"https:\/\/www.eldiario.net\/portal\/?p=244246"},"modified":"2024-08-31T07:31:59","modified_gmt":"2024-08-31T11:31:59","slug":"luck-ra-y-nicki-nicole-presentan-doctor","status":"publish","type":"post","link":"https:\/\/www.eldiario.net\/portal\/2024\/08\/31\/luck-ra-y-nicki-nicole-presentan-doctor\/","title":{"rendered":"Luck Ra y Nicki Nicole presentan \u201cDoctor\u201d"},"content":{"rendered":"<p>Acompa\u00f1ada de una letra muy sentida, ambos cantautores se meten dentro del coraz\u00f3n de alguien que, tras una traici\u00f3n, est\u00e1 en medio de una lucha emocional e intenta desesperadamente recuperar un amor perdido.<br \/>\nDespu\u00e9s de lograr conquistar la escena nacional e internacional con \u00e9xitos como \u201cEl campe\u00f3n\u201d, tema de la selecci\u00f3n argentina para la Copa Am\u00e9rica de 2021, \u201cLa morocha\u201d y \u201cHola perdida\u201d, el cantante Luck Ra, presenta junto a Nicki Nicole \u201cDoctor\u201d, su primer tema despu\u00e9s de su exitosa colaboraci\u00f3n con Chayanne en una versi\u00f3n cuarteto de su ic\u00f3nica canci\u00f3n \u201cUn Siglo Sin Ti\u201d.<br \/>\nLos reconocidos artistas internacionales han unido sus talentos por primera vez en una cumbia que apela a la narraci\u00f3n universal del amor y el desamor.<br \/>\nEsta inesperada colaboraci\u00f3n ha causado gran furor entre sus seguidores en las redes sociales y promete convertirse en un \u00e9xito instant\u00e1neo. A trav\u00e9s de instrumentos vibrantes y una melod\u00eda pegajosa, este tema se convierte en una narrativa de esperanza, la cual se presenta con un ritmo que incita a la diversi\u00f3n.<br \/>\nEl video, grabado en Buenos Aires, refleja la alegr\u00eda de la m\u00fasica, mientras hace brillar a los dos artistas y ense\u00f1a una esquinita de la cultura tradicional argentina.<br \/>\nAcerca de Luck Ra<br \/>\nJuan Facundo Almenara Ord\u00f3\u00f1ez lanz\u00f3 sus primeras canciones en 2017 y desde entonces llam\u00f3 la atenci\u00f3n de la industria musical. En sus primeros a\u00f1os trabaj\u00f3 con figuras como Seven Kayne, Kodigo, Peke 77, Tobi, Rusherking y Lautaro L\u00f3pez. Desde entonces no ha parado.<br \/>\nEn 2023 recibi\u00f3 su primer Premio Gardel por su canci\u00f3n \u201cYa no vuelvas (versi\u00f3n cuarteto)\u201d. Durante el verano 2024 mantuvo m\u00e1s de tres canciones entre las 10 m\u00e1s escuchadas del Top 50 de Spotify Argentina.<br \/>\nEn 26\u00ba Edici\u00f3n de los Premios Gardel Luck Ra estuvo a cargo de la apertura de gala en el Movistar Arena Buenos Aires.<br \/>\nAcerca de Nicki Nicole<br \/>\nLa explosiva cantautora argentina Nicki Nicole (@nicki.nicole) rompe barreras de g\u00e9nero y cruza fronteras globalmente con su evoluci\u00f3n musical a trav\u00e9s de cada lanzamiento. La joven de 24 a\u00f1os lo hace todo a su manera, respaldada por un ej\u00e9rcito social que incluye 22.5 millones de seguidores en Instagram, 14.7 millones en TikTok y 5.2 millones de suscriptores en YouTube.<br \/>\nSiete veces nominada al Latin Grammy, fue nominada en 2023 a Mejor \u00c1lbum de M\u00fasica Urbana y Mejor Canci\u00f3n de Rap\/Hip Hop, en honor a su \u00e1lbum \u201cALMA\u201d (esc\u00fachalo aqu\u00ed), que Rolling Stone nombr\u00f3 como \u201cuna demostraci\u00f3n musical vers\u00e1til\u201d en su lista de los \u201c100 Mejores \u00c1lbumes de 2023\u201d en todos los g\u00e9neros.<br \/>\nNicki agot\u00f3 9 funciones este a\u00f1o en el Movistar Arena de Buenos Aires, y pronto comenzar\u00e1 su primera gira como headliner por Norteam\u00e9rica este oto\u00f1o.<\/p>\n","protected":false},"excerpt":{"rendered":"<p>Acompa\u00f1ada de una letra muy sentida, ambos cantautores se meten dentro del coraz\u00f3n de alguien que, tras una traici\u00f3n, est\u00e1 en medio de una lucha emocional e intenta desesperadamente recuperar un amor perdido. Despu\u00e9s de lograr conquistar la escena nacional e internacional con \u00e9xitos como \u201cEl campe\u00f3n\u201d, tema de la selecci\u00f3n argentina para la Copa [&hellip;]<\/p>\n","protected":false},"author":1,"featured_media":244247,"comment_status":"open","ping_status":"open","sticky":false,"template":"","format":"standard","meta":{"_acf_changed":false,"footnotes":""},"categories":[8],"tags":[],"class_list":["post-244246","post","type-post","status-publish","format-standard","has-post-thumbnail","category-cultural"],"acf":{"antetitulo":"Nuevo \u00e9xito"},"yoast_head":"<!-- This site is optimized with the Yoast SEO plugin v28.3 - https:\/\/yoast.com\/product\/yoast-seo-wordpress\/ -->\n<title>Luck Ra y Nicki Nicole presentan \u201cDoctor\u201d - El Diario - Bolivia<\/title>\n<meta name=\"robots\" content=\"index, follow, max-snippet:-1, max-image-preview:large, max-video-preview:-1\" \/>\n<link rel=\"canonical\" href=\"https:\/\/www.eldiario.net\/portal\/2024\/08\/31\/luck-ra-y-nicki-nicole-presentan-doctor\/\" \/>\n<meta property=\"og:locale\" content=\"es_ES\" \/>\n<meta property=\"og:type\" content=\"article\" \/>\n<meta property=\"og:title\" content=\"Luck Ra y Nicki Nicole presentan \u201cDoctor\u201d - El Diario - Bolivia\" \/>\n<meta property=\"og:description\" content=\"Acompa\u00f1ada de una letra muy sentida, ambos cantautores se meten dentro del coraz\u00f3n de alguien que, tras una traici\u00f3n, est\u00e1 en medio de una lucha emocional e intenta desesperadamente recuperar un amor perdido. Despu\u00e9s de lograr conquistar la escena nacional e internacional con \u00e9xitos como \u201cEl campe\u00f3n\u201d, tema de la selecci\u00f3n argentina para la Copa [&hellip;]\" \/>\n<meta property=\"og:url\" content=\"https:\/\/www.eldiario.net\/portal\/2024\/08\/31\/luck-ra-y-nicki-nicole-presentan-doctor\/\" \/>\n<meta property=\"og:site_name\" content=\"El Diario - Bolivia\" \/>\n<meta property=\"article:publisher\" content=\"https:\/\/www.facebook.com\/eldiario.bolivia\/\" \/>\n<meta property=\"article:published_time\" content=\"2024-08-31T11:31:59+00:00\" \/>\n<meta property=\"og:image\" content=\"https:\/\/www.eldiario.net\/portal\/wp-content\/uploads\/2024\/08\/NICKI.jpg\" \/>\n\t<meta property=\"og:image:width\" content=\"651\" \/>\n\t<meta property=\"og:image:height\" content=\"685\" \/>\n\t<meta property=\"og:image:type\" content=\"image\/jpeg\" \/>\n<meta name=\"author\" content=\"Jeanette\" \/>\n<meta name=\"twitter:card\" content=\"summary_large_image\" \/>\n<meta name=\"twitter:creator\" content=\"@eldiario_net\" \/>\n<meta name=\"twitter:site\" content=\"@eldiario_net\" \/>\n<meta name=\"twitter:label1\" content=\"Escrito por\" \/>\n\t<meta name=\"twitter:data1\" content=\"Jeanette\" \/>\n\t<meta name=\"twitter:label2\" content=\"Tiempo de lectura\" \/>\n\t<meta name=\"twitter:data2\" content=\"3 minutos\" \/>\n<script type=\"application\/ld+json\" class=\"yoast-schema-graph\">{\"@context\":\"https:\\\/\\\/schema.org\",\"@graph\":[{\"@type\":\"Article\",\"@id\":\"https:\\\/\\\/www.eldiario.net\\\/portal\\\/2024\\\/08\\\/31\\\/luck-ra-y-nicki-nicole-presentan-doctor\\\/#article\",\"isPartOf\":{\"@id\":\"https:\\\/\\\/www.eldiario.net\\\/portal\\\/2024\\\/08\\\/31\\\/luck-ra-y-nicki-nicole-presentan-doctor\\\/\"},\"author\":{\"name\":\"Jeanette\",\"@id\":\"https:\\\/\\\/www.eldiario.net\\\/portal\\\/#\\\/schema\\\/person\\\/f46445640444750d7d753ccd04ae01b7\"},\"headline\":\"Luck Ra y Nicki Nicole presentan \u201cDoctor\u201d\",\"datePublished\":\"2024-08-31T11:31:59+00:00\",\"mainEntityOfPage\":{\"@id\":\"https:\\\/\\\/www.eldiario.net\\\/portal\\\/2024\\\/08\\\/31\\\/luck-ra-y-nicki-nicole-presentan-doctor\\\/\"},\"wordCount\":482,\"commentCount\":0,\"publisher\":{\"@id\":\"https:\\\/\\\/www.eldiario.net\\\/portal\\\/#organization\"},\"image\":{\"@id\":\"https:\\\/\\\/www.eldiario.net\\\/portal\\\/2024\\\/08\\\/31\\\/luck-ra-y-nicki-nicole-presentan-doctor\\\/#primaryimage\"},\"thumbnailUrl\":\"https:\\\/\\\/www.eldiario.net\\\/portal\\\/wp-content\\\/uploads\\\/2024\\\/08\\\/NICKI.jpg\",\"articleSection\":[\"Cultural\"],\"inLanguage\":\"es\",\"potentialAction\":[{\"@type\":\"CommentAction\",\"name\":\"Comment\",\"target\":[\"https:\\\/\\\/www.eldiario.net\\\/portal\\\/2024\\\/08\\\/31\\\/luck-ra-y-nicki-nicole-presentan-doctor\\\/#respond\"]}]},{\"@type\":\"WebPage\",\"@id\":\"https:\\\/\\\/www.eldiario.net\\\/portal\\\/2024\\\/08\\\/31\\\/luck-ra-y-nicki-nicole-presentan-doctor\\\/\",\"url\":\"https:\\\/\\\/www.eldiario.net\\\/portal\\\/2024\\\/08\\\/31\\\/luck-ra-y-nicki-nicole-presentan-doctor\\\/\",\"name\":\"Luck Ra y Nicki Nicole presentan \u201cDoctor\u201d - El Diario - Bolivia\",\"isPartOf\":{\"@id\":\"https:\\\/\\\/www.eldiario.net\\\/portal\\\/#website\"},\"primaryImageOfPage\":{\"@id\":\"https:\\\/\\\/www.eldiario.net\\\/portal\\\/2024\\\/08\\\/31\\\/luck-ra-y-nicki-nicole-presentan-doctor\\\/#primaryimage\"},\"image\":{\"@id\":\"https:\\\/\\\/www.eldiario.net\\\/portal\\\/2024\\\/08\\\/31\\\/luck-ra-y-nicki-nicole-presentan-doctor\\\/#primaryimage\"},\"thumbnailUrl\":\"https:\\\/\\\/www.eldiario.net\\\/portal\\\/wp-content\\\/uploads\\\/2024\\\/08\\\/NICKI.jpg\",\"datePublished\":\"2024-08-31T11:31:59+00:00\",\"breadcrumb\":{\"@id\":\"https:\\\/\\\/www.eldiario.net\\\/portal\\\/2024\\\/08\\\/31\\\/luck-ra-y-nicki-nicole-presentan-doctor\\\/#breadcrumb\"},\"inLanguage\":\"es\",\"potentialAction\":[{\"@type\":\"ReadAction\",\"target\":[\"https:\\\/\\\/www.eldiario.net\\\/portal\\\/2024\\\/08\\\/31\\\/luck-ra-y-nicki-nicole-presentan-doctor\\\/\"]}]},{\"@type\":\"ImageObject\",\"inLanguage\":\"es\",\"@id\":\"https:\\\/\\\/www.eldiario.net\\\/portal\\\/2024\\\/08\\\/31\\\/luck-ra-y-nicki-nicole-presentan-doctor\\\/#primaryimage\",\"url\":\"https:\\\/\\\/www.eldiario.net\\\/portal\\\/wp-content\\\/uploads\\\/2024\\\/08\\\/NICKI.jpg\",\"contentUrl\":\"https:\\\/\\\/www.eldiario.net\\\/portal\\\/wp-content\\\/uploads\\\/2024\\\/08\\\/NICKI.jpg\",\"width\":651,\"height\":685,\"caption\":\"NICKI NICOLE Y LUCK RA UNEN TALENTOS POR PRIMERA VEZ EN EL G\u00c9NERO DE LA CUMBIA.\"},{\"@type\":\"BreadcrumbList\",\"@id\":\"https:\\\/\\\/www.eldiario.net\\\/portal\\\/2024\\\/08\\\/31\\\/luck-ra-y-nicki-nicole-presentan-doctor\\\/#breadcrumb\",\"itemListElement\":[{\"@type\":\"ListItem\",\"position\":1,\"name\":\"Portada\",\"item\":\"https:\\\/\\\/www.eldiario.net\\\/portal\\\/\"},{\"@type\":\"ListItem\",\"position\":2,\"name\":\"Luck Ra y Nicki Nicole presentan \u201cDoctor\u201d\"}]},{\"@type\":\"WebSite\",\"@id\":\"https:\\\/\\\/www.eldiario.net\\\/portal\\\/#website\",\"url\":\"https:\\\/\\\/www.eldiario.net\\\/portal\\\/\",\"name\":\"El Diario - Decano de la prensa nacional\",\"description\":\"El Diario - Decano de la prensa nacional\",\"publisher\":{\"@id\":\"https:\\\/\\\/www.eldiario.net\\\/portal\\\/#organization\"},\"potentialAction\":[{\"@type\":\"SearchAction\",\"target\":{\"@type\":\"EntryPoint\",\"urlTemplate\":\"https:\\\/\\\/www.eldiario.net\\\/portal\\\/?s={search_term_string}\"},\"query-input\":{\"@type\":\"PropertyValueSpecification\",\"valueRequired\":true,\"valueName\":\"search_term_string\"}}],\"inLanguage\":\"es\"},{\"@type\":\"Organization\",\"@id\":\"https:\\\/\\\/www.eldiario.net\\\/portal\\\/#organization\",\"name\":\"El Diario - Decano de la prensa nacional\",\"url\":\"https:\\\/\\\/www.eldiario.net\\\/portal\\\/\",\"logo\":{\"@type\":\"ImageObject\",\"inLanguage\":\"es\",\"@id\":\"https:\\\/\\\/www.eldiario.net\\\/portal\\\/#\\\/schema\\\/logo\\\/image\\\/\",\"url\":\"https:\\\/\\\/www.eldiario.net\\\/portal\\\/wp-content\\\/uploads\\\/2023\\\/07\\\/logo_ED.jpg\",\"contentUrl\":\"https:\\\/\\\/www.eldiario.net\\\/portal\\\/wp-content\\\/uploads\\\/2023\\\/07\\\/logo_ED.jpg\",\"width\":272,\"height\":52,\"caption\":\"El Diario - Decano de la prensa nacional\"},\"image\":{\"@id\":\"https:\\\/\\\/www.eldiario.net\\\/portal\\\/#\\\/schema\\\/logo\\\/image\\\/\"},\"sameAs\":[\"https:\\\/\\\/www.facebook.com\\\/eldiario.bolivia\\\/\",\"https:\\\/\\\/x.com\\\/eldiario_net\"]},{\"@type\":\"Person\",\"@id\":\"https:\\\/\\\/www.eldiario.net\\\/portal\\\/#\\\/schema\\\/person\\\/f46445640444750d7d753ccd04ae01b7\",\"name\":\"Jeanette\",\"image\":{\"@type\":\"ImageObject\",\"inLanguage\":\"es\",\"@id\":\"https:\\\/\\\/secure.gravatar.com\\\/avatar\\\/3ea2118a5f7dad2b7138b1187a6b7ee55f160b9968b66013c3a3ef39dd7e5798?s=96&d=mm&r=g\",\"url\":\"https:\\\/\\\/secure.gravatar.com\\\/avatar\\\/3ea2118a5f7dad2b7138b1187a6b7ee55f160b9968b66013c3a3ef39dd7e5798?s=96&d=mm&r=g\",\"contentUrl\":\"https:\\\/\\\/secure.gravatar.com\\\/avatar\\\/3ea2118a5f7dad2b7138b1187a6b7ee55f160b9968b66013c3a3ef39dd7e5798?s=96&d=mm&r=g\",\"caption\":\"Jeanette\"},\"sameAs\":[\"https:\\\/\\\/www.eldiario.net\\\/portal\"],\"url\":\"https:\\\/\\\/www.eldiario.net\\\/portal\\\/author\\\/jeanette\\\/\"}]}<\/script>\n<!-- \/ Yoast SEO plugin. -->","yoast_head_json":{"title":"Luck Ra y Nicki Nicole presentan \u201cDoctor\u201d - El Diario - Bolivia","robots":{"index":"index","follow":"follow","max-snippet":"max-snippet:-1","max-image-preview":"max-image-preview:large","max-video-preview":"max-video-preview:-1"},"canonical":"https:\/\/www.eldiario.net\/portal\/2024\/08\/31\/luck-ra-y-nicki-nicole-presentan-doctor\/","og_locale":"es_ES","og_type":"article","og_title":"Luck Ra y Nicki Nicole presentan \u201cDoctor\u201d - El Diario - Bolivia","og_description":"Acompa\u00f1ada de una letra muy sentida, ambos cantautores se meten dentro del coraz\u00f3n de alguien que, tras una traici\u00f3n, est\u00e1 en medio de una lucha emocional e intenta desesperadamente recuperar un amor perdido. Despu\u00e9s de lograr conquistar la escena nacional e internacional con \u00e9xitos como \u201cEl campe\u00f3n\u201d, tema de la selecci\u00f3n argentina para la Copa [&hellip;]","og_url":"https:\/\/www.eldiario.net\/portal\/2024\/08\/31\/luck-ra-y-nicki-nicole-presentan-doctor\/","og_site_name":"El Diario - Bolivia","article_publisher":"https:\/\/www.facebook.com\/eldiario.bolivia\/","article_published_time":"2024-08-31T11:31:59+00:00","og_image":[{"width":651,"height":685,"url":"https:\/\/www.eldiario.net\/portal\/wp-content\/uploads\/2024\/08\/NICKI.jpg","type":"image\/jpeg"}],"author":"Jeanette","twitter_card":"summary_large_image","twitter_creator":"@eldiario_net","twitter_site":"@eldiario_net","twitter_misc":{"Escrito por":"Jeanette","Tiempo de lectura":"3 minutos"},"schema":{"@context":"https:\/\/schema.org","@graph":[{"@type":"Article","@id":"https:\/\/www.eldiario.net\/portal\/2024\/08\/31\/luck-ra-y-nicki-nicole-presentan-doctor\/#article","isPartOf":{"@id":"https:\/\/www.eldiario.net\/portal\/2024\/08\/31\/luck-ra-y-nicki-nicole-presentan-doctor\/"},"author":{"name":"Jeanette","@id":"https:\/\/www.eldiario.net\/portal\/#\/schema\/person\/f46445640444750d7d753ccd04ae01b7"},"headline":"Luck Ra y Nicki Nicole presentan \u201cDoctor\u201d","datePublished":"2024-08-31T11:31:59+00:00","mainEntityOfPage":{"@id":"https:\/\/www.eldiario.net\/portal\/2024\/08\/31\/luck-ra-y-nicki-nicole-presentan-doctor\/"},"wordCount":482,"commentCount":0,"publisher":{"@id":"https:\/\/www.eldiario.net\/portal\/#organization"},"image":{"@id":"https:\/\/www.eldiario.net\/portal\/2024\/08\/31\/luck-ra-y-nicki-nicole-presentan-doctor\/#primaryimage"},"thumbnailUrl":"https:\/\/www.eldiario.net\/portal\/wp-content\/uploads\/2024\/08\/NICKI.jpg","articleSection":["Cultural"],"inLanguage":"es","potentialAction":[{"@type":"CommentAction","name":"Comment","target":["https:\/\/www.eldiario.net\/portal\/2024\/08\/31\/luck-ra-y-nicki-nicole-presentan-doctor\/#respond"]}]},{"@type":"WebPage","@id":"https:\/\/www.eldiario.net\/portal\/2024\/08\/31\/luck-ra-y-nicki-nicole-presentan-doctor\/","url":"https:\/\/www.eldiario.net\/portal\/2024\/08\/31\/luck-ra-y-nicki-nicole-presentan-doctor\/","name":"Luck Ra y Nicki Nicole presentan \u201cDoctor\u201d - El Diario - Bolivia","isPartOf":{"@id":"https:\/\/www.eldiario.net\/portal\/#website"},"primaryImageOfPage":{"@id":"https:\/\/www.eldiario.net\/portal\/2024\/08\/31\/luck-ra-y-nicki-nicole-presentan-doctor\/#primaryimage"},"image":{"@id":"https:\/\/www.eldiario.net\/portal\/2024\/08\/31\/luck-ra-y-nicki-nicole-presentan-doctor\/#primaryimage"},"thumbnailUrl":"https:\/\/www.eldiario.net\/portal\/wp-content\/uploads\/2024\/08\/NICKI.jpg","datePublished":"2024-08-31T11:31:59+00:00","breadcrumb":{"@id":"https:\/\/www.eldiario.net\/portal\/2024\/08\/31\/luck-ra-y-nicki-nicole-presentan-doctor\/#breadcrumb"},"inLanguage":"es","potentialAction":[{"@type":"ReadAction","target":["https:\/\/www.eldiario.net\/portal\/2024\/08\/31\/luck-ra-y-nicki-nicole-presentan-doctor\/"]}]},{"@type":"ImageObject","inLanguage":"es","@id":"https:\/\/www.eldiario.net\/portal\/2024\/08\/31\/luck-ra-y-nicki-nicole-presentan-doctor\/#primaryimage","url":"https:\/\/www.eldiario.net\/portal\/wp-content\/uploads\/2024\/08\/NICKI.jpg","contentUrl":"https:\/\/www.eldiario.net\/portal\/wp-content\/uploads\/2024\/08\/NICKI.jpg","width":651,"height":685,"caption":"NICKI NICOLE Y LUCK RA UNEN TALENTOS POR PRIMERA VEZ EN EL G\u00c9NERO DE LA CUMBIA."},{"@type":"BreadcrumbList","@id":"https:\/\/www.eldiario.net\/portal\/2024\/08\/31\/luck-ra-y-nicki-nicole-presentan-doctor\/#breadcrumb","itemListElement":[{"@type":"ListItem","position":1,"name":"Portada","item":"https:\/\/www.eldiario.net\/portal\/"},{"@type":"ListItem","position":2,"name":"Luck Ra y Nicki Nicole presentan \u201cDoctor\u201d"}]},{"@type":"WebSite","@id":"https:\/\/www.eldiario.net\/portal\/#website","url":"https:\/\/www.eldiario.net\/portal\/","name":"El Diario - Decano de la prensa nacional","description":"El Diario - Decano de la prensa nacional","publisher":{"@id":"https:\/\/www.eldiario.net\/portal\/#organization"},"potentialAction":[{"@type":"SearchAction","target":{"@type":"EntryPoint","urlTemplate":"https:\/\/www.eldiario.net\/portal\/?s={search_term_string}"},"query-input":{"@type":"PropertyValueSpecification","valueRequired":true,"valueName":"search_term_string"}}],"inLanguage":"es"},{"@type":"Organization","@id":"https:\/\/www.eldiario.net\/portal\/#organization","name":"El Diario - Decano de la prensa nacional","url":"https:\/\/www.eldiario.net\/portal\/","logo":{"@type":"ImageObject","inLanguage":"es","@id":"https:\/\/www.eldiario.net\/portal\/#\/schema\/logo\/image\/","url":"https:\/\/www.eldiario.net\/portal\/wp-content\/uploads\/2023\/07\/logo_ED.jpg","contentUrl":"https:\/\/www.eldiario.net\/portal\/wp-content\/uploads\/2023\/07\/logo_ED.jpg","width":272,"height":52,"caption":"El Diario - Decano de la prensa nacional"},"image":{"@id":"https:\/\/www.eldiario.net\/portal\/#\/schema\/logo\/image\/"},"sameAs":["https:\/\/www.facebook.com\/eldiario.bolivia\/","https:\/\/x.com\/eldiario_net"]},{"@type":"Person","@id":"https:\/\/www.eldiario.net\/portal\/#\/schema\/person\/f46445640444750d7d753ccd04ae01b7","name":"Jeanette","image":{"@type":"ImageObject","inLanguage":"es","@id":"https:\/\/secure.gravatar.com\/avatar\/3ea2118a5f7dad2b7138b1187a6b7ee55f160b9968b66013c3a3ef39dd7e5798?s=96&d=mm&r=g","url":"https:\/\/secure.gravatar.com\/avatar\/3ea2118a5f7dad2b7138b1187a6b7ee55f160b9968b66013c3a3ef39dd7e5798?s=96&d=mm&r=g","contentUrl":"https:\/\/secure.gravatar.com\/avatar\/3ea2118a5f7dad2b7138b1187a6b7ee55f160b9968b66013c3a3ef39dd7e5798?s=96&d=mm&r=g","caption":"Jeanette"},"sameAs":["https:\/\/www.eldiario.net\/portal"],"url":"https:\/\/www.eldiario.net\/portal\/author\/jeanette\/"}]}},"_links":{"self":[{"href":"https:\/\/www.eldiario.net\/portal\/wp-json\/wp\/v2\/posts\/244246","targetHints":{"allow":["GET"]}}],"collection":[{"href":"https:\/\/www.eldiario.net\/portal\/wp-json\/wp\/v2\/posts"}],"about":[{"href":"https:\/\/www.eldiario.net\/portal\/wp-json\/wp\/v2\/types\/post"}],"author":[{"embeddable":true,"href":"https:\/\/www.eldiario.net\/portal\/wp-json\/wp\/v2\/users\/1"}],"replies":[{"embeddable":true,"href":"https:\/\/www.eldiario.net\/portal\/wp-json\/wp\/v2\/comments?post=244246"}],"version-history":[{"count":1,"href":"https:\/\/www.eldiario.net\/portal\/wp-json\/wp\/v2\/posts\/244246\/revisions"}],"predecessor-version":[{"id":244248,"href":"https:\/\/www.eldiario.net\/portal\/wp-json\/wp\/v2\/posts\/244246\/revisions\/244248"}],"wp:featuredmedia":[{"embeddable":true,"href":"https:\/\/www.eldiario.net\/portal\/wp-json\/wp\/v2\/media\/244247"}],"wp:attachment":[{"href":"https:\/\/www.eldiario.net\/portal\/wp-json\/wp\/v2\/media?parent=244246"}],"wp:term":[{"taxonomy":"category","embeddable":true,"href":"https:\/\/www.eldiario.net\/portal\/wp-json\/wp\/v2\/categories?post=244246"},{"taxonomy":"post_tag","embeddable":true,"href":"https:\/\/www.eldiario.net\/portal\/wp-json\/wp\/v2\/tags?post=244246"}],"curies":[{"name":"wp","href":"https:\/\/api.w.org\/{rel}","templated":true}]}}