{"id":244241,"date":"2024-08-31T07:30:14","date_gmt":"2024-08-31T11:30:14","guid":{"rendered":"https:\/\/www.eldiario.net\/portal\/?p=244241"},"modified":"2024-08-31T07:30:14","modified_gmt":"2024-08-31T11:30:14","slug":"comunas-rechazan-resultados-del-censo","status":"publish","type":"post","link":"https:\/\/www.eldiario.net\/portal\/2024\/08\/31\/comunas-rechazan-resultados-del-censo\/","title":{"rendered":"Comunas rechazan resultados del Censo"},"content":{"rendered":"<p>\u201cLos n\u00fameros no cuadran, no coinciden (\u2026) nosotros no aceptamos estos n\u00fameros\u201d, asegur\u00f3 la alcaldesa de El Alto, Eva Copa, en referencia a los resultados que el Instituto Nacional de Estad\u00edstica (INE) dio recientemente sobre el Censo de Poblaci\u00f3n y Vivienda 2024, donde se\u00f1alan un crecimiento de apenas 4% de habitantes en la urbe alte\u00f1a. Por otro lado, el alcalde de La Paz, Iv\u00e1n Arias, sostuvo que \u201clos resultados le deja m\u00e1s dudas que certezas\u201d.<br \/>\n\u201cNo puedo creer, que mi ciudad en 12 a\u00f1os solo haya crecido un cuatro por ciento. Cuando del 2001 al 2012 habido un crecimiento del 23 por ciento y bajar en 12 a\u00f1os a un cuatro por ciento no es, pues, racional, cuanta gente siempre puede haber muerto en el covid\u201d, cuestion\u00f3 la burgomaestre alte\u00f1a.<br \/>\nSeg\u00fan la autoridad edil, los datos no coinciden con los de la comuna e indic\u00f3 que hay formas de compararlos.<br \/>\n\u201cNosotros tenemos dos pilares fundamentales en tema de crecimiento; natalidad y migraci\u00f3n. Cada vez tenemos mucha m\u00e1s gente, solo nosotros tenemos 347.189 inmuebles en la ciudad, a la fecha, esas podr\u00edamos multiplicar por cuatro personas, pero deben ser mucho m\u00e1s, son aproximadamente, 1.388.756, sin contar otras variables; catastro, recaudaciones y (tambi\u00e9n vemos) el tema de l\u00edmites\u201d, indic\u00f3 la alcaldesa.<br \/>\nCon el fin de aclarar las dudas, la tarde de ayer, ambas autoridades ediles se reunieron con el director del INE, Humberto Arandia, tras el encuentro todos coincidieron en se\u00f1alar que existen muchas dudas en torno a los resultados del Censo Nacional de Poblaci\u00f3n y Vivienda 2024, y se remitir\u00e1 la pr\u00f3xima semana todas las preguntas respectivas para que el ente gubernamental las responda.<br \/>\nAsimismo, Arias confirm\u00f3 que entre el martes se realizar\u00e1 la Asamblea de la Pace\u00f1idad desde las 15:00 horas, para analizar los resultados de la consulta y tomar una posici\u00f3n como municipio.<br \/>\n\u201cHemos compartido previo a esta reuni\u00f3n algunos elementos (con la alcaldesa de El Alto) y hemos coincidido. Nosotros podemos recibir explicaci\u00f3n, pero es la gente la que tiene que recibir porque tiene que entender, y nosotros vamos a hacer preguntas, las vamos a enviar el lunes en la tarde. En La Paz, ya hemos convocado a la Asamblea de la Pace\u00f1idad para las tres de la tarde, ah\u00ed van a estar los t\u00e9cnicos, nosotros garantizamos que sea un evento donde no se empiece a silbar, sino a escuchar\u201d, se\u00f1al\u00f3 Arias.<br \/>\nLa autoridad municipal asever\u00f3 que en esta cita tambi\u00e9n estar\u00e1 la Universidad Mayor de San Andr\u00e9s (UMSA) y la Alcald\u00eda de El Alto, con quienes acordaron formar un equipo multidisciplinario para preparar bien las preguntas. En base a esa reuni\u00f3n, reiter\u00f3 el Alcalde, \u201cse tomar\u00e1 una posici\u00f3n en relaci\u00f3n al censo\u201d.<br \/>\nEn tanto, Copa sostuvo que entre ambos municipios se vio la necesidad de mandar preguntas al INE, porque en esta jornada \u201cno se va solucionar el tema\u201d.<br \/>\n\u201cA\u00fan falta, todav\u00eda que se puedan dar mayores datos respecto a las diferentes preguntas que se han hecho en la boleta censal, las cuales se van a ir discerniendo en los siguientes meses. As\u00ed que nosotros haremos llegar nuestras preguntas entre lunes y martes para que el INE pueda respondernos de la misma manera y despu\u00e9s del 14 que ellos vayan a hacer su exposici\u00f3n a nivel nacional, ellos ir\u00e1n a visitar nuestras zonas, nuestros municipios, en todo caso a la ciudad de El Alto\u201d, explic\u00f3 la alcaldesa al salir de la reuni\u00f3n con el INE.<br \/>\nASAMBLEA<br \/>\nArias acord\u00f3 que t\u00e9cnicos del INE asistan a la Asamblea de la Pace\u00f1idad para que en ese evento expliquen las razones de los resultados del Censo 2024.<br \/>\n\u201cNo es a m\u00ed a quien tienen que explicar, sino a la poblaci\u00f3n porque mi ciudad merece una explicaci\u00f3n\u201d, se\u00f1al\u00f3.<\/p>\n<p>&nbsp;<\/p>\n","protected":false},"excerpt":{"rendered":"<p>\u201cLos n\u00fameros no cuadran, no coinciden (\u2026) nosotros no aceptamos estos n\u00fameros\u201d, asegur\u00f3 la alcaldesa de El Alto, Eva Copa, en referencia a los resultados que el Instituto Nacional de Estad\u00edstica (INE) dio recientemente sobre el Censo de Poblaci\u00f3n y Vivienda 2024, donde se\u00f1alan un crecimiento de apenas 4% de habitantes en la urbe alte\u00f1a. [&hellip;]<\/p>\n","protected":false},"author":1,"featured_media":244242,"comment_status":"open","ping_status":"open","sticky":false,"template":"","format":"standard","meta":{"_acf_changed":false,"footnotes":""},"categories":[12],"tags":[],"class_list":["post-244241","post","type-post","status-publish","format-standard","has-post-thumbnail","category-nacional"],"acf":{"antetitulo":"INE debe explicar resultados a pace\u00f1os y alte\u00f1os"},"yoast_head":"<!-- This site is optimized with the Yoast SEO plugin v28.3 - https:\/\/yoast.com\/product\/yoast-seo-wordpress\/ -->\n<title>Comunas rechazan resultados del Censo - El Diario - Bolivia<\/title>\n<meta name=\"robots\" content=\"index, follow, max-snippet:-1, max-image-preview:large, max-video-preview:-1\" \/>\n<link rel=\"canonical\" href=\"https:\/\/www.eldiario.net\/portal\/2024\/08\/31\/comunas-rechazan-resultados-del-censo\/\" \/>\n<meta property=\"og:locale\" content=\"es_ES\" \/>\n<meta property=\"og:type\" content=\"article\" \/>\n<meta property=\"og:title\" content=\"Comunas rechazan resultados del Censo - El Diario - Bolivia\" \/>\n<meta property=\"og:description\" content=\"\u201cLos n\u00fameros no cuadran, no coinciden (\u2026) nosotros no aceptamos estos n\u00fameros\u201d, asegur\u00f3 la alcaldesa de El Alto, Eva Copa, en referencia a los resultados que el Instituto Nacional de Estad\u00edstica (INE) dio recientemente sobre el Censo de Poblaci\u00f3n y Vivienda 2024, donde se\u00f1alan un crecimiento de apenas 4% de habitantes en la urbe alte\u00f1a. [&hellip;]\" \/>\n<meta property=\"og:url\" content=\"https:\/\/www.eldiario.net\/portal\/2024\/08\/31\/comunas-rechazan-resultados-del-censo\/\" \/>\n<meta property=\"og:site_name\" content=\"El Diario - Bolivia\" \/>\n<meta property=\"article:publisher\" content=\"https:\/\/www.facebook.com\/eldiario.bolivia\/\" \/>\n<meta property=\"article:published_time\" content=\"2024-08-31T11:30:14+00:00\" \/>\n<meta property=\"og:image\" content=\"https:\/\/www.eldiario.net\/portal\/wp-content\/uploads\/2024\/08\/F-1-censo.jpg\" \/>\n\t<meta property=\"og:image:width\" content=\"1024\" \/>\n\t<meta property=\"og:image:height\" content=\"682\" \/>\n\t<meta property=\"og:image:type\" content=\"image\/jpeg\" \/>\n<meta name=\"author\" content=\"Jeanette\" \/>\n<meta name=\"twitter:card\" content=\"summary_large_image\" \/>\n<meta name=\"twitter:creator\" content=\"@eldiario_net\" \/>\n<meta name=\"twitter:site\" content=\"@eldiario_net\" \/>\n<meta name=\"twitter:label1\" content=\"Escrito por\" \/>\n\t<meta name=\"twitter:data1\" content=\"Jeanette\" \/>\n\t<meta name=\"twitter:label2\" content=\"Tiempo de lectura\" \/>\n\t<meta name=\"twitter:data2\" content=\"3 minutos\" \/>\n<script type=\"application\/ld+json\" class=\"yoast-schema-graph\">{\"@context\":\"https:\\\/\\\/schema.org\",\"@graph\":[{\"@type\":\"Article\",\"@id\":\"https:\\\/\\\/www.eldiario.net\\\/portal\\\/2024\\\/08\\\/31\\\/comunas-rechazan-resultados-del-censo\\\/#article\",\"isPartOf\":{\"@id\":\"https:\\\/\\\/www.eldiario.net\\\/portal\\\/2024\\\/08\\\/31\\\/comunas-rechazan-resultados-del-censo\\\/\"},\"author\":{\"name\":\"Jeanette\",\"@id\":\"https:\\\/\\\/www.eldiario.net\\\/portal\\\/#\\\/schema\\\/person\\\/f46445640444750d7d753ccd04ae01b7\"},\"headline\":\"Comunas rechazan resultados del Censo\",\"datePublished\":\"2024-08-31T11:30:14+00:00\",\"mainEntityOfPage\":{\"@id\":\"https:\\\/\\\/www.eldiario.net\\\/portal\\\/2024\\\/08\\\/31\\\/comunas-rechazan-resultados-del-censo\\\/\"},\"wordCount\":653,\"commentCount\":0,\"publisher\":{\"@id\":\"https:\\\/\\\/www.eldiario.net\\\/portal\\\/#organization\"},\"image\":{\"@id\":\"https:\\\/\\\/www.eldiario.net\\\/portal\\\/2024\\\/08\\\/31\\\/comunas-rechazan-resultados-del-censo\\\/#primaryimage\"},\"thumbnailUrl\":\"https:\\\/\\\/www.eldiario.net\\\/portal\\\/wp-content\\\/uploads\\\/2024\\\/08\\\/F-1-censo.jpg\",\"articleSection\":[\"Nacional\"],\"inLanguage\":\"es\",\"potentialAction\":[{\"@type\":\"CommentAction\",\"name\":\"Comment\",\"target\":[\"https:\\\/\\\/www.eldiario.net\\\/portal\\\/2024\\\/08\\\/31\\\/comunas-rechazan-resultados-del-censo\\\/#respond\"]}]},{\"@type\":\"WebPage\",\"@id\":\"https:\\\/\\\/www.eldiario.net\\\/portal\\\/2024\\\/08\\\/31\\\/comunas-rechazan-resultados-del-censo\\\/\",\"url\":\"https:\\\/\\\/www.eldiario.net\\\/portal\\\/2024\\\/08\\\/31\\\/comunas-rechazan-resultados-del-censo\\\/\",\"name\":\"Comunas rechazan resultados del Censo - El Diario - Bolivia\",\"isPartOf\":{\"@id\":\"https:\\\/\\\/www.eldiario.net\\\/portal\\\/#website\"},\"primaryImageOfPage\":{\"@id\":\"https:\\\/\\\/www.eldiario.net\\\/portal\\\/2024\\\/08\\\/31\\\/comunas-rechazan-resultados-del-censo\\\/#primaryimage\"},\"image\":{\"@id\":\"https:\\\/\\\/www.eldiario.net\\\/portal\\\/2024\\\/08\\\/31\\\/comunas-rechazan-resultados-del-censo\\\/#primaryimage\"},\"thumbnailUrl\":\"https:\\\/\\\/www.eldiario.net\\\/portal\\\/wp-content\\\/uploads\\\/2024\\\/08\\\/F-1-censo.jpg\",\"datePublished\":\"2024-08-31T11:30:14+00:00\",\"breadcrumb\":{\"@id\":\"https:\\\/\\\/www.eldiario.net\\\/portal\\\/2024\\\/08\\\/31\\\/comunas-rechazan-resultados-del-censo\\\/#breadcrumb\"},\"inLanguage\":\"es\",\"potentialAction\":[{\"@type\":\"ReadAction\",\"target\":[\"https:\\\/\\\/www.eldiario.net\\\/portal\\\/2024\\\/08\\\/31\\\/comunas-rechazan-resultados-del-censo\\\/\"]}]},{\"@type\":\"ImageObject\",\"inLanguage\":\"es\",\"@id\":\"https:\\\/\\\/www.eldiario.net\\\/portal\\\/2024\\\/08\\\/31\\\/comunas-rechazan-resultados-del-censo\\\/#primaryimage\",\"url\":\"https:\\\/\\\/www.eldiario.net\\\/portal\\\/wp-content\\\/uploads\\\/2024\\\/08\\\/F-1-censo.jpg\",\"contentUrl\":\"https:\\\/\\\/www.eldiario.net\\\/portal\\\/wp-content\\\/uploads\\\/2024\\\/08\\\/F-1-censo.jpg\",\"width\":1024,\"height\":682,\"caption\":\"Las autoridades ediles de La Paz y El Alto, al salir de la reuni\u00f3n con el INE.\"},{\"@type\":\"BreadcrumbList\",\"@id\":\"https:\\\/\\\/www.eldiario.net\\\/portal\\\/2024\\\/08\\\/31\\\/comunas-rechazan-resultados-del-censo\\\/#breadcrumb\",\"itemListElement\":[{\"@type\":\"ListItem\",\"position\":1,\"name\":\"Portada\",\"item\":\"https:\\\/\\\/www.eldiario.net\\\/portal\\\/\"},{\"@type\":\"ListItem\",\"position\":2,\"name\":\"Comunas rechazan resultados del Censo\"}]},{\"@type\":\"WebSite\",\"@id\":\"https:\\\/\\\/www.eldiario.net\\\/portal\\\/#website\",\"url\":\"https:\\\/\\\/www.eldiario.net\\\/portal\\\/\",\"name\":\"El Diario - Decano de la prensa nacional\",\"description\":\"El Diario - Decano de la prensa nacional\",\"publisher\":{\"@id\":\"https:\\\/\\\/www.eldiario.net\\\/portal\\\/#organization\"},\"potentialAction\":[{\"@type\":\"SearchAction\",\"target\":{\"@type\":\"EntryPoint\",\"urlTemplate\":\"https:\\\/\\\/www.eldiario.net\\\/portal\\\/?s={search_term_string}\"},\"query-input\":{\"@type\":\"PropertyValueSpecification\",\"valueRequired\":true,\"valueName\":\"search_term_string\"}}],\"inLanguage\":\"es\"},{\"@type\":\"Organization\",\"@id\":\"https:\\\/\\\/www.eldiario.net\\\/portal\\\/#organization\",\"name\":\"El Diario - Decano de la prensa nacional\",\"url\":\"https:\\\/\\\/www.eldiario.net\\\/portal\\\/\",\"logo\":{\"@type\":\"ImageObject\",\"inLanguage\":\"es\",\"@id\":\"https:\\\/\\\/www.eldiario.net\\\/portal\\\/#\\\/schema\\\/logo\\\/image\\\/\",\"url\":\"https:\\\/\\\/www.eldiario.net\\\/portal\\\/wp-content\\\/uploads\\\/2023\\\/07\\\/logo_ED.jpg\",\"contentUrl\":\"https:\\\/\\\/www.eldiario.net\\\/portal\\\/wp-content\\\/uploads\\\/2023\\\/07\\\/logo_ED.jpg\",\"width\":272,\"height\":52,\"caption\":\"El Diario - Decano de la prensa nacional\"},\"image\":{\"@id\":\"https:\\\/\\\/www.eldiario.net\\\/portal\\\/#\\\/schema\\\/logo\\\/image\\\/\"},\"sameAs\":[\"https:\\\/\\\/www.facebook.com\\\/eldiario.bolivia\\\/\",\"https:\\\/\\\/x.com\\\/eldiario_net\"]},{\"@type\":\"Person\",\"@id\":\"https:\\\/\\\/www.eldiario.net\\\/portal\\\/#\\\/schema\\\/person\\\/f46445640444750d7d753ccd04ae01b7\",\"name\":\"Jeanette\",\"image\":{\"@type\":\"ImageObject\",\"inLanguage\":\"es\",\"@id\":\"https:\\\/\\\/secure.gravatar.com\\\/avatar\\\/3ea2118a5f7dad2b7138b1187a6b7ee55f160b9968b66013c3a3ef39dd7e5798?s=96&d=mm&r=g\",\"url\":\"https:\\\/\\\/secure.gravatar.com\\\/avatar\\\/3ea2118a5f7dad2b7138b1187a6b7ee55f160b9968b66013c3a3ef39dd7e5798?s=96&d=mm&r=g\",\"contentUrl\":\"https:\\\/\\\/secure.gravatar.com\\\/avatar\\\/3ea2118a5f7dad2b7138b1187a6b7ee55f160b9968b66013c3a3ef39dd7e5798?s=96&d=mm&r=g\",\"caption\":\"Jeanette\"},\"sameAs\":[\"https:\\\/\\\/www.eldiario.net\\\/portal\"],\"url\":\"https:\\\/\\\/www.eldiario.net\\\/portal\\\/author\\\/jeanette\\\/\"}]}<\/script>\n<!-- \/ Yoast SEO plugin. -->","yoast_head_json":{"title":"Comunas rechazan resultados del Censo - El Diario - Bolivia","robots":{"index":"index","follow":"follow","max-snippet":"max-snippet:-1","max-image-preview":"max-image-preview:large","max-video-preview":"max-video-preview:-1"},"canonical":"https:\/\/www.eldiario.net\/portal\/2024\/08\/31\/comunas-rechazan-resultados-del-censo\/","og_locale":"es_ES","og_type":"article","og_title":"Comunas rechazan resultados del Censo - El Diario - Bolivia","og_description":"\u201cLos n\u00fameros no cuadran, no coinciden (\u2026) nosotros no aceptamos estos n\u00fameros\u201d, asegur\u00f3 la alcaldesa de El Alto, Eva Copa, en referencia a los resultados que el Instituto Nacional de Estad\u00edstica (INE) dio recientemente sobre el Censo de Poblaci\u00f3n y Vivienda 2024, donde se\u00f1alan un crecimiento de apenas 4% de habitantes en la urbe alte\u00f1a. [&hellip;]","og_url":"https:\/\/www.eldiario.net\/portal\/2024\/08\/31\/comunas-rechazan-resultados-del-censo\/","og_site_name":"El Diario - Bolivia","article_publisher":"https:\/\/www.facebook.com\/eldiario.bolivia\/","article_published_time":"2024-08-31T11:30:14+00:00","og_image":[{"width":1024,"height":682,"url":"https:\/\/www.eldiario.net\/portal\/wp-content\/uploads\/2024\/08\/F-1-censo.jpg","type":"image\/jpeg"}],"author":"Jeanette","twitter_card":"summary_large_image","twitter_creator":"@eldiario_net","twitter_site":"@eldiario_net","twitter_misc":{"Escrito por":"Jeanette","Tiempo de lectura":"3 minutos"},"schema":{"@context":"https:\/\/schema.org","@graph":[{"@type":"Article","@id":"https:\/\/www.eldiario.net\/portal\/2024\/08\/31\/comunas-rechazan-resultados-del-censo\/#article","isPartOf":{"@id":"https:\/\/www.eldiario.net\/portal\/2024\/08\/31\/comunas-rechazan-resultados-del-censo\/"},"author":{"name":"Jeanette","@id":"https:\/\/www.eldiario.net\/portal\/#\/schema\/person\/f46445640444750d7d753ccd04ae01b7"},"headline":"Comunas rechazan resultados del Censo","datePublished":"2024-08-31T11:30:14+00:00","mainEntityOfPage":{"@id":"https:\/\/www.eldiario.net\/portal\/2024\/08\/31\/comunas-rechazan-resultados-del-censo\/"},"wordCount":653,"commentCount":0,"publisher":{"@id":"https:\/\/www.eldiario.net\/portal\/#organization"},"image":{"@id":"https:\/\/www.eldiario.net\/portal\/2024\/08\/31\/comunas-rechazan-resultados-del-censo\/#primaryimage"},"thumbnailUrl":"https:\/\/www.eldiario.net\/portal\/wp-content\/uploads\/2024\/08\/F-1-censo.jpg","articleSection":["Nacional"],"inLanguage":"es","potentialAction":[{"@type":"CommentAction","name":"Comment","target":["https:\/\/www.eldiario.net\/portal\/2024\/08\/31\/comunas-rechazan-resultados-del-censo\/#respond"]}]},{"@type":"WebPage","@id":"https:\/\/www.eldiario.net\/portal\/2024\/08\/31\/comunas-rechazan-resultados-del-censo\/","url":"https:\/\/www.eldiario.net\/portal\/2024\/08\/31\/comunas-rechazan-resultados-del-censo\/","name":"Comunas rechazan resultados del Censo - El Diario - Bolivia","isPartOf":{"@id":"https:\/\/www.eldiario.net\/portal\/#website"},"primaryImageOfPage":{"@id":"https:\/\/www.eldiario.net\/portal\/2024\/08\/31\/comunas-rechazan-resultados-del-censo\/#primaryimage"},"image":{"@id":"https:\/\/www.eldiario.net\/portal\/2024\/08\/31\/comunas-rechazan-resultados-del-censo\/#primaryimage"},"thumbnailUrl":"https:\/\/www.eldiario.net\/portal\/wp-content\/uploads\/2024\/08\/F-1-censo.jpg","datePublished":"2024-08-31T11:30:14+00:00","breadcrumb":{"@id":"https:\/\/www.eldiario.net\/portal\/2024\/08\/31\/comunas-rechazan-resultados-del-censo\/#breadcrumb"},"inLanguage":"es","potentialAction":[{"@type":"ReadAction","target":["https:\/\/www.eldiario.net\/portal\/2024\/08\/31\/comunas-rechazan-resultados-del-censo\/"]}]},{"@type":"ImageObject","inLanguage":"es","@id":"https:\/\/www.eldiario.net\/portal\/2024\/08\/31\/comunas-rechazan-resultados-del-censo\/#primaryimage","url":"https:\/\/www.eldiario.net\/portal\/wp-content\/uploads\/2024\/08\/F-1-censo.jpg","contentUrl":"https:\/\/www.eldiario.net\/portal\/wp-content\/uploads\/2024\/08\/F-1-censo.jpg","width":1024,"height":682,"caption":"Las autoridades ediles de La Paz y El Alto, al salir de la reuni\u00f3n con el INE."},{"@type":"BreadcrumbList","@id":"https:\/\/www.eldiario.net\/portal\/2024\/08\/31\/comunas-rechazan-resultados-del-censo\/#breadcrumb","itemListElement":[{"@type":"ListItem","position":1,"name":"Portada","item":"https:\/\/www.eldiario.net\/portal\/"},{"@type":"ListItem","position":2,"name":"Comunas rechazan resultados del Censo"}]},{"@type":"WebSite","@id":"https:\/\/www.eldiario.net\/portal\/#website","url":"https:\/\/www.eldiario.net\/portal\/","name":"El Diario - Decano de la prensa nacional","description":"El Diario - Decano de la prensa nacional","publisher":{"@id":"https:\/\/www.eldiario.net\/portal\/#organization"},"potentialAction":[{"@type":"SearchAction","target":{"@type":"EntryPoint","urlTemplate":"https:\/\/www.eldiario.net\/portal\/?s={search_term_string}"},"query-input":{"@type":"PropertyValueSpecification","valueRequired":true,"valueName":"search_term_string"}}],"inLanguage":"es"},{"@type":"Organization","@id":"https:\/\/www.eldiario.net\/portal\/#organization","name":"El Diario - Decano de la prensa nacional","url":"https:\/\/www.eldiario.net\/portal\/","logo":{"@type":"ImageObject","inLanguage":"es","@id":"https:\/\/www.eldiario.net\/portal\/#\/schema\/logo\/image\/","url":"https:\/\/www.eldiario.net\/portal\/wp-content\/uploads\/2023\/07\/logo_ED.jpg","contentUrl":"https:\/\/www.eldiario.net\/portal\/wp-content\/uploads\/2023\/07\/logo_ED.jpg","width":272,"height":52,"caption":"El Diario - Decano de la prensa nacional"},"image":{"@id":"https:\/\/www.eldiario.net\/portal\/#\/schema\/logo\/image\/"},"sameAs":["https:\/\/www.facebook.com\/eldiario.bolivia\/","https:\/\/x.com\/eldiario_net"]},{"@type":"Person","@id":"https:\/\/www.eldiario.net\/portal\/#\/schema\/person\/f46445640444750d7d753ccd04ae01b7","name":"Jeanette","image":{"@type":"ImageObject","inLanguage":"es","@id":"https:\/\/secure.gravatar.com\/avatar\/3ea2118a5f7dad2b7138b1187a6b7ee55f160b9968b66013c3a3ef39dd7e5798?s=96&d=mm&r=g","url":"https:\/\/secure.gravatar.com\/avatar\/3ea2118a5f7dad2b7138b1187a6b7ee55f160b9968b66013c3a3ef39dd7e5798?s=96&d=mm&r=g","contentUrl":"https:\/\/secure.gravatar.com\/avatar\/3ea2118a5f7dad2b7138b1187a6b7ee55f160b9968b66013c3a3ef39dd7e5798?s=96&d=mm&r=g","caption":"Jeanette"},"sameAs":["https:\/\/www.eldiario.net\/portal"],"url":"https:\/\/www.eldiario.net\/portal\/author\/jeanette\/"}]}},"_links":{"self":[{"href":"https:\/\/www.eldiario.net\/portal\/wp-json\/wp\/v2\/posts\/244241","targetHints":{"allow":["GET"]}}],"collection":[{"href":"https:\/\/www.eldiario.net\/portal\/wp-json\/wp\/v2\/posts"}],"about":[{"href":"https:\/\/www.eldiario.net\/portal\/wp-json\/wp\/v2\/types\/post"}],"author":[{"embeddable":true,"href":"https:\/\/www.eldiario.net\/portal\/wp-json\/wp\/v2\/users\/1"}],"replies":[{"embeddable":true,"href":"https:\/\/www.eldiario.net\/portal\/wp-json\/wp\/v2\/comments?post=244241"}],"version-history":[{"count":1,"href":"https:\/\/www.eldiario.net\/portal\/wp-json\/wp\/v2\/posts\/244241\/revisions"}],"predecessor-version":[{"id":244243,"href":"https:\/\/www.eldiario.net\/portal\/wp-json\/wp\/v2\/posts\/244241\/revisions\/244243"}],"wp:featuredmedia":[{"embeddable":true,"href":"https:\/\/www.eldiario.net\/portal\/wp-json\/wp\/v2\/media\/244242"}],"wp:attachment":[{"href":"https:\/\/www.eldiario.net\/portal\/wp-json\/wp\/v2\/media?parent=244241"}],"wp:term":[{"taxonomy":"category","embeddable":true,"href":"https:\/\/www.eldiario.net\/portal\/wp-json\/wp\/v2\/categories?post=244241"},{"taxonomy":"post_tag","embeddable":true,"href":"https:\/\/www.eldiario.net\/portal\/wp-json\/wp\/v2\/tags?post=244241"}],"curies":[{"name":"wp","href":"https:\/\/api.w.org\/{rel}","templated":true}]}}