{"id":244238,"date":"2024-08-31T07:29:31","date_gmt":"2024-08-31T11:29:31","guid":{"rendered":"https:\/\/www.eldiario.net\/portal\/?p=244238"},"modified":"2024-08-31T07:29:31","modified_gmt":"2024-08-31T11:29:31","slug":"vecinos-reclaman-por-falta-de-reparacion-del-puente-de-la-florida","status":"publish","type":"post","link":"https:\/\/www.eldiario.net\/portal\/2024\/08\/31\/vecinos-reclaman-por-falta-de-reparacion-del-puente-de-la-florida\/","title":{"rendered":"Vecinos reclaman por falta de reparaci\u00f3n del puente de La Florida"},"content":{"rendered":"<p>Tras varios meses de que una intensa tormenta el\u00e9ctrica gener\u00f3 el incremento del caudal de un r\u00edo de la zona Sur de La Paz y que esto destrozara parte de un puente de la zona de Florida, vecinos del sector exigen atenci\u00f3n para que autoridades ediles repongan los da\u00f1os y trabajen en el lugar, pues temen que en cualquier momento se registre alg\u00fan accidente.<br \/>\n\u201cCada que veo este lugar as\u00ed, me pregunto \u00bfcu\u00e1ndo lo arreglar\u00e1n o estar\u00e1n esperando que ocurra alg\u00fan accidente grave? Es bastante tiempo y es peligroso pasar por este lugar, m\u00e1s cuando hay muchos autos que pasan\u201d, se\u00f1al\u00f3 un vecino del sector.<br \/>\nEn efecto, el mayor da\u00f1o que dej\u00f3 el desborde del r\u00edo fue el desprendimiento de la baranda de seguridad que estaba en uno de los costados, adem\u00e1s esa situaci\u00f3n provoc\u00f3 que haya da\u00f1os en la misma estructura del puente.<br \/>\n\u201cEso nom\u00e1s ahora han dejado y no es nada seguro pueden caerse las personas mayores y ni\u00f1os que van al colegio harto pasan por aqu\u00ed y los autos tambi\u00e9n\u201d, indic\u00f3 una comerciante del sector.<br \/>\nEn efecto, en el lugar se colocaron unos separadores de v\u00edas que \u201cni siquiera est\u00e1n bien fijas\u201d y no tienen la suficiente altura para evitar, por ejemplo, posibles ca\u00eddas de personas o mascotas. \u201cCualquiera podr\u00eda sufrir un accidente, al menos cuando est\u00e1n pasando y los autos est\u00e1n en doble sentido, esto se hace angosto\u201d, dijo el vecino.<br \/>\nHace unos d\u00edas, y ante la consulta al respecto, desde la Subalcald\u00eda Sur se explic\u00f3 que fueron varios los da\u00f1os que se registraron en diferentes zonas de ese sector pace\u00f1o, por lo que las intervenciones de refacci\u00f3n se realizan de forma paulatina y de acuerdo con la gravedad del caso. Se indic\u00f3 que este mes estar\u00edan realizando las refacciones del puente. Esperemos que sea as\u00ed para que los vecinos se sientan seguros.<\/p>\n<p>&nbsp;<\/p>\n","protected":false},"excerpt":{"rendered":"<p>Tras varios meses de que una intensa tormenta el\u00e9ctrica gener\u00f3 el incremento del caudal de un r\u00edo de la zona Sur de La Paz y que esto destrozara parte de un puente de la zona de Florida, vecinos del sector exigen atenci\u00f3n para que autoridades ediles repongan los da\u00f1os y trabajen en el lugar, pues [&hellip;]<\/p>\n","protected":false},"author":1,"featured_media":244239,"comment_status":"open","ping_status":"open","sticky":false,"template":"","format":"standard","meta":{"_acf_changed":false,"footnotes":""},"categories":[12],"tags":[],"class_list":["post-244238","post","type-post","status-publish","format-standard","has-post-thumbnail","category-nacional"],"acf":{"antetitulo":"Alarma inacci\u00f3n de la Alcald\u00eda"},"yoast_head":"<!-- This site is optimized with the Yoast SEO plugin v28.3 - https:\/\/yoast.com\/product\/yoast-seo-wordpress\/ -->\n<title>Vecinos reclaman por falta de reparaci\u00f3n del puente de La Florida - El Diario - Bolivia<\/title>\n<meta name=\"robots\" content=\"index, follow, max-snippet:-1, max-image-preview:large, max-video-preview:-1\" \/>\n<link rel=\"canonical\" href=\"https:\/\/www.eldiario.net\/portal\/2024\/08\/31\/vecinos-reclaman-por-falta-de-reparacion-del-puente-de-la-florida\/\" \/>\n<meta property=\"og:locale\" content=\"es_ES\" \/>\n<meta property=\"og:type\" content=\"article\" \/>\n<meta property=\"og:title\" content=\"Vecinos reclaman por falta de reparaci\u00f3n del puente de La Florida - El Diario - Bolivia\" \/>\n<meta property=\"og:description\" content=\"Tras varios meses de que una intensa tormenta el\u00e9ctrica gener\u00f3 el incremento del caudal de un r\u00edo de la zona Sur de La Paz y que esto destrozara parte de un puente de la zona de Florida, vecinos del sector exigen atenci\u00f3n para que autoridades ediles repongan los da\u00f1os y trabajen en el lugar, pues [&hellip;]\" \/>\n<meta property=\"og:url\" content=\"https:\/\/www.eldiario.net\/portal\/2024\/08\/31\/vecinos-reclaman-por-falta-de-reparacion-del-puente-de-la-florida\/\" \/>\n<meta property=\"og:site_name\" content=\"El Diario - Bolivia\" \/>\n<meta property=\"article:publisher\" content=\"https:\/\/www.facebook.com\/eldiario.bolivia\/\" \/>\n<meta property=\"article:published_time\" content=\"2024-08-31T11:29:31+00:00\" \/>\n<meta property=\"og:image\" content=\"https:\/\/www.eldiario.net\/portal\/wp-content\/uploads\/2024\/08\/F-2-florida.jpg\" \/>\n\t<meta property=\"og:image:width\" content=\"1200\" \/>\n\t<meta property=\"og:image:height\" content=\"800\" \/>\n\t<meta property=\"og:image:type\" content=\"image\/jpeg\" \/>\n<meta name=\"author\" content=\"Jeanette\" \/>\n<meta name=\"twitter:card\" content=\"summary_large_image\" \/>\n<meta name=\"twitter:creator\" content=\"@eldiario_net\" \/>\n<meta name=\"twitter:site\" content=\"@eldiario_net\" \/>\n<meta name=\"twitter:label1\" content=\"Escrito por\" \/>\n\t<meta name=\"twitter:data1\" content=\"Jeanette\" \/>\n\t<meta name=\"twitter:label2\" content=\"Tiempo de lectura\" \/>\n\t<meta name=\"twitter:data2\" content=\"2 minutos\" \/>\n<script type=\"application\/ld+json\" class=\"yoast-schema-graph\">{\"@context\":\"https:\\\/\\\/schema.org\",\"@graph\":[{\"@type\":\"Article\",\"@id\":\"https:\\\/\\\/www.eldiario.net\\\/portal\\\/2024\\\/08\\\/31\\\/vecinos-reclaman-por-falta-de-reparacion-del-puente-de-la-florida\\\/#article\",\"isPartOf\":{\"@id\":\"https:\\\/\\\/www.eldiario.net\\\/portal\\\/2024\\\/08\\\/31\\\/vecinos-reclaman-por-falta-de-reparacion-del-puente-de-la-florida\\\/\"},\"author\":{\"name\":\"Jeanette\",\"@id\":\"https:\\\/\\\/www.eldiario.net\\\/portal\\\/#\\\/schema\\\/person\\\/f46445640444750d7d753ccd04ae01b7\"},\"headline\":\"Vecinos reclaman por falta de reparaci\u00f3n del puente de La Florida\",\"datePublished\":\"2024-08-31T11:29:31+00:00\",\"mainEntityOfPage\":{\"@id\":\"https:\\\/\\\/www.eldiario.net\\\/portal\\\/2024\\\/08\\\/31\\\/vecinos-reclaman-por-falta-de-reparacion-del-puente-de-la-florida\\\/\"},\"wordCount\":351,\"commentCount\":0,\"publisher\":{\"@id\":\"https:\\\/\\\/www.eldiario.net\\\/portal\\\/#organization\"},\"image\":{\"@id\":\"https:\\\/\\\/www.eldiario.net\\\/portal\\\/2024\\\/08\\\/31\\\/vecinos-reclaman-por-falta-de-reparacion-del-puente-de-la-florida\\\/#primaryimage\"},\"thumbnailUrl\":\"https:\\\/\\\/www.eldiario.net\\\/portal\\\/wp-content\\\/uploads\\\/2024\\\/08\\\/F-2-florida.jpg\",\"articleSection\":[\"Nacional\"],\"inLanguage\":\"es\",\"potentialAction\":[{\"@type\":\"CommentAction\",\"name\":\"Comment\",\"target\":[\"https:\\\/\\\/www.eldiario.net\\\/portal\\\/2024\\\/08\\\/31\\\/vecinos-reclaman-por-falta-de-reparacion-del-puente-de-la-florida\\\/#respond\"]}]},{\"@type\":\"WebPage\",\"@id\":\"https:\\\/\\\/www.eldiario.net\\\/portal\\\/2024\\\/08\\\/31\\\/vecinos-reclaman-por-falta-de-reparacion-del-puente-de-la-florida\\\/\",\"url\":\"https:\\\/\\\/www.eldiario.net\\\/portal\\\/2024\\\/08\\\/31\\\/vecinos-reclaman-por-falta-de-reparacion-del-puente-de-la-florida\\\/\",\"name\":\"Vecinos reclaman por falta de reparaci\u00f3n del puente de La Florida - El Diario - Bolivia\",\"isPartOf\":{\"@id\":\"https:\\\/\\\/www.eldiario.net\\\/portal\\\/#website\"},\"primaryImageOfPage\":{\"@id\":\"https:\\\/\\\/www.eldiario.net\\\/portal\\\/2024\\\/08\\\/31\\\/vecinos-reclaman-por-falta-de-reparacion-del-puente-de-la-florida\\\/#primaryimage\"},\"image\":{\"@id\":\"https:\\\/\\\/www.eldiario.net\\\/portal\\\/2024\\\/08\\\/31\\\/vecinos-reclaman-por-falta-de-reparacion-del-puente-de-la-florida\\\/#primaryimage\"},\"thumbnailUrl\":\"https:\\\/\\\/www.eldiario.net\\\/portal\\\/wp-content\\\/uploads\\\/2024\\\/08\\\/F-2-florida.jpg\",\"datePublished\":\"2024-08-31T11:29:31+00:00\",\"breadcrumb\":{\"@id\":\"https:\\\/\\\/www.eldiario.net\\\/portal\\\/2024\\\/08\\\/31\\\/vecinos-reclaman-por-falta-de-reparacion-del-puente-de-la-florida\\\/#breadcrumb\"},\"inLanguage\":\"es\",\"potentialAction\":[{\"@type\":\"ReadAction\",\"target\":[\"https:\\\/\\\/www.eldiario.net\\\/portal\\\/2024\\\/08\\\/31\\\/vecinos-reclaman-por-falta-de-reparacion-del-puente-de-la-florida\\\/\"]}]},{\"@type\":\"ImageObject\",\"inLanguage\":\"es\",\"@id\":\"https:\\\/\\\/www.eldiario.net\\\/portal\\\/2024\\\/08\\\/31\\\/vecinos-reclaman-por-falta-de-reparacion-del-puente-de-la-florida\\\/#primaryimage\",\"url\":\"https:\\\/\\\/www.eldiario.net\\\/portal\\\/wp-content\\\/uploads\\\/2024\\\/08\\\/F-2-florida.jpg\",\"contentUrl\":\"https:\\\/\\\/www.eldiario.net\\\/portal\\\/wp-content\\\/uploads\\\/2024\\\/08\\\/F-2-florida.jpg\",\"width\":1200,\"height\":800,\"caption\":\"El lugar tiene unos separadores de v\u00edas.\"},{\"@type\":\"BreadcrumbList\",\"@id\":\"https:\\\/\\\/www.eldiario.net\\\/portal\\\/2024\\\/08\\\/31\\\/vecinos-reclaman-por-falta-de-reparacion-del-puente-de-la-florida\\\/#breadcrumb\",\"itemListElement\":[{\"@type\":\"ListItem\",\"position\":1,\"name\":\"Portada\",\"item\":\"https:\\\/\\\/www.eldiario.net\\\/portal\\\/\"},{\"@type\":\"ListItem\",\"position\":2,\"name\":\"Vecinos reclaman por falta de reparaci\u00f3n del puente de La Florida\"}]},{\"@type\":\"WebSite\",\"@id\":\"https:\\\/\\\/www.eldiario.net\\\/portal\\\/#website\",\"url\":\"https:\\\/\\\/www.eldiario.net\\\/portal\\\/\",\"name\":\"El Diario - Decano de la prensa nacional\",\"description\":\"El Diario - Decano de la prensa nacional\",\"publisher\":{\"@id\":\"https:\\\/\\\/www.eldiario.net\\\/portal\\\/#organization\"},\"potentialAction\":[{\"@type\":\"SearchAction\",\"target\":{\"@type\":\"EntryPoint\",\"urlTemplate\":\"https:\\\/\\\/www.eldiario.net\\\/portal\\\/?s={search_term_string}\"},\"query-input\":{\"@type\":\"PropertyValueSpecification\",\"valueRequired\":true,\"valueName\":\"search_term_string\"}}],\"inLanguage\":\"es\"},{\"@type\":\"Organization\",\"@id\":\"https:\\\/\\\/www.eldiario.net\\\/portal\\\/#organization\",\"name\":\"El Diario - Decano de la prensa nacional\",\"url\":\"https:\\\/\\\/www.eldiario.net\\\/portal\\\/\",\"logo\":{\"@type\":\"ImageObject\",\"inLanguage\":\"es\",\"@id\":\"https:\\\/\\\/www.eldiario.net\\\/portal\\\/#\\\/schema\\\/logo\\\/image\\\/\",\"url\":\"https:\\\/\\\/www.eldiario.net\\\/portal\\\/wp-content\\\/uploads\\\/2023\\\/07\\\/logo_ED.jpg\",\"contentUrl\":\"https:\\\/\\\/www.eldiario.net\\\/portal\\\/wp-content\\\/uploads\\\/2023\\\/07\\\/logo_ED.jpg\",\"width\":272,\"height\":52,\"caption\":\"El Diario - Decano de la prensa nacional\"},\"image\":{\"@id\":\"https:\\\/\\\/www.eldiario.net\\\/portal\\\/#\\\/schema\\\/logo\\\/image\\\/\"},\"sameAs\":[\"https:\\\/\\\/www.facebook.com\\\/eldiario.bolivia\\\/\",\"https:\\\/\\\/x.com\\\/eldiario_net\"]},{\"@type\":\"Person\",\"@id\":\"https:\\\/\\\/www.eldiario.net\\\/portal\\\/#\\\/schema\\\/person\\\/f46445640444750d7d753ccd04ae01b7\",\"name\":\"Jeanette\",\"image\":{\"@type\":\"ImageObject\",\"inLanguage\":\"es\",\"@id\":\"https:\\\/\\\/secure.gravatar.com\\\/avatar\\\/3ea2118a5f7dad2b7138b1187a6b7ee55f160b9968b66013c3a3ef39dd7e5798?s=96&d=mm&r=g\",\"url\":\"https:\\\/\\\/secure.gravatar.com\\\/avatar\\\/3ea2118a5f7dad2b7138b1187a6b7ee55f160b9968b66013c3a3ef39dd7e5798?s=96&d=mm&r=g\",\"contentUrl\":\"https:\\\/\\\/secure.gravatar.com\\\/avatar\\\/3ea2118a5f7dad2b7138b1187a6b7ee55f160b9968b66013c3a3ef39dd7e5798?s=96&d=mm&r=g\",\"caption\":\"Jeanette\"},\"sameAs\":[\"https:\\\/\\\/www.eldiario.net\\\/portal\"],\"url\":\"https:\\\/\\\/www.eldiario.net\\\/portal\\\/author\\\/jeanette\\\/\"}]}<\/script>\n<!-- \/ Yoast SEO plugin. -->","yoast_head_json":{"title":"Vecinos reclaman por falta de reparaci\u00f3n del puente de La Florida - El Diario - Bolivia","robots":{"index":"index","follow":"follow","max-snippet":"max-snippet:-1","max-image-preview":"max-image-preview:large","max-video-preview":"max-video-preview:-1"},"canonical":"https:\/\/www.eldiario.net\/portal\/2024\/08\/31\/vecinos-reclaman-por-falta-de-reparacion-del-puente-de-la-florida\/","og_locale":"es_ES","og_type":"article","og_title":"Vecinos reclaman por falta de reparaci\u00f3n del puente de La Florida - El Diario - Bolivia","og_description":"Tras varios meses de que una intensa tormenta el\u00e9ctrica gener\u00f3 el incremento del caudal de un r\u00edo de la zona Sur de La Paz y que esto destrozara parte de un puente de la zona de Florida, vecinos del sector exigen atenci\u00f3n para que autoridades ediles repongan los da\u00f1os y trabajen en el lugar, pues [&hellip;]","og_url":"https:\/\/www.eldiario.net\/portal\/2024\/08\/31\/vecinos-reclaman-por-falta-de-reparacion-del-puente-de-la-florida\/","og_site_name":"El Diario - Bolivia","article_publisher":"https:\/\/www.facebook.com\/eldiario.bolivia\/","article_published_time":"2024-08-31T11:29:31+00:00","og_image":[{"width":1200,"height":800,"url":"https:\/\/www.eldiario.net\/portal\/wp-content\/uploads\/2024\/08\/F-2-florida.jpg","type":"image\/jpeg"}],"author":"Jeanette","twitter_card":"summary_large_image","twitter_creator":"@eldiario_net","twitter_site":"@eldiario_net","twitter_misc":{"Escrito por":"Jeanette","Tiempo de lectura":"2 minutos"},"schema":{"@context":"https:\/\/schema.org","@graph":[{"@type":"Article","@id":"https:\/\/www.eldiario.net\/portal\/2024\/08\/31\/vecinos-reclaman-por-falta-de-reparacion-del-puente-de-la-florida\/#article","isPartOf":{"@id":"https:\/\/www.eldiario.net\/portal\/2024\/08\/31\/vecinos-reclaman-por-falta-de-reparacion-del-puente-de-la-florida\/"},"author":{"name":"Jeanette","@id":"https:\/\/www.eldiario.net\/portal\/#\/schema\/person\/f46445640444750d7d753ccd04ae01b7"},"headline":"Vecinos reclaman por falta de reparaci\u00f3n del puente de La Florida","datePublished":"2024-08-31T11:29:31+00:00","mainEntityOfPage":{"@id":"https:\/\/www.eldiario.net\/portal\/2024\/08\/31\/vecinos-reclaman-por-falta-de-reparacion-del-puente-de-la-florida\/"},"wordCount":351,"commentCount":0,"publisher":{"@id":"https:\/\/www.eldiario.net\/portal\/#organization"},"image":{"@id":"https:\/\/www.eldiario.net\/portal\/2024\/08\/31\/vecinos-reclaman-por-falta-de-reparacion-del-puente-de-la-florida\/#primaryimage"},"thumbnailUrl":"https:\/\/www.eldiario.net\/portal\/wp-content\/uploads\/2024\/08\/F-2-florida.jpg","articleSection":["Nacional"],"inLanguage":"es","potentialAction":[{"@type":"CommentAction","name":"Comment","target":["https:\/\/www.eldiario.net\/portal\/2024\/08\/31\/vecinos-reclaman-por-falta-de-reparacion-del-puente-de-la-florida\/#respond"]}]},{"@type":"WebPage","@id":"https:\/\/www.eldiario.net\/portal\/2024\/08\/31\/vecinos-reclaman-por-falta-de-reparacion-del-puente-de-la-florida\/","url":"https:\/\/www.eldiario.net\/portal\/2024\/08\/31\/vecinos-reclaman-por-falta-de-reparacion-del-puente-de-la-florida\/","name":"Vecinos reclaman por falta de reparaci\u00f3n del puente de La Florida - El Diario - Bolivia","isPartOf":{"@id":"https:\/\/www.eldiario.net\/portal\/#website"},"primaryImageOfPage":{"@id":"https:\/\/www.eldiario.net\/portal\/2024\/08\/31\/vecinos-reclaman-por-falta-de-reparacion-del-puente-de-la-florida\/#primaryimage"},"image":{"@id":"https:\/\/www.eldiario.net\/portal\/2024\/08\/31\/vecinos-reclaman-por-falta-de-reparacion-del-puente-de-la-florida\/#primaryimage"},"thumbnailUrl":"https:\/\/www.eldiario.net\/portal\/wp-content\/uploads\/2024\/08\/F-2-florida.jpg","datePublished":"2024-08-31T11:29:31+00:00","breadcrumb":{"@id":"https:\/\/www.eldiario.net\/portal\/2024\/08\/31\/vecinos-reclaman-por-falta-de-reparacion-del-puente-de-la-florida\/#breadcrumb"},"inLanguage":"es","potentialAction":[{"@type":"ReadAction","target":["https:\/\/www.eldiario.net\/portal\/2024\/08\/31\/vecinos-reclaman-por-falta-de-reparacion-del-puente-de-la-florida\/"]}]},{"@type":"ImageObject","inLanguage":"es","@id":"https:\/\/www.eldiario.net\/portal\/2024\/08\/31\/vecinos-reclaman-por-falta-de-reparacion-del-puente-de-la-florida\/#primaryimage","url":"https:\/\/www.eldiario.net\/portal\/wp-content\/uploads\/2024\/08\/F-2-florida.jpg","contentUrl":"https:\/\/www.eldiario.net\/portal\/wp-content\/uploads\/2024\/08\/F-2-florida.jpg","width":1200,"height":800,"caption":"El lugar tiene unos separadores de v\u00edas."},{"@type":"BreadcrumbList","@id":"https:\/\/www.eldiario.net\/portal\/2024\/08\/31\/vecinos-reclaman-por-falta-de-reparacion-del-puente-de-la-florida\/#breadcrumb","itemListElement":[{"@type":"ListItem","position":1,"name":"Portada","item":"https:\/\/www.eldiario.net\/portal\/"},{"@type":"ListItem","position":2,"name":"Vecinos reclaman por falta de reparaci\u00f3n del puente de La Florida"}]},{"@type":"WebSite","@id":"https:\/\/www.eldiario.net\/portal\/#website","url":"https:\/\/www.eldiario.net\/portal\/","name":"El Diario - Decano de la prensa nacional","description":"El Diario - Decano de la prensa nacional","publisher":{"@id":"https:\/\/www.eldiario.net\/portal\/#organization"},"potentialAction":[{"@type":"SearchAction","target":{"@type":"EntryPoint","urlTemplate":"https:\/\/www.eldiario.net\/portal\/?s={search_term_string}"},"query-input":{"@type":"PropertyValueSpecification","valueRequired":true,"valueName":"search_term_string"}}],"inLanguage":"es"},{"@type":"Organization","@id":"https:\/\/www.eldiario.net\/portal\/#organization","name":"El Diario - Decano de la prensa nacional","url":"https:\/\/www.eldiario.net\/portal\/","logo":{"@type":"ImageObject","inLanguage":"es","@id":"https:\/\/www.eldiario.net\/portal\/#\/schema\/logo\/image\/","url":"https:\/\/www.eldiario.net\/portal\/wp-content\/uploads\/2023\/07\/logo_ED.jpg","contentUrl":"https:\/\/www.eldiario.net\/portal\/wp-content\/uploads\/2023\/07\/logo_ED.jpg","width":272,"height":52,"caption":"El Diario - Decano de la prensa nacional"},"image":{"@id":"https:\/\/www.eldiario.net\/portal\/#\/schema\/logo\/image\/"},"sameAs":["https:\/\/www.facebook.com\/eldiario.bolivia\/","https:\/\/x.com\/eldiario_net"]},{"@type":"Person","@id":"https:\/\/www.eldiario.net\/portal\/#\/schema\/person\/f46445640444750d7d753ccd04ae01b7","name":"Jeanette","image":{"@type":"ImageObject","inLanguage":"es","@id":"https:\/\/secure.gravatar.com\/avatar\/3ea2118a5f7dad2b7138b1187a6b7ee55f160b9968b66013c3a3ef39dd7e5798?s=96&d=mm&r=g","url":"https:\/\/secure.gravatar.com\/avatar\/3ea2118a5f7dad2b7138b1187a6b7ee55f160b9968b66013c3a3ef39dd7e5798?s=96&d=mm&r=g","contentUrl":"https:\/\/secure.gravatar.com\/avatar\/3ea2118a5f7dad2b7138b1187a6b7ee55f160b9968b66013c3a3ef39dd7e5798?s=96&d=mm&r=g","caption":"Jeanette"},"sameAs":["https:\/\/www.eldiario.net\/portal"],"url":"https:\/\/www.eldiario.net\/portal\/author\/jeanette\/"}]}},"_links":{"self":[{"href":"https:\/\/www.eldiario.net\/portal\/wp-json\/wp\/v2\/posts\/244238","targetHints":{"allow":["GET"]}}],"collection":[{"href":"https:\/\/www.eldiario.net\/portal\/wp-json\/wp\/v2\/posts"}],"about":[{"href":"https:\/\/www.eldiario.net\/portal\/wp-json\/wp\/v2\/types\/post"}],"author":[{"embeddable":true,"href":"https:\/\/www.eldiario.net\/portal\/wp-json\/wp\/v2\/users\/1"}],"replies":[{"embeddable":true,"href":"https:\/\/www.eldiario.net\/portal\/wp-json\/wp\/v2\/comments?post=244238"}],"version-history":[{"count":1,"href":"https:\/\/www.eldiario.net\/portal\/wp-json\/wp\/v2\/posts\/244238\/revisions"}],"predecessor-version":[{"id":244240,"href":"https:\/\/www.eldiario.net\/portal\/wp-json\/wp\/v2\/posts\/244238\/revisions\/244240"}],"wp:featuredmedia":[{"embeddable":true,"href":"https:\/\/www.eldiario.net\/portal\/wp-json\/wp\/v2\/media\/244239"}],"wp:attachment":[{"href":"https:\/\/www.eldiario.net\/portal\/wp-json\/wp\/v2\/media?parent=244238"}],"wp:term":[{"taxonomy":"category","embeddable":true,"href":"https:\/\/www.eldiario.net\/portal\/wp-json\/wp\/v2\/categories?post=244238"},{"taxonomy":"post_tag","embeddable":true,"href":"https:\/\/www.eldiario.net\/portal\/wp-json\/wp\/v2\/tags?post=244238"}],"curies":[{"name":"wp","href":"https:\/\/api.w.org\/{rel}","templated":true}]}}