{"id":244227,"date":"2024-08-31T07:25:55","date_gmt":"2024-08-31T11:25:55","guid":{"rendered":"https:\/\/www.eldiario.net\/portal\/?p=244227"},"modified":"2024-08-31T07:25:55","modified_gmt":"2024-08-31T11:25:55","slug":"corte-de-electricidad-e-internet-afecta-a-20-estados-en-venezuela","status":"publish","type":"post","link":"https:\/\/www.eldiario.net\/portal\/2024\/08\/31\/corte-de-electricidad-e-internet-afecta-a-20-estados-en-venezuela\/","title":{"rendered":"Corte de electricidad e internet afecta a 20 estados en Venezuela"},"content":{"rendered":"<p>Un importante apag\u00f3n en Venezuela se produjo en la madrugada de ayer. Al menos 20 de los 24 Estados tuvieron cortes del servicio el\u00e9ctrico y de la conexi\u00f3n a internet.<br \/>\nEl ministro de Comunicaciones del r\u00e9gimen chavista, Freddy \u00d1\u00e1\u00f1ez, inform\u00f3 a trav\u00e9s de Telegram que el apag\u00f3n afect\u00f3 a \u201cvarios estados del pa\u00eds, incluyendo la Gran Caracas\u201d, un dato que confirmaron ciudadanos a trav\u00e9s de diversas redes sociales.<br \/>\nAlrededor de las 15:00, hora local, la ONG Ve Sin Filtro public\u00f3 este mensaje en la red social X: \u201cVan 10 horas de Apag\u00f3n Nacional y las regiones que se hab\u00edan recuperado un poco volvieron a caer. Volvi\u00f3 a bajar a 17.9% la conectividad a internet de Venezuela, medida conectada a la disponibilidad del servicio el\u00e9ctrico. Y las regiones que estaban recuperando se volvieron a quedar sin luz\u201d.<br \/>\nLa organizaci\u00f3n no gubernamental se\u00f1al\u00f3 que la conectividad a internet en T\u00e1chira, que se hab\u00eda recuperado a 50.1%, baj\u00f3 a apenas 10.8% de su conectividad normal, que M\u00e9rida est\u00e1 en un 18.5% de conectividad; Nueva Esparta, que se hab\u00eda recuperado a 72.7%, est\u00e1 en 53.6% y que los otros estados del pa\u00eds se mantienen entre 2.2% y 25%.<br \/>\nEn medio de estas afirmaciones, gran cantidad de fuerzas de seguridad fueron sacadas a las calles para tratar de ordenar a los peatones, que abarrotaron las paradas de autobuses por la falta del Metro, y el tr\u00e1fico, m\u00e1s complicado de lo habitual por la ausencia de sem\u00e1foros. El funcionario, que no precis\u00f3 qu\u00e9 tipo de \u201csabotaje\u201d se perpetr\u00f3 ni qui\u00e9nes son los responsables del mismo, se\u00f1al\u00f3 que \u201cen estos momentos, el equipo del gabinete el\u00e9ctrico trabaja en la restituci\u00f3n total del servicio\u201d.<br \/>\nExplic\u00f3 que se activ\u00f3 en la capital un \u201coperativo especial para el transporte superficial\u201d, gestionado por Metro de Caracas\u201d, aunque, por el momento, se desconoce el n\u00famero de estaciones o sectores que se encuentran en funcionamiento.<br \/>\nPese al apag\u00f3n y sus consecuencias, \u00d1\u00e1\u00f1ez asegur\u00f3 que nadie \u201cquitar\u00e1 la paz y la tranquilidad a los venezolanos y venezolanas\u201d.<br \/>\nDiversos estados del pa\u00eds sufren apagones frecuentemente, en algunos casos, que duran hasta una semana, seg\u00fan reportan usuarios de diversas regiones de manera habitual.<br \/>\nEl \u00faltimo gran apag\u00f3n nacional se produjo en marzo del 2019, cuando gran parte del pa\u00eds estuvo cuatro d\u00edas sin luz.<br \/>\nEntonces, el r\u00e9gimen tambi\u00e9n atribuy\u00f3 la falla nacional a un sabotaje, por el que se\u00f1al\u00f3 a la oposici\u00f3n y a los gobiernos de Estados Unidos y Colombia, liderados en aquel momento por Donald Trump e Iv\u00e1n Duque, respectivamente.<br \/>\n\u201cS\u00f3lo s\u00e9 que me despert\u00e9 a las 4:49 a.m. de la ma\u00f1ana para ir al ba\u00f1o y en ese momento se fue la luz. Mir\u00e9 por la ventana y vi que no hab\u00eda luz en mi zona. Vivo en Palo Verde, hacia el este. Pens\u00e9 que solo hab\u00eda pasado ah\u00ed. Entr\u00e9 a la sala y mir\u00e9 por el balc\u00f3n. Vi que hab\u00eda pasado en toda la ciudad. No hay sem\u00e1foros, no hay (luz en) las tiendas. Estoy aqu\u00ed tratando de comprar algo para el desayuno, pero obviamente no hay nada (luz). Eso es lo que s\u00e9\u201d, dijo Maribel Romero, una ciudadana caraque\u00f1a.<br \/>\nLos apagones son frecuentes en Venezuela desde hace una d\u00e9cada. El peor de estos ocurri\u00f3 en marzo de 2019 y se prolong\u00f3 por varios d\u00edas, dejando al pa\u00eds a oscuras.<br \/>\nRegiones del oeste del pa\u00eds como T\u00e1chira y Zulia, otrora capital petrolera, viven cortes de electricidad a diario.<br \/>\nEl r\u00e9gimen del dictador, Nicol\u00e1s Maduro, normalmente atribuye estas fallas a planes orquestados por Estados Unidos y la oposici\u00f3n para derrocarlo. Aunque dirigentes opositores y especialistas, contrarios a la tesis de los sabotajes, responsabilizan al Gobierno por falta de inversi\u00f3n, impericia y corrupci\u00f3n.<br \/>\n\u201cEs un nuevo sabotaje el\u00e9ctrico\u201d, insisti\u00f3 el ministro. \u201cLo hemos lo vivimos en el 2019, sabemos lo que nos cost\u00f3 recuperar el sistema el\u00e9ctrico nacional desde entonces y hoy estamos enfrent\u00e1ndolo con los protocolos\u201d.<br \/>\n\u201cDicen que desde las cuatro de la ma\u00f1ana no hay luz. Yo vengo de la zona de Guarenas. Como se puede ver no hay metro, los sem\u00e1foros no funcionan, hay polic\u00edas por todos lados. Obviamente hay mucha gente en la calle porque casi todo el mundo usa el metro para movilizarse. La zona de Petare est\u00e1 llena de polic\u00edas vigilando que no pase nada, porque no tenemos seguridad de lo que est\u00e1 pasando\u201d, sostuvo Darwin Garc\u00eda, un ciudadano que intentaba viajar en metro.<br \/>\n\u201cSe produjo en Venezuela un sabotaje el\u00e9ctrico, un sabotaje contra el sistema nacional el\u00e9ctrico, que afect\u00f3 a casi todo el territorio nacional. Los 24 estados est\u00e1n reportando de manera total o parcial la p\u00e9rdida del suministro el\u00e9ctrico\u201d, se\u00f1al\u00f3 el ministro de Comunicaci\u00f3n, Freddy \u00d1\u00e1\u00f1ez, al canal estatal VTV.<br \/>\nEl corte ocurri\u00f3 a las 04:40 a.m. hora local. Muchas calles de Caracas estaban desoladas a primera hora de la ma\u00f1ana, constat\u00f3 la AFP.<br \/>\n\u201cEs un nuevo sabotaje el\u00e9ctrico\u201d, insisti\u00f3 el ministro. \u201cLo hemos lo vivimos en el 2019, sabemos lo que nos ha costado recuperar el sistema el\u00e9ctrico nacional desde entonces y hoy estamos enfrent\u00e1ndolo con los protocolos antigolpe porque (es) lo que hay en Venezuela desde antes del 28 de julio, durante el 28 de julio y estos poco m\u00e1s de 30 d\u00edas que transcurri\u00f3\u201d.<br \/>\nSe refiere a las elecciones presidenciales del 28 de julio, en las que fue proclamado, Maduro, para un tercer mandato de seis a\u00f1os, que la oposici\u00f3n liderada por, Mar\u00eda Corina Machado, tach\u00f3 de fraudulentas y asegura tener pruebas que demuestran que su candidato, Edmundo Gonz\u00e1lez Urrutia, fue el ganador de la contienda. (Infobae, Efe, Reuters y Afp)<\/p>\n","protected":false},"excerpt":{"rendered":"<p>Un importante apag\u00f3n en Venezuela se produjo en la madrugada de ayer. Al menos 20 de los 24 Estados tuvieron cortes del servicio el\u00e9ctrico y de la conexi\u00f3n a internet. El ministro de Comunicaciones del r\u00e9gimen chavista, Freddy \u00d1\u00e1\u00f1ez, inform\u00f3 a trav\u00e9s de Telegram que el apag\u00f3n afect\u00f3 a \u201cvarios estados del pa\u00eds, incluyendo la [&hellip;]<\/p>\n","protected":false},"author":1,"featured_media":244228,"comment_status":"open","ping_status":"open","sticky":false,"template":"","format":"standard","meta":{"_acf_changed":false,"footnotes":""},"categories":[3],"tags":[],"class_list":["post-244227","post","type-post","status-publish","format-standard","has-post-thumbnail","category-internacional"],"acf":{"antetitulo":"Falta de mantenimiento en sistema"},"yoast_head":"<!-- This site is optimized with the Yoast SEO plugin v28.3 - https:\/\/yoast.com\/product\/yoast-seo-wordpress\/ -->\n<title>Corte de electricidad e internet afecta a 20 estados en Venezuela - El Diario - Bolivia<\/title>\n<meta name=\"robots\" content=\"index, follow, max-snippet:-1, max-image-preview:large, max-video-preview:-1\" \/>\n<link rel=\"canonical\" href=\"https:\/\/www.eldiario.net\/portal\/2024\/08\/31\/corte-de-electricidad-e-internet-afecta-a-20-estados-en-venezuela\/\" \/>\n<meta property=\"og:locale\" content=\"es_ES\" \/>\n<meta property=\"og:type\" content=\"article\" \/>\n<meta property=\"og:title\" content=\"Corte de electricidad e internet afecta a 20 estados en Venezuela - El Diario - Bolivia\" \/>\n<meta property=\"og:description\" content=\"Un importante apag\u00f3n en Venezuela se produjo en la madrugada de ayer. Al menos 20 de los 24 Estados tuvieron cortes del servicio el\u00e9ctrico y de la conexi\u00f3n a internet. El ministro de Comunicaciones del r\u00e9gimen chavista, Freddy \u00d1\u00e1\u00f1ez, inform\u00f3 a trav\u00e9s de Telegram que el apag\u00f3n afect\u00f3 a \u201cvarios estados del pa\u00eds, incluyendo la [&hellip;]\" \/>\n<meta property=\"og:url\" content=\"https:\/\/www.eldiario.net\/portal\/2024\/08\/31\/corte-de-electricidad-e-internet-afecta-a-20-estados-en-venezuela\/\" \/>\n<meta property=\"og:site_name\" content=\"El Diario - Bolivia\" \/>\n<meta property=\"article:publisher\" content=\"https:\/\/www.facebook.com\/eldiario.bolivia\/\" \/>\n<meta property=\"article:published_time\" content=\"2024-08-31T11:25:55+00:00\" \/>\n<meta property=\"og:image\" content=\"https:\/\/www.eldiario.net\/portal\/wp-content\/uploads\/2024\/08\/APAGON.jpg\" \/>\n\t<meta property=\"og:image:width\" content=\"1200\" \/>\n\t<meta property=\"og:image:height\" content=\"800\" \/>\n\t<meta property=\"og:image:type\" content=\"image\/jpeg\" \/>\n<meta name=\"author\" content=\"Jeanette\" \/>\n<meta name=\"twitter:card\" content=\"summary_large_image\" \/>\n<meta name=\"twitter:creator\" content=\"@eldiario_net\" \/>\n<meta name=\"twitter:site\" content=\"@eldiario_net\" \/>\n<meta name=\"twitter:label1\" content=\"Escrito por\" \/>\n\t<meta name=\"twitter:data1\" content=\"Jeanette\" \/>\n\t<meta name=\"twitter:label2\" content=\"Tiempo de lectura\" \/>\n\t<meta name=\"twitter:data2\" content=\"5 minutos\" \/>\n<script type=\"application\/ld+json\" class=\"yoast-schema-graph\">{\"@context\":\"https:\\\/\\\/schema.org\",\"@graph\":[{\"@type\":\"Article\",\"@id\":\"https:\\\/\\\/www.eldiario.net\\\/portal\\\/2024\\\/08\\\/31\\\/corte-de-electricidad-e-internet-afecta-a-20-estados-en-venezuela\\\/#article\",\"isPartOf\":{\"@id\":\"https:\\\/\\\/www.eldiario.net\\\/portal\\\/2024\\\/08\\\/31\\\/corte-de-electricidad-e-internet-afecta-a-20-estados-en-venezuela\\\/\"},\"author\":{\"name\":\"Jeanette\",\"@id\":\"https:\\\/\\\/www.eldiario.net\\\/portal\\\/#\\\/schema\\\/person\\\/f46445640444750d7d753ccd04ae01b7\"},\"headline\":\"Corte de electricidad e internet afecta a 20 estados en Venezuela\",\"datePublished\":\"2024-08-31T11:25:55+00:00\",\"mainEntityOfPage\":{\"@id\":\"https:\\\/\\\/www.eldiario.net\\\/portal\\\/2024\\\/08\\\/31\\\/corte-de-electricidad-e-internet-afecta-a-20-estados-en-venezuela\\\/\"},\"wordCount\":988,\"commentCount\":0,\"publisher\":{\"@id\":\"https:\\\/\\\/www.eldiario.net\\\/portal\\\/#organization\"},\"image\":{\"@id\":\"https:\\\/\\\/www.eldiario.net\\\/portal\\\/2024\\\/08\\\/31\\\/corte-de-electricidad-e-internet-afecta-a-20-estados-en-venezuela\\\/#primaryimage\"},\"thumbnailUrl\":\"https:\\\/\\\/www.eldiario.net\\\/portal\\\/wp-content\\\/uploads\\\/2024\\\/08\\\/APAGON.jpg\",\"articleSection\":[\"Internacional\"],\"inLanguage\":\"es\",\"potentialAction\":[{\"@type\":\"CommentAction\",\"name\":\"Comment\",\"target\":[\"https:\\\/\\\/www.eldiario.net\\\/portal\\\/2024\\\/08\\\/31\\\/corte-de-electricidad-e-internet-afecta-a-20-estados-en-venezuela\\\/#respond\"]}]},{\"@type\":\"WebPage\",\"@id\":\"https:\\\/\\\/www.eldiario.net\\\/portal\\\/2024\\\/08\\\/31\\\/corte-de-electricidad-e-internet-afecta-a-20-estados-en-venezuela\\\/\",\"url\":\"https:\\\/\\\/www.eldiario.net\\\/portal\\\/2024\\\/08\\\/31\\\/corte-de-electricidad-e-internet-afecta-a-20-estados-en-venezuela\\\/\",\"name\":\"Corte de electricidad e internet afecta a 20 estados en Venezuela - El Diario - Bolivia\",\"isPartOf\":{\"@id\":\"https:\\\/\\\/www.eldiario.net\\\/portal\\\/#website\"},\"primaryImageOfPage\":{\"@id\":\"https:\\\/\\\/www.eldiario.net\\\/portal\\\/2024\\\/08\\\/31\\\/corte-de-electricidad-e-internet-afecta-a-20-estados-en-venezuela\\\/#primaryimage\"},\"image\":{\"@id\":\"https:\\\/\\\/www.eldiario.net\\\/portal\\\/2024\\\/08\\\/31\\\/corte-de-electricidad-e-internet-afecta-a-20-estados-en-venezuela\\\/#primaryimage\"},\"thumbnailUrl\":\"https:\\\/\\\/www.eldiario.net\\\/portal\\\/wp-content\\\/uploads\\\/2024\\\/08\\\/APAGON.jpg\",\"datePublished\":\"2024-08-31T11:25:55+00:00\",\"breadcrumb\":{\"@id\":\"https:\\\/\\\/www.eldiario.net\\\/portal\\\/2024\\\/08\\\/31\\\/corte-de-electricidad-e-internet-afecta-a-20-estados-en-venezuela\\\/#breadcrumb\"},\"inLanguage\":\"es\",\"potentialAction\":[{\"@type\":\"ReadAction\",\"target\":[\"https:\\\/\\\/www.eldiario.net\\\/portal\\\/2024\\\/08\\\/31\\\/corte-de-electricidad-e-internet-afecta-a-20-estados-en-venezuela\\\/\"]}]},{\"@type\":\"ImageObject\",\"inLanguage\":\"es\",\"@id\":\"https:\\\/\\\/www.eldiario.net\\\/portal\\\/2024\\\/08\\\/31\\\/corte-de-electricidad-e-internet-afecta-a-20-estados-en-venezuela\\\/#primaryimage\",\"url\":\"https:\\\/\\\/www.eldiario.net\\\/portal\\\/wp-content\\\/uploads\\\/2024\\\/08\\\/APAGON.jpg\",\"contentUrl\":\"https:\\\/\\\/www.eldiario.net\\\/portal\\\/wp-content\\\/uploads\\\/2024\\\/08\\\/APAGON.jpg\",\"width\":1200,\"height\":800,\"caption\":\"Una mujer se ilumina con la linterna del celular en medio del apag\u00f3n, en Caracas.\"},{\"@type\":\"BreadcrumbList\",\"@id\":\"https:\\\/\\\/www.eldiario.net\\\/portal\\\/2024\\\/08\\\/31\\\/corte-de-electricidad-e-internet-afecta-a-20-estados-en-venezuela\\\/#breadcrumb\",\"itemListElement\":[{\"@type\":\"ListItem\",\"position\":1,\"name\":\"Portada\",\"item\":\"https:\\\/\\\/www.eldiario.net\\\/portal\\\/\"},{\"@type\":\"ListItem\",\"position\":2,\"name\":\"Corte de electricidad e internet afecta a 20 estados en Venezuela\"}]},{\"@type\":\"WebSite\",\"@id\":\"https:\\\/\\\/www.eldiario.net\\\/portal\\\/#website\",\"url\":\"https:\\\/\\\/www.eldiario.net\\\/portal\\\/\",\"name\":\"El Diario - Decano de la prensa nacional\",\"description\":\"El Diario - Decano de la prensa nacional\",\"publisher\":{\"@id\":\"https:\\\/\\\/www.eldiario.net\\\/portal\\\/#organization\"},\"potentialAction\":[{\"@type\":\"SearchAction\",\"target\":{\"@type\":\"EntryPoint\",\"urlTemplate\":\"https:\\\/\\\/www.eldiario.net\\\/portal\\\/?s={search_term_string}\"},\"query-input\":{\"@type\":\"PropertyValueSpecification\",\"valueRequired\":true,\"valueName\":\"search_term_string\"}}],\"inLanguage\":\"es\"},{\"@type\":\"Organization\",\"@id\":\"https:\\\/\\\/www.eldiario.net\\\/portal\\\/#organization\",\"name\":\"El Diario - Decano de la prensa nacional\",\"url\":\"https:\\\/\\\/www.eldiario.net\\\/portal\\\/\",\"logo\":{\"@type\":\"ImageObject\",\"inLanguage\":\"es\",\"@id\":\"https:\\\/\\\/www.eldiario.net\\\/portal\\\/#\\\/schema\\\/logo\\\/image\\\/\",\"url\":\"https:\\\/\\\/www.eldiario.net\\\/portal\\\/wp-content\\\/uploads\\\/2023\\\/07\\\/logo_ED.jpg\",\"contentUrl\":\"https:\\\/\\\/www.eldiario.net\\\/portal\\\/wp-content\\\/uploads\\\/2023\\\/07\\\/logo_ED.jpg\",\"width\":272,\"height\":52,\"caption\":\"El Diario - Decano de la prensa nacional\"},\"image\":{\"@id\":\"https:\\\/\\\/www.eldiario.net\\\/portal\\\/#\\\/schema\\\/logo\\\/image\\\/\"},\"sameAs\":[\"https:\\\/\\\/www.facebook.com\\\/eldiario.bolivia\\\/\",\"https:\\\/\\\/x.com\\\/eldiario_net\"]},{\"@type\":\"Person\",\"@id\":\"https:\\\/\\\/www.eldiario.net\\\/portal\\\/#\\\/schema\\\/person\\\/f46445640444750d7d753ccd04ae01b7\",\"name\":\"Jeanette\",\"image\":{\"@type\":\"ImageObject\",\"inLanguage\":\"es\",\"@id\":\"https:\\\/\\\/secure.gravatar.com\\\/avatar\\\/3ea2118a5f7dad2b7138b1187a6b7ee55f160b9968b66013c3a3ef39dd7e5798?s=96&d=mm&r=g\",\"url\":\"https:\\\/\\\/secure.gravatar.com\\\/avatar\\\/3ea2118a5f7dad2b7138b1187a6b7ee55f160b9968b66013c3a3ef39dd7e5798?s=96&d=mm&r=g\",\"contentUrl\":\"https:\\\/\\\/secure.gravatar.com\\\/avatar\\\/3ea2118a5f7dad2b7138b1187a6b7ee55f160b9968b66013c3a3ef39dd7e5798?s=96&d=mm&r=g\",\"caption\":\"Jeanette\"},\"sameAs\":[\"https:\\\/\\\/www.eldiario.net\\\/portal\"],\"url\":\"https:\\\/\\\/www.eldiario.net\\\/portal\\\/author\\\/jeanette\\\/\"}]}<\/script>\n<!-- \/ Yoast SEO plugin. -->","yoast_head_json":{"title":"Corte de electricidad e internet afecta a 20 estados en Venezuela - El Diario - Bolivia","robots":{"index":"index","follow":"follow","max-snippet":"max-snippet:-1","max-image-preview":"max-image-preview:large","max-video-preview":"max-video-preview:-1"},"canonical":"https:\/\/www.eldiario.net\/portal\/2024\/08\/31\/corte-de-electricidad-e-internet-afecta-a-20-estados-en-venezuela\/","og_locale":"es_ES","og_type":"article","og_title":"Corte de electricidad e internet afecta a 20 estados en Venezuela - El Diario - Bolivia","og_description":"Un importante apag\u00f3n en Venezuela se produjo en la madrugada de ayer. Al menos 20 de los 24 Estados tuvieron cortes del servicio el\u00e9ctrico y de la conexi\u00f3n a internet. El ministro de Comunicaciones del r\u00e9gimen chavista, Freddy \u00d1\u00e1\u00f1ez, inform\u00f3 a trav\u00e9s de Telegram que el apag\u00f3n afect\u00f3 a \u201cvarios estados del pa\u00eds, incluyendo la [&hellip;]","og_url":"https:\/\/www.eldiario.net\/portal\/2024\/08\/31\/corte-de-electricidad-e-internet-afecta-a-20-estados-en-venezuela\/","og_site_name":"El Diario - Bolivia","article_publisher":"https:\/\/www.facebook.com\/eldiario.bolivia\/","article_published_time":"2024-08-31T11:25:55+00:00","og_image":[{"width":1200,"height":800,"url":"https:\/\/www.eldiario.net\/portal\/wp-content\/uploads\/2024\/08\/APAGON.jpg","type":"image\/jpeg"}],"author":"Jeanette","twitter_card":"summary_large_image","twitter_creator":"@eldiario_net","twitter_site":"@eldiario_net","twitter_misc":{"Escrito por":"Jeanette","Tiempo de lectura":"5 minutos"},"schema":{"@context":"https:\/\/schema.org","@graph":[{"@type":"Article","@id":"https:\/\/www.eldiario.net\/portal\/2024\/08\/31\/corte-de-electricidad-e-internet-afecta-a-20-estados-en-venezuela\/#article","isPartOf":{"@id":"https:\/\/www.eldiario.net\/portal\/2024\/08\/31\/corte-de-electricidad-e-internet-afecta-a-20-estados-en-venezuela\/"},"author":{"name":"Jeanette","@id":"https:\/\/www.eldiario.net\/portal\/#\/schema\/person\/f46445640444750d7d753ccd04ae01b7"},"headline":"Corte de electricidad e internet afecta a 20 estados en Venezuela","datePublished":"2024-08-31T11:25:55+00:00","mainEntityOfPage":{"@id":"https:\/\/www.eldiario.net\/portal\/2024\/08\/31\/corte-de-electricidad-e-internet-afecta-a-20-estados-en-venezuela\/"},"wordCount":988,"commentCount":0,"publisher":{"@id":"https:\/\/www.eldiario.net\/portal\/#organization"},"image":{"@id":"https:\/\/www.eldiario.net\/portal\/2024\/08\/31\/corte-de-electricidad-e-internet-afecta-a-20-estados-en-venezuela\/#primaryimage"},"thumbnailUrl":"https:\/\/www.eldiario.net\/portal\/wp-content\/uploads\/2024\/08\/APAGON.jpg","articleSection":["Internacional"],"inLanguage":"es","potentialAction":[{"@type":"CommentAction","name":"Comment","target":["https:\/\/www.eldiario.net\/portal\/2024\/08\/31\/corte-de-electricidad-e-internet-afecta-a-20-estados-en-venezuela\/#respond"]}]},{"@type":"WebPage","@id":"https:\/\/www.eldiario.net\/portal\/2024\/08\/31\/corte-de-electricidad-e-internet-afecta-a-20-estados-en-venezuela\/","url":"https:\/\/www.eldiario.net\/portal\/2024\/08\/31\/corte-de-electricidad-e-internet-afecta-a-20-estados-en-venezuela\/","name":"Corte de electricidad e internet afecta a 20 estados en Venezuela - El Diario - Bolivia","isPartOf":{"@id":"https:\/\/www.eldiario.net\/portal\/#website"},"primaryImageOfPage":{"@id":"https:\/\/www.eldiario.net\/portal\/2024\/08\/31\/corte-de-electricidad-e-internet-afecta-a-20-estados-en-venezuela\/#primaryimage"},"image":{"@id":"https:\/\/www.eldiario.net\/portal\/2024\/08\/31\/corte-de-electricidad-e-internet-afecta-a-20-estados-en-venezuela\/#primaryimage"},"thumbnailUrl":"https:\/\/www.eldiario.net\/portal\/wp-content\/uploads\/2024\/08\/APAGON.jpg","datePublished":"2024-08-31T11:25:55+00:00","breadcrumb":{"@id":"https:\/\/www.eldiario.net\/portal\/2024\/08\/31\/corte-de-electricidad-e-internet-afecta-a-20-estados-en-venezuela\/#breadcrumb"},"inLanguage":"es","potentialAction":[{"@type":"ReadAction","target":["https:\/\/www.eldiario.net\/portal\/2024\/08\/31\/corte-de-electricidad-e-internet-afecta-a-20-estados-en-venezuela\/"]}]},{"@type":"ImageObject","inLanguage":"es","@id":"https:\/\/www.eldiario.net\/portal\/2024\/08\/31\/corte-de-electricidad-e-internet-afecta-a-20-estados-en-venezuela\/#primaryimage","url":"https:\/\/www.eldiario.net\/portal\/wp-content\/uploads\/2024\/08\/APAGON.jpg","contentUrl":"https:\/\/www.eldiario.net\/portal\/wp-content\/uploads\/2024\/08\/APAGON.jpg","width":1200,"height":800,"caption":"Una mujer se ilumina con la linterna del celular en medio del apag\u00f3n, en Caracas."},{"@type":"BreadcrumbList","@id":"https:\/\/www.eldiario.net\/portal\/2024\/08\/31\/corte-de-electricidad-e-internet-afecta-a-20-estados-en-venezuela\/#breadcrumb","itemListElement":[{"@type":"ListItem","position":1,"name":"Portada","item":"https:\/\/www.eldiario.net\/portal\/"},{"@type":"ListItem","position":2,"name":"Corte de electricidad e internet afecta a 20 estados en Venezuela"}]},{"@type":"WebSite","@id":"https:\/\/www.eldiario.net\/portal\/#website","url":"https:\/\/www.eldiario.net\/portal\/","name":"El Diario - Decano de la prensa nacional","description":"El Diario - Decano de la prensa nacional","publisher":{"@id":"https:\/\/www.eldiario.net\/portal\/#organization"},"potentialAction":[{"@type":"SearchAction","target":{"@type":"EntryPoint","urlTemplate":"https:\/\/www.eldiario.net\/portal\/?s={search_term_string}"},"query-input":{"@type":"PropertyValueSpecification","valueRequired":true,"valueName":"search_term_string"}}],"inLanguage":"es"},{"@type":"Organization","@id":"https:\/\/www.eldiario.net\/portal\/#organization","name":"El Diario - Decano de la prensa nacional","url":"https:\/\/www.eldiario.net\/portal\/","logo":{"@type":"ImageObject","inLanguage":"es","@id":"https:\/\/www.eldiario.net\/portal\/#\/schema\/logo\/image\/","url":"https:\/\/www.eldiario.net\/portal\/wp-content\/uploads\/2023\/07\/logo_ED.jpg","contentUrl":"https:\/\/www.eldiario.net\/portal\/wp-content\/uploads\/2023\/07\/logo_ED.jpg","width":272,"height":52,"caption":"El Diario - Decano de la prensa nacional"},"image":{"@id":"https:\/\/www.eldiario.net\/portal\/#\/schema\/logo\/image\/"},"sameAs":["https:\/\/www.facebook.com\/eldiario.bolivia\/","https:\/\/x.com\/eldiario_net"]},{"@type":"Person","@id":"https:\/\/www.eldiario.net\/portal\/#\/schema\/person\/f46445640444750d7d753ccd04ae01b7","name":"Jeanette","image":{"@type":"ImageObject","inLanguage":"es","@id":"https:\/\/secure.gravatar.com\/avatar\/3ea2118a5f7dad2b7138b1187a6b7ee55f160b9968b66013c3a3ef39dd7e5798?s=96&d=mm&r=g","url":"https:\/\/secure.gravatar.com\/avatar\/3ea2118a5f7dad2b7138b1187a6b7ee55f160b9968b66013c3a3ef39dd7e5798?s=96&d=mm&r=g","contentUrl":"https:\/\/secure.gravatar.com\/avatar\/3ea2118a5f7dad2b7138b1187a6b7ee55f160b9968b66013c3a3ef39dd7e5798?s=96&d=mm&r=g","caption":"Jeanette"},"sameAs":["https:\/\/www.eldiario.net\/portal"],"url":"https:\/\/www.eldiario.net\/portal\/author\/jeanette\/"}]}},"_links":{"self":[{"href":"https:\/\/www.eldiario.net\/portal\/wp-json\/wp\/v2\/posts\/244227","targetHints":{"allow":["GET"]}}],"collection":[{"href":"https:\/\/www.eldiario.net\/portal\/wp-json\/wp\/v2\/posts"}],"about":[{"href":"https:\/\/www.eldiario.net\/portal\/wp-json\/wp\/v2\/types\/post"}],"author":[{"embeddable":true,"href":"https:\/\/www.eldiario.net\/portal\/wp-json\/wp\/v2\/users\/1"}],"replies":[{"embeddable":true,"href":"https:\/\/www.eldiario.net\/portal\/wp-json\/wp\/v2\/comments?post=244227"}],"version-history":[{"count":1,"href":"https:\/\/www.eldiario.net\/portal\/wp-json\/wp\/v2\/posts\/244227\/revisions"}],"predecessor-version":[{"id":244229,"href":"https:\/\/www.eldiario.net\/portal\/wp-json\/wp\/v2\/posts\/244227\/revisions\/244229"}],"wp:featuredmedia":[{"embeddable":true,"href":"https:\/\/www.eldiario.net\/portal\/wp-json\/wp\/v2\/media\/244228"}],"wp:attachment":[{"href":"https:\/\/www.eldiario.net\/portal\/wp-json\/wp\/v2\/media?parent=244227"}],"wp:term":[{"taxonomy":"category","embeddable":true,"href":"https:\/\/www.eldiario.net\/portal\/wp-json\/wp\/v2\/categories?post=244227"},{"taxonomy":"post_tag","embeddable":true,"href":"https:\/\/www.eldiario.net\/portal\/wp-json\/wp\/v2\/tags?post=244227"}],"curies":[{"name":"wp","href":"https:\/\/api.w.org\/{rel}","templated":true}]}}