{"id":244224,"date":"2024-08-31T07:24:52","date_gmt":"2024-08-31T11:24:52","guid":{"rendered":"https:\/\/www.eldiario.net\/portal\/?p=244224"},"modified":"2024-08-31T07:24:52","modified_gmt":"2024-08-31T11:24:52","slug":"portugal-incauta-65-toneladas-de-cocaina-llegada-de-latinoamerica","status":"publish","type":"post","link":"https:\/\/www.eldiario.net\/portal\/2024\/08\/31\/portugal-incauta-65-toneladas-de-cocaina-llegada-de-latinoamerica\/","title":{"rendered":"Portugal incauta 6,5 toneladas de coca\u00edna llegada de Latinoam\u00e9rica"},"content":{"rendered":"<p>La Polic\u00eda Judicial de Portugal incaut\u00f3 ayer m\u00e1s de 6,5 toneladas de coca\u00edna, procedente de Latinoam\u00e9rica, en una operaci\u00f3n en el centro de pa\u00eds que acab\u00f3 con tres portugueses detenidos. La prensa portuguesa cifra en 195 millones de euros, el valor de la droga y lo considera, la mayor aprehensi\u00f3n del a\u00f1o. Se incautaron adem\u00e1s de varios coches de alta gama y documentaci\u00f3n importante para la investigaci\u00f3n, que sigue en marcha.<br \/>\nEl cuerpo policial explic\u00f3 en un comunicado que, en una acci\u00f3n coordinada con la Autoridad Tributaria de Portugal, la semana pasada decomis\u00f3 alrededor de 3.600 kilogramos de coca\u00edna que lleg\u00f3 al pa\u00eds por v\u00eda mar\u00edtima. La PJ, que no precis\u00f3 el pa\u00eds de procedencia de la droga aunque s\u00ed que ven\u00eda de Am\u00e9rica Latina, indic\u00f3 que la mercanc\u00eda estaba escondida en envases de harina de soja que entraron en Portugal unos d\u00edas antes por mar, momento en el que se detuvo a los tres sospechosos de formar parte de la organizaci\u00f3n criminal transnacional, dedicada a introducir grandes cantidades de coca\u00edna en Europa.<br \/>\nLas autoridades portuguesas se\u00f1alaron que en el marco de esta misma investigaci\u00f3n el pasado mes de junio decomisaron otros 2.952 kilogramos de droga en un almac\u00e9n en Lisboa, oculta en contenedores de fruta importados legalmente de Latinoam\u00e9rica por una empresa ajena a la trama. La Polic\u00eda portuguesa precis\u00f3 que la operaci\u00f3n \u201cT\u00e1rtaro\u201d, dirigida por el Departamento Central de Investigaci\u00f3n y Acci\u00f3n Penal, evit\u00f3 la elaboraci\u00f3n de m\u00e1s de 65 millones de dosis individuales de coca\u00edna.<\/p>\n<p>OTRO CARGAMENTO<br \/>\nDESCUBIERTO EN ESPA\u00d1A<br \/>\nLos servicios espa\u00f1oles de vigilancia aduanera y tributaria intervinieron tambi\u00e9n ayer en el puerto de Algeciras, al sur del pa\u00eds, una tonelada de coca\u00edna oculta en un contenedor con pi\u00f1as procedentes de Panam\u00e1.<br \/>\nEn un comunicado, el Ministerio de Hacienda explic\u00f3 que la operaci\u00f3n comenz\u00f3 cuando los equipos de investigaci\u00f3n controlaban con esc\u00e1ner varios contenedores y vieron una imagen que no se correspond\u00eda con la mercanc\u00eda declarada en uno de ellos. En concreto, se trataba de uno procedente de Panam\u00e1 que ten\u00eda como carga legal declarada el transporte de pi\u00f1as. La coca\u00edna intervenida pesaba 1.086 kilos, que en el mercado de la droga habr\u00eda alcanzado un valor de casi 33 millones de euros, detalla la nota informativa. Recientemente se desmantel\u00f3 en el pa\u00eds una red que introduc\u00eda coca\u00edna en Europa desde Bolivia.<br \/>\nPor otro lado, la Fiscal\u00eda holandesa inform\u00f3 ayer de la extradici\u00f3n desde Colombia de un ciudadano colombiano de 44 a\u00f1os conocido como \u201cSodapuppy\u201d y acusado de coordinar en Europa la distribuci\u00f3n de coca\u00edna y metanfetaminas en nombre de los c\u00e1rteles de la droga mexicanos. La Fiscal\u00eda de La Haya se\u00f1al\u00f3 que se trata de un \u201cactor importante\u201d en una operaci\u00f3n internacional de tr\u00e1fico de drogas y lavado de dinero. Est\u00e1 previsto que comparezca el lunes ante el juez. (Dw, Efe, Cmjornal y Dpa)<\/p>\n","protected":false},"excerpt":{"rendered":"<p>La Polic\u00eda Judicial de Portugal incaut\u00f3 ayer m\u00e1s de 6,5 toneladas de coca\u00edna, procedente de Latinoam\u00e9rica, en una operaci\u00f3n en el centro de pa\u00eds que acab\u00f3 con tres portugueses detenidos. La prensa portuguesa cifra en 195 millones de euros, el valor de la droga y lo considera, la mayor aprehensi\u00f3n del a\u00f1o. Se incautaron adem\u00e1s [&hellip;]<\/p>\n","protected":false},"author":1,"featured_media":244225,"comment_status":"open","ping_status":"open","sticky":false,"template":"","format":"standard","meta":{"_acf_changed":false,"footnotes":""},"categories":[3],"tags":[],"class_list":["post-244224","post","type-post","status-publish","format-standard","has-post-thumbnail","category-internacional"],"acf":{"antetitulo":"Los c\u00e1rteles de droga en Europa"},"yoast_head":"<!-- This site is optimized with the Yoast SEO plugin v28.3 - https:\/\/yoast.com\/product\/yoast-seo-wordpress\/ -->\n<title>Portugal incauta 6,5 toneladas de coca\u00edna llegada de Latinoam\u00e9rica - El Diario - Bolivia<\/title>\n<meta name=\"robots\" content=\"index, follow, max-snippet:-1, max-image-preview:large, max-video-preview:-1\" \/>\n<link rel=\"canonical\" href=\"https:\/\/www.eldiario.net\/portal\/2024\/08\/31\/portugal-incauta-65-toneladas-de-cocaina-llegada-de-latinoamerica\/\" \/>\n<meta property=\"og:locale\" content=\"es_ES\" \/>\n<meta property=\"og:type\" content=\"article\" \/>\n<meta property=\"og:title\" content=\"Portugal incauta 6,5 toneladas de coca\u00edna llegada de Latinoam\u00e9rica - El Diario - Bolivia\" \/>\n<meta property=\"og:description\" content=\"La Polic\u00eda Judicial de Portugal incaut\u00f3 ayer m\u00e1s de 6,5 toneladas de coca\u00edna, procedente de Latinoam\u00e9rica, en una operaci\u00f3n en el centro de pa\u00eds que acab\u00f3 con tres portugueses detenidos. La prensa portuguesa cifra en 195 millones de euros, el valor de la droga y lo considera, la mayor aprehensi\u00f3n del a\u00f1o. Se incautaron adem\u00e1s [&hellip;]\" \/>\n<meta property=\"og:url\" content=\"https:\/\/www.eldiario.net\/portal\/2024\/08\/31\/portugal-incauta-65-toneladas-de-cocaina-llegada-de-latinoamerica\/\" \/>\n<meta property=\"og:site_name\" content=\"El Diario - Bolivia\" \/>\n<meta property=\"article:publisher\" content=\"https:\/\/www.facebook.com\/eldiario.bolivia\/\" \/>\n<meta property=\"article:published_time\" content=\"2024-08-31T11:24:52+00:00\" \/>\n<meta property=\"og:image\" content=\"https:\/\/www.eldiario.net\/portal\/wp-content\/uploads\/2024\/08\/DROGA-DW.webp\" \/>\n\t<meta property=\"og:image:width\" content=\"1200\" \/>\n\t<meta property=\"og:image:height\" content=\"525\" \/>\n\t<meta property=\"og:image:type\" content=\"image\/webp\" \/>\n<meta name=\"author\" content=\"Jeanette\" \/>\n<meta name=\"twitter:card\" content=\"summary_large_image\" \/>\n<meta name=\"twitter:creator\" content=\"@eldiario_net\" \/>\n<meta name=\"twitter:site\" content=\"@eldiario_net\" \/>\n<meta name=\"twitter:label1\" content=\"Escrito por\" \/>\n\t<meta name=\"twitter:data1\" content=\"Jeanette\" \/>\n\t<meta name=\"twitter:label2\" content=\"Tiempo de lectura\" \/>\n\t<meta name=\"twitter:data2\" content=\"3 minutos\" \/>\n<script type=\"application\/ld+json\" class=\"yoast-schema-graph\">{\"@context\":\"https:\\\/\\\/schema.org\",\"@graph\":[{\"@type\":\"Article\",\"@id\":\"https:\\\/\\\/www.eldiario.net\\\/portal\\\/2024\\\/08\\\/31\\\/portugal-incauta-65-toneladas-de-cocaina-llegada-de-latinoamerica\\\/#article\",\"isPartOf\":{\"@id\":\"https:\\\/\\\/www.eldiario.net\\\/portal\\\/2024\\\/08\\\/31\\\/portugal-incauta-65-toneladas-de-cocaina-llegada-de-latinoamerica\\\/\"},\"author\":{\"name\":\"Jeanette\",\"@id\":\"https:\\\/\\\/www.eldiario.net\\\/portal\\\/#\\\/schema\\\/person\\\/f46445640444750d7d753ccd04ae01b7\"},\"headline\":\"Portugal incauta 6,5 toneladas de coca\u00edna llegada de Latinoam\u00e9rica\",\"datePublished\":\"2024-08-31T11:24:52+00:00\",\"mainEntityOfPage\":{\"@id\":\"https:\\\/\\\/www.eldiario.net\\\/portal\\\/2024\\\/08\\\/31\\\/portugal-incauta-65-toneladas-de-cocaina-llegada-de-latinoamerica\\\/\"},\"wordCount\":533,\"commentCount\":0,\"publisher\":{\"@id\":\"https:\\\/\\\/www.eldiario.net\\\/portal\\\/#organization\"},\"image\":{\"@id\":\"https:\\\/\\\/www.eldiario.net\\\/portal\\\/2024\\\/08\\\/31\\\/portugal-incauta-65-toneladas-de-cocaina-llegada-de-latinoamerica\\\/#primaryimage\"},\"thumbnailUrl\":\"https:\\\/\\\/www.eldiario.net\\\/portal\\\/wp-content\\\/uploads\\\/2024\\\/08\\\/DROGA-DW.webp\",\"articleSection\":[\"Internacional\"],\"inLanguage\":\"es\",\"potentialAction\":[{\"@type\":\"CommentAction\",\"name\":\"Comment\",\"target\":[\"https:\\\/\\\/www.eldiario.net\\\/portal\\\/2024\\\/08\\\/31\\\/portugal-incauta-65-toneladas-de-cocaina-llegada-de-latinoamerica\\\/#respond\"]}]},{\"@type\":\"WebPage\",\"@id\":\"https:\\\/\\\/www.eldiario.net\\\/portal\\\/2024\\\/08\\\/31\\\/portugal-incauta-65-toneladas-de-cocaina-llegada-de-latinoamerica\\\/\",\"url\":\"https:\\\/\\\/www.eldiario.net\\\/portal\\\/2024\\\/08\\\/31\\\/portugal-incauta-65-toneladas-de-cocaina-llegada-de-latinoamerica\\\/\",\"name\":\"Portugal incauta 6,5 toneladas de coca\u00edna llegada de Latinoam\u00e9rica - El Diario - Bolivia\",\"isPartOf\":{\"@id\":\"https:\\\/\\\/www.eldiario.net\\\/portal\\\/#website\"},\"primaryImageOfPage\":{\"@id\":\"https:\\\/\\\/www.eldiario.net\\\/portal\\\/2024\\\/08\\\/31\\\/portugal-incauta-65-toneladas-de-cocaina-llegada-de-latinoamerica\\\/#primaryimage\"},\"image\":{\"@id\":\"https:\\\/\\\/www.eldiario.net\\\/portal\\\/2024\\\/08\\\/31\\\/portugal-incauta-65-toneladas-de-cocaina-llegada-de-latinoamerica\\\/#primaryimage\"},\"thumbnailUrl\":\"https:\\\/\\\/www.eldiario.net\\\/portal\\\/wp-content\\\/uploads\\\/2024\\\/08\\\/DROGA-DW.webp\",\"datePublished\":\"2024-08-31T11:24:52+00:00\",\"breadcrumb\":{\"@id\":\"https:\\\/\\\/www.eldiario.net\\\/portal\\\/2024\\\/08\\\/31\\\/portugal-incauta-65-toneladas-de-cocaina-llegada-de-latinoamerica\\\/#breadcrumb\"},\"inLanguage\":\"es\",\"potentialAction\":[{\"@type\":\"ReadAction\",\"target\":[\"https:\\\/\\\/www.eldiario.net\\\/portal\\\/2024\\\/08\\\/31\\\/portugal-incauta-65-toneladas-de-cocaina-llegada-de-latinoamerica\\\/\"]}]},{\"@type\":\"ImageObject\",\"inLanguage\":\"es\",\"@id\":\"https:\\\/\\\/www.eldiario.net\\\/portal\\\/2024\\\/08\\\/31\\\/portugal-incauta-65-toneladas-de-cocaina-llegada-de-latinoamerica\\\/#primaryimage\",\"url\":\"https:\\\/\\\/www.eldiario.net\\\/portal\\\/wp-content\\\/uploads\\\/2024\\\/08\\\/DROGA-DW.webp\",\"contentUrl\":\"https:\\\/\\\/www.eldiario.net\\\/portal\\\/wp-content\\\/uploads\\\/2024\\\/08\\\/DROGA-DW.webp\",\"width\":1200,\"height\":525,\"caption\":\"Imagen de archivo\"},{\"@type\":\"BreadcrumbList\",\"@id\":\"https:\\\/\\\/www.eldiario.net\\\/portal\\\/2024\\\/08\\\/31\\\/portugal-incauta-65-toneladas-de-cocaina-llegada-de-latinoamerica\\\/#breadcrumb\",\"itemListElement\":[{\"@type\":\"ListItem\",\"position\":1,\"name\":\"Portada\",\"item\":\"https:\\\/\\\/www.eldiario.net\\\/portal\\\/\"},{\"@type\":\"ListItem\",\"position\":2,\"name\":\"Portugal incauta 6,5 toneladas de coca\u00edna llegada de Latinoam\u00e9rica\"}]},{\"@type\":\"WebSite\",\"@id\":\"https:\\\/\\\/www.eldiario.net\\\/portal\\\/#website\",\"url\":\"https:\\\/\\\/www.eldiario.net\\\/portal\\\/\",\"name\":\"El Diario - Decano de la prensa nacional\",\"description\":\"El Diario - Decano de la prensa nacional\",\"publisher\":{\"@id\":\"https:\\\/\\\/www.eldiario.net\\\/portal\\\/#organization\"},\"potentialAction\":[{\"@type\":\"SearchAction\",\"target\":{\"@type\":\"EntryPoint\",\"urlTemplate\":\"https:\\\/\\\/www.eldiario.net\\\/portal\\\/?s={search_term_string}\"},\"query-input\":{\"@type\":\"PropertyValueSpecification\",\"valueRequired\":true,\"valueName\":\"search_term_string\"}}],\"inLanguage\":\"es\"},{\"@type\":\"Organization\",\"@id\":\"https:\\\/\\\/www.eldiario.net\\\/portal\\\/#organization\",\"name\":\"El Diario - Decano de la prensa nacional\",\"url\":\"https:\\\/\\\/www.eldiario.net\\\/portal\\\/\",\"logo\":{\"@type\":\"ImageObject\",\"inLanguage\":\"es\",\"@id\":\"https:\\\/\\\/www.eldiario.net\\\/portal\\\/#\\\/schema\\\/logo\\\/image\\\/\",\"url\":\"https:\\\/\\\/www.eldiario.net\\\/portal\\\/wp-content\\\/uploads\\\/2023\\\/07\\\/logo_ED.jpg\",\"contentUrl\":\"https:\\\/\\\/www.eldiario.net\\\/portal\\\/wp-content\\\/uploads\\\/2023\\\/07\\\/logo_ED.jpg\",\"width\":272,\"height\":52,\"caption\":\"El Diario - Decano de la prensa nacional\"},\"image\":{\"@id\":\"https:\\\/\\\/www.eldiario.net\\\/portal\\\/#\\\/schema\\\/logo\\\/image\\\/\"},\"sameAs\":[\"https:\\\/\\\/www.facebook.com\\\/eldiario.bolivia\\\/\",\"https:\\\/\\\/x.com\\\/eldiario_net\"]},{\"@type\":\"Person\",\"@id\":\"https:\\\/\\\/www.eldiario.net\\\/portal\\\/#\\\/schema\\\/person\\\/f46445640444750d7d753ccd04ae01b7\",\"name\":\"Jeanette\",\"image\":{\"@type\":\"ImageObject\",\"inLanguage\":\"es\",\"@id\":\"https:\\\/\\\/secure.gravatar.com\\\/avatar\\\/3ea2118a5f7dad2b7138b1187a6b7ee55f160b9968b66013c3a3ef39dd7e5798?s=96&d=mm&r=g\",\"url\":\"https:\\\/\\\/secure.gravatar.com\\\/avatar\\\/3ea2118a5f7dad2b7138b1187a6b7ee55f160b9968b66013c3a3ef39dd7e5798?s=96&d=mm&r=g\",\"contentUrl\":\"https:\\\/\\\/secure.gravatar.com\\\/avatar\\\/3ea2118a5f7dad2b7138b1187a6b7ee55f160b9968b66013c3a3ef39dd7e5798?s=96&d=mm&r=g\",\"caption\":\"Jeanette\"},\"sameAs\":[\"https:\\\/\\\/www.eldiario.net\\\/portal\"],\"url\":\"https:\\\/\\\/www.eldiario.net\\\/portal\\\/author\\\/jeanette\\\/\"}]}<\/script>\n<!-- \/ Yoast SEO plugin. -->","yoast_head_json":{"title":"Portugal incauta 6,5 toneladas de coca\u00edna llegada de Latinoam\u00e9rica - El Diario - Bolivia","robots":{"index":"index","follow":"follow","max-snippet":"max-snippet:-1","max-image-preview":"max-image-preview:large","max-video-preview":"max-video-preview:-1"},"canonical":"https:\/\/www.eldiario.net\/portal\/2024\/08\/31\/portugal-incauta-65-toneladas-de-cocaina-llegada-de-latinoamerica\/","og_locale":"es_ES","og_type":"article","og_title":"Portugal incauta 6,5 toneladas de coca\u00edna llegada de Latinoam\u00e9rica - El Diario - Bolivia","og_description":"La Polic\u00eda Judicial de Portugal incaut\u00f3 ayer m\u00e1s de 6,5 toneladas de coca\u00edna, procedente de Latinoam\u00e9rica, en una operaci\u00f3n en el centro de pa\u00eds que acab\u00f3 con tres portugueses detenidos. La prensa portuguesa cifra en 195 millones de euros, el valor de la droga y lo considera, la mayor aprehensi\u00f3n del a\u00f1o. Se incautaron adem\u00e1s [&hellip;]","og_url":"https:\/\/www.eldiario.net\/portal\/2024\/08\/31\/portugal-incauta-65-toneladas-de-cocaina-llegada-de-latinoamerica\/","og_site_name":"El Diario - Bolivia","article_publisher":"https:\/\/www.facebook.com\/eldiario.bolivia\/","article_published_time":"2024-08-31T11:24:52+00:00","og_image":[{"width":1200,"height":525,"url":"https:\/\/www.eldiario.net\/portal\/wp-content\/uploads\/2024\/08\/DROGA-DW.webp","type":"image\/webp"}],"author":"Jeanette","twitter_card":"summary_large_image","twitter_creator":"@eldiario_net","twitter_site":"@eldiario_net","twitter_misc":{"Escrito por":"Jeanette","Tiempo de lectura":"3 minutos"},"schema":{"@context":"https:\/\/schema.org","@graph":[{"@type":"Article","@id":"https:\/\/www.eldiario.net\/portal\/2024\/08\/31\/portugal-incauta-65-toneladas-de-cocaina-llegada-de-latinoamerica\/#article","isPartOf":{"@id":"https:\/\/www.eldiario.net\/portal\/2024\/08\/31\/portugal-incauta-65-toneladas-de-cocaina-llegada-de-latinoamerica\/"},"author":{"name":"Jeanette","@id":"https:\/\/www.eldiario.net\/portal\/#\/schema\/person\/f46445640444750d7d753ccd04ae01b7"},"headline":"Portugal incauta 6,5 toneladas de coca\u00edna llegada de Latinoam\u00e9rica","datePublished":"2024-08-31T11:24:52+00:00","mainEntityOfPage":{"@id":"https:\/\/www.eldiario.net\/portal\/2024\/08\/31\/portugal-incauta-65-toneladas-de-cocaina-llegada-de-latinoamerica\/"},"wordCount":533,"commentCount":0,"publisher":{"@id":"https:\/\/www.eldiario.net\/portal\/#organization"},"image":{"@id":"https:\/\/www.eldiario.net\/portal\/2024\/08\/31\/portugal-incauta-65-toneladas-de-cocaina-llegada-de-latinoamerica\/#primaryimage"},"thumbnailUrl":"https:\/\/www.eldiario.net\/portal\/wp-content\/uploads\/2024\/08\/DROGA-DW.webp","articleSection":["Internacional"],"inLanguage":"es","potentialAction":[{"@type":"CommentAction","name":"Comment","target":["https:\/\/www.eldiario.net\/portal\/2024\/08\/31\/portugal-incauta-65-toneladas-de-cocaina-llegada-de-latinoamerica\/#respond"]}]},{"@type":"WebPage","@id":"https:\/\/www.eldiario.net\/portal\/2024\/08\/31\/portugal-incauta-65-toneladas-de-cocaina-llegada-de-latinoamerica\/","url":"https:\/\/www.eldiario.net\/portal\/2024\/08\/31\/portugal-incauta-65-toneladas-de-cocaina-llegada-de-latinoamerica\/","name":"Portugal incauta 6,5 toneladas de coca\u00edna llegada de Latinoam\u00e9rica - El Diario - Bolivia","isPartOf":{"@id":"https:\/\/www.eldiario.net\/portal\/#website"},"primaryImageOfPage":{"@id":"https:\/\/www.eldiario.net\/portal\/2024\/08\/31\/portugal-incauta-65-toneladas-de-cocaina-llegada-de-latinoamerica\/#primaryimage"},"image":{"@id":"https:\/\/www.eldiario.net\/portal\/2024\/08\/31\/portugal-incauta-65-toneladas-de-cocaina-llegada-de-latinoamerica\/#primaryimage"},"thumbnailUrl":"https:\/\/www.eldiario.net\/portal\/wp-content\/uploads\/2024\/08\/DROGA-DW.webp","datePublished":"2024-08-31T11:24:52+00:00","breadcrumb":{"@id":"https:\/\/www.eldiario.net\/portal\/2024\/08\/31\/portugal-incauta-65-toneladas-de-cocaina-llegada-de-latinoamerica\/#breadcrumb"},"inLanguage":"es","potentialAction":[{"@type":"ReadAction","target":["https:\/\/www.eldiario.net\/portal\/2024\/08\/31\/portugal-incauta-65-toneladas-de-cocaina-llegada-de-latinoamerica\/"]}]},{"@type":"ImageObject","inLanguage":"es","@id":"https:\/\/www.eldiario.net\/portal\/2024\/08\/31\/portugal-incauta-65-toneladas-de-cocaina-llegada-de-latinoamerica\/#primaryimage","url":"https:\/\/www.eldiario.net\/portal\/wp-content\/uploads\/2024\/08\/DROGA-DW.webp","contentUrl":"https:\/\/www.eldiario.net\/portal\/wp-content\/uploads\/2024\/08\/DROGA-DW.webp","width":1200,"height":525,"caption":"Imagen de archivo"},{"@type":"BreadcrumbList","@id":"https:\/\/www.eldiario.net\/portal\/2024\/08\/31\/portugal-incauta-65-toneladas-de-cocaina-llegada-de-latinoamerica\/#breadcrumb","itemListElement":[{"@type":"ListItem","position":1,"name":"Portada","item":"https:\/\/www.eldiario.net\/portal\/"},{"@type":"ListItem","position":2,"name":"Portugal incauta 6,5 toneladas de coca\u00edna llegada de Latinoam\u00e9rica"}]},{"@type":"WebSite","@id":"https:\/\/www.eldiario.net\/portal\/#website","url":"https:\/\/www.eldiario.net\/portal\/","name":"El Diario - Decano de la prensa nacional","description":"El Diario - Decano de la prensa nacional","publisher":{"@id":"https:\/\/www.eldiario.net\/portal\/#organization"},"potentialAction":[{"@type":"SearchAction","target":{"@type":"EntryPoint","urlTemplate":"https:\/\/www.eldiario.net\/portal\/?s={search_term_string}"},"query-input":{"@type":"PropertyValueSpecification","valueRequired":true,"valueName":"search_term_string"}}],"inLanguage":"es"},{"@type":"Organization","@id":"https:\/\/www.eldiario.net\/portal\/#organization","name":"El Diario - Decano de la prensa nacional","url":"https:\/\/www.eldiario.net\/portal\/","logo":{"@type":"ImageObject","inLanguage":"es","@id":"https:\/\/www.eldiario.net\/portal\/#\/schema\/logo\/image\/","url":"https:\/\/www.eldiario.net\/portal\/wp-content\/uploads\/2023\/07\/logo_ED.jpg","contentUrl":"https:\/\/www.eldiario.net\/portal\/wp-content\/uploads\/2023\/07\/logo_ED.jpg","width":272,"height":52,"caption":"El Diario - Decano de la prensa nacional"},"image":{"@id":"https:\/\/www.eldiario.net\/portal\/#\/schema\/logo\/image\/"},"sameAs":["https:\/\/www.facebook.com\/eldiario.bolivia\/","https:\/\/x.com\/eldiario_net"]},{"@type":"Person","@id":"https:\/\/www.eldiario.net\/portal\/#\/schema\/person\/f46445640444750d7d753ccd04ae01b7","name":"Jeanette","image":{"@type":"ImageObject","inLanguage":"es","@id":"https:\/\/secure.gravatar.com\/avatar\/3ea2118a5f7dad2b7138b1187a6b7ee55f160b9968b66013c3a3ef39dd7e5798?s=96&d=mm&r=g","url":"https:\/\/secure.gravatar.com\/avatar\/3ea2118a5f7dad2b7138b1187a6b7ee55f160b9968b66013c3a3ef39dd7e5798?s=96&d=mm&r=g","contentUrl":"https:\/\/secure.gravatar.com\/avatar\/3ea2118a5f7dad2b7138b1187a6b7ee55f160b9968b66013c3a3ef39dd7e5798?s=96&d=mm&r=g","caption":"Jeanette"},"sameAs":["https:\/\/www.eldiario.net\/portal"],"url":"https:\/\/www.eldiario.net\/portal\/author\/jeanette\/"}]}},"_links":{"self":[{"href":"https:\/\/www.eldiario.net\/portal\/wp-json\/wp\/v2\/posts\/244224","targetHints":{"allow":["GET"]}}],"collection":[{"href":"https:\/\/www.eldiario.net\/portal\/wp-json\/wp\/v2\/posts"}],"about":[{"href":"https:\/\/www.eldiario.net\/portal\/wp-json\/wp\/v2\/types\/post"}],"author":[{"embeddable":true,"href":"https:\/\/www.eldiario.net\/portal\/wp-json\/wp\/v2\/users\/1"}],"replies":[{"embeddable":true,"href":"https:\/\/www.eldiario.net\/portal\/wp-json\/wp\/v2\/comments?post=244224"}],"version-history":[{"count":1,"href":"https:\/\/www.eldiario.net\/portal\/wp-json\/wp\/v2\/posts\/244224\/revisions"}],"predecessor-version":[{"id":244226,"href":"https:\/\/www.eldiario.net\/portal\/wp-json\/wp\/v2\/posts\/244224\/revisions\/244226"}],"wp:featuredmedia":[{"embeddable":true,"href":"https:\/\/www.eldiario.net\/portal\/wp-json\/wp\/v2\/media\/244225"}],"wp:attachment":[{"href":"https:\/\/www.eldiario.net\/portal\/wp-json\/wp\/v2\/media?parent=244224"}],"wp:term":[{"taxonomy":"category","embeddable":true,"href":"https:\/\/www.eldiario.net\/portal\/wp-json\/wp\/v2\/categories?post=244224"},{"taxonomy":"post_tag","embeddable":true,"href":"https:\/\/www.eldiario.net\/portal\/wp-json\/wp\/v2\/tags?post=244224"}],"curies":[{"name":"wp","href":"https:\/\/api.w.org\/{rel}","templated":true}]}}