{"id":244222,"date":"2024-08-31T07:24:05","date_gmt":"2024-08-31T11:24:05","guid":{"rendered":"https:\/\/www.eldiario.net\/portal\/?p=244222"},"modified":"2024-08-31T07:24:05","modified_gmt":"2024-08-31T11:24:05","slug":"israel-afirma-haber-matado-a-un-lider-de-hamas-en-yenin","status":"publish","type":"post","link":"https:\/\/www.eldiario.net\/portal\/2024\/08\/31\/israel-afirma-haber-matado-a-un-lider-de-hamas-en-yenin\/","title":{"rendered":"Israel afirma haber matado a un l\u00edder de H\u00e1mas en Yen\u00edn"},"content":{"rendered":"<p>El Ej\u00e9rcito israel\u00ed anunci\u00f3 que mat\u00f3 a tres combatientes palestinos en su tercer d\u00eda de operaciones en Cisjordania ocupada y afirm\u00f3 que pertenec\u00edan a Ham\u00e1s, el movimiento islamista considerado terrorista por la UE, Estados Unidos y otros pa\u00edses, y con quien Israel est\u00e1 en guerra en Gaza desde sus ataques del 7 de octubre.<br \/>\nTestigos informaron a la agencia de noticias AFP de un bombardeo israel\u00ed contra un coche en Zababdeh, al sureste de la localidad de Yen\u00edn, y que los soldados israel\u00edes inspeccionaron el veh\u00edculo tras el ataque. Un periodista de AFP vio sacar restos humanos del autom\u00f3vil.<br \/>\nSeg\u00fan un comunicado castrense, entre los muertos en Yen\u00edn se encuentra Wasem Hazem, quien habr\u00eda fallecido junto a otros dos supuestos milicianos que intentaron \u201chuir del veh\u00edculo en el que se encontraban\u201d.<br \/>\nLos otros dos fallecidos son Maysara Masharqa y Arafat Amer, seg\u00fan el Ej\u00e9rcito, mientras Ham\u00e1s a\u00fan no se ha pronunciado.<br \/>\nEl ataque se produjo en cooperaci\u00f3n con las fuerzas de la Polic\u00eda Fronteriza y el servicio interior de Inteligencia (Shin Bet). Seg\u00fan Israel, Hazem particip\u00f3 en la realizaci\u00f3n y direcci\u00f3n de ataques en Cisjordania y contra comunidades israel\u00edes.<\/p>\n<p>TERCER D\u00cdA DE ATAQUES<br \/>\nISRAEL\u00cdES A CISJORDANIA<br \/>\nPor tercer d\u00eda consecutivo, la urbe de Yen\u00edn y su campamento de refugiados afrontan una incursi\u00f3n militar israel\u00ed, con blindados, francotiradores y fuerza a\u00e9rea, que ya ha hab\u00eda dejado en los \u00faltimos dos d\u00edas ocho palestinos muertos, seg\u00fan Sanidad.<br \/>\nA ellos se suman seis muertos en Tulkarem desde el mi\u00e9rcoles, incluido el comandante de la brigada en esta ciudad cisjordana de la Yihad Isl\u00e1mica, y otros cuatro palestinos muertos en un ataque de dron en Tubas.<br \/>\nEn Tulkarem, donde la destrucci\u00f3n de infraestructura es generalizada, adem\u00e1s de la quema de media decena de viviendas, las tropas israel\u00edes se retiraron anoche. \u201cS\u00ed, es cierto que termin\u00f3 (la incursi\u00f3n) y la ocupaci\u00f3n se retir\u00f3. Pero la gente del campamento todav\u00eda tiene miedo de que reinicien una operaci\u00f3n militar en Nur Shams\u201d, se\u00f1al\u00f3 a la agencia de noticias EFE una fuente palestina local. (Dw, Efe y Afp)<\/p>\n<p>&nbsp;<\/p>\n","protected":false},"excerpt":{"rendered":"<p>El Ej\u00e9rcito israel\u00ed anunci\u00f3 que mat\u00f3 a tres combatientes palestinos en su tercer d\u00eda de operaciones en Cisjordania ocupada y afirm\u00f3 que pertenec\u00edan a Ham\u00e1s, el movimiento islamista considerado terrorista por la UE, Estados Unidos y otros pa\u00edses, y con quien Israel est\u00e1 en guerra en Gaza desde sus ataques del 7 de octubre. Testigos [&hellip;]<\/p>\n","protected":false},"author":1,"featured_media":194703,"comment_status":"open","ping_status":"open","sticky":false,"template":"","format":"standard","meta":{"_acf_changed":false,"footnotes":""},"categories":[3],"tags":[],"class_list":["post-244222","post","type-post","status-publish","format-standard","has-post-thumbnail","category-internacional"],"acf":{"antetitulo":"Tras ataques del 7 de octubre"},"yoast_head":"<!-- This site is optimized with the Yoast SEO plugin v28.3 - https:\/\/yoast.com\/product\/yoast-seo-wordpress\/ -->\n<title>Israel afirma haber matado a un l\u00edder de H\u00e1mas en Yen\u00edn - El Diario - Bolivia<\/title>\n<meta name=\"robots\" content=\"index, follow, max-snippet:-1, max-image-preview:large, max-video-preview:-1\" \/>\n<link rel=\"canonical\" href=\"https:\/\/www.eldiario.net\/portal\/2024\/08\/31\/israel-afirma-haber-matado-a-un-lider-de-hamas-en-yenin\/\" \/>\n<meta property=\"og:locale\" content=\"es_ES\" \/>\n<meta property=\"og:type\" content=\"article\" \/>\n<meta property=\"og:title\" content=\"Israel afirma haber matado a un l\u00edder de H\u00e1mas en Yen\u00edn - El Diario - Bolivia\" \/>\n<meta property=\"og:description\" content=\"El Ej\u00e9rcito israel\u00ed anunci\u00f3 que mat\u00f3 a tres combatientes palestinos en su tercer d\u00eda de operaciones en Cisjordania ocupada y afirm\u00f3 que pertenec\u00edan a Ham\u00e1s, el movimiento islamista considerado terrorista por la UE, Estados Unidos y otros pa\u00edses, y con quien Israel est\u00e1 en guerra en Gaza desde sus ataques del 7 de octubre. Testigos [&hellip;]\" \/>\n<meta property=\"og:url\" content=\"https:\/\/www.eldiario.net\/portal\/2024\/08\/31\/israel-afirma-haber-matado-a-un-lider-de-hamas-en-yenin\/\" \/>\n<meta property=\"og:site_name\" content=\"El Diario - Bolivia\" \/>\n<meta property=\"article:publisher\" content=\"https:\/\/www.facebook.com\/eldiario.bolivia\/\" \/>\n<meta property=\"article:published_time\" content=\"2024-08-31T11:24:05+00:00\" \/>\n<meta property=\"og:image\" content=\"https:\/\/www.eldiario.net\/portal\/wp-content\/uploads\/2023\/12\/Internacional.jpg\" \/>\n\t<meta property=\"og:image:width\" content=\"800\" \/>\n\t<meta property=\"og:image:height\" content=\"500\" \/>\n\t<meta property=\"og:image:type\" content=\"image\/jpeg\" \/>\n<meta name=\"author\" content=\"Jeanette\" \/>\n<meta name=\"twitter:card\" content=\"summary_large_image\" \/>\n<meta name=\"twitter:creator\" content=\"@eldiario_net\" \/>\n<meta name=\"twitter:site\" content=\"@eldiario_net\" \/>\n<meta name=\"twitter:label1\" content=\"Escrito por\" \/>\n\t<meta name=\"twitter:data1\" content=\"Jeanette\" \/>\n\t<meta name=\"twitter:label2\" content=\"Tiempo de lectura\" \/>\n\t<meta name=\"twitter:data2\" content=\"2 minutos\" \/>\n<script type=\"application\/ld+json\" class=\"yoast-schema-graph\">{\"@context\":\"https:\\\/\\\/schema.org\",\"@graph\":[{\"@type\":\"Article\",\"@id\":\"https:\\\/\\\/www.eldiario.net\\\/portal\\\/2024\\\/08\\\/31\\\/israel-afirma-haber-matado-a-un-lider-de-hamas-en-yenin\\\/#article\",\"isPartOf\":{\"@id\":\"https:\\\/\\\/www.eldiario.net\\\/portal\\\/2024\\\/08\\\/31\\\/israel-afirma-haber-matado-a-un-lider-de-hamas-en-yenin\\\/\"},\"author\":{\"name\":\"Jeanette\",\"@id\":\"https:\\\/\\\/www.eldiario.net\\\/portal\\\/#\\\/schema\\\/person\\\/f46445640444750d7d753ccd04ae01b7\"},\"headline\":\"Israel afirma haber matado a un l\u00edder de H\u00e1mas en Yen\u00edn\",\"datePublished\":\"2024-08-31T11:24:05+00:00\",\"mainEntityOfPage\":{\"@id\":\"https:\\\/\\\/www.eldiario.net\\\/portal\\\/2024\\\/08\\\/31\\\/israel-afirma-haber-matado-a-un-lider-de-hamas-en-yenin\\\/\"},\"wordCount\":396,\"commentCount\":0,\"publisher\":{\"@id\":\"https:\\\/\\\/www.eldiario.net\\\/portal\\\/#organization\"},\"image\":{\"@id\":\"https:\\\/\\\/www.eldiario.net\\\/portal\\\/2024\\\/08\\\/31\\\/israel-afirma-haber-matado-a-un-lider-de-hamas-en-yenin\\\/#primaryimage\"},\"thumbnailUrl\":\"https:\\\/\\\/www.eldiario.net\\\/portal\\\/wp-content\\\/uploads\\\/2023\\\/12\\\/Internacional.jpg\",\"articleSection\":[\"Internacional\"],\"inLanguage\":\"es\",\"potentialAction\":[{\"@type\":\"CommentAction\",\"name\":\"Comment\",\"target\":[\"https:\\\/\\\/www.eldiario.net\\\/portal\\\/2024\\\/08\\\/31\\\/israel-afirma-haber-matado-a-un-lider-de-hamas-en-yenin\\\/#respond\"]}]},{\"@type\":\"WebPage\",\"@id\":\"https:\\\/\\\/www.eldiario.net\\\/portal\\\/2024\\\/08\\\/31\\\/israel-afirma-haber-matado-a-un-lider-de-hamas-en-yenin\\\/\",\"url\":\"https:\\\/\\\/www.eldiario.net\\\/portal\\\/2024\\\/08\\\/31\\\/israel-afirma-haber-matado-a-un-lider-de-hamas-en-yenin\\\/\",\"name\":\"Israel afirma haber matado a un l\u00edder de H\u00e1mas en Yen\u00edn - El Diario - Bolivia\",\"isPartOf\":{\"@id\":\"https:\\\/\\\/www.eldiario.net\\\/portal\\\/#website\"},\"primaryImageOfPage\":{\"@id\":\"https:\\\/\\\/www.eldiario.net\\\/portal\\\/2024\\\/08\\\/31\\\/israel-afirma-haber-matado-a-un-lider-de-hamas-en-yenin\\\/#primaryimage\"},\"image\":{\"@id\":\"https:\\\/\\\/www.eldiario.net\\\/portal\\\/2024\\\/08\\\/31\\\/israel-afirma-haber-matado-a-un-lider-de-hamas-en-yenin\\\/#primaryimage\"},\"thumbnailUrl\":\"https:\\\/\\\/www.eldiario.net\\\/portal\\\/wp-content\\\/uploads\\\/2023\\\/12\\\/Internacional.jpg\",\"datePublished\":\"2024-08-31T11:24:05+00:00\",\"breadcrumb\":{\"@id\":\"https:\\\/\\\/www.eldiario.net\\\/portal\\\/2024\\\/08\\\/31\\\/israel-afirma-haber-matado-a-un-lider-de-hamas-en-yenin\\\/#breadcrumb\"},\"inLanguage\":\"es\",\"potentialAction\":[{\"@type\":\"ReadAction\",\"target\":[\"https:\\\/\\\/www.eldiario.net\\\/portal\\\/2024\\\/08\\\/31\\\/israel-afirma-haber-matado-a-un-lider-de-hamas-en-yenin\\\/\"]}]},{\"@type\":\"ImageObject\",\"inLanguage\":\"es\",\"@id\":\"https:\\\/\\\/www.eldiario.net\\\/portal\\\/2024\\\/08\\\/31\\\/israel-afirma-haber-matado-a-un-lider-de-hamas-en-yenin\\\/#primaryimage\",\"url\":\"https:\\\/\\\/www.eldiario.net\\\/portal\\\/wp-content\\\/uploads\\\/2023\\\/12\\\/Internacional.jpg\",\"contentUrl\":\"https:\\\/\\\/www.eldiario.net\\\/portal\\\/wp-content\\\/uploads\\\/2023\\\/12\\\/Internacional.jpg\",\"width\":800,\"height\":500},{\"@type\":\"BreadcrumbList\",\"@id\":\"https:\\\/\\\/www.eldiario.net\\\/portal\\\/2024\\\/08\\\/31\\\/israel-afirma-haber-matado-a-un-lider-de-hamas-en-yenin\\\/#breadcrumb\",\"itemListElement\":[{\"@type\":\"ListItem\",\"position\":1,\"name\":\"Portada\",\"item\":\"https:\\\/\\\/www.eldiario.net\\\/portal\\\/\"},{\"@type\":\"ListItem\",\"position\":2,\"name\":\"Israel afirma haber matado a un l\u00edder de H\u00e1mas en Yen\u00edn\"}]},{\"@type\":\"WebSite\",\"@id\":\"https:\\\/\\\/www.eldiario.net\\\/portal\\\/#website\",\"url\":\"https:\\\/\\\/www.eldiario.net\\\/portal\\\/\",\"name\":\"El Diario - Decano de la prensa nacional\",\"description\":\"El Diario - Decano de la prensa nacional\",\"publisher\":{\"@id\":\"https:\\\/\\\/www.eldiario.net\\\/portal\\\/#organization\"},\"potentialAction\":[{\"@type\":\"SearchAction\",\"target\":{\"@type\":\"EntryPoint\",\"urlTemplate\":\"https:\\\/\\\/www.eldiario.net\\\/portal\\\/?s={search_term_string}\"},\"query-input\":{\"@type\":\"PropertyValueSpecification\",\"valueRequired\":true,\"valueName\":\"search_term_string\"}}],\"inLanguage\":\"es\"},{\"@type\":\"Organization\",\"@id\":\"https:\\\/\\\/www.eldiario.net\\\/portal\\\/#organization\",\"name\":\"El Diario - Decano de la prensa nacional\",\"url\":\"https:\\\/\\\/www.eldiario.net\\\/portal\\\/\",\"logo\":{\"@type\":\"ImageObject\",\"inLanguage\":\"es\",\"@id\":\"https:\\\/\\\/www.eldiario.net\\\/portal\\\/#\\\/schema\\\/logo\\\/image\\\/\",\"url\":\"https:\\\/\\\/www.eldiario.net\\\/portal\\\/wp-content\\\/uploads\\\/2023\\\/07\\\/logo_ED.jpg\",\"contentUrl\":\"https:\\\/\\\/www.eldiario.net\\\/portal\\\/wp-content\\\/uploads\\\/2023\\\/07\\\/logo_ED.jpg\",\"width\":272,\"height\":52,\"caption\":\"El Diario - Decano de la prensa nacional\"},\"image\":{\"@id\":\"https:\\\/\\\/www.eldiario.net\\\/portal\\\/#\\\/schema\\\/logo\\\/image\\\/\"},\"sameAs\":[\"https:\\\/\\\/www.facebook.com\\\/eldiario.bolivia\\\/\",\"https:\\\/\\\/x.com\\\/eldiario_net\"]},{\"@type\":\"Person\",\"@id\":\"https:\\\/\\\/www.eldiario.net\\\/portal\\\/#\\\/schema\\\/person\\\/f46445640444750d7d753ccd04ae01b7\",\"name\":\"Jeanette\",\"image\":{\"@type\":\"ImageObject\",\"inLanguage\":\"es\",\"@id\":\"https:\\\/\\\/secure.gravatar.com\\\/avatar\\\/3ea2118a5f7dad2b7138b1187a6b7ee55f160b9968b66013c3a3ef39dd7e5798?s=96&d=mm&r=g\",\"url\":\"https:\\\/\\\/secure.gravatar.com\\\/avatar\\\/3ea2118a5f7dad2b7138b1187a6b7ee55f160b9968b66013c3a3ef39dd7e5798?s=96&d=mm&r=g\",\"contentUrl\":\"https:\\\/\\\/secure.gravatar.com\\\/avatar\\\/3ea2118a5f7dad2b7138b1187a6b7ee55f160b9968b66013c3a3ef39dd7e5798?s=96&d=mm&r=g\",\"caption\":\"Jeanette\"},\"sameAs\":[\"https:\\\/\\\/www.eldiario.net\\\/portal\"],\"url\":\"https:\\\/\\\/www.eldiario.net\\\/portal\\\/author\\\/jeanette\\\/\"}]}<\/script>\n<!-- \/ Yoast SEO plugin. -->","yoast_head_json":{"title":"Israel afirma haber matado a un l\u00edder de H\u00e1mas en Yen\u00edn - El Diario - Bolivia","robots":{"index":"index","follow":"follow","max-snippet":"max-snippet:-1","max-image-preview":"max-image-preview:large","max-video-preview":"max-video-preview:-1"},"canonical":"https:\/\/www.eldiario.net\/portal\/2024\/08\/31\/israel-afirma-haber-matado-a-un-lider-de-hamas-en-yenin\/","og_locale":"es_ES","og_type":"article","og_title":"Israel afirma haber matado a un l\u00edder de H\u00e1mas en Yen\u00edn - El Diario - Bolivia","og_description":"El Ej\u00e9rcito israel\u00ed anunci\u00f3 que mat\u00f3 a tres combatientes palestinos en su tercer d\u00eda de operaciones en Cisjordania ocupada y afirm\u00f3 que pertenec\u00edan a Ham\u00e1s, el movimiento islamista considerado terrorista por la UE, Estados Unidos y otros pa\u00edses, y con quien Israel est\u00e1 en guerra en Gaza desde sus ataques del 7 de octubre. Testigos [&hellip;]","og_url":"https:\/\/www.eldiario.net\/portal\/2024\/08\/31\/israel-afirma-haber-matado-a-un-lider-de-hamas-en-yenin\/","og_site_name":"El Diario - Bolivia","article_publisher":"https:\/\/www.facebook.com\/eldiario.bolivia\/","article_published_time":"2024-08-31T11:24:05+00:00","og_image":[{"width":800,"height":500,"url":"https:\/\/www.eldiario.net\/portal\/wp-content\/uploads\/2023\/12\/Internacional.jpg","type":"image\/jpeg"}],"author":"Jeanette","twitter_card":"summary_large_image","twitter_creator":"@eldiario_net","twitter_site":"@eldiario_net","twitter_misc":{"Escrito por":"Jeanette","Tiempo de lectura":"2 minutos"},"schema":{"@context":"https:\/\/schema.org","@graph":[{"@type":"Article","@id":"https:\/\/www.eldiario.net\/portal\/2024\/08\/31\/israel-afirma-haber-matado-a-un-lider-de-hamas-en-yenin\/#article","isPartOf":{"@id":"https:\/\/www.eldiario.net\/portal\/2024\/08\/31\/israel-afirma-haber-matado-a-un-lider-de-hamas-en-yenin\/"},"author":{"name":"Jeanette","@id":"https:\/\/www.eldiario.net\/portal\/#\/schema\/person\/f46445640444750d7d753ccd04ae01b7"},"headline":"Israel afirma haber matado a un l\u00edder de H\u00e1mas en Yen\u00edn","datePublished":"2024-08-31T11:24:05+00:00","mainEntityOfPage":{"@id":"https:\/\/www.eldiario.net\/portal\/2024\/08\/31\/israel-afirma-haber-matado-a-un-lider-de-hamas-en-yenin\/"},"wordCount":396,"commentCount":0,"publisher":{"@id":"https:\/\/www.eldiario.net\/portal\/#organization"},"image":{"@id":"https:\/\/www.eldiario.net\/portal\/2024\/08\/31\/israel-afirma-haber-matado-a-un-lider-de-hamas-en-yenin\/#primaryimage"},"thumbnailUrl":"https:\/\/www.eldiario.net\/portal\/wp-content\/uploads\/2023\/12\/Internacional.jpg","articleSection":["Internacional"],"inLanguage":"es","potentialAction":[{"@type":"CommentAction","name":"Comment","target":["https:\/\/www.eldiario.net\/portal\/2024\/08\/31\/israel-afirma-haber-matado-a-un-lider-de-hamas-en-yenin\/#respond"]}]},{"@type":"WebPage","@id":"https:\/\/www.eldiario.net\/portal\/2024\/08\/31\/israel-afirma-haber-matado-a-un-lider-de-hamas-en-yenin\/","url":"https:\/\/www.eldiario.net\/portal\/2024\/08\/31\/israel-afirma-haber-matado-a-un-lider-de-hamas-en-yenin\/","name":"Israel afirma haber matado a un l\u00edder de H\u00e1mas en Yen\u00edn - El Diario - Bolivia","isPartOf":{"@id":"https:\/\/www.eldiario.net\/portal\/#website"},"primaryImageOfPage":{"@id":"https:\/\/www.eldiario.net\/portal\/2024\/08\/31\/israel-afirma-haber-matado-a-un-lider-de-hamas-en-yenin\/#primaryimage"},"image":{"@id":"https:\/\/www.eldiario.net\/portal\/2024\/08\/31\/israel-afirma-haber-matado-a-un-lider-de-hamas-en-yenin\/#primaryimage"},"thumbnailUrl":"https:\/\/www.eldiario.net\/portal\/wp-content\/uploads\/2023\/12\/Internacional.jpg","datePublished":"2024-08-31T11:24:05+00:00","breadcrumb":{"@id":"https:\/\/www.eldiario.net\/portal\/2024\/08\/31\/israel-afirma-haber-matado-a-un-lider-de-hamas-en-yenin\/#breadcrumb"},"inLanguage":"es","potentialAction":[{"@type":"ReadAction","target":["https:\/\/www.eldiario.net\/portal\/2024\/08\/31\/israel-afirma-haber-matado-a-un-lider-de-hamas-en-yenin\/"]}]},{"@type":"ImageObject","inLanguage":"es","@id":"https:\/\/www.eldiario.net\/portal\/2024\/08\/31\/israel-afirma-haber-matado-a-un-lider-de-hamas-en-yenin\/#primaryimage","url":"https:\/\/www.eldiario.net\/portal\/wp-content\/uploads\/2023\/12\/Internacional.jpg","contentUrl":"https:\/\/www.eldiario.net\/portal\/wp-content\/uploads\/2023\/12\/Internacional.jpg","width":800,"height":500},{"@type":"BreadcrumbList","@id":"https:\/\/www.eldiario.net\/portal\/2024\/08\/31\/israel-afirma-haber-matado-a-un-lider-de-hamas-en-yenin\/#breadcrumb","itemListElement":[{"@type":"ListItem","position":1,"name":"Portada","item":"https:\/\/www.eldiario.net\/portal\/"},{"@type":"ListItem","position":2,"name":"Israel afirma haber matado a un l\u00edder de H\u00e1mas en Yen\u00edn"}]},{"@type":"WebSite","@id":"https:\/\/www.eldiario.net\/portal\/#website","url":"https:\/\/www.eldiario.net\/portal\/","name":"El Diario - Decano de la prensa nacional","description":"El Diario - Decano de la prensa nacional","publisher":{"@id":"https:\/\/www.eldiario.net\/portal\/#organization"},"potentialAction":[{"@type":"SearchAction","target":{"@type":"EntryPoint","urlTemplate":"https:\/\/www.eldiario.net\/portal\/?s={search_term_string}"},"query-input":{"@type":"PropertyValueSpecification","valueRequired":true,"valueName":"search_term_string"}}],"inLanguage":"es"},{"@type":"Organization","@id":"https:\/\/www.eldiario.net\/portal\/#organization","name":"El Diario - Decano de la prensa nacional","url":"https:\/\/www.eldiario.net\/portal\/","logo":{"@type":"ImageObject","inLanguage":"es","@id":"https:\/\/www.eldiario.net\/portal\/#\/schema\/logo\/image\/","url":"https:\/\/www.eldiario.net\/portal\/wp-content\/uploads\/2023\/07\/logo_ED.jpg","contentUrl":"https:\/\/www.eldiario.net\/portal\/wp-content\/uploads\/2023\/07\/logo_ED.jpg","width":272,"height":52,"caption":"El Diario - Decano de la prensa nacional"},"image":{"@id":"https:\/\/www.eldiario.net\/portal\/#\/schema\/logo\/image\/"},"sameAs":["https:\/\/www.facebook.com\/eldiario.bolivia\/","https:\/\/x.com\/eldiario_net"]},{"@type":"Person","@id":"https:\/\/www.eldiario.net\/portal\/#\/schema\/person\/f46445640444750d7d753ccd04ae01b7","name":"Jeanette","image":{"@type":"ImageObject","inLanguage":"es","@id":"https:\/\/secure.gravatar.com\/avatar\/3ea2118a5f7dad2b7138b1187a6b7ee55f160b9968b66013c3a3ef39dd7e5798?s=96&d=mm&r=g","url":"https:\/\/secure.gravatar.com\/avatar\/3ea2118a5f7dad2b7138b1187a6b7ee55f160b9968b66013c3a3ef39dd7e5798?s=96&d=mm&r=g","contentUrl":"https:\/\/secure.gravatar.com\/avatar\/3ea2118a5f7dad2b7138b1187a6b7ee55f160b9968b66013c3a3ef39dd7e5798?s=96&d=mm&r=g","caption":"Jeanette"},"sameAs":["https:\/\/www.eldiario.net\/portal"],"url":"https:\/\/www.eldiario.net\/portal\/author\/jeanette\/"}]}},"_links":{"self":[{"href":"https:\/\/www.eldiario.net\/portal\/wp-json\/wp\/v2\/posts\/244222","targetHints":{"allow":["GET"]}}],"collection":[{"href":"https:\/\/www.eldiario.net\/portal\/wp-json\/wp\/v2\/posts"}],"about":[{"href":"https:\/\/www.eldiario.net\/portal\/wp-json\/wp\/v2\/types\/post"}],"author":[{"embeddable":true,"href":"https:\/\/www.eldiario.net\/portal\/wp-json\/wp\/v2\/users\/1"}],"replies":[{"embeddable":true,"href":"https:\/\/www.eldiario.net\/portal\/wp-json\/wp\/v2\/comments?post=244222"}],"version-history":[{"count":1,"href":"https:\/\/www.eldiario.net\/portal\/wp-json\/wp\/v2\/posts\/244222\/revisions"}],"predecessor-version":[{"id":244223,"href":"https:\/\/www.eldiario.net\/portal\/wp-json\/wp\/v2\/posts\/244222\/revisions\/244223"}],"wp:featuredmedia":[{"embeddable":true,"href":"https:\/\/www.eldiario.net\/portal\/wp-json\/wp\/v2\/media\/194703"}],"wp:attachment":[{"href":"https:\/\/www.eldiario.net\/portal\/wp-json\/wp\/v2\/media?parent=244222"}],"wp:term":[{"taxonomy":"category","embeddable":true,"href":"https:\/\/www.eldiario.net\/portal\/wp-json\/wp\/v2\/categories?post=244222"},{"taxonomy":"post_tag","embeddable":true,"href":"https:\/\/www.eldiario.net\/portal\/wp-json\/wp\/v2\/tags?post=244222"}],"curies":[{"name":"wp","href":"https:\/\/api.w.org\/{rel}","templated":true}]}}