{"id":244220,"date":"2024-08-31T07:23:22","date_gmt":"2024-08-31T11:23:22","guid":{"rendered":"https:\/\/www.eldiario.net\/portal\/?p=244220"},"modified":"2024-08-31T07:23:22","modified_gmt":"2024-08-31T11:23:22","slug":"ucrania-planifica-producir-misiles-balisticos-para-defensa","status":"publish","type":"post","link":"https:\/\/www.eldiario.net\/portal\/2024\/08\/31\/ucrania-planifica-producir-misiles-balisticos-para-defensa\/","title":{"rendered":"Ucrania planifica producir  misiles bal\u00edsticos para defensa"},"content":{"rendered":"<p>Ucrania ha convertido en un fen\u00f3meno pr\u00e1cticamente diario los ataques a refiner\u00edas y objetivos militares dentro de Rusia, gracias al desarrollo de drones de fabricaci\u00f3n propia de larga distancia, mientras avanza hacia la producci\u00f3n de sus propios misiles bal\u00edsticos para reducir su dependencia de Occidente.<br \/>\nTras el \u00e9xito comprobado de sus aparatos no tripulados, que en los \u00faltimos meses golpearon decenas de refiner\u00edas y dep\u00f3sitos de combustible en zonas cercanas a la frontera y a distancias m\u00e1s grandes de hasta m\u00e1s de un millar de kil\u00f3metros, Kiev busca dar un salto cualitativo a su producci\u00f3n nacional de armamento que le permita cambiar el curso de la guerra.<br \/>\nEl proyecto conocido m\u00e1s ambicioso es el desarrollo de su primer misil bal\u00edstico de producci\u00f3n nacional que, seg\u00fan anunci\u00f3 esta semana el presidente del pa\u00eds, Volodimir Zelensky, sin dar m\u00e1s detalles al respecto, ya fue probado con \u00e9xito.<br \/>\nSeg\u00fan medios y analistas ucranianos, el primer misil bal\u00edstico ucraniano disparado en condiciones reales podr\u00eda ser producto del programa Sapsan, tambi\u00e9n conocido como Hrim-2.<br \/>\nSeg\u00fan la publicaci\u00f3n ucraniana especializada en asuntos militares \u201cDefense Express\u201d, el programa fue lanzado hace una d\u00e9cada por la empresa p\u00fablica KB Pivdenne, que f\u00e1brica sat\u00e9lites y misiles en la ciudad ucraniana de Dnipr\u00f3 y estaba especializada durante la era sovi\u00e9tica en la producci\u00f3n de los misiles intercontinentales bal\u00edsticos con que la URSS amenazaba a Estados Unidos.<br \/>\nDe acuerdo a las pocas informaciones aparecidas desde que se pusiera en marcha el programa, el misil Hrim-2 deb\u00eda tener un alcance m\u00e1ximo de 500 kil\u00f3metros.<br \/>\nENTRE 600 Y<br \/>\n700 KIL\u00d3METROS<br \/>\nDeclaraciones recientes de varios dirigentes ucranianos hacen pensar, sin embargo, en un alcance algo mayor.<br \/>\nEn una entrevista concedida a un medio local tras el escueto anuncio de Zelensky, su consejero Mijailo Podoliak apunt\u00f3 con cierta ambig\u00fcedad a la posibilidad de que el primer misil bal\u00edstico ucraniano pueda alcanzar objetivos a una distancia de 600 o 700 kil\u00f3metros.<br \/>\nDe ser utilizado desde cerca de la actual l\u00ednea del frente, un arma de este alcance pondr\u00eda a tiro de los misiles bal\u00edsticos ucranianos a Mosc\u00fa y a objetivos estrat\u00e9gicos que, al igual que ocurre con la capital rusa, Ucrania ya atac\u00f3 repetidamente con drones, como el aer\u00f3dromo militar de Engels.<br \/>\nLa que ofreci\u00f3 Podoliak no es la primera pista sobre el alcance que podr\u00edan tener los misiles que est\u00e1 fabricando Ucrania.<br \/>\nHace aproximadamente un a\u00f1o, Zelensky anunci\u00f3 que Ucrania hab\u00eda probado con \u00e9xito armamento con un alcance de 700 kil\u00f3metros, sin especificar si se trataba de un misil de crucero o bal\u00edstico.<br \/>\nEn junio de 2023, el entonces ministro de Defensa, Oleks\u00ed R\u00e9znikov, revel\u00f3 que Ucrania estaba desarrollando un misil con un alcance de mil kil\u00f3metros.<br \/>\nSin embargo, R\u00e9znikov no aclar\u00f3 entonces de qu\u00e9 tipo de misil se trataba.<br \/>\nLa prueba exitosa del misil no es el \u00fanico avance en materia de armamento de largo alcance conseguido recientemente por la industria militar ucraniana.<br \/>\nEl pasado 24 de agosto, coincidiendo con la celebraci\u00f3n del D\u00eda de la Independencia de Ucrania, el propio Zelensky inform\u00f3 del debut ese mismo d\u00eda en el campo de batalla de un tipo de armamento nuevo, el misil-dron Palianytsia.<br \/>\nLa \u00fanica informaci\u00f3n oficial la dio posteriormente el ministro de Industrias Estrat\u00e9gicas, Oleksandr Kamishin, que explic\u00f3 que el Palianytsia, que combina caracter\u00edsticas propias de los drones y de los misiles, se hab\u00eda estrenado golpeando un objetivo enemigo en territorio ocupado.<br \/>\nMientras crece la frustraci\u00f3n por la negativa occidental a permitir el uso del armamento de largo alcance que env\u00eda a Kiev para golpear objetivos dentro de la Federaci\u00f3n Rusa, Ucrania trata de desarrollar sus propias armas para poder hacerlo, y espera conseguir con los misiles los mismos resultados que est\u00e1 teniendo con los drones. (Infobae y Efe)<\/p>\n<p>PIE DE FOTO<\/p>\n<p>Kiev busca dar un salto cualitativo en producci\u00f3n nacional de armamento.<\/p>\n<p>CREDITO: Infobae<\/p>\n","protected":false},"excerpt":{"rendered":"<p>Ucrania ha convertido en un fen\u00f3meno pr\u00e1cticamente diario los ataques a refiner\u00edas y objetivos militares dentro de Rusia, gracias al desarrollo de drones de fabricaci\u00f3n propia de larga distancia, mientras avanza hacia la producci\u00f3n de sus propios misiles bal\u00edsticos para reducir su dependencia de Occidente. Tras el \u00e9xito comprobado de sus aparatos no tripulados, que [&hellip;]<\/p>\n","protected":false},"author":1,"featured_media":194703,"comment_status":"open","ping_status":"open","sticky":false,"template":"","format":"standard","meta":{"_acf_changed":false,"footnotes":""},"categories":[3],"tags":[],"class_list":["post-244220","post","type-post","status-publish","format-standard","has-post-thumbnail","category-internacional"],"acf":{"antetitulo":"Reducir dependencia de Occidente"},"yoast_head":"<!-- This site is optimized with the Yoast SEO plugin v28.3 - https:\/\/yoast.com\/product\/yoast-seo-wordpress\/ -->\n<title>Ucrania planifica producir misiles bal\u00edsticos para defensa - El Diario - Bolivia<\/title>\n<meta name=\"robots\" content=\"index, follow, max-snippet:-1, max-image-preview:large, max-video-preview:-1\" \/>\n<link rel=\"canonical\" href=\"https:\/\/www.eldiario.net\/portal\/2024\/08\/31\/ucrania-planifica-producir-misiles-balisticos-para-defensa\/\" \/>\n<meta property=\"og:locale\" content=\"es_ES\" \/>\n<meta property=\"og:type\" content=\"article\" \/>\n<meta property=\"og:title\" content=\"Ucrania planifica producir misiles bal\u00edsticos para defensa - El Diario - Bolivia\" \/>\n<meta property=\"og:description\" content=\"Ucrania ha convertido en un fen\u00f3meno pr\u00e1cticamente diario los ataques a refiner\u00edas y objetivos militares dentro de Rusia, gracias al desarrollo de drones de fabricaci\u00f3n propia de larga distancia, mientras avanza hacia la producci\u00f3n de sus propios misiles bal\u00edsticos para reducir su dependencia de Occidente. Tras el \u00e9xito comprobado de sus aparatos no tripulados, que [&hellip;]\" \/>\n<meta property=\"og:url\" content=\"https:\/\/www.eldiario.net\/portal\/2024\/08\/31\/ucrania-planifica-producir-misiles-balisticos-para-defensa\/\" \/>\n<meta property=\"og:site_name\" content=\"El Diario - Bolivia\" \/>\n<meta property=\"article:publisher\" content=\"https:\/\/www.facebook.com\/eldiario.bolivia\/\" \/>\n<meta property=\"article:published_time\" content=\"2024-08-31T11:23:22+00:00\" \/>\n<meta property=\"og:image\" content=\"https:\/\/www.eldiario.net\/portal\/wp-content\/uploads\/2023\/12\/Internacional.jpg\" \/>\n\t<meta property=\"og:image:width\" content=\"800\" \/>\n\t<meta property=\"og:image:height\" content=\"500\" \/>\n\t<meta property=\"og:image:type\" content=\"image\/jpeg\" \/>\n<meta name=\"author\" content=\"Jeanette\" \/>\n<meta name=\"twitter:card\" content=\"summary_large_image\" \/>\n<meta name=\"twitter:creator\" content=\"@eldiario_net\" \/>\n<meta name=\"twitter:site\" content=\"@eldiario_net\" \/>\n<meta name=\"twitter:label1\" content=\"Escrito por\" \/>\n\t<meta name=\"twitter:data1\" content=\"Jeanette\" \/>\n\t<meta name=\"twitter:label2\" content=\"Tiempo de lectura\" \/>\n\t<meta name=\"twitter:data2\" content=\"4 minutos\" \/>\n<script type=\"application\/ld+json\" class=\"yoast-schema-graph\">{\"@context\":\"https:\\\/\\\/schema.org\",\"@graph\":[{\"@type\":\"Article\",\"@id\":\"https:\\\/\\\/www.eldiario.net\\\/portal\\\/2024\\\/08\\\/31\\\/ucrania-planifica-producir-misiles-balisticos-para-defensa\\\/#article\",\"isPartOf\":{\"@id\":\"https:\\\/\\\/www.eldiario.net\\\/portal\\\/2024\\\/08\\\/31\\\/ucrania-planifica-producir-misiles-balisticos-para-defensa\\\/\"},\"author\":{\"name\":\"Jeanette\",\"@id\":\"https:\\\/\\\/www.eldiario.net\\\/portal\\\/#\\\/schema\\\/person\\\/f46445640444750d7d753ccd04ae01b7\"},\"headline\":\"Ucrania planifica producir misiles bal\u00edsticos para defensa\",\"datePublished\":\"2024-08-31T11:23:22+00:00\",\"mainEntityOfPage\":{\"@id\":\"https:\\\/\\\/www.eldiario.net\\\/portal\\\/2024\\\/08\\\/31\\\/ucrania-planifica-producir-misiles-balisticos-para-defensa\\\/\"},\"wordCount\":693,\"commentCount\":0,\"publisher\":{\"@id\":\"https:\\\/\\\/www.eldiario.net\\\/portal\\\/#organization\"},\"image\":{\"@id\":\"https:\\\/\\\/www.eldiario.net\\\/portal\\\/2024\\\/08\\\/31\\\/ucrania-planifica-producir-misiles-balisticos-para-defensa\\\/#primaryimage\"},\"thumbnailUrl\":\"https:\\\/\\\/www.eldiario.net\\\/portal\\\/wp-content\\\/uploads\\\/2023\\\/12\\\/Internacional.jpg\",\"articleSection\":[\"Internacional\"],\"inLanguage\":\"es\",\"potentialAction\":[{\"@type\":\"CommentAction\",\"name\":\"Comment\",\"target\":[\"https:\\\/\\\/www.eldiario.net\\\/portal\\\/2024\\\/08\\\/31\\\/ucrania-planifica-producir-misiles-balisticos-para-defensa\\\/#respond\"]}]},{\"@type\":\"WebPage\",\"@id\":\"https:\\\/\\\/www.eldiario.net\\\/portal\\\/2024\\\/08\\\/31\\\/ucrania-planifica-producir-misiles-balisticos-para-defensa\\\/\",\"url\":\"https:\\\/\\\/www.eldiario.net\\\/portal\\\/2024\\\/08\\\/31\\\/ucrania-planifica-producir-misiles-balisticos-para-defensa\\\/\",\"name\":\"Ucrania planifica producir misiles bal\u00edsticos para defensa - El Diario - Bolivia\",\"isPartOf\":{\"@id\":\"https:\\\/\\\/www.eldiario.net\\\/portal\\\/#website\"},\"primaryImageOfPage\":{\"@id\":\"https:\\\/\\\/www.eldiario.net\\\/portal\\\/2024\\\/08\\\/31\\\/ucrania-planifica-producir-misiles-balisticos-para-defensa\\\/#primaryimage\"},\"image\":{\"@id\":\"https:\\\/\\\/www.eldiario.net\\\/portal\\\/2024\\\/08\\\/31\\\/ucrania-planifica-producir-misiles-balisticos-para-defensa\\\/#primaryimage\"},\"thumbnailUrl\":\"https:\\\/\\\/www.eldiario.net\\\/portal\\\/wp-content\\\/uploads\\\/2023\\\/12\\\/Internacional.jpg\",\"datePublished\":\"2024-08-31T11:23:22+00:00\",\"breadcrumb\":{\"@id\":\"https:\\\/\\\/www.eldiario.net\\\/portal\\\/2024\\\/08\\\/31\\\/ucrania-planifica-producir-misiles-balisticos-para-defensa\\\/#breadcrumb\"},\"inLanguage\":\"es\",\"potentialAction\":[{\"@type\":\"ReadAction\",\"target\":[\"https:\\\/\\\/www.eldiario.net\\\/portal\\\/2024\\\/08\\\/31\\\/ucrania-planifica-producir-misiles-balisticos-para-defensa\\\/\"]}]},{\"@type\":\"ImageObject\",\"inLanguage\":\"es\",\"@id\":\"https:\\\/\\\/www.eldiario.net\\\/portal\\\/2024\\\/08\\\/31\\\/ucrania-planifica-producir-misiles-balisticos-para-defensa\\\/#primaryimage\",\"url\":\"https:\\\/\\\/www.eldiario.net\\\/portal\\\/wp-content\\\/uploads\\\/2023\\\/12\\\/Internacional.jpg\",\"contentUrl\":\"https:\\\/\\\/www.eldiario.net\\\/portal\\\/wp-content\\\/uploads\\\/2023\\\/12\\\/Internacional.jpg\",\"width\":800,\"height\":500},{\"@type\":\"BreadcrumbList\",\"@id\":\"https:\\\/\\\/www.eldiario.net\\\/portal\\\/2024\\\/08\\\/31\\\/ucrania-planifica-producir-misiles-balisticos-para-defensa\\\/#breadcrumb\",\"itemListElement\":[{\"@type\":\"ListItem\",\"position\":1,\"name\":\"Portada\",\"item\":\"https:\\\/\\\/www.eldiario.net\\\/portal\\\/\"},{\"@type\":\"ListItem\",\"position\":2,\"name\":\"Ucrania planifica producir misiles bal\u00edsticos para defensa\"}]},{\"@type\":\"WebSite\",\"@id\":\"https:\\\/\\\/www.eldiario.net\\\/portal\\\/#website\",\"url\":\"https:\\\/\\\/www.eldiario.net\\\/portal\\\/\",\"name\":\"El Diario - Decano de la prensa nacional\",\"description\":\"El Diario - Decano de la prensa nacional\",\"publisher\":{\"@id\":\"https:\\\/\\\/www.eldiario.net\\\/portal\\\/#organization\"},\"potentialAction\":[{\"@type\":\"SearchAction\",\"target\":{\"@type\":\"EntryPoint\",\"urlTemplate\":\"https:\\\/\\\/www.eldiario.net\\\/portal\\\/?s={search_term_string}\"},\"query-input\":{\"@type\":\"PropertyValueSpecification\",\"valueRequired\":true,\"valueName\":\"search_term_string\"}}],\"inLanguage\":\"es\"},{\"@type\":\"Organization\",\"@id\":\"https:\\\/\\\/www.eldiario.net\\\/portal\\\/#organization\",\"name\":\"El Diario - Decano de la prensa nacional\",\"url\":\"https:\\\/\\\/www.eldiario.net\\\/portal\\\/\",\"logo\":{\"@type\":\"ImageObject\",\"inLanguage\":\"es\",\"@id\":\"https:\\\/\\\/www.eldiario.net\\\/portal\\\/#\\\/schema\\\/logo\\\/image\\\/\",\"url\":\"https:\\\/\\\/www.eldiario.net\\\/portal\\\/wp-content\\\/uploads\\\/2023\\\/07\\\/logo_ED.jpg\",\"contentUrl\":\"https:\\\/\\\/www.eldiario.net\\\/portal\\\/wp-content\\\/uploads\\\/2023\\\/07\\\/logo_ED.jpg\",\"width\":272,\"height\":52,\"caption\":\"El Diario - Decano de la prensa nacional\"},\"image\":{\"@id\":\"https:\\\/\\\/www.eldiario.net\\\/portal\\\/#\\\/schema\\\/logo\\\/image\\\/\"},\"sameAs\":[\"https:\\\/\\\/www.facebook.com\\\/eldiario.bolivia\\\/\",\"https:\\\/\\\/x.com\\\/eldiario_net\"]},{\"@type\":\"Person\",\"@id\":\"https:\\\/\\\/www.eldiario.net\\\/portal\\\/#\\\/schema\\\/person\\\/f46445640444750d7d753ccd04ae01b7\",\"name\":\"Jeanette\",\"image\":{\"@type\":\"ImageObject\",\"inLanguage\":\"es\",\"@id\":\"https:\\\/\\\/secure.gravatar.com\\\/avatar\\\/3ea2118a5f7dad2b7138b1187a6b7ee55f160b9968b66013c3a3ef39dd7e5798?s=96&d=mm&r=g\",\"url\":\"https:\\\/\\\/secure.gravatar.com\\\/avatar\\\/3ea2118a5f7dad2b7138b1187a6b7ee55f160b9968b66013c3a3ef39dd7e5798?s=96&d=mm&r=g\",\"contentUrl\":\"https:\\\/\\\/secure.gravatar.com\\\/avatar\\\/3ea2118a5f7dad2b7138b1187a6b7ee55f160b9968b66013c3a3ef39dd7e5798?s=96&d=mm&r=g\",\"caption\":\"Jeanette\"},\"sameAs\":[\"https:\\\/\\\/www.eldiario.net\\\/portal\"],\"url\":\"https:\\\/\\\/www.eldiario.net\\\/portal\\\/author\\\/jeanette\\\/\"}]}<\/script>\n<!-- \/ Yoast SEO plugin. -->","yoast_head_json":{"title":"Ucrania planifica producir misiles bal\u00edsticos para defensa - El Diario - Bolivia","robots":{"index":"index","follow":"follow","max-snippet":"max-snippet:-1","max-image-preview":"max-image-preview:large","max-video-preview":"max-video-preview:-1"},"canonical":"https:\/\/www.eldiario.net\/portal\/2024\/08\/31\/ucrania-planifica-producir-misiles-balisticos-para-defensa\/","og_locale":"es_ES","og_type":"article","og_title":"Ucrania planifica producir misiles bal\u00edsticos para defensa - El Diario - Bolivia","og_description":"Ucrania ha convertido en un fen\u00f3meno pr\u00e1cticamente diario los ataques a refiner\u00edas y objetivos militares dentro de Rusia, gracias al desarrollo de drones de fabricaci\u00f3n propia de larga distancia, mientras avanza hacia la producci\u00f3n de sus propios misiles bal\u00edsticos para reducir su dependencia de Occidente. Tras el \u00e9xito comprobado de sus aparatos no tripulados, que [&hellip;]","og_url":"https:\/\/www.eldiario.net\/portal\/2024\/08\/31\/ucrania-planifica-producir-misiles-balisticos-para-defensa\/","og_site_name":"El Diario - Bolivia","article_publisher":"https:\/\/www.facebook.com\/eldiario.bolivia\/","article_published_time":"2024-08-31T11:23:22+00:00","og_image":[{"width":800,"height":500,"url":"https:\/\/www.eldiario.net\/portal\/wp-content\/uploads\/2023\/12\/Internacional.jpg","type":"image\/jpeg"}],"author":"Jeanette","twitter_card":"summary_large_image","twitter_creator":"@eldiario_net","twitter_site":"@eldiario_net","twitter_misc":{"Escrito por":"Jeanette","Tiempo de lectura":"4 minutos"},"schema":{"@context":"https:\/\/schema.org","@graph":[{"@type":"Article","@id":"https:\/\/www.eldiario.net\/portal\/2024\/08\/31\/ucrania-planifica-producir-misiles-balisticos-para-defensa\/#article","isPartOf":{"@id":"https:\/\/www.eldiario.net\/portal\/2024\/08\/31\/ucrania-planifica-producir-misiles-balisticos-para-defensa\/"},"author":{"name":"Jeanette","@id":"https:\/\/www.eldiario.net\/portal\/#\/schema\/person\/f46445640444750d7d753ccd04ae01b7"},"headline":"Ucrania planifica producir misiles bal\u00edsticos para defensa","datePublished":"2024-08-31T11:23:22+00:00","mainEntityOfPage":{"@id":"https:\/\/www.eldiario.net\/portal\/2024\/08\/31\/ucrania-planifica-producir-misiles-balisticos-para-defensa\/"},"wordCount":693,"commentCount":0,"publisher":{"@id":"https:\/\/www.eldiario.net\/portal\/#organization"},"image":{"@id":"https:\/\/www.eldiario.net\/portal\/2024\/08\/31\/ucrania-planifica-producir-misiles-balisticos-para-defensa\/#primaryimage"},"thumbnailUrl":"https:\/\/www.eldiario.net\/portal\/wp-content\/uploads\/2023\/12\/Internacional.jpg","articleSection":["Internacional"],"inLanguage":"es","potentialAction":[{"@type":"CommentAction","name":"Comment","target":["https:\/\/www.eldiario.net\/portal\/2024\/08\/31\/ucrania-planifica-producir-misiles-balisticos-para-defensa\/#respond"]}]},{"@type":"WebPage","@id":"https:\/\/www.eldiario.net\/portal\/2024\/08\/31\/ucrania-planifica-producir-misiles-balisticos-para-defensa\/","url":"https:\/\/www.eldiario.net\/portal\/2024\/08\/31\/ucrania-planifica-producir-misiles-balisticos-para-defensa\/","name":"Ucrania planifica producir misiles bal\u00edsticos para defensa - El Diario - Bolivia","isPartOf":{"@id":"https:\/\/www.eldiario.net\/portal\/#website"},"primaryImageOfPage":{"@id":"https:\/\/www.eldiario.net\/portal\/2024\/08\/31\/ucrania-planifica-producir-misiles-balisticos-para-defensa\/#primaryimage"},"image":{"@id":"https:\/\/www.eldiario.net\/portal\/2024\/08\/31\/ucrania-planifica-producir-misiles-balisticos-para-defensa\/#primaryimage"},"thumbnailUrl":"https:\/\/www.eldiario.net\/portal\/wp-content\/uploads\/2023\/12\/Internacional.jpg","datePublished":"2024-08-31T11:23:22+00:00","breadcrumb":{"@id":"https:\/\/www.eldiario.net\/portal\/2024\/08\/31\/ucrania-planifica-producir-misiles-balisticos-para-defensa\/#breadcrumb"},"inLanguage":"es","potentialAction":[{"@type":"ReadAction","target":["https:\/\/www.eldiario.net\/portal\/2024\/08\/31\/ucrania-planifica-producir-misiles-balisticos-para-defensa\/"]}]},{"@type":"ImageObject","inLanguage":"es","@id":"https:\/\/www.eldiario.net\/portal\/2024\/08\/31\/ucrania-planifica-producir-misiles-balisticos-para-defensa\/#primaryimage","url":"https:\/\/www.eldiario.net\/portal\/wp-content\/uploads\/2023\/12\/Internacional.jpg","contentUrl":"https:\/\/www.eldiario.net\/portal\/wp-content\/uploads\/2023\/12\/Internacional.jpg","width":800,"height":500},{"@type":"BreadcrumbList","@id":"https:\/\/www.eldiario.net\/portal\/2024\/08\/31\/ucrania-planifica-producir-misiles-balisticos-para-defensa\/#breadcrumb","itemListElement":[{"@type":"ListItem","position":1,"name":"Portada","item":"https:\/\/www.eldiario.net\/portal\/"},{"@type":"ListItem","position":2,"name":"Ucrania planifica producir misiles bal\u00edsticos para defensa"}]},{"@type":"WebSite","@id":"https:\/\/www.eldiario.net\/portal\/#website","url":"https:\/\/www.eldiario.net\/portal\/","name":"El Diario - Decano de la prensa nacional","description":"El Diario - Decano de la prensa nacional","publisher":{"@id":"https:\/\/www.eldiario.net\/portal\/#organization"},"potentialAction":[{"@type":"SearchAction","target":{"@type":"EntryPoint","urlTemplate":"https:\/\/www.eldiario.net\/portal\/?s={search_term_string}"},"query-input":{"@type":"PropertyValueSpecification","valueRequired":true,"valueName":"search_term_string"}}],"inLanguage":"es"},{"@type":"Organization","@id":"https:\/\/www.eldiario.net\/portal\/#organization","name":"El Diario - Decano de la prensa nacional","url":"https:\/\/www.eldiario.net\/portal\/","logo":{"@type":"ImageObject","inLanguage":"es","@id":"https:\/\/www.eldiario.net\/portal\/#\/schema\/logo\/image\/","url":"https:\/\/www.eldiario.net\/portal\/wp-content\/uploads\/2023\/07\/logo_ED.jpg","contentUrl":"https:\/\/www.eldiario.net\/portal\/wp-content\/uploads\/2023\/07\/logo_ED.jpg","width":272,"height":52,"caption":"El Diario - Decano de la prensa nacional"},"image":{"@id":"https:\/\/www.eldiario.net\/portal\/#\/schema\/logo\/image\/"},"sameAs":["https:\/\/www.facebook.com\/eldiario.bolivia\/","https:\/\/x.com\/eldiario_net"]},{"@type":"Person","@id":"https:\/\/www.eldiario.net\/portal\/#\/schema\/person\/f46445640444750d7d753ccd04ae01b7","name":"Jeanette","image":{"@type":"ImageObject","inLanguage":"es","@id":"https:\/\/secure.gravatar.com\/avatar\/3ea2118a5f7dad2b7138b1187a6b7ee55f160b9968b66013c3a3ef39dd7e5798?s=96&d=mm&r=g","url":"https:\/\/secure.gravatar.com\/avatar\/3ea2118a5f7dad2b7138b1187a6b7ee55f160b9968b66013c3a3ef39dd7e5798?s=96&d=mm&r=g","contentUrl":"https:\/\/secure.gravatar.com\/avatar\/3ea2118a5f7dad2b7138b1187a6b7ee55f160b9968b66013c3a3ef39dd7e5798?s=96&d=mm&r=g","caption":"Jeanette"},"sameAs":["https:\/\/www.eldiario.net\/portal"],"url":"https:\/\/www.eldiario.net\/portal\/author\/jeanette\/"}]}},"_links":{"self":[{"href":"https:\/\/www.eldiario.net\/portal\/wp-json\/wp\/v2\/posts\/244220","targetHints":{"allow":["GET"]}}],"collection":[{"href":"https:\/\/www.eldiario.net\/portal\/wp-json\/wp\/v2\/posts"}],"about":[{"href":"https:\/\/www.eldiario.net\/portal\/wp-json\/wp\/v2\/types\/post"}],"author":[{"embeddable":true,"href":"https:\/\/www.eldiario.net\/portal\/wp-json\/wp\/v2\/users\/1"}],"replies":[{"embeddable":true,"href":"https:\/\/www.eldiario.net\/portal\/wp-json\/wp\/v2\/comments?post=244220"}],"version-history":[{"count":1,"href":"https:\/\/www.eldiario.net\/portal\/wp-json\/wp\/v2\/posts\/244220\/revisions"}],"predecessor-version":[{"id":244221,"href":"https:\/\/www.eldiario.net\/portal\/wp-json\/wp\/v2\/posts\/244220\/revisions\/244221"}],"wp:featuredmedia":[{"embeddable":true,"href":"https:\/\/www.eldiario.net\/portal\/wp-json\/wp\/v2\/media\/194703"}],"wp:attachment":[{"href":"https:\/\/www.eldiario.net\/portal\/wp-json\/wp\/v2\/media?parent=244220"}],"wp:term":[{"taxonomy":"category","embeddable":true,"href":"https:\/\/www.eldiario.net\/portal\/wp-json\/wp\/v2\/categories?post=244220"},{"taxonomy":"post_tag","embeddable":true,"href":"https:\/\/www.eldiario.net\/portal\/wp-json\/wp\/v2\/tags?post=244220"}],"curies":[{"name":"wp","href":"https:\/\/api.w.org\/{rel}","templated":true}]}}